{"id":65572,"date":"2012-11-10T00:05:57","date_gmt":"2012-11-09T23:05:57","guid":{"rendered":"http:\/\/www.visit-ulcinj.com\/blog\/?p=65572"},"modified":"2012-11-13T14:32:35","modified_gmt":"2012-11-13T13:32:35","slug":"abazovic-izbor-dukanovica-korak-nazad-za-demokratiju","status":"publish","type":"post","link":"https:\/\/www.visit-ulcinj.com\/blog\/2012\/11\/10\/abazovic-izbor-dukanovica-korak-nazad-za-demokratiju\/","title":{"rendered":"Abazovi\u0107: Izbor \u0110ukanovi\u0107a korak nazad za demokratiju"},"content":{"rendered":"<p><a href=\"http:\/\/www.visit-ulcinj.com\/blog\/wp-content\/uploads\/2012\/11\/Dritan-Abazovic.jpg\"><img loading=\"lazy\" class=\"alignleft  wp-image-65573\" title=\"Dritan Abazovic\" src=\"http:\/\/www.visit-ulcinj.com\/blog\/wp-content\/uploads\/2012\/11\/Dritan-Abazovic.jpg\" alt=\"\" width=\"350\" height=\"400\" \/><\/a>Izbor predsjednika Demokratske partije socijalista DPS, Mila \u0110ukanovi\u0107a, za mandatara nove Vlade korak je unazad za demokratiju i pokazivanje zabrinutosti u vladaju\u0107oj koaliciji za socio-ekonomsku situaciju dr\u017eave, smatra poslanik Pozitivne Crne Gore Dritan Abazovi\u0107.<\/p>\n<div>\n<p>\u201cTo je definitivno i iskazivanje nepovjerenja prema saradnicima i onima koji su do sada obavljali tu funkciju\u201d, ocijenio je Abazovi\u0107.<\/p>\n<p>On je za agenciju MINA rekao da izbor \u0110ukanovi\u0107a za mandatara nije dobra poruka me\u0111unarodnoj zajednici.<\/p>\n<p>\u201cCrna Gora treba da se okrene ka budu\u0107nosti i da po\u010dne da pokazuje da ima ljudske i socijalne kapacitete da iznjedri reforme, koje su na\u0161em dru\u0161tvu prijeko potrebne\u201d, zaklju\u010dio je Abazovi\u0107.<\/p>\n<p>On nije siguran da \u0110ukanovi\u0107ev povratak vodi ka socio-ekonomskom boljitku dr\u017eave.<\/p>\n<p><strong>Izvor: Mina \/ CDM<\/strong><\/p>\n<\/div>\n","protected":false},"excerpt":{"rendered":"<p>Izbor predsjednika Demokratske partije socijalista DPS, Mila \u0110ukanovi\u0107a, za mandatara nove Vlade korak je unazad za demokratiju i pokazivanje zabrinutosti u vladaju\u0107oj koaliciji za socio-ekonomsku situaciju dr\u017eave, smatra poslanik Pozitivne Crne Gore Dritan Abazovi\u0107. \u201cTo je definitivno i iskazivanje nepovjerenja prema saradnicima i onima koji su do sada obavljali tu funkciju\u201d, ocijenio je Abazovi\u0107. On [&hellip;]<\/p>\n","protected":false},"author":1,"featured_media":0,"comment_status":"open","ping_status":"closed","sticky":false,"template":"","format":"standard","meta":{"spay_email":"","jetpack_publicize_message":"","jetpack_is_tweetstorm":false,"jetpack_publicize_feature_enabled":true},"categories":[8337],"tags":[90,13184,19],"jetpack_publicize_connections":[],"yoast_head":"<!-- This site is optimized with the Yoast SEO plugin v19.1 - https:\/\/yoast.com\/wordpress\/plugins\/seo\/ -->\n<title>Abazovi\u0107: Izbor \u0110ukanovi\u0107a korak nazad za demokratiju - Lajme nga Ulqini<\/title>\n<meta name=\"description\" content=\"Izbor predsjednika Demokratske partije socijalista DPS, Mila \u0110ukanovi\u0107a, za mandatara nove Vlade korak je unazad za demokratiju i pokazivanje zabrinutosti\" \/>\n<meta name=\"robots\" content=\"index, follow, max-snippet:-1, max-image-preview:large, max-video-preview:-1\" \/>\n<link rel=\"canonical\" href=\"https:\/\/www.visit-ulcinj.com\/blog\/2012\/11\/10\/abazovic-izbor-dukanovica-korak-nazad-za-demokratiju\/\" \/>\n<meta property=\"og:locale\" content=\"en_US\" \/>\n<meta property=\"og:type\" content=\"article\" \/>\n<meta property=\"og:title\" content=\"Abazovi\u0107: Izbor \u0110ukanovi\u0107a korak nazad za demokratiju - Lajme nga Ulqini\" \/>\n<meta property=\"og:description\" content=\"Izbor predsjednika Demokratske partije socijalista DPS, Mila \u0110ukanovi\u0107a, za mandatara nove Vlade korak je unazad za demokratiju i pokazivanje zabrinutosti\" \/>\n<meta property=\"og:url\" content=\"https:\/\/www.visit-ulcinj.com\/blog\/2012\/11\/10\/abazovic-izbor-dukanovica-korak-nazad-za-demokratiju\/\" \/>\n<meta property=\"og:site_name\" content=\"Lajme nga Ulqini\" \/>\n<meta property=\"article:published_time\" content=\"2012-11-09T23:05:57+00:00\" \/>\n<meta property=\"article:modified_time\" content=\"2012-11-13T13:32:35+00:00\" \/>\n<meta property=\"og:image\" content=\"http:\/\/www.visit-ulcinj.com\/blog\/wp-content\/uploads\/2012\/11\/Dritan-Abazovic.jpg\" \/>\n<meta name=\"twitter:label1\" content=\"Written by\" \/>\n\t<meta name=\"twitter:data1\" content=\"ulqini\" \/>\n\t<meta name=\"twitter:label2\" content=\"Est. reading time\" \/>\n\t<meta name=\"twitter:data2\" content=\"1 minute\" \/>\n<script type=\"application\/ld+json\" class=\"yoast-schema-graph\">{\"@context\":\"https:\/\/schema.org\",\"@graph\":[{\"@type\":\"WebSite\",\"@id\":\"https:\/\/www.visit-ulcinj.com\/blog\/#website\",\"url\":\"https:\/\/www.visit-ulcinj.com\/blog\/\",\"name\":\"Lajme nga Ulqini\",\"description\":\"Lajme,Vijesti,Ulqini,Ulqin,Crna Gora,Mali i Zi\",\"potentialAction\":[{\"@type\":\"SearchAction\",\"target\":{\"@type\":\"EntryPoint\",\"urlTemplate\":\"https:\/\/www.visit-ulcinj.com\/blog\/?s={search_term_string}\"},\"query-input\":\"required name=search_term_string\"}],\"inLanguage\":\"en-US\"},{\"@type\":\"ImageObject\",\"inLanguage\":\"en-US\",\"@id\":\"https:\/\/www.visit-ulcinj.com\/blog\/2012\/11\/10\/abazovic-izbor-dukanovica-korak-nazad-za-demokratiju\/#primaryimage\",\"url\":\"https:\/\/www.visit-ulcinj.com\/blog\/wp-content\/uploads\/2012\/11\/Dritan-Abazovic.jpg\",\"contentUrl\":\"https:\/\/www.visit-ulcinj.com\/blog\/wp-content\/uploads\/2012\/11\/Dritan-Abazovic.jpg\",\"width\":\"618\",\"height\":\"623\"},{\"@type\":\"WebPage\",\"@id\":\"https:\/\/www.visit-ulcinj.com\/blog\/2012\/11\/10\/abazovic-izbor-dukanovica-korak-nazad-za-demokratiju\/#webpage\",\"url\":\"https:\/\/www.visit-ulcinj.com\/blog\/2012\/11\/10\/abazovic-izbor-dukanovica-korak-nazad-za-demokratiju\/\",\"name\":\"Abazovi\u0107: Izbor \u0110ukanovi\u0107a korak nazad za demokratiju - Lajme nga Ulqini\",\"isPartOf\":{\"@id\":\"https:\/\/www.visit-ulcinj.com\/blog\/#website\"},\"primaryImageOfPage\":{\"@id\":\"https:\/\/www.visit-ulcinj.com\/blog\/2012\/11\/10\/abazovic-izbor-dukanovica-korak-nazad-za-demokratiju\/#primaryimage\"},\"datePublished\":\"2012-11-09T23:05:57+00:00\",\"dateModified\":\"2012-11-13T13:32:35+00:00\",\"author\":{\"@id\":\"https:\/\/www.visit-ulcinj.com\/blog\/#\/schema\/person\/dcab619c614d3038751c63bc2aadc06d\"},\"description\":\"Izbor predsjednika Demokratske partije socijalista DPS, Mila \u0110ukanovi\u0107a, za mandatara nove Vlade korak je unazad za demokratiju i pokazivanje zabrinutosti\",\"breadcrumb\":{\"@id\":\"https:\/\/www.visit-ulcinj.com\/blog\/2012\/11\/10\/abazovic-izbor-dukanovica-korak-nazad-za-demokratiju\/#breadcrumb\"},\"inLanguage\":\"en-US\",\"potentialAction\":[{\"@type\":\"ReadAction\",\"target\":[\"https:\/\/www.visit-ulcinj.com\/blog\/2012\/11\/10\/abazovic-izbor-dukanovica-korak-nazad-za-demokratiju\/\"]}]},{\"@type\":\"BreadcrumbList\",\"@id\":\"https:\/\/www.visit-ulcinj.com\/blog\/2012\/11\/10\/abazovic-izbor-dukanovica-korak-nazad-za-demokratiju\/#breadcrumb\",\"itemListElement\":[{\"@type\":\"ListItem\",\"position\":1,\"name\":\"Abazovi\u0107: Izbor \u0110ukanovi\u0107a korak nazad za demokratiju\"}]},{\"@type\":\"Person\",\"@id\":\"https:\/\/www.visit-ulcinj.com\/blog\/#\/schema\/person\/dcab619c614d3038751c63bc2aadc06d\",\"name\":\"ulqini\",\"sameAs\":[\"http:\/\/www.visit-ulcinj.com\"],\"url\":\"https:\/\/www.visit-ulcinj.com\/blog\/author\/admin\/\"}]}<\/script>\n<!-- \/ Yoast SEO plugin. -->","yoast_head_json":{"title":"Abazovi\u0107: Izbor \u0110ukanovi\u0107a korak nazad za demokratiju - Lajme nga Ulqini","description":"Izbor predsjednika Demokratske partije socijalista DPS, Mila \u0110ukanovi\u0107a, za mandatara nove Vlade korak je unazad za demokratiju i pokazivanje zabrinutosti","robots":{"index":"index","follow":"follow","max-snippet":"max-snippet:-1","max-image-preview":"max-image-preview:large","max-video-preview":"max-video-preview:-1"},"canonical":"https:\/\/www.visit-ulcinj.com\/blog\/2012\/11\/10\/abazovic-izbor-dukanovica-korak-nazad-za-demokratiju\/","og_locale":"en_US","og_type":"article","og_title":"Abazovi\u0107: Izbor \u0110ukanovi\u0107a korak nazad za demokratiju - Lajme nga Ulqini","og_description":"Izbor predsjednika Demokratske partije socijalista DPS, Mila \u0110ukanovi\u0107a, za mandatara nove Vlade korak je unazad za demokratiju i pokazivanje zabrinutosti","og_url":"https:\/\/www.visit-ulcinj.com\/blog\/2012\/11\/10\/abazovic-izbor-dukanovica-korak-nazad-za-demokratiju\/","og_site_name":"Lajme nga Ulqini","article_published_time":"2012-11-09T23:05:57+00:00","article_modified_time":"2012-11-13T13:32:35+00:00","og_image":[{"url":"http:\/\/www.visit-ulcinj.com\/blog\/wp-content\/uploads\/2012\/11\/Dritan-Abazovic.jpg"}],"twitter_misc":{"Written by":"ulqini","Est. reading time":"1 minute"},"schema":{"@context":"https:\/\/schema.org","@graph":[{"@type":"WebSite","@id":"https:\/\/www.visit-ulcinj.com\/blog\/#website","url":"https:\/\/www.visit-ulcinj.com\/blog\/","name":"Lajme nga Ulqini","description":"Lajme,Vijesti,Ulqini,Ulqin,Crna Gora,Mali i Zi","potentialAction":[{"@type":"SearchAction","target":{"@type":"EntryPoint","urlTemplate":"https:\/\/www.visit-ulcinj.com\/blog\/?s={search_term_string}"},"query-input":"required name=search_term_string"}],"inLanguage":"en-US"},{"@type":"ImageObject","inLanguage":"en-US","@id":"https:\/\/www.visit-ulcinj.com\/blog\/2012\/11\/10\/abazovic-izbor-dukanovica-korak-nazad-za-demokratiju\/#primaryimage","url":"https:\/\/www.visit-ulcinj.com\/blog\/wp-content\/uploads\/2012\/11\/Dritan-Abazovic.jpg","contentUrl":"https:\/\/www.visit-ulcinj.com\/blog\/wp-content\/uploads\/2012\/11\/Dritan-Abazovic.jpg","width":"618","height":"623"},{"@type":"WebPage","@id":"https:\/\/www.visit-ulcinj.com\/blog\/2012\/11\/10\/abazovic-izbor-dukanovica-korak-nazad-za-demokratiju\/#webpage","url":"https:\/\/www.visit-ulcinj.com\/blog\/2012\/11\/10\/abazovic-izbor-dukanovica-korak-nazad-za-demokratiju\/","name":"Abazovi\u0107: Izbor \u0110ukanovi\u0107a korak nazad za demokratiju - Lajme nga Ulqini","isPartOf":{"@id":"https:\/\/www.visit-ulcinj.com\/blog\/#website"},"primaryImageOfPage":{"@id":"https:\/\/www.visit-ulcinj.com\/blog\/2012\/11\/10\/abazovic-izbor-dukanovica-korak-nazad-za-demokratiju\/#primaryimage"},"datePublished":"2012-11-09T23:05:57+00:00","dateModified":"2012-11-13T13:32:35+00:00","author":{"@id":"https:\/\/www.visit-ulcinj.com\/blog\/#\/schema\/person\/dcab619c614d3038751c63bc2aadc06d"},"description":"Izbor predsjednika Demokratske partije socijalista DPS, Mila \u0110ukanovi\u0107a, za mandatara nove Vlade korak je unazad za demokratiju i pokazivanje zabrinutosti","breadcrumb":{"@id":"https:\/\/www.visit-ulcinj.com\/blog\/2012\/11\/10\/abazovic-izbor-dukanovica-korak-nazad-za-demokratiju\/#breadcrumb"},"inLanguage":"en-US","potentialAction":[{"@type":"ReadAction","target":["https:\/\/www.visit-ulcinj.com\/blog\/2012\/11\/10\/abazovic-izbor-dukanovica-korak-nazad-za-demokratiju\/"]}]},{"@type":"BreadcrumbList","@id":"https:\/\/www.visit-ulcinj.com\/blog\/2012\/11\/10\/abazovic-izbor-dukanovica-korak-nazad-za-demokratiju\/#breadcrumb","itemListElement":[{"@type":"ListItem","position":1,"name":"Abazovi\u0107: Izbor \u0110ukanovi\u0107a korak nazad za demokratiju"}]},{"@type":"Person","@id":"https:\/\/www.visit-ulcinj.com\/blog\/#\/schema\/person\/dcab619c614d3038751c63bc2aadc06d","name":"ulqini","sameAs":["http:\/\/www.visit-ulcinj.com"],"url":"https:\/\/www.visit-ulcinj.com\/blog\/author\/admin\/"}]}},"jetpack_featured_media_url":"","jetpack_sharing_enabled":true,"jetpack_shortlink":"https:\/\/wp.me\/pe6lTn-h3C","_links":{"self":[{"href":"https:\/\/www.visit-ulcinj.com\/blog\/wp-json\/wp\/v2\/posts\/65572"}],"collection":[{"href":"https:\/\/www.visit-ulcinj.com\/blog\/wp-json\/wp\/v2\/posts"}],"about":[{"href":"https:\/\/www.visit-ulcinj.com\/blog\/wp-json\/wp\/v2\/types\/post"}],"author":[{"embeddable":true,"href":"https:\/\/www.visit-ulcinj.com\/blog\/wp-json\/wp\/v2\/users\/1"}],"replies":[{"embeddable":true,"href":"https:\/\/www.visit-ulcinj.com\/blog\/wp-json\/wp\/v2\/comments?post=65572"}],"version-history":[{"count":2,"href":"https:\/\/www.visit-ulcinj.com\/blog\/wp-json\/wp\/v2\/posts\/65572\/revisions"}],"predecessor-version":[{"id":65640,"href":"https:\/\/www.visit-ulcinj.com\/blog\/wp-json\/wp\/v2\/posts\/65572\/revisions\/65640"}],"wp:attachment":[{"href":"https:\/\/www.visit-ulcinj.com\/blog\/wp-json\/wp\/v2\/media?parent=65572"}],"wp:term":[{"taxonomy":"category","embeddable":true,"href":"https:\/\/www.visit-ulcinj.com\/blog\/wp-json\/wp\/v2\/categories?post=65572"},{"taxonomy":"post_tag","embeddable":true,"href":"https:\/\/www.visit-ulcinj.com\/blog\/wp-json\/wp\/v2\/tags?post=65572"}],"curies":[{"name":"wp","href":"https:\/\/api.w.org\/{rel}","templated":true}]}}