{"id":65575,"date":"2012-11-10T15:36:50","date_gmt":"2012-11-10T14:36:50","guid":{"rendered":"http:\/\/www.visit-ulcinj.com\/blog\/?p=65575"},"modified":"2012-11-13T08:18:12","modified_gmt":"2012-11-13T07:18:12","slug":"novi-tender-za-valdanos-2013","status":"publish","type":"post","link":"https:\/\/www.visit-ulcinj.com\/blog\/2012\/11\/10\/novi-tender-za-valdanos-2013\/","title":{"rendered":"Novi tender za Valdanos 2013"},"content":{"rendered":"<p><a href=\"http:\/\/www.visit-ulcinj.com\/blog\/wp-content\/uploads\/2012\/11\/Tender-Valdanos_ulcinj_crna-gora.jpg\"><img loading=\"lazy\" class=\"alignleft  wp-image-65576\" title=\"Tender - Valdanos_ulcinj_crna-gora\" src=\"http:\/\/www.visit-ulcinj.com\/blog\/wp-content\/uploads\/2012\/11\/Tender-Valdanos_ulcinj_crna-gora.jpg\" alt=\"\" width=\"508\" height=\"360\" \/><\/a>Javni tender za davanje u dugoro\u010dni zakup vojno-turisti\u010dkog kompleksa Valdanos Ulcinj bi\u0107e raspisan u prvoj polovini naredne godine, saop\u0161teno je iz Savjeta za privatizaciju i kapitalne projekte, prenosi Mina biznis.<\/p>\n<p>Iz Savjeta su kazali da je Tenderska komisija za turizam, imaju\u0107i u vidu prethodne aktivnosti na valorizaciji Valdanosa i rezultate raspisivanja javnog poziva, ocijenila da je cjelishodnije da javni tender za davanje u dugoro\u010dni zakup tog lokaliteta bude raspisan u prvoj polovini naredne godine.<\/p>\n<p>\u201cKomisija je tako\u0111e imala u vidu kretanja na tr\u017ei\u0161tu investicija uslovljena finansijskom krizom, u odnosu na kapitalnu vrijednost projekta valorizacije uvale Valdanos\u201d, rekli su agenciji Mina-business iz Savjeta.<\/p>\n<p>Iz Savjeta su podsjetili da je projekat izdavanja u dugoro\u010dni zakup vojnoturisti\u010dkog kompleksa Valdanos bio definisan pro\u0161logodi\u0161njim Planom privatizacije i da je tender bio objavljen 21. juna pro\u0161le godine.<\/p>\n<p>\u201eRok za dostavljanje ponuda je istekao 19. septembra pro\u0161le godine i u predvi\u0111enom roku nije bilo dostavljenih ponuda. S tim u vezi, Tenderska komisija za turizam je tender proglasila neuspjelim\u201c, naveli su predstavnici Savjeta.<\/p>\n<p>Oni su saop\u0161tili da je projekat valorizacije lokaliteta Valdanos uvr\u0161ten i u Plan privatizacije za ovu godinu i stavljen u nadle\u017enost Tenderskoj komisiji za turizam, kojoj su dijelom, pored projekata iz ranijeg djelokruga rada, dodijeljeni i projekti Tenderske komisije za biv\u0161u vojnu imovinu.<\/p>\n<p>\u201cU nadle\u017enosti Tenderske komisije za turizam sada je ukupno 21 projekat, uklju\u010duju\u0107i i vojno-turisti\u010dki kompleks Valdanos\u201d, kazali su iz Savjeta.<\/p>\n<p>Komisija je, kako su dodali, u ovoj godini fokusirala rad na realizaciji dva velika investiciona projekta i to dugoro\u010dni zakup lokacije kasarne Orijenski bataljon Kumbor, sa azerbejd\u017eanskom naftnom kopmanijom SOCAR. Osim toga, drugi va\u017ean projekat je i dugoro\u010dni zakup zemlji\u0161ta za izgradnju Golf kompleksa u Tivtu, sa podgori\u010dkom kompanijom LPDG.<\/p>\n<p>Iz Savjeta su dodali i da je za odre\u0111ene projekte u formi predloga pripremljena tenderska dokumentacija i da se u narednom periodu o\u010dekuje pokretanje postupka javnog ogla\u0161avanja.<\/p>\n<p>To se odnosi na davanje u dugoro\u010dni zakup kasarne Mediteran \u017dabljak, davanje koncesije za NTC Marina Kotor i za hotelsko turisti\u010dko preduze\u0107e (HTP) Ulcinjska rivijera davanje u zakup lokacije auto-kampa Neptun i prodaja lokacija kod Autobuske stanice i upravne zgrade preduze\u0107a.<\/p>\n<p>Tender za Valdanos prvi put je raspisan u decembru 2008. godine i dva puta je produ\u017eavan rok za dostavljanje ponuda. Ponude su do predvi\u0111enog roka u aprilu 2009. dostavili Kjubus luks \/Cubus Lux\/ i rusko-crnogorski konzorcijum Mos siti grup \/Mos City Group\/.<\/p>\n<p>Britanska firma je ponudila fiksni godi\u0161nji zakup od 18 centi za kvadratni metar i investicije vrijedne 222,51 milion EUR.<\/p>\n<p>Mos siti grup, kojeg su \u010dinile ruska i istoimena crnogorska firma, za zakup kvadratnog metra ponudila je 15 centi, dok je u ponudi navela ulaganja vrijedna 644 miliona EUR. Tenderska komisija je, me\u0111utim, zaklju\u010dila da je ponuda Mos siti grupe formalno neispravna.<\/p>\n<p>Ten \/der je me\u0111utim propao zbog negodovanja javnosti u vezi sa prvorangiranom britanskom kompanije Kjubus luks. Negodovanje javnosti rezultiralo je i podno\u0161enjem krivi\u010dne prijave protiv potpredsjednika Vlade Vujice Lazovi\u0107a, koju je procesuirala Mre\u017ea za afirmaciju nevladinog sektora (MANS).<\/p>\n<p>Uvala Valdanos nalazi se \u010detiri kilometara od Ulcinja i ubraja se me\u0111u najatraktivnije lokacije u Crnoj Gori.<\/p>\n<p><strong>Izvor: Mina Biznis<\/strong><br \/>\n<strong>Analitika &#8211; Informativni Portal<\/strong><\/p>\n","protected":false},"excerpt":{"rendered":"<p>Javni tender za davanje u dugoro\u010dni zakup vojno-turisti\u010dkog kompleksa Valdanos Ulcinj bi\u0107e raspisan u prvoj polovini naredne godine, saop\u0161teno je iz Savjeta za privatizaciju i kapitalne projekte, prenosi Mina biznis. Iz Savjeta su kazali da je Tenderska komisija za turizam, imaju\u0107i u vidu prethodne aktivnosti na valorizaciji Valdanosa i rezultate raspisivanja javnog poziva, ocijenila da [&hellip;]<\/p>\n","protected":false},"author":1,"featured_media":0,"comment_status":"open","ping_status":"closed","sticky":false,"template":"","format":"standard","meta":{"spay_email":"","jetpack_publicize_message":"","jetpack_is_tweetstorm":false,"jetpack_publicize_feature_enabled":true},"categories":[8337],"tags":[21444],"jetpack_publicize_connections":[],"yoast_head":"<!-- This site is optimized with the Yoast SEO plugin v19.1 - https:\/\/yoast.com\/wordpress\/plugins\/seo\/ -->\n<title>Novi tender za Valdanos 2013 - Lajme nga Ulqini<\/title>\n<meta name=\"description\" content=\"Javni tender za davanje u dugoro\u010dni zakup vojno-turisti\u010dkog kompleksa Valdanos Ulcinj bi\u0107e raspisan u prvoj polovini naredne godine, saop\u0161teno je iz\" \/>\n<meta name=\"robots\" content=\"index, follow, max-snippet:-1, max-image-preview:large, max-video-preview:-1\" \/>\n<link rel=\"canonical\" href=\"https:\/\/www.visit-ulcinj.com\/blog\/2012\/11\/10\/novi-tender-za-valdanos-2013\/\" \/>\n<meta property=\"og:locale\" content=\"en_US\" \/>\n<meta property=\"og:type\" content=\"article\" \/>\n<meta property=\"og:title\" content=\"Novi tender za Valdanos 2013 - Lajme nga Ulqini\" \/>\n<meta property=\"og:description\" content=\"Javni tender za davanje u dugoro\u010dni zakup vojno-turisti\u010dkog kompleksa Valdanos Ulcinj bi\u0107e raspisan u prvoj polovini naredne godine, saop\u0161teno je iz\" \/>\n<meta property=\"og:url\" content=\"https:\/\/www.visit-ulcinj.com\/blog\/2012\/11\/10\/novi-tender-za-valdanos-2013\/\" \/>\n<meta property=\"og:site_name\" content=\"Lajme nga Ulqini\" \/>\n<meta property=\"article:published_time\" content=\"2012-11-10T14:36:50+00:00\" \/>\n<meta property=\"article:modified_time\" content=\"2012-11-13T07:18:12+00:00\" \/>\n<meta property=\"og:image\" content=\"http:\/\/www.visit-ulcinj.com\/blog\/wp-content\/uploads\/2012\/11\/Tender-Valdanos_ulcinj_crna-gora.jpg\" \/>\n<meta name=\"twitter:label1\" content=\"Written by\" \/>\n\t<meta name=\"twitter:data1\" content=\"ulqini\" \/>\n\t<meta name=\"twitter:label2\" content=\"Est. reading time\" \/>\n\t<meta name=\"twitter:data2\" content=\"3 minutes\" \/>\n<script type=\"application\/ld+json\" class=\"yoast-schema-graph\">{\"@context\":\"https:\/\/schema.org\",\"@graph\":[{\"@type\":\"WebSite\",\"@id\":\"https:\/\/www.visit-ulcinj.com\/blog\/#website\",\"url\":\"https:\/\/www.visit-ulcinj.com\/blog\/\",\"name\":\"Lajme nga Ulqini\",\"description\":\"Lajme,Vijesti,Ulqini,Ulqin,Crna Gora,Mali i Zi\",\"potentialAction\":[{\"@type\":\"SearchAction\",\"target\":{\"@type\":\"EntryPoint\",\"urlTemplate\":\"https:\/\/www.visit-ulcinj.com\/blog\/?s={search_term_string}\"},\"query-input\":\"required name=search_term_string\"}],\"inLanguage\":\"en-US\"},{\"@type\":\"ImageObject\",\"inLanguage\":\"en-US\",\"@id\":\"https:\/\/www.visit-ulcinj.com\/blog\/2012\/11\/10\/novi-tender-za-valdanos-2013\/#primaryimage\",\"url\":\"https:\/\/www.visit-ulcinj.com\/blog\/wp-content\/uploads\/2012\/11\/Tender-Valdanos_ulcinj_crna-gora.jpg\",\"contentUrl\":\"https:\/\/www.visit-ulcinj.com\/blog\/wp-content\/uploads\/2012\/11\/Tender-Valdanos_ulcinj_crna-gora.jpg\",\"width\":\"640\",\"height\":\"480\"},{\"@type\":\"WebPage\",\"@id\":\"https:\/\/www.visit-ulcinj.com\/blog\/2012\/11\/10\/novi-tender-za-valdanos-2013\/#webpage\",\"url\":\"https:\/\/www.visit-ulcinj.com\/blog\/2012\/11\/10\/novi-tender-za-valdanos-2013\/\",\"name\":\"Novi tender za Valdanos 2013 - Lajme nga Ulqini\",\"isPartOf\":{\"@id\":\"https:\/\/www.visit-ulcinj.com\/blog\/#website\"},\"primaryImageOfPage\":{\"@id\":\"https:\/\/www.visit-ulcinj.com\/blog\/2012\/11\/10\/novi-tender-za-valdanos-2013\/#primaryimage\"},\"datePublished\":\"2012-11-10T14:36:50+00:00\",\"dateModified\":\"2012-11-13T07:18:12+00:00\",\"author\":{\"@id\":\"https:\/\/www.visit-ulcinj.com\/blog\/#\/schema\/person\/dcab619c614d3038751c63bc2aadc06d\"},\"description\":\"Javni tender za davanje u dugoro\u010dni zakup vojno-turisti\u010dkog kompleksa Valdanos Ulcinj bi\u0107e raspisan u prvoj polovini naredne godine, saop\u0161teno je iz\",\"breadcrumb\":{\"@id\":\"https:\/\/www.visit-ulcinj.com\/blog\/2012\/11\/10\/novi-tender-za-valdanos-2013\/#breadcrumb\"},\"inLanguage\":\"en-US\",\"potentialAction\":[{\"@type\":\"ReadAction\",\"target\":[\"https:\/\/www.visit-ulcinj.com\/blog\/2012\/11\/10\/novi-tender-za-valdanos-2013\/\"]}]},{\"@type\":\"BreadcrumbList\",\"@id\":\"https:\/\/www.visit-ulcinj.com\/blog\/2012\/11\/10\/novi-tender-za-valdanos-2013\/#breadcrumb\",\"itemListElement\":[{\"@type\":\"ListItem\",\"position\":1,\"name\":\"Novi tender za Valdanos 2013\"}]},{\"@type\":\"Person\",\"@id\":\"https:\/\/www.visit-ulcinj.com\/blog\/#\/schema\/person\/dcab619c614d3038751c63bc2aadc06d\",\"name\":\"ulqini\",\"sameAs\":[\"http:\/\/www.visit-ulcinj.com\"],\"url\":\"https:\/\/www.visit-ulcinj.com\/blog\/author\/admin\/\"}]}<\/script>\n<!-- \/ Yoast SEO plugin. -->","yoast_head_json":{"title":"Novi tender za Valdanos 2013 - Lajme nga Ulqini","description":"Javni tender za davanje u dugoro\u010dni zakup vojno-turisti\u010dkog kompleksa Valdanos Ulcinj bi\u0107e raspisan u prvoj polovini naredne godine, saop\u0161teno je iz","robots":{"index":"index","follow":"follow","max-snippet":"max-snippet:-1","max-image-preview":"max-image-preview:large","max-video-preview":"max-video-preview:-1"},"canonical":"https:\/\/www.visit-ulcinj.com\/blog\/2012\/11\/10\/novi-tender-za-valdanos-2013\/","og_locale":"en_US","og_type":"article","og_title":"Novi tender za Valdanos 2013 - Lajme nga Ulqini","og_description":"Javni tender za davanje u dugoro\u010dni zakup vojno-turisti\u010dkog kompleksa Valdanos Ulcinj bi\u0107e raspisan u prvoj polovini naredne godine, saop\u0161teno je iz","og_url":"https:\/\/www.visit-ulcinj.com\/blog\/2012\/11\/10\/novi-tender-za-valdanos-2013\/","og_site_name":"Lajme nga Ulqini","article_published_time":"2012-11-10T14:36:50+00:00","article_modified_time":"2012-11-13T07:18:12+00:00","og_image":[{"url":"http:\/\/www.visit-ulcinj.com\/blog\/wp-content\/uploads\/2012\/11\/Tender-Valdanos_ulcinj_crna-gora.jpg"}],"twitter_misc":{"Written by":"ulqini","Est. reading time":"3 minutes"},"schema":{"@context":"https:\/\/schema.org","@graph":[{"@type":"WebSite","@id":"https:\/\/www.visit-ulcinj.com\/blog\/#website","url":"https:\/\/www.visit-ulcinj.com\/blog\/","name":"Lajme nga Ulqini","description":"Lajme,Vijesti,Ulqini,Ulqin,Crna Gora,Mali i Zi","potentialAction":[{"@type":"SearchAction","target":{"@type":"EntryPoint","urlTemplate":"https:\/\/www.visit-ulcinj.com\/blog\/?s={search_term_string}"},"query-input":"required name=search_term_string"}],"inLanguage":"en-US"},{"@type":"ImageObject","inLanguage":"en-US","@id":"https:\/\/www.visit-ulcinj.com\/blog\/2012\/11\/10\/novi-tender-za-valdanos-2013\/#primaryimage","url":"https:\/\/www.visit-ulcinj.com\/blog\/wp-content\/uploads\/2012\/11\/Tender-Valdanos_ulcinj_crna-gora.jpg","contentUrl":"https:\/\/www.visit-ulcinj.com\/blog\/wp-content\/uploads\/2012\/11\/Tender-Valdanos_ulcinj_crna-gora.jpg","width":"640","height":"480"},{"@type":"WebPage","@id":"https:\/\/www.visit-ulcinj.com\/blog\/2012\/11\/10\/novi-tender-za-valdanos-2013\/#webpage","url":"https:\/\/www.visit-ulcinj.com\/blog\/2012\/11\/10\/novi-tender-za-valdanos-2013\/","name":"Novi tender za Valdanos 2013 - Lajme nga Ulqini","isPartOf":{"@id":"https:\/\/www.visit-ulcinj.com\/blog\/#website"},"primaryImageOfPage":{"@id":"https:\/\/www.visit-ulcinj.com\/blog\/2012\/11\/10\/novi-tender-za-valdanos-2013\/#primaryimage"},"datePublished":"2012-11-10T14:36:50+00:00","dateModified":"2012-11-13T07:18:12+00:00","author":{"@id":"https:\/\/www.visit-ulcinj.com\/blog\/#\/schema\/person\/dcab619c614d3038751c63bc2aadc06d"},"description":"Javni tender za davanje u dugoro\u010dni zakup vojno-turisti\u010dkog kompleksa Valdanos Ulcinj bi\u0107e raspisan u prvoj polovini naredne godine, saop\u0161teno je iz","breadcrumb":{"@id":"https:\/\/www.visit-ulcinj.com\/blog\/2012\/11\/10\/novi-tender-za-valdanos-2013\/#breadcrumb"},"inLanguage":"en-US","potentialAction":[{"@type":"ReadAction","target":["https:\/\/www.visit-ulcinj.com\/blog\/2012\/11\/10\/novi-tender-za-valdanos-2013\/"]}]},{"@type":"BreadcrumbList","@id":"https:\/\/www.visit-ulcinj.com\/blog\/2012\/11\/10\/novi-tender-za-valdanos-2013\/#breadcrumb","itemListElement":[{"@type":"ListItem","position":1,"name":"Novi tender za Valdanos 2013"}]},{"@type":"Person","@id":"https:\/\/www.visit-ulcinj.com\/blog\/#\/schema\/person\/dcab619c614d3038751c63bc2aadc06d","name":"ulqini","sameAs":["http:\/\/www.visit-ulcinj.com"],"url":"https:\/\/www.visit-ulcinj.com\/blog\/author\/admin\/"}]}},"jetpack_featured_media_url":"","jetpack_sharing_enabled":true,"jetpack_shortlink":"https:\/\/wp.me\/pe6lTn-h3F","_links":{"self":[{"href":"https:\/\/www.visit-ulcinj.com\/blog\/wp-json\/wp\/v2\/posts\/65575"}],"collection":[{"href":"https:\/\/www.visit-ulcinj.com\/blog\/wp-json\/wp\/v2\/posts"}],"about":[{"href":"https:\/\/www.visit-ulcinj.com\/blog\/wp-json\/wp\/v2\/types\/post"}],"author":[{"embeddable":true,"href":"https:\/\/www.visit-ulcinj.com\/blog\/wp-json\/wp\/v2\/users\/1"}],"replies":[{"embeddable":true,"href":"https:\/\/www.visit-ulcinj.com\/blog\/wp-json\/wp\/v2\/comments?post=65575"}],"version-history":[{"count":2,"href":"https:\/\/www.visit-ulcinj.com\/blog\/wp-json\/wp\/v2\/posts\/65575\/revisions"}],"predecessor-version":[{"id":65630,"href":"https:\/\/www.visit-ulcinj.com\/blog\/wp-json\/wp\/v2\/posts\/65575\/revisions\/65630"}],"wp:attachment":[{"href":"https:\/\/www.visit-ulcinj.com\/blog\/wp-json\/wp\/v2\/media?parent=65575"}],"wp:term":[{"taxonomy":"category","embeddable":true,"href":"https:\/\/www.visit-ulcinj.com\/blog\/wp-json\/wp\/v2\/categories?post=65575"},{"taxonomy":"post_tag","embeddable":true,"href":"https:\/\/www.visit-ulcinj.com\/blog\/wp-json\/wp\/v2\/tags?post=65575"}],"curies":[{"name":"wp","href":"https:\/\/api.w.org\/{rel}","templated":true}]}}