{"id":65578,"date":"2012-11-10T15:47:24","date_gmt":"2012-11-10T14:47:24","guid":{"rendered":"http:\/\/www.visit-ulcinj.com\/blog\/?p=65578"},"modified":"2012-11-13T14:34:53","modified_gmt":"2012-11-13T13:34:53","slug":"ulcinj-krivolovci-otjerali-ptice-sa-solane-video","status":"publish","type":"post","link":"https:\/\/www.visit-ulcinj.com\/blog\/2012\/11\/10\/ulcinj-krivolovci-otjerali-ptice-sa-solane-video\/","title":{"rendered":"Ulcinj: Krivolovci otjerali ptice sa solane Video"},"content":{"rendered":"<p><strong><a href=\"http:\/\/www.visit-ulcinj.com\/blog\/wp-content\/uploads\/2012\/11\/Krivolovci-u-Ulcinj.jpg\"><img loading=\"lazy\" class=\"alignleft  wp-image-65579\" title=\"Krivolovci u Ulcinj\" src=\"http:\/\/www.visit-ulcinj.com\/blog\/wp-content\/uploads\/2012\/11\/Krivolovci-u-Ulcinj.jpg\" alt=\"\" width=\"508\" height=\"326\" \/><\/a>PODGORICA \u2013 Nevladina organizacija\u00a0 Centar za za\u0161titu i\u00a0 prou\u010davanje ptica upozorava da na prostoru ulcinske solane ima sve manje ptica. <\/strong><\/p>\n<p>&#8211; U okviru svojih redovnih aktivnosti, proteklih dana posjetili smo solanu. Na na\u0161e veliko razo\u010darenje, na prostoru od 15 kilometara zatekli smo najmanji broj ptica u posljednjih 13 godina \u2013 navodi u sop\u0161tenju ta NVO.<\/p>\n<p>Prema njihovim rije\u010dima, krivcii su krivolovci, njih \u0161estorica koji su rastjerali kako lovne, tako i vrste koje su trajno za\u0161ti\u0107ene.<\/p>\n<p>U saop\u0161tenju se dodaje da su o tom doga\u0111aju obavijestili Upravu za inspekcijske poslove.<\/p>\n<p>Iz CZIP-a podsje\u0107aju da je solana od decembra pro\u0161le godine u fokusu Evropske komisije u vezi sa aktivnostima vezanim za prodaju i upravljanje biodiverzitetom.<\/p>\n<p>&#8211; Kancelariju u Briselu sedmi\u010dno smo obavje\u0161tavati o svim ilegalnim aktivnostima na tom prostoru \u2013 dodaje se u saop\u0161tenju.<\/p>\n<p>Parlament je u julu ove godine proglasio solanu spomenikom prirode.<\/p>\n<p>Snimak krivolovaca CZIP je postavio na sajt <a href=\"http:\/\/www.birdwatchingmn.org\/\">www.birdwatchingmn.org<\/a><\/p>\n<p><strong>T.G.<\/strong><br \/>\n<strong>Pobjeda<\/strong><br \/>\n<iframe loading=\"lazy\" width=\"508\" height=\"360\" src=\"http:\/\/www.youtube.com\/embed\/ps8vb3WWbek?rel=0\" frameborder=\"0\" allowfullscreen><\/iframe><\/p>\n","protected":false},"excerpt":{"rendered":"<p>PODGORICA \u2013 Nevladina organizacija\u00a0 Centar za za\u0161titu i\u00a0 prou\u010davanje ptica upozorava da na prostoru ulcinske solane ima sve manje ptica. &#8211; U okviru svojih redovnih aktivnosti, proteklih dana posjetili smo solanu. Na na\u0161e veliko razo\u010darenje, na prostoru od 15 kilometara zatekli smo najmanji broj ptica u posljednjih 13 godina \u2013 navodi u sop\u0161tenju ta NVO. [&hellip;]<\/p>\n","protected":false},"author":1,"featured_media":0,"comment_status":"open","ping_status":"closed","sticky":false,"template":"","format":"standard","meta":{"spay_email":"","jetpack_publicize_message":"","jetpack_is_tweetstorm":false,"jetpack_publicize_feature_enabled":true},"categories":[6950],"tags":[21445,19],"jetpack_publicize_connections":[],"yoast_head":"<!-- This site is optimized with the Yoast SEO plugin v19.1 - https:\/\/yoast.com\/wordpress\/plugins\/seo\/ -->\n<title>Ulcinj: Krivolovci otjerali ptice sa solane Video - Lajme nga Ulqini<\/title>\n<meta name=\"description\" content=\"PODGORICA \u2013 Nevladina organizacija\u00a0 Centar za za\u0161titu i\u00a0 prou\u010davanje ptica upozorava da na prostoru ulcinske solane ima sve manje ptica. - U okviru svojih\" \/>\n<meta name=\"robots\" content=\"index, follow, max-snippet:-1, max-image-preview:large, max-video-preview:-1\" \/>\n<link rel=\"canonical\" href=\"https:\/\/www.visit-ulcinj.com\/blog\/2012\/11\/10\/ulcinj-krivolovci-otjerali-ptice-sa-solane-video\/\" \/>\n<meta property=\"og:locale\" content=\"en_US\" \/>\n<meta property=\"og:type\" content=\"article\" \/>\n<meta property=\"og:title\" content=\"Ulcinj: Krivolovci otjerali ptice sa solane Video - Lajme nga Ulqini\" \/>\n<meta property=\"og:description\" content=\"PODGORICA \u2013 Nevladina organizacija\u00a0 Centar za za\u0161titu i\u00a0 prou\u010davanje ptica upozorava da na prostoru ulcinske solane ima sve manje ptica. - U okviru svojih\" \/>\n<meta property=\"og:url\" content=\"https:\/\/www.visit-ulcinj.com\/blog\/2012\/11\/10\/ulcinj-krivolovci-otjerali-ptice-sa-solane-video\/\" \/>\n<meta property=\"og:site_name\" content=\"Lajme nga Ulqini\" \/>\n<meta property=\"article:published_time\" content=\"2012-11-10T14:47:24+00:00\" \/>\n<meta property=\"article:modified_time\" content=\"2012-11-13T13:34:53+00:00\" \/>\n<meta property=\"og:image\" content=\"http:\/\/www.visit-ulcinj.com\/blog\/wp-content\/uploads\/2012\/11\/Krivolovci-u-Ulcinj.jpg\" \/>\n<meta name=\"twitter:label1\" content=\"Written by\" \/>\n\t<meta name=\"twitter:data1\" content=\"ulqini\" \/>\n\t<meta name=\"twitter:label2\" content=\"Est. reading time\" \/>\n\t<meta name=\"twitter:data2\" content=\"1 minute\" \/>\n<script type=\"application\/ld+json\" class=\"yoast-schema-graph\">{\"@context\":\"https:\/\/schema.org\",\"@graph\":[{\"@type\":\"WebSite\",\"@id\":\"https:\/\/www.visit-ulcinj.com\/blog\/#website\",\"url\":\"https:\/\/www.visit-ulcinj.com\/blog\/\",\"name\":\"Lajme nga Ulqini\",\"description\":\"Lajme,Vijesti,Ulqini,Ulqin,Crna Gora,Mali i Zi\",\"potentialAction\":[{\"@type\":\"SearchAction\",\"target\":{\"@type\":\"EntryPoint\",\"urlTemplate\":\"https:\/\/www.visit-ulcinj.com\/blog\/?s={search_term_string}\"},\"query-input\":\"required name=search_term_string\"}],\"inLanguage\":\"en-US\"},{\"@type\":\"ImageObject\",\"inLanguage\":\"en-US\",\"@id\":\"https:\/\/www.visit-ulcinj.com\/blog\/2012\/11\/10\/ulcinj-krivolovci-otjerali-ptice-sa-solane-video\/#primaryimage\",\"url\":\"https:\/\/www.visit-ulcinj.com\/blog\/wp-content\/uploads\/2012\/11\/Krivolovci-u-Ulcinj.jpg\",\"contentUrl\":\"https:\/\/www.visit-ulcinj.com\/blog\/wp-content\/uploads\/2012\/11\/Krivolovci-u-Ulcinj.jpg\",\"width\":\"652\",\"height\":\"326\"},{\"@type\":\"WebPage\",\"@id\":\"https:\/\/www.visit-ulcinj.com\/blog\/2012\/11\/10\/ulcinj-krivolovci-otjerali-ptice-sa-solane-video\/#webpage\",\"url\":\"https:\/\/www.visit-ulcinj.com\/blog\/2012\/11\/10\/ulcinj-krivolovci-otjerali-ptice-sa-solane-video\/\",\"name\":\"Ulcinj: Krivolovci otjerali ptice sa solane Video - Lajme nga Ulqini\",\"isPartOf\":{\"@id\":\"https:\/\/www.visit-ulcinj.com\/blog\/#website\"},\"primaryImageOfPage\":{\"@id\":\"https:\/\/www.visit-ulcinj.com\/blog\/2012\/11\/10\/ulcinj-krivolovci-otjerali-ptice-sa-solane-video\/#primaryimage\"},\"datePublished\":\"2012-11-10T14:47:24+00:00\",\"dateModified\":\"2012-11-13T13:34:53+00:00\",\"author\":{\"@id\":\"https:\/\/www.visit-ulcinj.com\/blog\/#\/schema\/person\/dcab619c614d3038751c63bc2aadc06d\"},\"description\":\"PODGORICA \u2013 Nevladina organizacija\u00a0 Centar za za\u0161titu i\u00a0 prou\u010davanje ptica upozorava da na prostoru ulcinske solane ima sve manje ptica. - U okviru svojih\",\"breadcrumb\":{\"@id\":\"https:\/\/www.visit-ulcinj.com\/blog\/2012\/11\/10\/ulcinj-krivolovci-otjerali-ptice-sa-solane-video\/#breadcrumb\"},\"inLanguage\":\"en-US\",\"potentialAction\":[{\"@type\":\"ReadAction\",\"target\":[\"https:\/\/www.visit-ulcinj.com\/blog\/2012\/11\/10\/ulcinj-krivolovci-otjerali-ptice-sa-solane-video\/\"]}]},{\"@type\":\"BreadcrumbList\",\"@id\":\"https:\/\/www.visit-ulcinj.com\/blog\/2012\/11\/10\/ulcinj-krivolovci-otjerali-ptice-sa-solane-video\/#breadcrumb\",\"itemListElement\":[{\"@type\":\"ListItem\",\"position\":1,\"name\":\"Ulcinj: Krivolovci otjerali ptice sa solane Video\"}]},{\"@type\":\"Person\",\"@id\":\"https:\/\/www.visit-ulcinj.com\/blog\/#\/schema\/person\/dcab619c614d3038751c63bc2aadc06d\",\"name\":\"ulqini\",\"sameAs\":[\"http:\/\/www.visit-ulcinj.com\"],\"url\":\"https:\/\/www.visit-ulcinj.com\/blog\/author\/admin\/\"}]}<\/script>\n<!-- \/ Yoast SEO plugin. -->","yoast_head_json":{"title":"Ulcinj: Krivolovci otjerali ptice sa solane Video - Lajme nga Ulqini","description":"PODGORICA \u2013 Nevladina organizacija\u00a0 Centar za za\u0161titu i\u00a0 prou\u010davanje ptica upozorava da na prostoru ulcinske solane ima sve manje ptica. - U okviru svojih","robots":{"index":"index","follow":"follow","max-snippet":"max-snippet:-1","max-image-preview":"max-image-preview:large","max-video-preview":"max-video-preview:-1"},"canonical":"https:\/\/www.visit-ulcinj.com\/blog\/2012\/11\/10\/ulcinj-krivolovci-otjerali-ptice-sa-solane-video\/","og_locale":"en_US","og_type":"article","og_title":"Ulcinj: Krivolovci otjerali ptice sa solane Video - Lajme nga Ulqini","og_description":"PODGORICA \u2013 Nevladina organizacija\u00a0 Centar za za\u0161titu i\u00a0 prou\u010davanje ptica upozorava da na prostoru ulcinske solane ima sve manje ptica. - U okviru svojih","og_url":"https:\/\/www.visit-ulcinj.com\/blog\/2012\/11\/10\/ulcinj-krivolovci-otjerali-ptice-sa-solane-video\/","og_site_name":"Lajme nga Ulqini","article_published_time":"2012-11-10T14:47:24+00:00","article_modified_time":"2012-11-13T13:34:53+00:00","og_image":[{"url":"http:\/\/www.visit-ulcinj.com\/blog\/wp-content\/uploads\/2012\/11\/Krivolovci-u-Ulcinj.jpg"}],"twitter_misc":{"Written by":"ulqini","Est. reading time":"1 minute"},"schema":{"@context":"https:\/\/schema.org","@graph":[{"@type":"WebSite","@id":"https:\/\/www.visit-ulcinj.com\/blog\/#website","url":"https:\/\/www.visit-ulcinj.com\/blog\/","name":"Lajme nga Ulqini","description":"Lajme,Vijesti,Ulqini,Ulqin,Crna Gora,Mali i Zi","potentialAction":[{"@type":"SearchAction","target":{"@type":"EntryPoint","urlTemplate":"https:\/\/www.visit-ulcinj.com\/blog\/?s={search_term_string}"},"query-input":"required name=search_term_string"}],"inLanguage":"en-US"},{"@type":"ImageObject","inLanguage":"en-US","@id":"https:\/\/www.visit-ulcinj.com\/blog\/2012\/11\/10\/ulcinj-krivolovci-otjerali-ptice-sa-solane-video\/#primaryimage","url":"https:\/\/www.visit-ulcinj.com\/blog\/wp-content\/uploads\/2012\/11\/Krivolovci-u-Ulcinj.jpg","contentUrl":"https:\/\/www.visit-ulcinj.com\/blog\/wp-content\/uploads\/2012\/11\/Krivolovci-u-Ulcinj.jpg","width":"652","height":"326"},{"@type":"WebPage","@id":"https:\/\/www.visit-ulcinj.com\/blog\/2012\/11\/10\/ulcinj-krivolovci-otjerali-ptice-sa-solane-video\/#webpage","url":"https:\/\/www.visit-ulcinj.com\/blog\/2012\/11\/10\/ulcinj-krivolovci-otjerali-ptice-sa-solane-video\/","name":"Ulcinj: Krivolovci otjerali ptice sa solane Video - Lajme nga Ulqini","isPartOf":{"@id":"https:\/\/www.visit-ulcinj.com\/blog\/#website"},"primaryImageOfPage":{"@id":"https:\/\/www.visit-ulcinj.com\/blog\/2012\/11\/10\/ulcinj-krivolovci-otjerali-ptice-sa-solane-video\/#primaryimage"},"datePublished":"2012-11-10T14:47:24+00:00","dateModified":"2012-11-13T13:34:53+00:00","author":{"@id":"https:\/\/www.visit-ulcinj.com\/blog\/#\/schema\/person\/dcab619c614d3038751c63bc2aadc06d"},"description":"PODGORICA \u2013 Nevladina organizacija\u00a0 Centar za za\u0161titu i\u00a0 prou\u010davanje ptica upozorava da na prostoru ulcinske solane ima sve manje ptica. - U okviru svojih","breadcrumb":{"@id":"https:\/\/www.visit-ulcinj.com\/blog\/2012\/11\/10\/ulcinj-krivolovci-otjerali-ptice-sa-solane-video\/#breadcrumb"},"inLanguage":"en-US","potentialAction":[{"@type":"ReadAction","target":["https:\/\/www.visit-ulcinj.com\/blog\/2012\/11\/10\/ulcinj-krivolovci-otjerali-ptice-sa-solane-video\/"]}]},{"@type":"BreadcrumbList","@id":"https:\/\/www.visit-ulcinj.com\/blog\/2012\/11\/10\/ulcinj-krivolovci-otjerali-ptice-sa-solane-video\/#breadcrumb","itemListElement":[{"@type":"ListItem","position":1,"name":"Ulcinj: Krivolovci otjerali ptice sa solane Video"}]},{"@type":"Person","@id":"https:\/\/www.visit-ulcinj.com\/blog\/#\/schema\/person\/dcab619c614d3038751c63bc2aadc06d","name":"ulqini","sameAs":["http:\/\/www.visit-ulcinj.com"],"url":"https:\/\/www.visit-ulcinj.com\/blog\/author\/admin\/"}]}},"jetpack_featured_media_url":"","jetpack_sharing_enabled":true,"jetpack_shortlink":"https:\/\/wp.me\/pe6lTn-h3I","_links":{"self":[{"href":"https:\/\/www.visit-ulcinj.com\/blog\/wp-json\/wp\/v2\/posts\/65578"}],"collection":[{"href":"https:\/\/www.visit-ulcinj.com\/blog\/wp-json\/wp\/v2\/posts"}],"about":[{"href":"https:\/\/www.visit-ulcinj.com\/blog\/wp-json\/wp\/v2\/types\/post"}],"author":[{"embeddable":true,"href":"https:\/\/www.visit-ulcinj.com\/blog\/wp-json\/wp\/v2\/users\/1"}],"replies":[{"embeddable":true,"href":"https:\/\/www.visit-ulcinj.com\/blog\/wp-json\/wp\/v2\/comments?post=65578"}],"version-history":[{"count":4,"href":"https:\/\/www.visit-ulcinj.com\/blog\/wp-json\/wp\/v2\/posts\/65578\/revisions"}],"predecessor-version":[{"id":65643,"href":"https:\/\/www.visit-ulcinj.com\/blog\/wp-json\/wp\/v2\/posts\/65578\/revisions\/65643"}],"wp:attachment":[{"href":"https:\/\/www.visit-ulcinj.com\/blog\/wp-json\/wp\/v2\/media?parent=65578"}],"wp:term":[{"taxonomy":"category","embeddable":true,"href":"https:\/\/www.visit-ulcinj.com\/blog\/wp-json\/wp\/v2\/categories?post=65578"},{"taxonomy":"post_tag","embeddable":true,"href":"https:\/\/www.visit-ulcinj.com\/blog\/wp-json\/wp\/v2\/tags?post=65578"}],"curies":[{"name":"wp","href":"https:\/\/api.w.org\/{rel}","templated":true}]}}