{"id":65581,"date":"2012-11-10T19:44:46","date_gmt":"2012-11-10T18:44:46","guid":{"rendered":"http:\/\/www.visit-ulcinj.com\/blog\/?p=65581"},"modified":"2012-11-13T07:35:19","modified_gmt":"2012-11-13T06:35:19","slug":"ali-rexha-rikthehet-ne-karrigen-e-drejtorit-te-organizates-turistike","status":"publish","type":"post","link":"https:\/\/www.visit-ulcinj.com\/blog\/2012\/11\/10\/ali-rexha-rikthehet-ne-karrigen-e-drejtorit-te-organizates-turistike\/","title":{"rendered":"Ali Rexha rikthehet n\u00eb karrigen e drejtorit t\u00eb Organizat\u00ebs Turistike"},"content":{"rendered":"<p><strong>N\u00eb momentin q\u00eb vendimi t\u00eb b\u00ebhet i plotfuqish\u00ebm, klienti im do t\u00eb rimbursohet p\u00ebr t\u00ebr\u00eb periudh\u00ebn gjat\u00eb s\u00eb cil\u00ebs iu pamund\u00ebsua t\u00eb kryej\u00eb pun\u00ebn e tij, tha avokati, Vesna Ga\u010devi\u0107 &#8211; Rogova \u00a0p\u00ebr gazet\u00ebn e p\u00ebrditshme &#8220;DAN&#8221;.<br \/>\n<a href=\"http:\/\/www.visit-ulcinj.com\/blog\/wp-content\/uploads\/2012\/11\/Ali-Rexha_Organizata-Turistike-e-Ulqinit.jpg\"><img loading=\"lazy\" class=\"alignleft  wp-image-65582\" title=\"Ali Rexha_Organizata-Turistike-e-Ulqinit\" src=\"http:\/\/www.visit-ulcinj.com\/blog\/wp-content\/uploads\/2012\/11\/Ali-Rexha_Organizata-Turistike-e-Ulqinit.jpg\" alt=\"\" width=\"508\" height=\"400\" \/><\/a><br \/>\n<\/strong><\/p>\n<p>Ish-drejtori i sh\u00ebrbimit profesional t\u00eb Organizat\u00ebs Turistike, Ali Rexha, do t\u00eb kthehet n\u00eb funksionin e tij sepse ashtu ka vendosur Gjykata Themelore, pasi Rexha apeloi vendimin me t\u00eb cilin u shkarkua, m\u00ebson &#8220;Dan&#8221;. Pak dit\u00eb m\u00eb par\u00eb p\u00ebrfundoi procedura gjyq\u00ebsore e cila zgjati disa muaj, dhe tani pritet procesi i apelit, i cili sipas mendimit t\u00eb jurist\u00ebve nuk do t\u00eb ndikoj\u00eb n\u00eb vlefshm\u00ebrin\u00eb e k\u00ebtij Vendimi. T\u2019u rikujtojm\u00eb, njeriu i par\u00eb i Ulqinit, Nazif Cungu, n\u00eb shkurt t\u00eb k\u00ebtij viti, n\u00eb baz\u00eb t\u00eb vendimit t\u00eb KE OT, n\u00eb postin e ushtruesit t\u00eb detyr\u00ebs s\u00eb drejtorit t\u00eb Organizat\u00ebs Lokale Turistike, n\u00eb vend t\u00eb Ali Rexh\u00ebs, kryetar i PPD, an\u00ebtar\u00eb i ish-qeveris\u00eb lokale, em\u00ebroi Minir Karamanag\u00ebn, funksionar\u00eb i SDP \u2013 s\u00eb, e cila \u00ebsht\u00eb n\u00eb kualicion me Forc\u00ebn dhe DPS-in, dhe e cila ka pushtetin n\u00eb komun\u00ebn jugore. Me k\u00ebt\u00eb vendim nuk u pajtua Rexha, duke argumentuar se kjo \u00ebsht\u00eb nj\u00eb loj\u00eb politike, e mb\u00ebshtetur nga organet fiktive t\u00eb OT (Kuvendi, K\u00ebshilli Ekzekutiv). Pasuan akuza t\u00eb nd\u00ebrsjellta, por pas disa muajsh akuzimesh, n\u00eb baz\u00eb t\u00eb padis\u00eb s\u00eb drejtorit t\u00eb sapoem\u00ebruar, Rexha u largua nga lokalet e OT, pas s\u00eb cil\u00ebs ai ngriti kund\u00ebrpadi dhe para organeve gjyq\u00ebsore d\u00ebshmoi se \u00ebsht\u00eb shkarkuar n\u00eb m\u00ebnyr\u00eb t\u00eb paligjshme. Sipas mendimit t\u00eb avokatit t\u00eb tij mbrojt\u00ebs, Vesna Ga\u010devi\u0107 &#8211; Rogova, gjykata kompetente nuk ka mundur t\u00eb vendos\u00eb ndryshe duke marr\u00eb parasysh legjislacionin ekzistues.<br \/>\n<a href=\"http:\/\/www.visit-ulcinj.com\/blog\/wp-content\/uploads\/2012\/11\/Ali-Rexha-Beqir-Zati-Organizata-Turistike-e-Ulqinit.jpg\"><img loading=\"lazy\" class=\"alignleft  wp-image-65583\" title=\"Ali Rexha - Beqir Zati-Organizata-Turistike-e-Ulqinit\" src=\"http:\/\/www.visit-ulcinj.com\/blog\/wp-content\/uploads\/2012\/11\/Ali-Rexha-Beqir-Zati-Organizata-Turistike-e-Ulqinit.jpg\" alt=\"\" width=\"350\" height=\"400\" \/><\/a>-Bazuar n\u00eb provat e paraqitura,\u00ebsht\u00eb anuluar vendimi i kabinetit t\u00eb Presidentit, me t\u00eb cilin vendim klienti im u shkarkua nga posti i drejtorit. Gjithashtu u hodh posht\u00eb k\u00ebrkesa p\u00ebr t\u2019u liruar zyra e drejtorit, n\u00eb baz\u00eb t\u00eb s\u00eb cil\u00ebs u miratua masa e p\u00ebrkohshme, kurse Rexha u largua nga zyra. N\u00eb fund, gjykata mori nj\u00eb vendim t\u00eb ligjsh\u00ebm. Pra, Ali Rexha \u00ebsht\u00eb larguar n\u00eb m\u00ebnyr\u00eb t\u00eb Paligjshme nga funskioni i drejtorit t\u00eb sh\u00ebrbimit profesional t\u00eb OT. Edhe n\u00eb rast ankese, nuk mund t\u00eb pritet nj\u00eb vendim i ndrysh\u00ebm nga vendimi aktual. Kjo \u00ebsht\u00eb nj\u00eb \u00e7\u00ebshtje juridike ku nuk ka vend p\u00ebr interpretime t\u00eb ndryshme. Aplikimi i ligjit duhet t\u00eb p\u00ebrcaktohet n\u00eb m\u00ebnyr\u00eb koncize dhe assesi nuk mund t\u00eb interpretohet ndryshe. N\u00eb momentin q\u00eb vendimi merr form\u00eb t\u00eb prer\u00eb, klienti im do t\u00eb rimbursohet p\u00ebr gjith\u00eb periudh\u00ebn gjat\u00eb s\u00eb cil\u00ebs atij iu pamund\u00ebsua t\u00eb kryej\u00eb pun\u00ebn e tij. Gjithashtu, t\u00eb gjitha aktet q\u00eb jan\u00eb miratuar nga organet jolegjitime t\u00eb OT gjat\u00eb k\u00ebsaj periudhe nuk kan\u00eb forc\u00eb ligjore &#8211; shpjegoi Ga\u010devi\u0107 &#8211; Rogova.<br \/>\nN\u00eb deklarat\u00ebn p\u00ebr gazet\u00ebn ton\u00eb, Rexha tha se pritet q\u00eb s\u00eb shpejti t\u00eb kthehet n\u00eb pun\u00ebn e tij.<br \/>\n&#8211; Drejt\u00ebsia ndonj\u00ebher\u00eb \u00ebsht\u00eb e ngadalt\u00eb, por ajo gjithmon\u00eb fiton dhe kjo u d\u00ebshmua n\u00eb k\u00ebt\u00eb rast. Un\u00eb nuk kam dyshuar asnj\u00ebher\u00eb n\u00eb ligjshm\u00ebrin\u00eb e em\u00ebrimit tim si drejtor dhe n\u00eb veprimet e mija, por diskutabile kan\u00eb qen\u00eb veprimet e udh\u00ebheq\u00ebsis\u00eb s\u00eb re komunale. Q\u00eb nga fillimi e dija se n\u00eb gjykat\u00eb kjo padrejt\u00ebsi do t\u00eb zgjidhet n\u00eb favor tim. Kam qen\u00eb i bindur p\u00ebr k\u00ebt\u00eb! Tani jan\u00eb \u00e7\u00ebshtje dit\u00ebsh q\u00eb t\u00eb kthehem n\u00eb vendin tim t\u00eb pun\u00ebs. Un\u00eb do t\u00eb pres q\u00eb vendimi i gjykat\u00ebs t\u00eb b\u00ebhet i plotfuqish\u00ebm. Apelimi eventual i k\u00ebtij Vendimi vet\u00ebm mund t\u00eb rris\u00eb shpenzimet procedurale, t\u00eb cilat do t\u00eb p\u00ebrballohen nga taksapaguesit. Tashm\u00eb jan\u00eb harxhuar mjaft para, dhe at\u00eb n\u00eb nj\u00eb situat\u00eb t\u00eb kriz\u00ebs s\u00eb p\u00ebrgjithshme. Sigurisht, gjithkush ka t\u00eb drejt\u00eb t\u00eb ankohet, dhe ne do t\u00eb kemi durim deri n\u00eb fund. Un\u00eb jam i vetmi drejtor legjitim i OT, i cili n\u00eb m\u00ebny\u00eb legjitime erdhi n\u00eb at\u00eb pozit\u00eb &#8211; tha Rexha.<br \/>\nAi rikujtoi se p\u00ebrpjekja p\u00ebr shkarkimin e tij dhe \u00e7do gj\u00eb lidhur me k\u00ebt\u00eb q\u00eb ndodhi n\u00eb muajt e fundit jan\u00eb shembull klasik i hakmarrjes politike.<br \/>\n&#8211; Njer\u00ebzit t\u00eb cil\u00ebt kan\u00eb ardhur n\u00eb pushtet jan\u00eb p\u00ebrpjekur q\u00eb menj\u00ebher\u00eb t\u00eb mirren me kund\u00ebrshtar\u00ebt politik\u00eb, duke mos respektuar ligjet dhe rregulloret. Un\u00eb nuk jam pajtuar me k\u00ebt\u00eb gj\u00eb dhe kjo \u00ebsht\u00eb arsyeja pse kemi nj\u00eb situat\u00eb t\u00eb k\u00ebtill\u00eb. Drejt\u00ebsia fitoi n\u00eb fund &#8211; tha Rexha.<\/p>\n<p><a href=\"http:\/\/www.visit-ulcinj.com\/blog\/wp-content\/uploads\/2012\/11\/G\u00ebzim-Haxhibeti.jpg\"><img loading=\"lazy\" class=\"alignleft  wp-image-65584\" title=\"G\u00ebzim-Haxhibeti\" src=\"http:\/\/www.visit-ulcinj.com\/blog\/wp-content\/uploads\/2012\/11\/G\u00ebzim-Haxhibeti.jpg\" alt=\"\" width=\"508\" height=\"300\" \/><\/a><\/p>\n<p><strong>Karamanaga n\u00eb udh\u00ebtim<\/strong><br \/>\nSekretari p\u00ebr mbrojtjen e pron\u00ebs komunale, Gzim Haxhibeti, konsideron se procedurat gjyq\u00ebsore do t\u00eb vazhdojn\u00eb, sepse vendimi do t\u00eb apelohet.<br \/>\n&#8211; Un\u00eb nuk e p\u00ebrfaq\u00ebsoj OT, por b\u00ebhet fjal\u00eb p\u00ebr vednimin e shkall\u00ebs s\u00eb par\u00eb, k\u00ebshtu q\u00eb duhet t\u00eb prisni derisa kontesti gjyq\u00ebsor t\u00eb p\u00ebrfundoj\u00eb dhe t\u00eb mirret vendimi p\u00ebrfundimtar &#8211; tha Haxhibeti. Ne u p\u00ebrpoq\u00ebm t\u00eb marrim mendimin e drejtuesit aktual t\u00eb OT, Minir Karamanaga, por na u tha se ai ishte n\u00eb rrug\u00eb.<\/p>\n<p><a href=\"http:\/\/www.visit-ulcinj.com\/blog\/wp-content\/uploads\/2012\/11\/organizata-turistike-e-ulqinit.jpg\"><img loading=\"lazy\" class=\"alignleft  wp-image-65585\" title=\"organizata turistike e ulqinit\" src=\"http:\/\/www.visit-ulcinj.com\/blog\/wp-content\/uploads\/2012\/11\/organizata-turistike-e-ulqinit.jpg\" alt=\"\" width=\"508\" height=\"300\" \/><\/a><\/p>\n<p><strong>Pun\u00ebtor\u00ebt kan\u00eb akuzuar Drejtorin<\/strong><br \/>\nJav\u00ebn q\u00eb vjen, n\u00eb gjykat\u00ebn themelore duhet t\u00eb mbahet nj\u00eb seanc\u00eb d\u00ebgjimore, n\u00eb kontestin kund\u00ebr Drejtorit Minir Karamanaga t\u00eb cilin e kan\u00eb ngritur punt\u00ebtor\u00ebt q\u00eb pretendojn\u00eb se jan\u00eb shkarkuar n\u00eb m\u00ebnyr\u00eb t\u00eb palighshme. Aleksand\u00ebr Jacoviq, Merita Rexha, Muharem Beqoviq dhe Beqir Zatoviq, te Prokurori Shtet\u00ebror i Ulqinit, Feriha Muratoviq, kan\u00eb ngritur padi penale kund\u00ebr drejtorit, Minir Karamanaga, p\u00ebr shkak t\u00eb shp\u00ebrdorimit t\u00eb detyr\u00ebs, despotizmit dhe mobbing-ut. T\u00eb rikujtojm\u00eb, Karamanaga pasi erdhi n\u00eb vend t\u00eb ish-drejtorit, Ali Rexha, shkarkoi nga puna pes\u00eb pun\u00ebtor\u00ebt e OT p\u00ebr shkak t\u00eb gjoja shkeljeve t\u00eb disiplin\u00ebs s\u00eb pun\u00ebs dhe munges\u00ebs nga puna. Pas k\u00ebsaj, pun\u00ebtor\u00ebt kan\u00eb deklaruar se jen\u00eb viktima t\u00eb konfliktit politik mes qeveris\u00eb s\u00eb m\u00ebparshme dhe k\u00ebsaj aktuale.<br \/>\n<a href=\"http:\/\/www.visit-ulcinj.com\/blog\/wp-content\/uploads\/2012\/11\/organizata-turistike-e-ulqinit.1.jpg\"><img loading=\"lazy\" class=\"alignleft  wp-image-65586\" title=\"organizata turistike e ulqinit.1\" src=\"http:\/\/www.visit-ulcinj.com\/blog\/wp-content\/uploads\/2012\/11\/organizata-turistike-e-ulqinit.1.jpg\" alt=\"\" width=\"508\" height=\"300\" \/><\/a><\/p>\n","protected":false},"excerpt":{"rendered":"<p>N\u00eb momentin q\u00eb vendimi t\u00eb b\u00ebhet i plotfuqish\u00ebm, klienti im do t\u00eb rimbursohet p\u00ebr t\u00ebr\u00eb periudh\u00ebn gjat\u00eb s\u00eb cil\u00ebs iu pamund\u00ebsua t\u00eb kryej\u00eb pun\u00ebn e tij, tha avokati, Vesna Ga\u010devi\u0107 &#8211; Rogova \u00a0p\u00ebr gazet\u00ebn e p\u00ebrditshme &#8220;DAN&#8221;. Ish-drejtori i sh\u00ebrbimit profesional t\u00eb Organizat\u00ebs Turistike, Ali Rexha, do t\u00eb kthehet n\u00eb funksionin e tij sepse ashtu [&hellip;]<\/p>\n","protected":false},"author":1,"featured_media":0,"comment_status":"open","ping_status":"closed","sticky":false,"template":"","format":"standard","meta":{"spay_email":"","jetpack_publicize_message":"","jetpack_is_tweetstorm":false,"jetpack_publicize_feature_enabled":true},"categories":[1,15],"tags":[8027,671,200,18],"jetpack_publicize_connections":[],"yoast_head":"<!-- This site is optimized with the Yoast SEO plugin v19.1 - https:\/\/yoast.com\/wordpress\/plugins\/seo\/ -->\n<title>Ali Rexha rikthehet n\u00eb karrigen e drejtorit t\u00eb Organizat\u00ebs Turistike - Lajme nga Ulqini<\/title>\n<meta name=\"description\" content=\"N\u00eb momentin q\u00eb vendimi t\u00eb b\u00ebhet i plotfuqish\u00ebm, klienti im do t\u00eb rimbursohet p\u00ebr t\u00ebr\u00eb periudh\u00ebn gjat\u00eb s\u00eb cil\u00ebs iu pamund\u00ebsua t\u00eb kryej\u00eb pun\u00ebn e tij, tha\" \/>\n<meta name=\"robots\" content=\"index, follow, max-snippet:-1, max-image-preview:large, max-video-preview:-1\" \/>\n<link rel=\"canonical\" href=\"https:\/\/www.visit-ulcinj.com\/blog\/2012\/11\/10\/ali-rexha-rikthehet-ne-karrigen-e-drejtorit-te-organizates-turistike\/\" \/>\n<meta property=\"og:locale\" content=\"en_US\" \/>\n<meta property=\"og:type\" content=\"article\" \/>\n<meta property=\"og:title\" content=\"Ali Rexha rikthehet n\u00eb karrigen e drejtorit t\u00eb Organizat\u00ebs Turistike - Lajme nga Ulqini\" \/>\n<meta property=\"og:description\" content=\"N\u00eb momentin q\u00eb vendimi t\u00eb b\u00ebhet i plotfuqish\u00ebm, klienti im do t\u00eb rimbursohet p\u00ebr t\u00ebr\u00eb periudh\u00ebn gjat\u00eb s\u00eb cil\u00ebs iu pamund\u00ebsua t\u00eb kryej\u00eb pun\u00ebn e tij, tha\" \/>\n<meta property=\"og:url\" content=\"https:\/\/www.visit-ulcinj.com\/blog\/2012\/11\/10\/ali-rexha-rikthehet-ne-karrigen-e-drejtorit-te-organizates-turistike\/\" \/>\n<meta property=\"og:site_name\" content=\"Lajme nga Ulqini\" \/>\n<meta property=\"article:published_time\" content=\"2012-11-10T18:44:46+00:00\" \/>\n<meta property=\"article:modified_time\" content=\"2012-11-13T06:35:19+00:00\" \/>\n<meta property=\"og:image\" content=\"http:\/\/www.visit-ulcinj.com\/blog\/wp-content\/uploads\/2012\/11\/Ali-Rexha_Organizata-Turistike-e-Ulqinit.jpg\" \/>\n<meta name=\"twitter:label1\" content=\"Written by\" \/>\n\t<meta name=\"twitter:data1\" content=\"ulqini\" \/>\n\t<meta name=\"twitter:label2\" content=\"Est. reading time\" \/>\n\t<meta name=\"twitter:data2\" content=\"5 minutes\" \/>\n<script type=\"application\/ld+json\" class=\"yoast-schema-graph\">{\"@context\":\"https:\/\/schema.org\",\"@graph\":[{\"@type\":\"WebSite\",\"@id\":\"https:\/\/www.visit-ulcinj.com\/blog\/#website\",\"url\":\"https:\/\/www.visit-ulcinj.com\/blog\/\",\"name\":\"Lajme nga Ulqini\",\"description\":\"Lajme,Vijesti,Ulqini,Ulqin,Crna Gora,Mali i Zi\",\"potentialAction\":[{\"@type\":\"SearchAction\",\"target\":{\"@type\":\"EntryPoint\",\"urlTemplate\":\"https:\/\/www.visit-ulcinj.com\/blog\/?s={search_term_string}\"},\"query-input\":\"required name=search_term_string\"}],\"inLanguage\":\"en-US\"},{\"@type\":\"ImageObject\",\"inLanguage\":\"en-US\",\"@id\":\"https:\/\/www.visit-ulcinj.com\/blog\/2012\/11\/10\/ali-rexha-rikthehet-ne-karrigen-e-drejtorit-te-organizates-turistike\/#primaryimage\",\"url\":\"https:\/\/www.visit-ulcinj.com\/blog\/wp-content\/uploads\/2012\/11\/Ali-Rexha_Organizata-Turistike-e-Ulqinit.jpg\",\"contentUrl\":\"https:\/\/www.visit-ulcinj.com\/blog\/wp-content\/uploads\/2012\/11\/Ali-Rexha_Organizata-Turistike-e-Ulqinit.jpg\",\"width\":\"704\",\"height\":\"729\"},{\"@type\":\"WebPage\",\"@id\":\"https:\/\/www.visit-ulcinj.com\/blog\/2012\/11\/10\/ali-rexha-rikthehet-ne-karrigen-e-drejtorit-te-organizates-turistike\/#webpage\",\"url\":\"https:\/\/www.visit-ulcinj.com\/blog\/2012\/11\/10\/ali-rexha-rikthehet-ne-karrigen-e-drejtorit-te-organizates-turistike\/\",\"name\":\"Ali Rexha rikthehet n\u00eb karrigen e drejtorit t\u00eb Organizat\u00ebs Turistike - Lajme nga Ulqini\",\"isPartOf\":{\"@id\":\"https:\/\/www.visit-ulcinj.com\/blog\/#website\"},\"primaryImageOfPage\":{\"@id\":\"https:\/\/www.visit-ulcinj.com\/blog\/2012\/11\/10\/ali-rexha-rikthehet-ne-karrigen-e-drejtorit-te-organizates-turistike\/#primaryimage\"},\"datePublished\":\"2012-11-10T18:44:46+00:00\",\"dateModified\":\"2012-11-13T06:35:19+00:00\",\"author\":{\"@id\":\"https:\/\/www.visit-ulcinj.com\/blog\/#\/schema\/person\/dcab619c614d3038751c63bc2aadc06d\"},\"description\":\"N\u00eb momentin q\u00eb vendimi t\u00eb b\u00ebhet i plotfuqish\u00ebm, klienti im do t\u00eb rimbursohet p\u00ebr t\u00ebr\u00eb periudh\u00ebn gjat\u00eb s\u00eb cil\u00ebs iu pamund\u00ebsua t\u00eb kryej\u00eb pun\u00ebn e tij, tha\",\"breadcrumb\":{\"@id\":\"https:\/\/www.visit-ulcinj.com\/blog\/2012\/11\/10\/ali-rexha-rikthehet-ne-karrigen-e-drejtorit-te-organizates-turistike\/#breadcrumb\"},\"inLanguage\":\"en-US\",\"potentialAction\":[{\"@type\":\"ReadAction\",\"target\":[\"https:\/\/www.visit-ulcinj.com\/blog\/2012\/11\/10\/ali-rexha-rikthehet-ne-karrigen-e-drejtorit-te-organizates-turistike\/\"]}]},{\"@type\":\"BreadcrumbList\",\"@id\":\"https:\/\/www.visit-ulcinj.com\/blog\/2012\/11\/10\/ali-rexha-rikthehet-ne-karrigen-e-drejtorit-te-organizates-turistike\/#breadcrumb\",\"itemListElement\":[{\"@type\":\"ListItem\",\"position\":1,\"name\":\"Ali Rexha rikthehet n\u00eb karrigen e drejtorit t\u00eb Organizat\u00ebs Turistike\"}]},{\"@type\":\"Person\",\"@id\":\"https:\/\/www.visit-ulcinj.com\/blog\/#\/schema\/person\/dcab619c614d3038751c63bc2aadc06d\",\"name\":\"ulqini\",\"sameAs\":[\"http:\/\/www.visit-ulcinj.com\"],\"url\":\"https:\/\/www.visit-ulcinj.com\/blog\/author\/admin\/\"}]}<\/script>\n<!-- \/ Yoast SEO plugin. -->","yoast_head_json":{"title":"Ali Rexha rikthehet n\u00eb karrigen e drejtorit t\u00eb Organizat\u00ebs Turistike - Lajme nga Ulqini","description":"N\u00eb momentin q\u00eb vendimi t\u00eb b\u00ebhet i plotfuqish\u00ebm, klienti im do t\u00eb rimbursohet p\u00ebr t\u00ebr\u00eb periudh\u00ebn gjat\u00eb s\u00eb cil\u00ebs iu pamund\u00ebsua t\u00eb kryej\u00eb pun\u00ebn e tij, tha","robots":{"index":"index","follow":"follow","max-snippet":"max-snippet:-1","max-image-preview":"max-image-preview:large","max-video-preview":"max-video-preview:-1"},"canonical":"https:\/\/www.visit-ulcinj.com\/blog\/2012\/11\/10\/ali-rexha-rikthehet-ne-karrigen-e-drejtorit-te-organizates-turistike\/","og_locale":"en_US","og_type":"article","og_title":"Ali Rexha rikthehet n\u00eb karrigen e drejtorit t\u00eb Organizat\u00ebs Turistike - Lajme nga Ulqini","og_description":"N\u00eb momentin q\u00eb vendimi t\u00eb b\u00ebhet i plotfuqish\u00ebm, klienti im do t\u00eb rimbursohet p\u00ebr t\u00ebr\u00eb periudh\u00ebn gjat\u00eb s\u00eb cil\u00ebs iu pamund\u00ebsua t\u00eb kryej\u00eb pun\u00ebn e tij, tha","og_url":"https:\/\/www.visit-ulcinj.com\/blog\/2012\/11\/10\/ali-rexha-rikthehet-ne-karrigen-e-drejtorit-te-organizates-turistike\/","og_site_name":"Lajme nga Ulqini","article_published_time":"2012-11-10T18:44:46+00:00","article_modified_time":"2012-11-13T06:35:19+00:00","og_image":[{"url":"http:\/\/www.visit-ulcinj.com\/blog\/wp-content\/uploads\/2012\/11\/Ali-Rexha_Organizata-Turistike-e-Ulqinit.jpg"}],"twitter_misc":{"Written by":"ulqini","Est. reading time":"5 minutes"},"schema":{"@context":"https:\/\/schema.org","@graph":[{"@type":"WebSite","@id":"https:\/\/www.visit-ulcinj.com\/blog\/#website","url":"https:\/\/www.visit-ulcinj.com\/blog\/","name":"Lajme nga Ulqini","description":"Lajme,Vijesti,Ulqini,Ulqin,Crna Gora,Mali i Zi","potentialAction":[{"@type":"SearchAction","target":{"@type":"EntryPoint","urlTemplate":"https:\/\/www.visit-ulcinj.com\/blog\/?s={search_term_string}"},"query-input":"required name=search_term_string"}],"inLanguage":"en-US"},{"@type":"ImageObject","inLanguage":"en-US","@id":"https:\/\/www.visit-ulcinj.com\/blog\/2012\/11\/10\/ali-rexha-rikthehet-ne-karrigen-e-drejtorit-te-organizates-turistike\/#primaryimage","url":"https:\/\/www.visit-ulcinj.com\/blog\/wp-content\/uploads\/2012\/11\/Ali-Rexha_Organizata-Turistike-e-Ulqinit.jpg","contentUrl":"https:\/\/www.visit-ulcinj.com\/blog\/wp-content\/uploads\/2012\/11\/Ali-Rexha_Organizata-Turistike-e-Ulqinit.jpg","width":"704","height":"729"},{"@type":"WebPage","@id":"https:\/\/www.visit-ulcinj.com\/blog\/2012\/11\/10\/ali-rexha-rikthehet-ne-karrigen-e-drejtorit-te-organizates-turistike\/#webpage","url":"https:\/\/www.visit-ulcinj.com\/blog\/2012\/11\/10\/ali-rexha-rikthehet-ne-karrigen-e-drejtorit-te-organizates-turistike\/","name":"Ali Rexha rikthehet n\u00eb karrigen e drejtorit t\u00eb Organizat\u00ebs Turistike - Lajme nga Ulqini","isPartOf":{"@id":"https:\/\/www.visit-ulcinj.com\/blog\/#website"},"primaryImageOfPage":{"@id":"https:\/\/www.visit-ulcinj.com\/blog\/2012\/11\/10\/ali-rexha-rikthehet-ne-karrigen-e-drejtorit-te-organizates-turistike\/#primaryimage"},"datePublished":"2012-11-10T18:44:46+00:00","dateModified":"2012-11-13T06:35:19+00:00","author":{"@id":"https:\/\/www.visit-ulcinj.com\/blog\/#\/schema\/person\/dcab619c614d3038751c63bc2aadc06d"},"description":"N\u00eb momentin q\u00eb vendimi t\u00eb b\u00ebhet i plotfuqish\u00ebm, klienti im do t\u00eb rimbursohet p\u00ebr t\u00ebr\u00eb periudh\u00ebn gjat\u00eb s\u00eb cil\u00ebs iu pamund\u00ebsua t\u00eb kryej\u00eb pun\u00ebn e tij, tha","breadcrumb":{"@id":"https:\/\/www.visit-ulcinj.com\/blog\/2012\/11\/10\/ali-rexha-rikthehet-ne-karrigen-e-drejtorit-te-organizates-turistike\/#breadcrumb"},"inLanguage":"en-US","potentialAction":[{"@type":"ReadAction","target":["https:\/\/www.visit-ulcinj.com\/blog\/2012\/11\/10\/ali-rexha-rikthehet-ne-karrigen-e-drejtorit-te-organizates-turistike\/"]}]},{"@type":"BreadcrumbList","@id":"https:\/\/www.visit-ulcinj.com\/blog\/2012\/11\/10\/ali-rexha-rikthehet-ne-karrigen-e-drejtorit-te-organizates-turistike\/#breadcrumb","itemListElement":[{"@type":"ListItem","position":1,"name":"Ali Rexha rikthehet n\u00eb karrigen e drejtorit t\u00eb Organizat\u00ebs Turistike"}]},{"@type":"Person","@id":"https:\/\/www.visit-ulcinj.com\/blog\/#\/schema\/person\/dcab619c614d3038751c63bc2aadc06d","name":"ulqini","sameAs":["http:\/\/www.visit-ulcinj.com"],"url":"https:\/\/www.visit-ulcinj.com\/blog\/author\/admin\/"}]}},"jetpack_featured_media_url":"","jetpack_sharing_enabled":true,"jetpack_shortlink":"https:\/\/wp.me\/pe6lTn-h3L","_links":{"self":[{"href":"https:\/\/www.visit-ulcinj.com\/blog\/wp-json\/wp\/v2\/posts\/65581"}],"collection":[{"href":"https:\/\/www.visit-ulcinj.com\/blog\/wp-json\/wp\/v2\/posts"}],"about":[{"href":"https:\/\/www.visit-ulcinj.com\/blog\/wp-json\/wp\/v2\/types\/post"}],"author":[{"embeddable":true,"href":"https:\/\/www.visit-ulcinj.com\/blog\/wp-json\/wp\/v2\/users\/1"}],"replies":[{"embeddable":true,"href":"https:\/\/www.visit-ulcinj.com\/blog\/wp-json\/wp\/v2\/comments?post=65581"}],"version-history":[{"count":2,"href":"https:\/\/www.visit-ulcinj.com\/blog\/wp-json\/wp\/v2\/posts\/65581\/revisions"}],"predecessor-version":[{"id":65620,"href":"https:\/\/www.visit-ulcinj.com\/blog\/wp-json\/wp\/v2\/posts\/65581\/revisions\/65620"}],"wp:attachment":[{"href":"https:\/\/www.visit-ulcinj.com\/blog\/wp-json\/wp\/v2\/media?parent=65581"}],"wp:term":[{"taxonomy":"category","embeddable":true,"href":"https:\/\/www.visit-ulcinj.com\/blog\/wp-json\/wp\/v2\/categories?post=65581"},{"taxonomy":"post_tag","embeddable":true,"href":"https:\/\/www.visit-ulcinj.com\/blog\/wp-json\/wp\/v2\/tags?post=65581"}],"curies":[{"name":"wp","href":"https:\/\/api.w.org\/{rel}","templated":true}]}}