{"id":65588,"date":"2012-11-10T19:56:12","date_gmt":"2012-11-10T18:56:12","guid":{"rendered":"http:\/\/www.visit-ulcinj.com\/blog\/?p=65588"},"modified":"2012-11-13T20:12:32","modified_gmt":"2012-11-13T19:12:32","slug":"ministri-hoxhaj-priti-deputetin-shqiptar-ne-mal-te-zi-fatmir-gjeka","status":"publish","type":"post","link":"https:\/\/www.visit-ulcinj.com\/blog\/2012\/11\/10\/ministri-hoxhaj-priti-deputetin-shqiptar-ne-mal-te-zi-fatmir-gjeka\/","title":{"rendered":"Ministri Hoxhaj priti deputetin shqiptar n\u00eb Mal t\u00eb Zi, Fatmir Gjeka"},"content":{"rendered":"<p><strong>Prishtin\u00eb, 10 n\u00ebntor 2012 \u2013 Ministri i Pun\u00ebve t\u00eb Jashtme i Republik\u00ebs s\u00eb Kosov\u00ebs, Enver Hoxhaj, ka pritur sot n\u00eb takim deputetin shqiptar n\u00eb Parlamentin e Malit t\u00eb Zi, lider i \u201cKoalicionit Shqiptar\u201d, Fatmir Gjeka.<br \/>\n<a href=\"http:\/\/www.visit-ulcinj.com\/blog\/wp-content\/uploads\/2012\/11\/EnverHoxhaj_FatmirGjeka.jpg\"><img loading=\"lazy\" class=\"alignleft  wp-image-65589\" title=\"EnverHoxhaj_FatmirGjeka\" src=\"http:\/\/www.visit-ulcinj.com\/blog\/wp-content\/uploads\/2012\/11\/EnverHoxhaj_FatmirGjeka-1024x596.jpg\" alt=\"\" width=\"508\" height=\"360\" \/><\/a><br \/>\n<\/strong><\/p>\n<p>Pas takimit, ministri Hoxhaj ka vler\u00ebsuar lart\u00eb bashk\u00ebpunimin e rregullt me partit\u00eb politike t\u00eb shqiptar\u00ebve n\u00eb Mal t\u00eb Zi, si dhe me institucionet e Malit t\u00eb Zi.<\/p>\n<p>Hoxhaj tha se Qeveria e Republik\u00ebs s\u00eb Kosov\u00ebs ka nj\u00eb bashk\u00ebpunim t\u00eb shk\u00eblqyer me Qeverin\u00eb e Malit t\u00eb Zi.<\/p>\n<p>\u201cDy ministrit\u00eb tona kan\u00eb kontakte t\u00eb rregullta dhe n\u00eb baza ditore e javore kemi konsultime p\u00ebr \u00e7\u00ebshtje t\u00eb interesit bilateral. Mir\u00ebpo, p\u00ebr ne \u00ebsht\u00eb m\u00eb r\u00ebnd\u00ebsi q\u00eb t\u00eb kemi nj\u00eb bashk\u00ebpunim t\u00eb mir\u00eb me t\u00eb gjitha partit\u00eb politike, e ve\u00e7an\u00ebrisht me Partin\u00eb Demokratike dhe kryetarin Gjeka\u201d, tha Hoxhaj.<\/p>\n<p>Ai po ashtu ka b\u00ebr\u00eb t\u00eb ditur se e ka informuar deputetin Gjeka p\u00ebr progresin n\u00eb Kosov\u00eb, nd\u00ebrsa me v\u00ebmendje e ka d\u00ebgjuar p\u00ebr progresin q\u00eb ka arritur Mali i Zi gjat\u00eb k\u00ebtyre viteve t\u00eb fundit dhe p\u00ebr pozit\u00ebn e avancuar q\u00eb kan\u00eb shqiptar\u00ebt n\u00eb Mal t\u00eb Zi.<\/p>\n<p>\u201c\u00cbsht\u00eb prioritet i politik\u00ebs s\u00eb jashtme t\u00eb Kosov\u00ebs q\u00eb t\u2019i mb\u00ebshtes\u00eb, t\u2019i promovoj\u00eb por n\u00eb t\u00eb nj\u00ebjt\u00ebn koh\u00eb edhe t\u2019i forcoj\u00eb pozitat e shqiptar\u00ebve n\u00eb kuad\u00ebr t\u00eb jet\u00ebs institucionale n\u00eb t\u00eb gjitha vendet e rajonit. Ky \u00ebsht\u00eb nj\u00eb mision t\u00eb cilin ne synojm\u00eb ta jet\u00ebsojm\u00eb n\u00eb baza ditore dhe ky takim ndodhi n\u00eb frym\u00ebn e\u00a0 k\u00ebtij misioni\u201d, tha ministri Hoxhaj.<\/p>\n<p>N\u00eb an\u00ebn tjet\u00ebr, deputeti shqiptar n\u00eb Parlamentin e Malit t\u00eb Zi, lider i \u201cKoalicionit Shqiptar\u201d, Fatmir Gjeka, ka vler\u00ebsuar progresin q\u00eb po ndodh\u00eb n\u00eb Kosov\u00eb, duke fal\u00ebnderuar p\u00ebr p\u00ebrkrahjen e institucioneve t\u00eb Kosov\u00ebs p\u00ebr shqiptar\u00ebt n\u00eb Mal t\u00eb Zi.<\/p>\n<p>Ai ka njoftuar ministrin Hoxhaj p\u00ebr angazhimet e tij n\u00eb Parlamentin e Malit t\u00eb Zi si dhe n\u00eb kuad\u00ebr t\u00eb Qeveris\u00eb s\u00eb Malit t\u00eb Zi, pjes\u00eb e t\u00eb cil\u00ebs do t\u00eb jet\u00eb.<\/p>\n<p>\u201cKemi marr\u00eb p\u00ebrkrahjen e plot\u00eb edhe nga kryetari i shtetit t\u00eb Malit t\u00eb Zi p\u00ebr formimin e Komun\u00ebs s\u00eb Mal\u00ebsis\u00eb, me qend\u00ebr n\u00eb Tuz. Kjo do t\u00eb jet\u00eb komuna a dyt\u00eb shqiptare n\u00eb Mal t\u00eb Zi q\u00eb \u00ebsht\u00eb nj\u00eb hap shum\u00eb i madh p\u00ebr politik\u00ebn shqiptare dhe hapat p\u00ebrpara t\u00eb Malit t\u00eb Zi\u201d, ka b\u00ebr\u00eb t\u00eb ditur Gjeka, duke fal\u00ebnderuar ministrin Hoxhaj p\u00ebr p\u00ebrkrahjen e ofruar.<\/p>\n<p>Ai po ashtu ka shprehur vullnetin q\u00eb gjat\u00eb mandatit t\u00eb tij n\u00eb Parlamentin e Malit t\u00eb Zi, p\u00ebrve\u00e7 se t\u00eb sh\u00ebrbej\u00eb si p\u00ebrfaq\u00ebsues i interesave t\u00eb komunitetit shqiptar n\u00eb Mal t\u00eb Zi, n\u00eb t\u00eb nj\u00ebjt\u00ebn koh\u00eb t\u00eb kontribuoj\u00eb n\u00eb avancimin e m\u00ebtutjesh\u00ebm t\u00eb marr\u00ebdh\u00ebnieve t\u00eb Kosov\u00ebs me Malin e Zi.<\/p>\n<p><strong>Ministria e Pun\u00ebve t\u00eb Jashtme e Republik\u00ebs s\u00eb Kosov\u00ebs<\/strong><\/p>\n","protected":false},"excerpt":{"rendered":"<p>Prishtin\u00eb, 10 n\u00ebntor 2012 \u2013 Ministri i Pun\u00ebve t\u00eb Jashtme i Republik\u00ebs s\u00eb Kosov\u00ebs, Enver Hoxhaj, ka pritur sot n\u00eb takim deputetin shqiptar n\u00eb Parlamentin e Malit t\u00eb Zi, lider i \u201cKoalicionit Shqiptar\u201d, Fatmir Gjeka. Pas takimit, ministri Hoxhaj ka vler\u00ebsuar lart\u00eb bashk\u00ebpunimin e rregullt me partit\u00eb politike t\u00eb shqiptar\u00ebve n\u00eb Mal t\u00eb Zi, si [&hellip;]<\/p>\n","protected":false},"author":1,"featured_media":0,"comment_status":"open","ping_status":"closed","sticky":false,"template":"","format":"standard","meta":{"spay_email":"","jetpack_publicize_message":"","jetpack_is_tweetstorm":false,"jetpack_publicize_feature_enabled":true},"categories":[6950,6],"tags":[212,6942,64,4607,49,95,19843,11584,200,18],"jetpack_publicize_connections":[],"yoast_head":"<!-- This site is optimized with the Yoast SEO plugin v19.1 - https:\/\/yoast.com\/wordpress\/plugins\/seo\/ -->\n<title>Ministri Hoxhaj priti deputetin shqiptar n\u00eb Mal t\u00eb Zi, Fatmir Gjeka - Lajme nga Ulqini<\/title>\n<meta name=\"description\" content=\"Prishtin\u00eb, 10 n\u00ebntor 2012 \u2013 Ministri i Pun\u00ebve t\u00eb Jashtme i Republik\u00ebs s\u00eb Kosov\u00ebs, Enver Hoxhaj, ka pritur sot n\u00eb takim deputetin shqiptar n\u00eb Parlamentin e\" \/>\n<meta name=\"robots\" content=\"index, follow, max-snippet:-1, max-image-preview:large, max-video-preview:-1\" \/>\n<link rel=\"canonical\" href=\"https:\/\/www.visit-ulcinj.com\/blog\/2012\/11\/10\/ministri-hoxhaj-priti-deputetin-shqiptar-ne-mal-te-zi-fatmir-gjeka\/\" \/>\n<meta property=\"og:locale\" content=\"en_US\" \/>\n<meta property=\"og:type\" content=\"article\" \/>\n<meta property=\"og:title\" content=\"Ministri Hoxhaj priti deputetin shqiptar n\u00eb Mal t\u00eb Zi, Fatmir Gjeka - Lajme nga Ulqini\" \/>\n<meta property=\"og:description\" content=\"Prishtin\u00eb, 10 n\u00ebntor 2012 \u2013 Ministri i Pun\u00ebve t\u00eb Jashtme i Republik\u00ebs s\u00eb Kosov\u00ebs, Enver Hoxhaj, ka pritur sot n\u00eb takim deputetin shqiptar n\u00eb Parlamentin e\" \/>\n<meta property=\"og:url\" content=\"https:\/\/www.visit-ulcinj.com\/blog\/2012\/11\/10\/ministri-hoxhaj-priti-deputetin-shqiptar-ne-mal-te-zi-fatmir-gjeka\/\" \/>\n<meta property=\"og:site_name\" content=\"Lajme nga Ulqini\" \/>\n<meta property=\"article:published_time\" content=\"2012-11-10T18:56:12+00:00\" \/>\n<meta property=\"article:modified_time\" content=\"2012-11-13T19:12:32+00:00\" \/>\n<meta property=\"og:image\" content=\"http:\/\/www.visit-ulcinj.com\/blog\/wp-content\/uploads\/2012\/11\/EnverHoxhaj_FatmirGjeka-1024x596.jpg\" \/>\n<meta name=\"twitter:label1\" content=\"Written by\" \/>\n\t<meta name=\"twitter:data1\" content=\"ulqini\" \/>\n\t<meta name=\"twitter:label2\" content=\"Est. reading time\" \/>\n\t<meta name=\"twitter:data2\" content=\"3 minutes\" \/>\n<script type=\"application\/ld+json\" class=\"yoast-schema-graph\">{\"@context\":\"https:\/\/schema.org\",\"@graph\":[{\"@type\":\"WebSite\",\"@id\":\"https:\/\/www.visit-ulcinj.com\/blog\/#website\",\"url\":\"https:\/\/www.visit-ulcinj.com\/blog\/\",\"name\":\"Lajme nga Ulqini\",\"description\":\"Lajme,Vijesti,Ulqini,Ulqin,Crna Gora,Mali i Zi\",\"potentialAction\":[{\"@type\":\"SearchAction\",\"target\":{\"@type\":\"EntryPoint\",\"urlTemplate\":\"https:\/\/www.visit-ulcinj.com\/blog\/?s={search_term_string}\"},\"query-input\":\"required name=search_term_string\"}],\"inLanguage\":\"en-US\"},{\"@type\":\"ImageObject\",\"inLanguage\":\"en-US\",\"@id\":\"https:\/\/www.visit-ulcinj.com\/blog\/2012\/11\/10\/ministri-hoxhaj-priti-deputetin-shqiptar-ne-mal-te-zi-fatmir-gjeka\/#primaryimage\",\"url\":\"https:\/\/www.visit-ulcinj.com\/blog\/wp-content\/uploads\/2012\/11\/EnverHoxhaj_FatmirGjeka.jpg\",\"contentUrl\":\"https:\/\/www.visit-ulcinj.com\/blog\/wp-content\/uploads\/2012\/11\/EnverHoxhaj_FatmirGjeka.jpg\",\"width\":\"1028\",\"height\":\"599\"},{\"@type\":\"WebPage\",\"@id\":\"https:\/\/www.visit-ulcinj.com\/blog\/2012\/11\/10\/ministri-hoxhaj-priti-deputetin-shqiptar-ne-mal-te-zi-fatmir-gjeka\/#webpage\",\"url\":\"https:\/\/www.visit-ulcinj.com\/blog\/2012\/11\/10\/ministri-hoxhaj-priti-deputetin-shqiptar-ne-mal-te-zi-fatmir-gjeka\/\",\"name\":\"Ministri Hoxhaj priti deputetin shqiptar n\u00eb Mal t\u00eb Zi, Fatmir Gjeka - Lajme nga Ulqini\",\"isPartOf\":{\"@id\":\"https:\/\/www.visit-ulcinj.com\/blog\/#website\"},\"primaryImageOfPage\":{\"@id\":\"https:\/\/www.visit-ulcinj.com\/blog\/2012\/11\/10\/ministri-hoxhaj-priti-deputetin-shqiptar-ne-mal-te-zi-fatmir-gjeka\/#primaryimage\"},\"datePublished\":\"2012-11-10T18:56:12+00:00\",\"dateModified\":\"2012-11-13T19:12:32+00:00\",\"author\":{\"@id\":\"https:\/\/www.visit-ulcinj.com\/blog\/#\/schema\/person\/dcab619c614d3038751c63bc2aadc06d\"},\"description\":\"Prishtin\u00eb, 10 n\u00ebntor 2012 \u2013 Ministri i Pun\u00ebve t\u00eb Jashtme i Republik\u00ebs s\u00eb Kosov\u00ebs, Enver Hoxhaj, ka pritur sot n\u00eb takim deputetin shqiptar n\u00eb Parlamentin e\",\"breadcrumb\":{\"@id\":\"https:\/\/www.visit-ulcinj.com\/blog\/2012\/11\/10\/ministri-hoxhaj-priti-deputetin-shqiptar-ne-mal-te-zi-fatmir-gjeka\/#breadcrumb\"},\"inLanguage\":\"en-US\",\"potentialAction\":[{\"@type\":\"ReadAction\",\"target\":[\"https:\/\/www.visit-ulcinj.com\/blog\/2012\/11\/10\/ministri-hoxhaj-priti-deputetin-shqiptar-ne-mal-te-zi-fatmir-gjeka\/\"]}]},{\"@type\":\"BreadcrumbList\",\"@id\":\"https:\/\/www.visit-ulcinj.com\/blog\/2012\/11\/10\/ministri-hoxhaj-priti-deputetin-shqiptar-ne-mal-te-zi-fatmir-gjeka\/#breadcrumb\",\"itemListElement\":[{\"@type\":\"ListItem\",\"position\":1,\"name\":\"Ministri Hoxhaj priti deputetin shqiptar n\u00eb Mal t\u00eb Zi, Fatmir Gjeka\"}]},{\"@type\":\"Person\",\"@id\":\"https:\/\/www.visit-ulcinj.com\/blog\/#\/schema\/person\/dcab619c614d3038751c63bc2aadc06d\",\"name\":\"ulqini\",\"sameAs\":[\"http:\/\/www.visit-ulcinj.com\"],\"url\":\"https:\/\/www.visit-ulcinj.com\/blog\/author\/admin\/\"}]}<\/script>\n<!-- \/ Yoast SEO plugin. -->","yoast_head_json":{"title":"Ministri Hoxhaj priti deputetin shqiptar n\u00eb Mal t\u00eb Zi, Fatmir Gjeka - Lajme nga Ulqini","description":"Prishtin\u00eb, 10 n\u00ebntor 2012 \u2013 Ministri i Pun\u00ebve t\u00eb Jashtme i Republik\u00ebs s\u00eb Kosov\u00ebs, Enver Hoxhaj, ka pritur sot n\u00eb takim deputetin shqiptar n\u00eb Parlamentin e","robots":{"index":"index","follow":"follow","max-snippet":"max-snippet:-1","max-image-preview":"max-image-preview:large","max-video-preview":"max-video-preview:-1"},"canonical":"https:\/\/www.visit-ulcinj.com\/blog\/2012\/11\/10\/ministri-hoxhaj-priti-deputetin-shqiptar-ne-mal-te-zi-fatmir-gjeka\/","og_locale":"en_US","og_type":"article","og_title":"Ministri Hoxhaj priti deputetin shqiptar n\u00eb Mal t\u00eb Zi, Fatmir Gjeka - Lajme nga Ulqini","og_description":"Prishtin\u00eb, 10 n\u00ebntor 2012 \u2013 Ministri i Pun\u00ebve t\u00eb Jashtme i Republik\u00ebs s\u00eb Kosov\u00ebs, Enver Hoxhaj, ka pritur sot n\u00eb takim deputetin shqiptar n\u00eb Parlamentin e","og_url":"https:\/\/www.visit-ulcinj.com\/blog\/2012\/11\/10\/ministri-hoxhaj-priti-deputetin-shqiptar-ne-mal-te-zi-fatmir-gjeka\/","og_site_name":"Lajme nga Ulqini","article_published_time":"2012-11-10T18:56:12+00:00","article_modified_time":"2012-11-13T19:12:32+00:00","og_image":[{"url":"http:\/\/www.visit-ulcinj.com\/blog\/wp-content\/uploads\/2012\/11\/EnverHoxhaj_FatmirGjeka-1024x596.jpg"}],"twitter_misc":{"Written by":"ulqini","Est. reading time":"3 minutes"},"schema":{"@context":"https:\/\/schema.org","@graph":[{"@type":"WebSite","@id":"https:\/\/www.visit-ulcinj.com\/blog\/#website","url":"https:\/\/www.visit-ulcinj.com\/blog\/","name":"Lajme nga Ulqini","description":"Lajme,Vijesti,Ulqini,Ulqin,Crna Gora,Mali i Zi","potentialAction":[{"@type":"SearchAction","target":{"@type":"EntryPoint","urlTemplate":"https:\/\/www.visit-ulcinj.com\/blog\/?s={search_term_string}"},"query-input":"required name=search_term_string"}],"inLanguage":"en-US"},{"@type":"ImageObject","inLanguage":"en-US","@id":"https:\/\/www.visit-ulcinj.com\/blog\/2012\/11\/10\/ministri-hoxhaj-priti-deputetin-shqiptar-ne-mal-te-zi-fatmir-gjeka\/#primaryimage","url":"https:\/\/www.visit-ulcinj.com\/blog\/wp-content\/uploads\/2012\/11\/EnverHoxhaj_FatmirGjeka.jpg","contentUrl":"https:\/\/www.visit-ulcinj.com\/blog\/wp-content\/uploads\/2012\/11\/EnverHoxhaj_FatmirGjeka.jpg","width":"1028","height":"599"},{"@type":"WebPage","@id":"https:\/\/www.visit-ulcinj.com\/blog\/2012\/11\/10\/ministri-hoxhaj-priti-deputetin-shqiptar-ne-mal-te-zi-fatmir-gjeka\/#webpage","url":"https:\/\/www.visit-ulcinj.com\/blog\/2012\/11\/10\/ministri-hoxhaj-priti-deputetin-shqiptar-ne-mal-te-zi-fatmir-gjeka\/","name":"Ministri Hoxhaj priti deputetin shqiptar n\u00eb Mal t\u00eb Zi, Fatmir Gjeka - Lajme nga Ulqini","isPartOf":{"@id":"https:\/\/www.visit-ulcinj.com\/blog\/#website"},"primaryImageOfPage":{"@id":"https:\/\/www.visit-ulcinj.com\/blog\/2012\/11\/10\/ministri-hoxhaj-priti-deputetin-shqiptar-ne-mal-te-zi-fatmir-gjeka\/#primaryimage"},"datePublished":"2012-11-10T18:56:12+00:00","dateModified":"2012-11-13T19:12:32+00:00","author":{"@id":"https:\/\/www.visit-ulcinj.com\/blog\/#\/schema\/person\/dcab619c614d3038751c63bc2aadc06d"},"description":"Prishtin\u00eb, 10 n\u00ebntor 2012 \u2013 Ministri i Pun\u00ebve t\u00eb Jashtme i Republik\u00ebs s\u00eb Kosov\u00ebs, Enver Hoxhaj, ka pritur sot n\u00eb takim deputetin shqiptar n\u00eb Parlamentin e","breadcrumb":{"@id":"https:\/\/www.visit-ulcinj.com\/blog\/2012\/11\/10\/ministri-hoxhaj-priti-deputetin-shqiptar-ne-mal-te-zi-fatmir-gjeka\/#breadcrumb"},"inLanguage":"en-US","potentialAction":[{"@type":"ReadAction","target":["https:\/\/www.visit-ulcinj.com\/blog\/2012\/11\/10\/ministri-hoxhaj-priti-deputetin-shqiptar-ne-mal-te-zi-fatmir-gjeka\/"]}]},{"@type":"BreadcrumbList","@id":"https:\/\/www.visit-ulcinj.com\/blog\/2012\/11\/10\/ministri-hoxhaj-priti-deputetin-shqiptar-ne-mal-te-zi-fatmir-gjeka\/#breadcrumb","itemListElement":[{"@type":"ListItem","position":1,"name":"Ministri Hoxhaj priti deputetin shqiptar n\u00eb Mal t\u00eb Zi, Fatmir Gjeka"}]},{"@type":"Person","@id":"https:\/\/www.visit-ulcinj.com\/blog\/#\/schema\/person\/dcab619c614d3038751c63bc2aadc06d","name":"ulqini","sameAs":["http:\/\/www.visit-ulcinj.com"],"url":"https:\/\/www.visit-ulcinj.com\/blog\/author\/admin\/"}]}},"jetpack_featured_media_url":"","jetpack_sharing_enabled":true,"jetpack_shortlink":"https:\/\/wp.me\/pe6lTn-h3S","_links":{"self":[{"href":"https:\/\/www.visit-ulcinj.com\/blog\/wp-json\/wp\/v2\/posts\/65588"}],"collection":[{"href":"https:\/\/www.visit-ulcinj.com\/blog\/wp-json\/wp\/v2\/posts"}],"about":[{"href":"https:\/\/www.visit-ulcinj.com\/blog\/wp-json\/wp\/v2\/types\/post"}],"author":[{"embeddable":true,"href":"https:\/\/www.visit-ulcinj.com\/blog\/wp-json\/wp\/v2\/users\/1"}],"replies":[{"embeddable":true,"href":"https:\/\/www.visit-ulcinj.com\/blog\/wp-json\/wp\/v2\/comments?post=65588"}],"version-history":[{"count":2,"href":"https:\/\/www.visit-ulcinj.com\/blog\/wp-json\/wp\/v2\/posts\/65588\/revisions"}],"predecessor-version":[{"id":65652,"href":"https:\/\/www.visit-ulcinj.com\/blog\/wp-json\/wp\/v2\/posts\/65588\/revisions\/65652"}],"wp:attachment":[{"href":"https:\/\/www.visit-ulcinj.com\/blog\/wp-json\/wp\/v2\/media?parent=65588"}],"wp:term":[{"taxonomy":"category","embeddable":true,"href":"https:\/\/www.visit-ulcinj.com\/blog\/wp-json\/wp\/v2\/categories?post=65588"},{"taxonomy":"post_tag","embeddable":true,"href":"https:\/\/www.visit-ulcinj.com\/blog\/wp-json\/wp\/v2\/tags?post=65588"}],"curies":[{"name":"wp","href":"https:\/\/api.w.org\/{rel}","templated":true}]}}