{"id":65594,"date":"2012-11-11T17:53:46","date_gmt":"2012-11-11T16:53:46","guid":{"rendered":"http:\/\/www.visit-ulcinj.com\/blog\/?p=65594"},"modified":"2012-11-13T14:36:14","modified_gmt":"2012-11-13T13:36:14","slug":"dan-nara-u-vladimir-ulcinj","status":"publish","type":"post","link":"https:\/\/www.visit-ulcinj.com\/blog\/2012\/11\/11\/dan-nara-u-vladimir-ulcinj\/","title":{"rendered":"Dan nara u Vladimir &#8211; Ulcinj"},"content":{"rendered":"<p><a href=\"http:\/\/www.visit-ulcinj.com\/blog\/wp-content\/uploads\/2012\/11\/Dan-nara-u-Vladimir-Ulcinj.jpg\"><img loading=\"lazy\" class=\"alignleft  wp-image-65595\" title=\"Dan nara u Vladimir - Ulcinj\" src=\"http:\/\/www.visit-ulcinj.com\/blog\/wp-content\/uploads\/2012\/11\/Dan-nara-u-Vladimir-Ulcinj.jpg\" alt=\"\" width=\"508\" height=\"400\" \/><\/a>U organizaciji Biznis kluba \u201eAnamali\u201d, kompanije \u201eAgrovita\u201d i Op\u0161tine Ulcinj, 15. novembra \u0107e u mjesnoj zajednici Vladimir biti odr\u017eana jednodnevna manifestacija \u201eDan nara\u201c. Prema rije\u010dima organizatora, na skupu, \u010dije je sve\u010dano otvaranje predvi\u0111eno za 11 \u010dasova, u\u010destvova\u0107e proizvo\u0111a\u010di iz Ulcinja, Bara, Podgorice i gosti iz Albanije, BiH, Hrvatske, sa Kosova i iz Turske.<br \/>\n\u2013 Manifestacija se odr\u017eava pod pokroviteljstvom Ministarstva poljoprivrede i ruralnog razvoja. Planiramo jednodnevno dru\u017eenje i predstavljanje doma\u0107ih proizvo\u0111a\u010da. U toku dana bi\u0107e odr\u017eana i predavanja o kulturi nara i drugog mediteranskog drve\u0107a. O\u010dekujemo veliko interesovanje \u2013 ka\u017eu organizatori.<\/p>\n<p><strong>Izvor: DAN<\/strong><\/p>\n","protected":false},"excerpt":{"rendered":"<p>U organizaciji Biznis kluba \u201eAnamali\u201d, kompanije \u201eAgrovita\u201d i Op\u0161tine Ulcinj, 15. novembra \u0107e u mjesnoj zajednici Vladimir biti odr\u017eana jednodnevna manifestacija \u201eDan nara\u201c. Prema rije\u010dima organizatora, na skupu, \u010dije je sve\u010dano otvaranje predvi\u0111eno za 11 \u010dasova, u\u010destvova\u0107e proizvo\u0111a\u010di iz Ulcinja, Bara, Podgorice i gosti iz Albanije, BiH, Hrvatske, sa Kosova i iz Turske. \u2013 Manifestacija [&hellip;]<\/p>\n","protected":false},"author":1,"featured_media":0,"comment_status":"open","ping_status":"closed","sticky":false,"template":"","format":"standard","meta":{"spay_email":"","jetpack_publicize_message":"","jetpack_is_tweetstorm":false,"jetpack_publicize_feature_enabled":true},"categories":[8],"tags":[21446,19],"jetpack_publicize_connections":[],"yoast_head":"<!-- This site is optimized with the Yoast SEO plugin v19.1 - https:\/\/yoast.com\/wordpress\/plugins\/seo\/ -->\n<title>Dan nara u Vladimir - Ulcinj - Lajme nga Ulqini<\/title>\n<meta name=\"description\" content=\"U organizaciji Biznis kluba \u201eAnamali\u201d, kompanije \u201eAgrovita\u201d i Op\u0161tine Ulcinj, 15. novembra \u0107e u mjesnoj zajednici Vladimir biti odr\u017eana jednodnevna\" \/>\n<meta name=\"robots\" content=\"index, follow, max-snippet:-1, max-image-preview:large, max-video-preview:-1\" \/>\n<link rel=\"canonical\" href=\"https:\/\/www.visit-ulcinj.com\/blog\/2012\/11\/11\/dan-nara-u-vladimir-ulcinj\/\" \/>\n<meta property=\"og:locale\" content=\"en_US\" \/>\n<meta property=\"og:type\" content=\"article\" \/>\n<meta property=\"og:title\" content=\"Dan nara u Vladimir - Ulcinj - Lajme nga Ulqini\" \/>\n<meta property=\"og:description\" content=\"U organizaciji Biznis kluba \u201eAnamali\u201d, kompanije \u201eAgrovita\u201d i Op\u0161tine Ulcinj, 15. novembra \u0107e u mjesnoj zajednici Vladimir biti odr\u017eana jednodnevna\" \/>\n<meta property=\"og:url\" content=\"https:\/\/www.visit-ulcinj.com\/blog\/2012\/11\/11\/dan-nara-u-vladimir-ulcinj\/\" \/>\n<meta property=\"og:site_name\" content=\"Lajme nga Ulqini\" \/>\n<meta property=\"article:published_time\" content=\"2012-11-11T16:53:46+00:00\" \/>\n<meta property=\"article:modified_time\" content=\"2012-11-13T13:36:14+00:00\" \/>\n<meta property=\"og:image\" content=\"http:\/\/www.visit-ulcinj.com\/blog\/wp-content\/uploads\/2012\/11\/Dan-nara-u-Vladimir-Ulcinj.jpg\" \/>\n<meta name=\"twitter:label1\" content=\"Written by\" \/>\n\t<meta name=\"twitter:data1\" content=\"ulqini\" \/>\n\t<meta name=\"twitter:label2\" content=\"Est. reading time\" \/>\n\t<meta name=\"twitter:data2\" content=\"1 minute\" \/>\n<script type=\"application\/ld+json\" class=\"yoast-schema-graph\">{\"@context\":\"https:\/\/schema.org\",\"@graph\":[{\"@type\":\"WebSite\",\"@id\":\"https:\/\/www.visit-ulcinj.com\/blog\/#website\",\"url\":\"https:\/\/www.visit-ulcinj.com\/blog\/\",\"name\":\"Lajme nga Ulqini\",\"description\":\"Lajme,Vijesti,Ulqini,Ulqin,Crna Gora,Mali i Zi\",\"potentialAction\":[{\"@type\":\"SearchAction\",\"target\":{\"@type\":\"EntryPoint\",\"urlTemplate\":\"https:\/\/www.visit-ulcinj.com\/blog\/?s={search_term_string}\"},\"query-input\":\"required name=search_term_string\"}],\"inLanguage\":\"en-US\"},{\"@type\":\"ImageObject\",\"inLanguage\":\"en-US\",\"@id\":\"https:\/\/www.visit-ulcinj.com\/blog\/2012\/11\/11\/dan-nara-u-vladimir-ulcinj\/#primaryimage\",\"url\":\"https:\/\/www.visit-ulcinj.com\/blog\/wp-content\/uploads\/2012\/11\/Dan-nara-u-Vladimir-Ulcinj.jpg\",\"contentUrl\":\"https:\/\/www.visit-ulcinj.com\/blog\/wp-content\/uploads\/2012\/11\/Dan-nara-u-Vladimir-Ulcinj.jpg\",\"width\":\"960\",\"height\":\"960\"},{\"@type\":\"WebPage\",\"@id\":\"https:\/\/www.visit-ulcinj.com\/blog\/2012\/11\/11\/dan-nara-u-vladimir-ulcinj\/#webpage\",\"url\":\"https:\/\/www.visit-ulcinj.com\/blog\/2012\/11\/11\/dan-nara-u-vladimir-ulcinj\/\",\"name\":\"Dan nara u Vladimir - Ulcinj - Lajme nga Ulqini\",\"isPartOf\":{\"@id\":\"https:\/\/www.visit-ulcinj.com\/blog\/#website\"},\"primaryImageOfPage\":{\"@id\":\"https:\/\/www.visit-ulcinj.com\/blog\/2012\/11\/11\/dan-nara-u-vladimir-ulcinj\/#primaryimage\"},\"datePublished\":\"2012-11-11T16:53:46+00:00\",\"dateModified\":\"2012-11-13T13:36:14+00:00\",\"author\":{\"@id\":\"https:\/\/www.visit-ulcinj.com\/blog\/#\/schema\/person\/dcab619c614d3038751c63bc2aadc06d\"},\"description\":\"U organizaciji Biznis kluba \u201eAnamali\u201d, kompanije \u201eAgrovita\u201d i Op\u0161tine Ulcinj, 15. novembra \u0107e u mjesnoj zajednici Vladimir biti odr\u017eana jednodnevna\",\"breadcrumb\":{\"@id\":\"https:\/\/www.visit-ulcinj.com\/blog\/2012\/11\/11\/dan-nara-u-vladimir-ulcinj\/#breadcrumb\"},\"inLanguage\":\"en-US\",\"potentialAction\":[{\"@type\":\"ReadAction\",\"target\":[\"https:\/\/www.visit-ulcinj.com\/blog\/2012\/11\/11\/dan-nara-u-vladimir-ulcinj\/\"]}]},{\"@type\":\"BreadcrumbList\",\"@id\":\"https:\/\/www.visit-ulcinj.com\/blog\/2012\/11\/11\/dan-nara-u-vladimir-ulcinj\/#breadcrumb\",\"itemListElement\":[{\"@type\":\"ListItem\",\"position\":1,\"name\":\"Dan nara u Vladimir &#8211; Ulcinj\"}]},{\"@type\":\"Person\",\"@id\":\"https:\/\/www.visit-ulcinj.com\/blog\/#\/schema\/person\/dcab619c614d3038751c63bc2aadc06d\",\"name\":\"ulqini\",\"sameAs\":[\"http:\/\/www.visit-ulcinj.com\"],\"url\":\"https:\/\/www.visit-ulcinj.com\/blog\/author\/admin\/\"}]}<\/script>\n<!-- \/ Yoast SEO plugin. -->","yoast_head_json":{"title":"Dan nara u Vladimir - Ulcinj - Lajme nga Ulqini","description":"U organizaciji Biznis kluba \u201eAnamali\u201d, kompanije \u201eAgrovita\u201d i Op\u0161tine Ulcinj, 15. novembra \u0107e u mjesnoj zajednici Vladimir biti odr\u017eana jednodnevna","robots":{"index":"index","follow":"follow","max-snippet":"max-snippet:-1","max-image-preview":"max-image-preview:large","max-video-preview":"max-video-preview:-1"},"canonical":"https:\/\/www.visit-ulcinj.com\/blog\/2012\/11\/11\/dan-nara-u-vladimir-ulcinj\/","og_locale":"en_US","og_type":"article","og_title":"Dan nara u Vladimir - Ulcinj - Lajme nga Ulqini","og_description":"U organizaciji Biznis kluba \u201eAnamali\u201d, kompanije \u201eAgrovita\u201d i Op\u0161tine Ulcinj, 15. novembra \u0107e u mjesnoj zajednici Vladimir biti odr\u017eana jednodnevna","og_url":"https:\/\/www.visit-ulcinj.com\/blog\/2012\/11\/11\/dan-nara-u-vladimir-ulcinj\/","og_site_name":"Lajme nga Ulqini","article_published_time":"2012-11-11T16:53:46+00:00","article_modified_time":"2012-11-13T13:36:14+00:00","og_image":[{"url":"http:\/\/www.visit-ulcinj.com\/blog\/wp-content\/uploads\/2012\/11\/Dan-nara-u-Vladimir-Ulcinj.jpg"}],"twitter_misc":{"Written by":"ulqini","Est. reading time":"1 minute"},"schema":{"@context":"https:\/\/schema.org","@graph":[{"@type":"WebSite","@id":"https:\/\/www.visit-ulcinj.com\/blog\/#website","url":"https:\/\/www.visit-ulcinj.com\/blog\/","name":"Lajme nga Ulqini","description":"Lajme,Vijesti,Ulqini,Ulqin,Crna Gora,Mali i Zi","potentialAction":[{"@type":"SearchAction","target":{"@type":"EntryPoint","urlTemplate":"https:\/\/www.visit-ulcinj.com\/blog\/?s={search_term_string}"},"query-input":"required name=search_term_string"}],"inLanguage":"en-US"},{"@type":"ImageObject","inLanguage":"en-US","@id":"https:\/\/www.visit-ulcinj.com\/blog\/2012\/11\/11\/dan-nara-u-vladimir-ulcinj\/#primaryimage","url":"https:\/\/www.visit-ulcinj.com\/blog\/wp-content\/uploads\/2012\/11\/Dan-nara-u-Vladimir-Ulcinj.jpg","contentUrl":"https:\/\/www.visit-ulcinj.com\/blog\/wp-content\/uploads\/2012\/11\/Dan-nara-u-Vladimir-Ulcinj.jpg","width":"960","height":"960"},{"@type":"WebPage","@id":"https:\/\/www.visit-ulcinj.com\/blog\/2012\/11\/11\/dan-nara-u-vladimir-ulcinj\/#webpage","url":"https:\/\/www.visit-ulcinj.com\/blog\/2012\/11\/11\/dan-nara-u-vladimir-ulcinj\/","name":"Dan nara u Vladimir - Ulcinj - Lajme nga Ulqini","isPartOf":{"@id":"https:\/\/www.visit-ulcinj.com\/blog\/#website"},"primaryImageOfPage":{"@id":"https:\/\/www.visit-ulcinj.com\/blog\/2012\/11\/11\/dan-nara-u-vladimir-ulcinj\/#primaryimage"},"datePublished":"2012-11-11T16:53:46+00:00","dateModified":"2012-11-13T13:36:14+00:00","author":{"@id":"https:\/\/www.visit-ulcinj.com\/blog\/#\/schema\/person\/dcab619c614d3038751c63bc2aadc06d"},"description":"U organizaciji Biznis kluba \u201eAnamali\u201d, kompanije \u201eAgrovita\u201d i Op\u0161tine Ulcinj, 15. novembra \u0107e u mjesnoj zajednici Vladimir biti odr\u017eana jednodnevna","breadcrumb":{"@id":"https:\/\/www.visit-ulcinj.com\/blog\/2012\/11\/11\/dan-nara-u-vladimir-ulcinj\/#breadcrumb"},"inLanguage":"en-US","potentialAction":[{"@type":"ReadAction","target":["https:\/\/www.visit-ulcinj.com\/blog\/2012\/11\/11\/dan-nara-u-vladimir-ulcinj\/"]}]},{"@type":"BreadcrumbList","@id":"https:\/\/www.visit-ulcinj.com\/blog\/2012\/11\/11\/dan-nara-u-vladimir-ulcinj\/#breadcrumb","itemListElement":[{"@type":"ListItem","position":1,"name":"Dan nara u Vladimir &#8211; Ulcinj"}]},{"@type":"Person","@id":"https:\/\/www.visit-ulcinj.com\/blog\/#\/schema\/person\/dcab619c614d3038751c63bc2aadc06d","name":"ulqini","sameAs":["http:\/\/www.visit-ulcinj.com"],"url":"https:\/\/www.visit-ulcinj.com\/blog\/author\/admin\/"}]}},"jetpack_featured_media_url":"","jetpack_sharing_enabled":true,"jetpack_shortlink":"https:\/\/wp.me\/pe6lTn-h3Y","_links":{"self":[{"href":"https:\/\/www.visit-ulcinj.com\/blog\/wp-json\/wp\/v2\/posts\/65594"}],"collection":[{"href":"https:\/\/www.visit-ulcinj.com\/blog\/wp-json\/wp\/v2\/posts"}],"about":[{"href":"https:\/\/www.visit-ulcinj.com\/blog\/wp-json\/wp\/v2\/types\/post"}],"author":[{"embeddable":true,"href":"https:\/\/www.visit-ulcinj.com\/blog\/wp-json\/wp\/v2\/users\/1"}],"replies":[{"embeddable":true,"href":"https:\/\/www.visit-ulcinj.com\/blog\/wp-json\/wp\/v2\/comments?post=65594"}],"version-history":[{"count":4,"href":"https:\/\/www.visit-ulcinj.com\/blog\/wp-json\/wp\/v2\/posts\/65594\/revisions"}],"predecessor-version":[{"id":65645,"href":"https:\/\/www.visit-ulcinj.com\/blog\/wp-json\/wp\/v2\/posts\/65594\/revisions\/65645"}],"wp:attachment":[{"href":"https:\/\/www.visit-ulcinj.com\/blog\/wp-json\/wp\/v2\/media?parent=65594"}],"wp:term":[{"taxonomy":"category","embeddable":true,"href":"https:\/\/www.visit-ulcinj.com\/blog\/wp-json\/wp\/v2\/categories?post=65594"},{"taxonomy":"post_tag","embeddable":true,"href":"https:\/\/www.visit-ulcinj.com\/blog\/wp-json\/wp\/v2\/tags?post=65594"}],"curies":[{"name":"wp","href":"https:\/\/api.w.org\/{rel}","templated":true}]}}