{"id":65602,"date":"2012-11-12T15:31:32","date_gmt":"2012-11-12T14:31:32","guid":{"rendered":"http:\/\/www.visit-ulcinj.com\/blog\/?p=65602"},"modified":"2012-11-12T15:32:18","modified_gmt":"2012-11-12T14:32:18","slug":"netrofeun-e-tivarit-2012-kk-ulqini-ne-hap-me-me-te-miret","status":"publish","type":"post","link":"https:\/\/www.visit-ulcinj.com\/blog\/2012\/11\/12\/netrofeun-e-tivarit-2012-kk-ulqini-ne-hap-me-me-te-miret\/","title":{"rendered":"N\u00ebTrofeun e Tivarit 2012 &#8211; KK Ulqini n\u00eb hap me m\u00eb t\u00eb mir\u00ebt"},"content":{"rendered":"<p><strong><a href=\"http:\/\/www.visit-ulcinj.com\/blog\/wp-content\/uploads\/2012\/11\/KK-Ulqini-ne-Trofeun-e-Tivarit-2012.jpg\"><img loading=\"lazy\" class=\"alignleft  wp-image-65603\" title=\"KK Ulqini ne Trofeun e Tivarit 2012\" src=\"http:\/\/www.visit-ulcinj.com\/blog\/wp-content\/uploads\/2012\/11\/KK-Ulqini-ne-Trofeun-e-Tivarit-2012.jpg\" alt=\"\" width=\"508\" height=\"360\" \/><\/a>Klubi i Karates\u00eb \u201cUlqini\u201d mori pjes\u00eb n\u00eb turneun IV nd\u00ebrkomb\u00ebtar t\u00eb karates\u00eb \u201cTrofeu i Tivarit 2012\u201d- n\u00eb Tivar \u00a0\u00a0\u00a0<\/strong><\/p>\n<p>&nbsp;<\/p>\n<p style=\"text-align: center;\">\u00a0\u00a0\u00a0\u00a0\u00a0\u00a0\u00a0\u00a0\u00a0\u00a0\u00a0\u00a0 \u00a0\u00a0\u00a0\u00a0\u00a0\u00a0\u00a0\u00a0\u00a0\u00a0\u00a0\u00a0\u00a0\u00a0\u00a0\u00a0\u00a0\u00a0\u00a0KK ULQINI N\u00cb HAP ME M\u00cb T\u00cb MIR\u00cbT<\/p>\n<p>T\u00eb shtun\u00ebn, m\u00eb 10 n\u00ebntor 2012 n\u00eb Tivar u mbajt Turneu i IV nd\u00ebrkomb\u00ebtar i karates\u00eb \u201cTrofeu i Tivarit 2012\u201d, n\u00eb t\u00eb cilin klubi i karates\u00eb \u201cUlqini\u201d u radhit n\u00eb vendin e tret\u00eb n\u00eb renditjen e p\u00ebrgjithshme. Ky ishte nj\u00eb sukses i madh, pasi q\u00eb n\u00eb k\u00ebt\u00eb gar\u00eb mor\u00ebn pjes\u00eb 46 klube t\u00eb karates\u00eb me mbi 700 garues nga Bosna e Hrcegovina, Serbia, Kroacia, Maqedonia dhe nga Mali i Zi.<\/p>\n<p><a href=\"http:\/\/www.visit-ulcinj.com\/blog\/wp-content\/uploads\/2012\/11\/KK-Ulqini-ne-Trofeun-e-Tivarit-2012.2.jpg\"><img loading=\"lazy\" class=\"alignleft  wp-image-65604\" title=\"KK Ulqini ne Trofeun e Tivarit 2012.2\" src=\"http:\/\/www.visit-ulcinj.com\/blog\/wp-content\/uploads\/2012\/11\/KK-Ulqini-ne-Trofeun-e-Tivarit-2012.2.jpg\" alt=\"\" width=\"508\" height=\"300\" \/><\/a>Klubi i karates\u00eb \u201cUlqini\u201d u paraqit me 62 garues t\u00eb t\u00eb gjitha gjeneratave, prej atyre m\u00eb t\u00eb reja e deri n\u00eb senior\u00eb, t\u00eb cil\u00ebt arrit\u00ebn t\u00eb fitojn\u00eb plot 51 medalje n\u00eb disiplinat ekipore dhe individuale:<\/p>\n<p>7 medalje t\u00eb arta, 21 t\u00eb argjendta, 23 t\u00eb bronzta dhe kup\u00ebn p\u00ebr vendin e tret\u00eb n\u00eb renditjen e p\u00ebrgjithshme. Vendi i par\u00eb i takoi KK \u201cBuduqnost\u201d t\u00eb Podgoric\u00ebs, nd\u00ebrsa vendi i dyt\u00eb Federat\u00ebs s\u00eb Karates\u00eb t\u00eb Beogradit, e cila ishte n\u00eb nj\u00eb p\u00ebrb\u00ebrje shum\u00eb t\u00eb fort\u00eb t\u00eb garuesve t\u00eb seleksionuar nga disa klube m\u00eb t\u00eb mir\u00eb t\u00eb Beogradit dhe e cila kishte vet\u00ebm 7 pik\u00eb para Klubit t\u00eb karates\u00eb \u201cUlqini\u201d.<\/p>\n<p>-Ishte ky edhe nj\u00eb rezultat i radh\u00ebs i garuesve ton\u00eb t\u00eb cil\u00ebt po d\u00ebshmojn\u00eb \u00e7do her\u00eb q\u00eb jan\u00eb n\u00eb mesin e m\u00eb t\u00eb mir\u00ebve dhe n\u00eb \u00e7do gar\u00eb po i kund\u00ebrvihen klubeve m\u00eb t\u00eb fort\u00eb, duke qen\u00eb n\u00eb hap me ta dhe duke korrur suksese t\u00eb mira. Rezultatet nuk mungojn\u00eb fal\u00eb entuziazmit t\u00eb trajner\u00ebve t\u00eb klubit dhe Udh\u00ebheq\u00ebsis\u00eb, t\u00eb cil\u00ebt po japin maksimumin e vet pa asnj\u00ebfar\u00eb interesi apo kompensimi material, por po punojn\u00eb vullnetarisht, q\u00eb kjo tradit\u00eb mbi 30 vje\u00e7are e Klubit t\u00eb mos shuhet. P\u00ebr k\u00ebt\u00eb arsye s\u00eb pari po i drejtohemi Komun\u00ebs s\u00eb Ulqinit q\u00eb t\u00eb na shtrijn\u00eb dor\u00ebn e ndihmes\u00ebs, sepse ky \u00ebsht\u00eb klub i Qytetit dhe at\u00eb em\u00ebr e mban\u00eb, e jo t\u00eb lehet pas duarsh \u00a0e q\u00eb askush t\u00eb mos interesohet p\u00ebr ne. K\u00ebta jan\u00eb t\u00eb rinj\u00ebt tan\u00eb dhe k\u00ebta rezultate q\u00eb arrijn\u00eb ata do t\u2019i kishin zili edhe klubet dhe qytetet e tjera, &#8211; shprehen t\u00eb pak\u00ebnaqur udh\u00ebheq\u00ebsit dhe trajner\u00ebt e klubit, pasi q\u00eb nuk kan\u00eb p\u00ebrkrahjen e duhur nga institucionet e Komun\u00ebs, p\u00ebrve\u00e7 disa donator\u00ebve privat\u00eb dhe prind\u00ebrve t\u00eb f\u00ebmij\u00ebve.<\/p>\n<p><a href=\"http:\/\/www.visit-ulcinj.com\/blog\/wp-content\/uploads\/2012\/11\/KK-Ulqini-ne-Trofeun-e-Tivarit-2012.1.jpg\"><img loading=\"lazy\" class=\"alignleft  wp-image-65605\" title=\"KK Ulqini ne Trofeun e Tivarit 2012.1\" src=\"http:\/\/www.visit-ulcinj.com\/blog\/wp-content\/uploads\/2012\/11\/KK-Ulqini-ne-Trofeun-e-Tivarit-2012.1.jpg\" alt=\"\" width=\"350\" height=\"400\" \/><\/a>Nga radh\u00ebt e Klubit t\u00eb karates\u00eb \u201cUlqini\u201d n\u00eb disiplinat individuale dhe ekipore me medalje u kuror\u00ebzuan k\u00ebta garues: me medalje t\u00eb arta u kuror\u00ebzuan Antigona Rama, Venesa Nuhi, Sretena Gjuriq, Diell\u00ebza Rama, Angjella Marnikoviq, Albion Duraku dhe Hysen Rama.<\/p>\n<p>P\u00ebrve\u00e7 k\u00ebtyre medaljeve k\u00ebta garues u kuror\u00ebzuan edhe me medalje t\u00eb tjera.<\/p>\n<p>Me nga disa medalje t\u00eb tjera u shp\u00ebrblyen: Liridona Ceka, Emro Bajrami, Kristian Junkoviq, Albert Rudoviq, Resul Ceka, Elvir Islami, Emin Kulla, Gabriell Bytyqi, Eliza Salihu, Nermin Suma, Gabriella Junkoviq, Ibrahim Zogaj, Nderim Cuca, Jeton Luka, Adnan Kuqi, Katarina Marnikoviq, Izabella Jovanoviq, Edin Kraja, Seida Suma, Behlul Peroviq, Hantije Ibro\u00e7i, Ensar Marshiq, Pjeter Hota, Bledar Seferi, Ronal Jacoviq, Christopher Rudoviq, Arben Elezoviq, Marko Daboviq, \u00a0Lavdim Tula, Behlul Peroviq, Edin Kraja dhe Mensur Ceka.<\/p>\n<p>&nbsp;<\/p>\n<p>Turneu i radh\u00ebs do t\u00eb jet\u00eb m\u00eb 17 n\u00ebntor 2012 n\u00eb Tiran\u00eb \u201cKupa Ushtria 2012\u201d q\u00eb organizohet n\u00eb kuad\u00ebr t\u00eb festimeve t\u00eb 100 vjetorit t\u00eb Pavar\u00ebsis\u00eb s\u00eb shtetit shqiptar, e organizuar nga Ministria e Mbrojtjes s\u00eb Shqip\u00ebris\u00eb n\u00eb krye me ministrin Arben Imamin dhe Federata e Karates\u00eb s\u00eb Shqip\u00ebris\u00eb, ku hapjen do ta b\u00ebj\u00eb Kryeministri i Shqip\u00ebris\u00eb Sali Berisha.<\/p>\n<p>&nbsp;<\/p>\n<p><strong>SH\u00cbRBIMI INFORMATIV I\u00a0 KLUBIT T\u00cb KARATES\u00cb \u201cULQINI\u201d<\/strong><\/p>\n\n\t\t<style type=\"text\/css\">\n\t\t\t#gallery-1 {\n\t\t\t\tmargin: auto;\n\t\t\t}\n\t\t\t#gallery-1 .gallery-item {\n\t\t\t\tfloat: left;\n\t\t\t\tmargin-top: 10px;\n\t\t\t\ttext-align: center;\n\t\t\t\twidth: 33%;\n\t\t\t}\n\t\t\t#gallery-1 img {\n\t\t\t\tborder: 2px solid #cfcfcf;\n\t\t\t}\n\t\t\t#gallery-1 .gallery-caption {\n\t\t\t\tmargin-left: 0;\n\t\t\t}\n\t\t\t\/* see gallery_shortcode() in wp-includes\/media.php *\/\n\t\t<\/style>\n\t\t<div id='gallery-1' class='gallery galleryid-65602 gallery-columns-3 gallery-size-thumbnail'><dl class='gallery-item'>\n\t\t\t<dt class='gallery-icon landscape'>\n\t\t\t\t<a href='https:\/\/www.visit-ulcinj.com\/blog\/wp-content\/uploads\/2012\/11\/KK-Ulqini-ne-Trofeun-e-Tivarit-2012.jpg'><img width=\"150\" height=\"150\" src=\"https:\/\/www.visit-ulcinj.com\/blog\/wp-content\/uploads\/2012\/11\/KK-Ulqini-ne-Trofeun-e-Tivarit-2012-150x150.jpg\" class=\"attachment-thumbnail size-thumbnail\" alt=\"\" loading=\"lazy\" \/><\/a>\n\t\t\t<\/dt><\/dl><dl class='gallery-item'>\n\t\t\t<dt class='gallery-icon landscape'>\n\t\t\t\t<a href='https:\/\/www.visit-ulcinj.com\/blog\/wp-content\/uploads\/2012\/11\/KK-Ulqini-ne-Trofeun-e-Tivarit-2012.2.jpg'><img width=\"150\" height=\"150\" src=\"https:\/\/www.visit-ulcinj.com\/blog\/wp-content\/uploads\/2012\/11\/KK-Ulqini-ne-Trofeun-e-Tivarit-2012.2-150x150.jpg\" class=\"attachment-thumbnail size-thumbnail\" alt=\"\" loading=\"lazy\" \/><\/a>\n\t\t\t<\/dt><\/dl><dl class='gallery-item'>\n\t\t\t<dt class='gallery-icon portrait'>\n\t\t\t\t<a href='https:\/\/www.visit-ulcinj.com\/blog\/wp-content\/uploads\/2012\/11\/KK-Ulqini-ne-Trofeun-e-Tivarit-2012.1.jpg'><img width=\"150\" height=\"150\" src=\"https:\/\/www.visit-ulcinj.com\/blog\/wp-content\/uploads\/2012\/11\/KK-Ulqini-ne-Trofeun-e-Tivarit-2012.1-150x150.jpg\" class=\"attachment-thumbnail size-thumbnail\" alt=\"\" loading=\"lazy\" \/><\/a>\n\t\t\t<\/dt><\/dl><br style=\"clear: both\" \/><dl class='gallery-item'>\n\t\t\t<dt class='gallery-icon portrait'>\n\t\t\t\t<a href='https:\/\/www.visit-ulcinj.com\/blog\/wp-content\/uploads\/2012\/11\/KK-Ulqini-ne-Trofeun-e-Tivarit-2012.3.jpg'><img width=\"150\" height=\"150\" src=\"https:\/\/www.visit-ulcinj.com\/blog\/wp-content\/uploads\/2012\/11\/KK-Ulqini-ne-Trofeun-e-Tivarit-2012.3-150x150.jpg\" class=\"attachment-thumbnail size-thumbnail\" alt=\"\" loading=\"lazy\" \/><\/a>\n\t\t\t<\/dt><\/dl><dl class='gallery-item'>\n\t\t\t<dt class='gallery-icon landscape'>\n\t\t\t\t<a href='https:\/\/www.visit-ulcinj.com\/blog\/wp-content\/uploads\/2012\/11\/KK-Ulqini-ne-Trofeun-e-Tivarit-2012.4.jpg'><img width=\"150\" height=\"150\" src=\"https:\/\/www.visit-ulcinj.com\/blog\/wp-content\/uploads\/2012\/11\/KK-Ulqini-ne-Trofeun-e-Tivarit-2012.4-150x150.jpg\" class=\"attachment-thumbnail size-thumbnail\" alt=\"\" loading=\"lazy\" \/><\/a>\n\t\t\t<\/dt><\/dl><dl class='gallery-item'>\n\t\t\t<dt class='gallery-icon landscape'>\n\t\t\t\t<a href='https:\/\/www.visit-ulcinj.com\/blog\/wp-content\/uploads\/2012\/11\/KK-Ulqini-ne-Trofeun-e-Tivarit-2012.5.jpg'><img width=\"150\" height=\"150\" src=\"https:\/\/www.visit-ulcinj.com\/blog\/wp-content\/uploads\/2012\/11\/KK-Ulqini-ne-Trofeun-e-Tivarit-2012.5-150x150.jpg\" class=\"attachment-thumbnail size-thumbnail\" alt=\"\" loading=\"lazy\" \/><\/a>\n\t\t\t<\/dt><\/dl><br style=\"clear: both\" \/>\n\t\t<\/div>\n\n","protected":false},"excerpt":{"rendered":"<p>Klubi i Karates\u00eb \u201cUlqini\u201d mori pjes\u00eb n\u00eb turneun IV nd\u00ebrkomb\u00ebtar t\u00eb karates\u00eb \u201cTrofeu i Tivarit 2012\u201d- n\u00eb Tivar \u00a0\u00a0\u00a0 &nbsp; \u00a0\u00a0\u00a0\u00a0\u00a0\u00a0\u00a0\u00a0\u00a0\u00a0\u00a0\u00a0 \u00a0\u00a0\u00a0\u00a0\u00a0\u00a0\u00a0\u00a0\u00a0\u00a0\u00a0\u00a0\u00a0\u00a0\u00a0\u00a0\u00a0\u00a0\u00a0KK ULQINI N\u00cb HAP ME M\u00cb T\u00cb MIR\u00cbT T\u00eb shtun\u00ebn, m\u00eb 10 n\u00ebntor 2012 n\u00eb Tivar u mbajt Turneu i IV nd\u00ebrkomb\u00ebtar i karates\u00eb \u201cTrofeu i Tivarit 2012\u201d, n\u00eb t\u00eb cilin klubi i karates\u00eb [&hellip;]<\/p>\n","protected":false},"author":1,"featured_media":0,"comment_status":"open","ping_status":"closed","sticky":false,"template":"","format":"standard","meta":{"spay_email":"","jetpack_publicize_message":"","jetpack_is_tweetstorm":false,"jetpack_publicize_feature_enabled":true},"categories":[3],"tags":[2618,4572],"jetpack_publicize_connections":[],"yoast_head":"<!-- This site is optimized with the Yoast SEO plugin v19.1 - https:\/\/yoast.com\/wordpress\/plugins\/seo\/ -->\n<title>N\u00ebTrofeun e Tivarit 2012 - KK Ulqini n\u00eb hap me m\u00eb t\u00eb mir\u00ebt - Lajme nga Ulqini<\/title>\n<meta name=\"description\" content=\"Klubi i Karates\u00eb \u201cUlqini\u201d mori pjes\u00eb n\u00eb turneun IV nd\u00ebrkomb\u00ebtar t\u00eb karates\u00eb \u201cTrofeu i Tivarit 2012\u201d- n\u00eb Tivar \u00a0\u00a0\u00a0 &nbsp; \u00a0\u00a0\u00a0\u00a0\u00a0\u00a0\u00a0\u00a0\u00a0\u00a0\u00a0\u00a0\" \/>\n<meta name=\"robots\" content=\"index, follow, max-snippet:-1, max-image-preview:large, max-video-preview:-1\" \/>\n<link rel=\"canonical\" href=\"https:\/\/www.visit-ulcinj.com\/blog\/2012\/11\/12\/netrofeun-e-tivarit-2012-kk-ulqini-ne-hap-me-me-te-miret\/\" \/>\n<meta property=\"og:locale\" content=\"en_US\" \/>\n<meta property=\"og:type\" content=\"article\" \/>\n<meta property=\"og:title\" content=\"N\u00ebTrofeun e Tivarit 2012 - KK Ulqini n\u00eb hap me m\u00eb t\u00eb mir\u00ebt - Lajme nga Ulqini\" \/>\n<meta property=\"og:description\" content=\"Klubi i Karates\u00eb \u201cUlqini\u201d mori pjes\u00eb n\u00eb turneun IV nd\u00ebrkomb\u00ebtar t\u00eb karates\u00eb \u201cTrofeu i Tivarit 2012\u201d- n\u00eb Tivar \u00a0\u00a0\u00a0 &nbsp; \u00a0\u00a0\u00a0\u00a0\u00a0\u00a0\u00a0\u00a0\u00a0\u00a0\u00a0\u00a0\" \/>\n<meta property=\"og:url\" content=\"https:\/\/www.visit-ulcinj.com\/blog\/2012\/11\/12\/netrofeun-e-tivarit-2012-kk-ulqini-ne-hap-me-me-te-miret\/\" \/>\n<meta property=\"og:site_name\" content=\"Lajme nga Ulqini\" \/>\n<meta property=\"article:published_time\" content=\"2012-11-12T14:31:32+00:00\" \/>\n<meta property=\"article:modified_time\" content=\"2012-11-12T14:32:18+00:00\" \/>\n<meta property=\"og:image\" content=\"https:\/\/www.visit-ulcinj.com\/blog\/wp-content\/uploads\/2012\/11\/KK-Ulqini-ne-Trofeun-e-Tivarit-2012-150x150.jpg\" \/>\n<meta name=\"twitter:label1\" content=\"Written by\" \/>\n\t<meta name=\"twitter:data1\" content=\"ulqini\" \/>\n\t<meta name=\"twitter:label2\" content=\"Est. reading time\" \/>\n\t<meta name=\"twitter:data2\" content=\"3 minutes\" \/>\n<script type=\"application\/ld+json\" class=\"yoast-schema-graph\">{\"@context\":\"https:\/\/schema.org\",\"@graph\":[{\"@type\":\"WebSite\",\"@id\":\"https:\/\/www.visit-ulcinj.com\/blog\/#website\",\"url\":\"https:\/\/www.visit-ulcinj.com\/blog\/\",\"name\":\"Lajme nga Ulqini\",\"description\":\"Lajme,Vijesti,Ulqini,Ulqin,Crna Gora,Mali i Zi\",\"potentialAction\":[{\"@type\":\"SearchAction\",\"target\":{\"@type\":\"EntryPoint\",\"urlTemplate\":\"https:\/\/www.visit-ulcinj.com\/blog\/?s={search_term_string}\"},\"query-input\":\"required name=search_term_string\"}],\"inLanguage\":\"en-US\"},{\"@type\":\"ImageObject\",\"inLanguage\":\"en-US\",\"@id\":\"https:\/\/www.visit-ulcinj.com\/blog\/2012\/11\/12\/netrofeun-e-tivarit-2012-kk-ulqini-ne-hap-me-me-te-miret\/#primaryimage\",\"url\":\"https:\/\/www.visit-ulcinj.com\/blog\/wp-content\/uploads\/2012\/11\/KK-Ulqini-ne-Trofeun-e-Tivarit-2012.jpg\",\"contentUrl\":\"https:\/\/www.visit-ulcinj.com\/blog\/wp-content\/uploads\/2012\/11\/KK-Ulqini-ne-Trofeun-e-Tivarit-2012.jpg\",\"width\":\"960\",\"height\":\"720\"},{\"@type\":\"WebPage\",\"@id\":\"https:\/\/www.visit-ulcinj.com\/blog\/2012\/11\/12\/netrofeun-e-tivarit-2012-kk-ulqini-ne-hap-me-me-te-miret\/#webpage\",\"url\":\"https:\/\/www.visit-ulcinj.com\/blog\/2012\/11\/12\/netrofeun-e-tivarit-2012-kk-ulqini-ne-hap-me-me-te-miret\/\",\"name\":\"N\u00ebTrofeun e Tivarit 2012 - KK Ulqini n\u00eb hap me m\u00eb t\u00eb mir\u00ebt - Lajme nga Ulqini\",\"isPartOf\":{\"@id\":\"https:\/\/www.visit-ulcinj.com\/blog\/#website\"},\"primaryImageOfPage\":{\"@id\":\"https:\/\/www.visit-ulcinj.com\/blog\/2012\/11\/12\/netrofeun-e-tivarit-2012-kk-ulqini-ne-hap-me-me-te-miret\/#primaryimage\"},\"datePublished\":\"2012-11-12T14:31:32+00:00\",\"dateModified\":\"2012-11-12T14:32:18+00:00\",\"author\":{\"@id\":\"https:\/\/www.visit-ulcinj.com\/blog\/#\/schema\/person\/dcab619c614d3038751c63bc2aadc06d\"},\"description\":\"Klubi i Karates\u00eb \u201cUlqini\u201d mori pjes\u00eb n\u00eb turneun IV nd\u00ebrkomb\u00ebtar t\u00eb karates\u00eb \u201cTrofeu i Tivarit 2012\u201d- n\u00eb Tivar \u00a0\u00a0\u00a0 &nbsp; \u00a0\u00a0\u00a0\u00a0\u00a0\u00a0\u00a0\u00a0\u00a0\u00a0\u00a0\u00a0\",\"breadcrumb\":{\"@id\":\"https:\/\/www.visit-ulcinj.com\/blog\/2012\/11\/12\/netrofeun-e-tivarit-2012-kk-ulqini-ne-hap-me-me-te-miret\/#breadcrumb\"},\"inLanguage\":\"en-US\",\"potentialAction\":[{\"@type\":\"ReadAction\",\"target\":[\"https:\/\/www.visit-ulcinj.com\/blog\/2012\/11\/12\/netrofeun-e-tivarit-2012-kk-ulqini-ne-hap-me-me-te-miret\/\"]}]},{\"@type\":\"BreadcrumbList\",\"@id\":\"https:\/\/www.visit-ulcinj.com\/blog\/2012\/11\/12\/netrofeun-e-tivarit-2012-kk-ulqini-ne-hap-me-me-te-miret\/#breadcrumb\",\"itemListElement\":[{\"@type\":\"ListItem\",\"position\":1,\"name\":\"N\u00ebTrofeun e Tivarit 2012 &#8211; KK Ulqini n\u00eb hap me m\u00eb t\u00eb mir\u00ebt\"}]},{\"@type\":\"Person\",\"@id\":\"https:\/\/www.visit-ulcinj.com\/blog\/#\/schema\/person\/dcab619c614d3038751c63bc2aadc06d\",\"name\":\"ulqini\",\"sameAs\":[\"http:\/\/www.visit-ulcinj.com\"],\"url\":\"https:\/\/www.visit-ulcinj.com\/blog\/author\/admin\/\"}]}<\/script>\n<!-- \/ Yoast SEO plugin. -->","yoast_head_json":{"title":"N\u00ebTrofeun e Tivarit 2012 - KK Ulqini n\u00eb hap me m\u00eb t\u00eb mir\u00ebt - Lajme nga Ulqini","description":"Klubi i Karates\u00eb \u201cUlqini\u201d mori pjes\u00eb n\u00eb turneun IV nd\u00ebrkomb\u00ebtar t\u00eb karates\u00eb \u201cTrofeu i Tivarit 2012\u201d- n\u00eb Tivar \u00a0\u00a0\u00a0 &nbsp; \u00a0\u00a0\u00a0\u00a0\u00a0\u00a0\u00a0\u00a0\u00a0\u00a0\u00a0\u00a0","robots":{"index":"index","follow":"follow","max-snippet":"max-snippet:-1","max-image-preview":"max-image-preview:large","max-video-preview":"max-video-preview:-1"},"canonical":"https:\/\/www.visit-ulcinj.com\/blog\/2012\/11\/12\/netrofeun-e-tivarit-2012-kk-ulqini-ne-hap-me-me-te-miret\/","og_locale":"en_US","og_type":"article","og_title":"N\u00ebTrofeun e Tivarit 2012 - KK Ulqini n\u00eb hap me m\u00eb t\u00eb mir\u00ebt - Lajme nga Ulqini","og_description":"Klubi i Karates\u00eb \u201cUlqini\u201d mori pjes\u00eb n\u00eb turneun IV nd\u00ebrkomb\u00ebtar t\u00eb karates\u00eb \u201cTrofeu i Tivarit 2012\u201d- n\u00eb Tivar \u00a0\u00a0\u00a0 &nbsp; \u00a0\u00a0\u00a0\u00a0\u00a0\u00a0\u00a0\u00a0\u00a0\u00a0\u00a0\u00a0","og_url":"https:\/\/www.visit-ulcinj.com\/blog\/2012\/11\/12\/netrofeun-e-tivarit-2012-kk-ulqini-ne-hap-me-me-te-miret\/","og_site_name":"Lajme nga Ulqini","article_published_time":"2012-11-12T14:31:32+00:00","article_modified_time":"2012-11-12T14:32:18+00:00","og_image":[{"url":"https:\/\/www.visit-ulcinj.com\/blog\/wp-content\/uploads\/2012\/11\/KK-Ulqini-ne-Trofeun-e-Tivarit-2012-150x150.jpg"}],"twitter_misc":{"Written by":"ulqini","Est. reading time":"3 minutes"},"schema":{"@context":"https:\/\/schema.org","@graph":[{"@type":"WebSite","@id":"https:\/\/www.visit-ulcinj.com\/blog\/#website","url":"https:\/\/www.visit-ulcinj.com\/blog\/","name":"Lajme nga Ulqini","description":"Lajme,Vijesti,Ulqini,Ulqin,Crna Gora,Mali i Zi","potentialAction":[{"@type":"SearchAction","target":{"@type":"EntryPoint","urlTemplate":"https:\/\/www.visit-ulcinj.com\/blog\/?s={search_term_string}"},"query-input":"required name=search_term_string"}],"inLanguage":"en-US"},{"@type":"ImageObject","inLanguage":"en-US","@id":"https:\/\/www.visit-ulcinj.com\/blog\/2012\/11\/12\/netrofeun-e-tivarit-2012-kk-ulqini-ne-hap-me-me-te-miret\/#primaryimage","url":"https:\/\/www.visit-ulcinj.com\/blog\/wp-content\/uploads\/2012\/11\/KK-Ulqini-ne-Trofeun-e-Tivarit-2012.jpg","contentUrl":"https:\/\/www.visit-ulcinj.com\/blog\/wp-content\/uploads\/2012\/11\/KK-Ulqini-ne-Trofeun-e-Tivarit-2012.jpg","width":"960","height":"720"},{"@type":"WebPage","@id":"https:\/\/www.visit-ulcinj.com\/blog\/2012\/11\/12\/netrofeun-e-tivarit-2012-kk-ulqini-ne-hap-me-me-te-miret\/#webpage","url":"https:\/\/www.visit-ulcinj.com\/blog\/2012\/11\/12\/netrofeun-e-tivarit-2012-kk-ulqini-ne-hap-me-me-te-miret\/","name":"N\u00ebTrofeun e Tivarit 2012 - KK Ulqini n\u00eb hap me m\u00eb t\u00eb mir\u00ebt - Lajme nga Ulqini","isPartOf":{"@id":"https:\/\/www.visit-ulcinj.com\/blog\/#website"},"primaryImageOfPage":{"@id":"https:\/\/www.visit-ulcinj.com\/blog\/2012\/11\/12\/netrofeun-e-tivarit-2012-kk-ulqini-ne-hap-me-me-te-miret\/#primaryimage"},"datePublished":"2012-11-12T14:31:32+00:00","dateModified":"2012-11-12T14:32:18+00:00","author":{"@id":"https:\/\/www.visit-ulcinj.com\/blog\/#\/schema\/person\/dcab619c614d3038751c63bc2aadc06d"},"description":"Klubi i Karates\u00eb \u201cUlqini\u201d mori pjes\u00eb n\u00eb turneun IV nd\u00ebrkomb\u00ebtar t\u00eb karates\u00eb \u201cTrofeu i Tivarit 2012\u201d- n\u00eb Tivar \u00a0\u00a0\u00a0 &nbsp; \u00a0\u00a0\u00a0\u00a0\u00a0\u00a0\u00a0\u00a0\u00a0\u00a0\u00a0\u00a0","breadcrumb":{"@id":"https:\/\/www.visit-ulcinj.com\/blog\/2012\/11\/12\/netrofeun-e-tivarit-2012-kk-ulqini-ne-hap-me-me-te-miret\/#breadcrumb"},"inLanguage":"en-US","potentialAction":[{"@type":"ReadAction","target":["https:\/\/www.visit-ulcinj.com\/blog\/2012\/11\/12\/netrofeun-e-tivarit-2012-kk-ulqini-ne-hap-me-me-te-miret\/"]}]},{"@type":"BreadcrumbList","@id":"https:\/\/www.visit-ulcinj.com\/blog\/2012\/11\/12\/netrofeun-e-tivarit-2012-kk-ulqini-ne-hap-me-me-te-miret\/#breadcrumb","itemListElement":[{"@type":"ListItem","position":1,"name":"N\u00ebTrofeun e Tivarit 2012 &#8211; KK Ulqini n\u00eb hap me m\u00eb t\u00eb mir\u00ebt"}]},{"@type":"Person","@id":"https:\/\/www.visit-ulcinj.com\/blog\/#\/schema\/person\/dcab619c614d3038751c63bc2aadc06d","name":"ulqini","sameAs":["http:\/\/www.visit-ulcinj.com"],"url":"https:\/\/www.visit-ulcinj.com\/blog\/author\/admin\/"}]}},"jetpack_featured_media_url":"","jetpack_sharing_enabled":true,"jetpack_shortlink":"https:\/\/wp.me\/pe6lTn-h46","_links":{"self":[{"href":"https:\/\/www.visit-ulcinj.com\/blog\/wp-json\/wp\/v2\/posts\/65602"}],"collection":[{"href":"https:\/\/www.visit-ulcinj.com\/blog\/wp-json\/wp\/v2\/posts"}],"about":[{"href":"https:\/\/www.visit-ulcinj.com\/blog\/wp-json\/wp\/v2\/types\/post"}],"author":[{"embeddable":true,"href":"https:\/\/www.visit-ulcinj.com\/blog\/wp-json\/wp\/v2\/users\/1"}],"replies":[{"embeddable":true,"href":"https:\/\/www.visit-ulcinj.com\/blog\/wp-json\/wp\/v2\/comments?post=65602"}],"version-history":[{"count":2,"href":"https:\/\/www.visit-ulcinj.com\/blog\/wp-json\/wp\/v2\/posts\/65602\/revisions"}],"predecessor-version":[{"id":65610,"href":"https:\/\/www.visit-ulcinj.com\/blog\/wp-json\/wp\/v2\/posts\/65602\/revisions\/65610"}],"wp:attachment":[{"href":"https:\/\/www.visit-ulcinj.com\/blog\/wp-json\/wp\/v2\/media?parent=65602"}],"wp:term":[{"taxonomy":"category","embeddable":true,"href":"https:\/\/www.visit-ulcinj.com\/blog\/wp-json\/wp\/v2\/categories?post=65602"},{"taxonomy":"post_tag","embeddable":true,"href":"https:\/\/www.visit-ulcinj.com\/blog\/wp-json\/wp\/v2\/tags?post=65602"}],"curies":[{"name":"wp","href":"https:\/\/api.w.org\/{rel}","templated":true}]}}