{"id":65614,"date":"2012-11-13T07:17:48","date_gmt":"2012-11-13T06:17:48","guid":{"rendered":"http:\/\/www.visit-ulcinj.com\/blog\/?p=65614"},"modified":"2012-11-19T08:53:41","modified_gmt":"2012-11-19T07:53:41","slug":"kalendari-shqiptaret-ne-mal-te-zi-ne-100-vite","status":"publish","type":"post","link":"https:\/\/www.visit-ulcinj.com\/blog\/2012\/11\/13\/kalendari-shqiptaret-ne-mal-te-zi-ne-100-vite\/","title":{"rendered":"\u201cKalendari\u201d \u2013 Shqiptar\u00ebt n\u00eb Mal t\u00eb Zi n\u00eb 100 vite"},"content":{"rendered":"<p><strong><a href=\"http:\/\/www.visit-ulcinj.com\/blog\/wp-content\/uploads\/2012\/11\/Kalendari-\u2013-Shqiptar\u00ebt-n\u00eb-Mal-t\u00eb-Zi-n\u00eb-100-vite.1.jpg\"><img loading=\"lazy\" class=\"alignleft  wp-image-65615\" title=\"Kalendari \u2013 Shqiptar\u00ebt n\u00eb Mal t\u00eb Zi n\u00eb 100 vite.1\" src=\"http:\/\/www.visit-ulcinj.com\/blog\/wp-content\/uploads\/2012\/11\/Kalendari-\u2013-Shqiptar\u00ebt-n\u00eb-Mal-t\u00eb-Zi-n\u00eb-100-vite.1.jpg\" alt=\"\" width=\"508\" height=\"400\" \/><\/a>\u201cKalendari\u201d \u2013 Shqiptar\u00ebt n\u00eb Mal t\u00eb Zi n\u00eb 100 vite<\/strong><\/p>\n<p>&#8220;Kalendari&#8221; p\u00ebrfshin tri pjes\u00eb,duke v\u00ebn\u00eb n\u00eb qend\u00ebr t\u00eb v\u00ebmendjes nj\u00eb epizod\u00eb t\u00eb jet\u00ebs s\u00eb ulqinak\u00ebve dhe shqiptar\u00ebve n\u00eb trevat tjera n\u00eb Malin e Zi n\u00eb 100 vite.<\/p>\n<p>Kund\u00ebrshtit\u00eb\u00a0: pesimiz\u00ebm \u2013 optimiz\u00ebm,bashkim-ndarje,lumturi-vuajtje,g\u00ebzim-trishtim,p\u00ebrb\u00ebjn nj\u00eb g\u00ebrshetim t\u00eb ve\u00e7ant\u00eb t\u00eb sh\u00ebnuar n\u00eb kalendar.<\/p>\n<p>Persiatja e shqiptar\u00ebve n\u00eb Malin e Zi nd\u00ebr vite,p\u00ebr t\u00eb hapur kufirin me shtetin Am\u00eb,sh\u00ebnonte nj\u00eb ngjarje rr\u00ebqenth\u00ebse dhe atdhetare,si dhe mund\u00ebsonte bashkimin e shum\u00eb familjeve,t\u00eb cilat p\u00ebr nj\u00eb koh\u00eb t\u00eb gjat\u00eb i rezistuan k\u00ebtij ankthi.<\/p>\n<p>Kjo vep\u00ebr vihet n\u00eb sken\u00eb n\u00eb prag t\u00eb fest\u00ebs s\u00eb Flamurit dhe 100 vjetorit t\u00eb Shtetit Shqiptar,si reflektim mbit \u00eb shkuar\u00ebn.<\/p>\n<p>Shfaqja vjen si nj\u00eb zinxhir vallesh tradicionale dhe bashk\u00ebkohore,ku nuk mungon as arti i fjal\u00ebs.<br \/>\n<a href=\"http:\/\/www.visit-ulcinj.com\/blog\/wp-content\/uploads\/2012\/11\/nje-flamur-per-shtepi-100vjetori.gif\"><img loading=\"lazy\" class=\"alignleft  wp-image-65700\" title=\"nje-flamur-per-shtepi-100vjetori\" src=\"http:\/\/www.visit-ulcinj.com\/blog\/wp-content\/uploads\/2012\/11\/nje-flamur-per-shtepi-100vjetori.gif\" alt=\"\" width=\"508\" height=\"60\" \/><\/a><\/p>\n<div id=\"attachment_65616\" style=\"width: 518px\" class=\"wp-caption alignleft\"><a href=\"http:\/\/www.visit-ulcinj.com\/blog\/wp-content\/uploads\/2012\/11\/Programi-i-Fest\u00ebs-s\u00eb-Flamurit-n\u00eb-Mal-t\u00eb-Zi.jpg\"><img aria-describedby=\"caption-attachment-65616\" loading=\"lazy\" class=\" wp-image-65616 \" title=\"Programi i Fest\u00ebs s\u00eb Flamurit n\u00eb Mal t\u00eb Zi\" src=\"http:\/\/www.visit-ulcinj.com\/blog\/wp-content\/uploads\/2012\/11\/Programi-i-Fest\u00ebs-s\u00eb-Flamurit-n\u00eb-Mal-t\u00eb-Zi.jpg\" alt=\"\" width=\"508\" height=\"600\" \/><\/a><p id=\"caption-attachment-65616\" class=\"wp-caption-text\"><strong>Zmadho Fotografin\u00eb<\/strong><\/p><\/div>\n<p><iframe loading=\"lazy\" width=\"508\" height=\"360\" src=\"http:\/\/www.youtube.com\/embed\/fvGjNe1asiE?rel=0\" frameborder=\"0\" allowfullscreen><\/iframe><br \/>\n<a href=\"http:\/\/www.visit-ulcinj.com\/blog\/wp-content\/uploads\/2012\/11\/Kalendari-\u2013-Shqiptar\u00ebt-n\u00eb-Mal-t\u00eb-Zi-n\u00eb-100-vite.jpg\"><img loading=\"lazy\" class=\"alignleft size-full wp-image-65631\" title=\"Kalendari \u2013 Shqiptar\u00ebt n\u00eb Mal t\u00eb Zi n\u00eb 100 vite\" src=\"http:\/\/www.visit-ulcinj.com\/blog\/wp-content\/uploads\/2012\/11\/Kalendari-\u2013-Shqiptar\u00ebt-n\u00eb-Mal-t\u00eb-Zi-n\u00eb-100-vite.jpg\" alt=\"\" width=\"508\" height=\"600\" \/><\/a><\/p>\n","protected":false},"excerpt":{"rendered":"<p>\u201cKalendari\u201d \u2013 Shqiptar\u00ebt n\u00eb Mal t\u00eb Zi n\u00eb 100 vite &#8220;Kalendari&#8221; p\u00ebrfshin tri pjes\u00eb,duke v\u00ebn\u00eb n\u00eb qend\u00ebr t\u00eb v\u00ebmendjes nj\u00eb epizod\u00eb t\u00eb jet\u00ebs s\u00eb ulqinak\u00ebve dhe shqiptar\u00ebve n\u00eb trevat tjera n\u00eb Malin e Zi n\u00eb 100 vite. Kund\u00ebrshtit\u00eb\u00a0: pesimiz\u00ebm \u2013 optimiz\u00ebm,bashkim-ndarje,lumturi-vuajtje,g\u00ebzim-trishtim,p\u00ebrb\u00ebjn nj\u00eb g\u00ebrshetim t\u00eb ve\u00e7ant\u00eb t\u00eb sh\u00ebnuar n\u00eb kalendar. Persiatja e shqiptar\u00ebve n\u00eb Malin e [&hellip;]<\/p>\n","protected":false},"author":1,"featured_media":0,"comment_status":"open","ping_status":"closed","sticky":false,"template":"","format":"standard","meta":{"spay_email":"","jetpack_publicize_message":"","jetpack_is_tweetstorm":false,"jetpack_publicize_feature_enabled":true},"categories":[1,11],"tags":[212,17828,17834,18370,17811,20884,7930,17831,18362,14353,17808,14354,12340,17840,17839,18363,17835,17814,17810,17816,17071,17807,3516,14652,17837,17827,21416,12766,14358,222,17802,17812,17803,17820,17825,17817,17805,305,17823,17832,3506,17818,214,17680,14362,14363,18371,3507,17800,498,3500,21421,115,14364,21418,17799,3327,17841,17826,15213,18236,3512,17806,18399,11648,18289,17838,95,21427,17813,17804,15141,347,19495,17836,14366,79,17073,18294,318,118,18368,18369,21417,1653,21420,21426,21419,1909,14367,17801,18360,17822,14368,14369,17824,14370,18291,2083,3231,14371,41,3617,3722,14372,17844,17821,18372,17830,17077,18295,14375,17833,17829,899,200,18,17819,17809,4265,14376],"jetpack_publicize_connections":[],"yoast_head":"<!-- This site is optimized with the Yoast SEO plugin v19.1 - https:\/\/yoast.com\/wordpress\/plugins\/seo\/ -->\n<title>\u201cKalendari\u201d \u2013 Shqiptar\u00ebt n\u00eb Mal t\u00eb Zi n\u00eb 100 vite - Lajme nga Ulqini<\/title>\n<meta name=\"description\" content=\"\u201cKalendari\u201d \u2013 Shqiptar\u00ebt n\u00eb Mal t\u00eb Zi n\u00eb 100 vite &quot;Kalendari&quot; p\u00ebrfshin tri pjes\u00eb,duke v\u00ebn\u00eb n\u00eb qend\u00ebr t\u00eb v\u00ebmendjes nj\u00eb epizod\u00eb t\u00eb jet\u00ebs s\u00eb ulqinak\u00ebve dhe\" \/>\n<meta name=\"robots\" content=\"index, follow, max-snippet:-1, max-image-preview:large, max-video-preview:-1\" \/>\n<link rel=\"canonical\" href=\"https:\/\/www.visit-ulcinj.com\/blog\/2012\/11\/13\/kalendari-shqiptaret-ne-mal-te-zi-ne-100-vite\/\" \/>\n<meta property=\"og:locale\" content=\"en_US\" \/>\n<meta property=\"og:type\" content=\"article\" \/>\n<meta property=\"og:title\" content=\"\u201cKalendari\u201d \u2013 Shqiptar\u00ebt n\u00eb Mal t\u00eb Zi n\u00eb 100 vite - Lajme nga Ulqini\" \/>\n<meta property=\"og:description\" content=\"\u201cKalendari\u201d \u2013 Shqiptar\u00ebt n\u00eb Mal t\u00eb Zi n\u00eb 100 vite &quot;Kalendari&quot; p\u00ebrfshin tri pjes\u00eb,duke v\u00ebn\u00eb n\u00eb qend\u00ebr t\u00eb v\u00ebmendjes nj\u00eb epizod\u00eb t\u00eb jet\u00ebs s\u00eb ulqinak\u00ebve dhe\" \/>\n<meta property=\"og:url\" content=\"https:\/\/www.visit-ulcinj.com\/blog\/2012\/11\/13\/kalendari-shqiptaret-ne-mal-te-zi-ne-100-vite\/\" \/>\n<meta property=\"og:site_name\" content=\"Lajme nga Ulqini\" \/>\n<meta property=\"article:published_time\" content=\"2012-11-13T06:17:48+00:00\" \/>\n<meta property=\"article:modified_time\" content=\"2012-11-19T07:53:41+00:00\" \/>\n<meta property=\"og:image\" content=\"http:\/\/www.visit-ulcinj.com\/blog\/wp-content\/uploads\/2012\/11\/nje-flamur-per-shtepi-100vjetori.gif\" \/>\n<meta name=\"twitter:label1\" content=\"Written by\" \/>\n\t<meta name=\"twitter:data1\" content=\"ulqini\" \/>\n\t<meta name=\"twitter:label2\" content=\"Est. reading time\" \/>\n\t<meta name=\"twitter:data2\" content=\"1 minute\" \/>\n<script type=\"application\/ld+json\" class=\"yoast-schema-graph\">{\"@context\":\"https:\/\/schema.org\",\"@graph\":[{\"@type\":\"WebSite\",\"@id\":\"https:\/\/www.visit-ulcinj.com\/blog\/#website\",\"url\":\"https:\/\/www.visit-ulcinj.com\/blog\/\",\"name\":\"Lajme nga Ulqini\",\"description\":\"Lajme,Vijesti,Ulqini,Ulqin,Crna Gora,Mali i Zi\",\"potentialAction\":[{\"@type\":\"SearchAction\",\"target\":{\"@type\":\"EntryPoint\",\"urlTemplate\":\"https:\/\/www.visit-ulcinj.com\/blog\/?s={search_term_string}\"},\"query-input\":\"required name=search_term_string\"}],\"inLanguage\":\"en-US\"},{\"@type\":\"ImageObject\",\"inLanguage\":\"en-US\",\"@id\":\"https:\/\/www.visit-ulcinj.com\/blog\/2012\/11\/13\/kalendari-shqiptaret-ne-mal-te-zi-ne-100-vite\/#primaryimage\",\"url\":\"https:\/\/www.visit-ulcinj.com\/blog\/wp-content\/uploads\/2012\/11\/nje-flamur-per-shtepi-100vjetori.gif\",\"contentUrl\":\"https:\/\/www.visit-ulcinj.com\/blog\/wp-content\/uploads\/2012\/11\/nje-flamur-per-shtepi-100vjetori.gif\",\"width\":\"468\",\"height\":\"60\"},{\"@type\":\"WebPage\",\"@id\":\"https:\/\/www.visit-ulcinj.com\/blog\/2012\/11\/13\/kalendari-shqiptaret-ne-mal-te-zi-ne-100-vite\/#webpage\",\"url\":\"https:\/\/www.visit-ulcinj.com\/blog\/2012\/11\/13\/kalendari-shqiptaret-ne-mal-te-zi-ne-100-vite\/\",\"name\":\"\u201cKalendari\u201d \u2013 Shqiptar\u00ebt n\u00eb Mal t\u00eb Zi n\u00eb 100 vite - Lajme nga Ulqini\",\"isPartOf\":{\"@id\":\"https:\/\/www.visit-ulcinj.com\/blog\/#website\"},\"primaryImageOfPage\":{\"@id\":\"https:\/\/www.visit-ulcinj.com\/blog\/2012\/11\/13\/kalendari-shqiptaret-ne-mal-te-zi-ne-100-vite\/#primaryimage\"},\"datePublished\":\"2012-11-13T06:17:48+00:00\",\"dateModified\":\"2012-11-19T07:53:41+00:00\",\"author\":{\"@id\":\"https:\/\/www.visit-ulcinj.com\/blog\/#\/schema\/person\/dcab619c614d3038751c63bc2aadc06d\"},\"description\":\"\u201cKalendari\u201d \u2013 Shqiptar\u00ebt n\u00eb Mal t\u00eb Zi n\u00eb 100 vite \\\"Kalendari\\\" p\u00ebrfshin tri pjes\u00eb,duke v\u00ebn\u00eb n\u00eb qend\u00ebr t\u00eb v\u00ebmendjes nj\u00eb epizod\u00eb t\u00eb jet\u00ebs s\u00eb ulqinak\u00ebve dhe\",\"breadcrumb\":{\"@id\":\"https:\/\/www.visit-ulcinj.com\/blog\/2012\/11\/13\/kalendari-shqiptaret-ne-mal-te-zi-ne-100-vite\/#breadcrumb\"},\"inLanguage\":\"en-US\",\"potentialAction\":[{\"@type\":\"ReadAction\",\"target\":[\"https:\/\/www.visit-ulcinj.com\/blog\/2012\/11\/13\/kalendari-shqiptaret-ne-mal-te-zi-ne-100-vite\/\"]}]},{\"@type\":\"BreadcrumbList\",\"@id\":\"https:\/\/www.visit-ulcinj.com\/blog\/2012\/11\/13\/kalendari-shqiptaret-ne-mal-te-zi-ne-100-vite\/#breadcrumb\",\"itemListElement\":[{\"@type\":\"ListItem\",\"position\":1,\"name\":\"\u201cKalendari\u201d \u2013 Shqiptar\u00ebt n\u00eb Mal t\u00eb Zi n\u00eb 100 vite\"}]},{\"@type\":\"Person\",\"@id\":\"https:\/\/www.visit-ulcinj.com\/blog\/#\/schema\/person\/dcab619c614d3038751c63bc2aadc06d\",\"name\":\"ulqini\",\"sameAs\":[\"http:\/\/www.visit-ulcinj.com\"],\"url\":\"https:\/\/www.visit-ulcinj.com\/blog\/author\/admin\/\"}]}<\/script>\n<!-- \/ Yoast SEO plugin. -->","yoast_head_json":{"title":"\u201cKalendari\u201d \u2013 Shqiptar\u00ebt n\u00eb Mal t\u00eb Zi n\u00eb 100 vite - Lajme nga Ulqini","description":"\u201cKalendari\u201d \u2013 Shqiptar\u00ebt n\u00eb Mal t\u00eb Zi n\u00eb 100 vite \"Kalendari\" p\u00ebrfshin tri pjes\u00eb,duke v\u00ebn\u00eb n\u00eb qend\u00ebr t\u00eb v\u00ebmendjes nj\u00eb epizod\u00eb t\u00eb jet\u00ebs s\u00eb ulqinak\u00ebve dhe","robots":{"index":"index","follow":"follow","max-snippet":"max-snippet:-1","max-image-preview":"max-image-preview:large","max-video-preview":"max-video-preview:-1"},"canonical":"https:\/\/www.visit-ulcinj.com\/blog\/2012\/11\/13\/kalendari-shqiptaret-ne-mal-te-zi-ne-100-vite\/","og_locale":"en_US","og_type":"article","og_title":"\u201cKalendari\u201d \u2013 Shqiptar\u00ebt n\u00eb Mal t\u00eb Zi n\u00eb 100 vite - Lajme nga Ulqini","og_description":"\u201cKalendari\u201d \u2013 Shqiptar\u00ebt n\u00eb Mal t\u00eb Zi n\u00eb 100 vite \"Kalendari\" p\u00ebrfshin tri pjes\u00eb,duke v\u00ebn\u00eb n\u00eb qend\u00ebr t\u00eb v\u00ebmendjes nj\u00eb epizod\u00eb t\u00eb jet\u00ebs s\u00eb ulqinak\u00ebve dhe","og_url":"https:\/\/www.visit-ulcinj.com\/blog\/2012\/11\/13\/kalendari-shqiptaret-ne-mal-te-zi-ne-100-vite\/","og_site_name":"Lajme nga Ulqini","article_published_time":"2012-11-13T06:17:48+00:00","article_modified_time":"2012-11-19T07:53:41+00:00","og_image":[{"url":"http:\/\/www.visit-ulcinj.com\/blog\/wp-content\/uploads\/2012\/11\/nje-flamur-per-shtepi-100vjetori.gif"}],"twitter_misc":{"Written by":"ulqini","Est. reading time":"1 minute"},"schema":{"@context":"https:\/\/schema.org","@graph":[{"@type":"WebSite","@id":"https:\/\/www.visit-ulcinj.com\/blog\/#website","url":"https:\/\/www.visit-ulcinj.com\/blog\/","name":"Lajme nga Ulqini","description":"Lajme,Vijesti,Ulqini,Ulqin,Crna Gora,Mali i Zi","potentialAction":[{"@type":"SearchAction","target":{"@type":"EntryPoint","urlTemplate":"https:\/\/www.visit-ulcinj.com\/blog\/?s={search_term_string}"},"query-input":"required name=search_term_string"}],"inLanguage":"en-US"},{"@type":"ImageObject","inLanguage":"en-US","@id":"https:\/\/www.visit-ulcinj.com\/blog\/2012\/11\/13\/kalendari-shqiptaret-ne-mal-te-zi-ne-100-vite\/#primaryimage","url":"https:\/\/www.visit-ulcinj.com\/blog\/wp-content\/uploads\/2012\/11\/nje-flamur-per-shtepi-100vjetori.gif","contentUrl":"https:\/\/www.visit-ulcinj.com\/blog\/wp-content\/uploads\/2012\/11\/nje-flamur-per-shtepi-100vjetori.gif","width":"468","height":"60"},{"@type":"WebPage","@id":"https:\/\/www.visit-ulcinj.com\/blog\/2012\/11\/13\/kalendari-shqiptaret-ne-mal-te-zi-ne-100-vite\/#webpage","url":"https:\/\/www.visit-ulcinj.com\/blog\/2012\/11\/13\/kalendari-shqiptaret-ne-mal-te-zi-ne-100-vite\/","name":"\u201cKalendari\u201d \u2013 Shqiptar\u00ebt n\u00eb Mal t\u00eb Zi n\u00eb 100 vite - Lajme nga Ulqini","isPartOf":{"@id":"https:\/\/www.visit-ulcinj.com\/blog\/#website"},"primaryImageOfPage":{"@id":"https:\/\/www.visit-ulcinj.com\/blog\/2012\/11\/13\/kalendari-shqiptaret-ne-mal-te-zi-ne-100-vite\/#primaryimage"},"datePublished":"2012-11-13T06:17:48+00:00","dateModified":"2012-11-19T07:53:41+00:00","author":{"@id":"https:\/\/www.visit-ulcinj.com\/blog\/#\/schema\/person\/dcab619c614d3038751c63bc2aadc06d"},"description":"\u201cKalendari\u201d \u2013 Shqiptar\u00ebt n\u00eb Mal t\u00eb Zi n\u00eb 100 vite \"Kalendari\" p\u00ebrfshin tri pjes\u00eb,duke v\u00ebn\u00eb n\u00eb qend\u00ebr t\u00eb v\u00ebmendjes nj\u00eb epizod\u00eb t\u00eb jet\u00ebs s\u00eb ulqinak\u00ebve dhe","breadcrumb":{"@id":"https:\/\/www.visit-ulcinj.com\/blog\/2012\/11\/13\/kalendari-shqiptaret-ne-mal-te-zi-ne-100-vite\/#breadcrumb"},"inLanguage":"en-US","potentialAction":[{"@type":"ReadAction","target":["https:\/\/www.visit-ulcinj.com\/blog\/2012\/11\/13\/kalendari-shqiptaret-ne-mal-te-zi-ne-100-vite\/"]}]},{"@type":"BreadcrumbList","@id":"https:\/\/www.visit-ulcinj.com\/blog\/2012\/11\/13\/kalendari-shqiptaret-ne-mal-te-zi-ne-100-vite\/#breadcrumb","itemListElement":[{"@type":"ListItem","position":1,"name":"\u201cKalendari\u201d \u2013 Shqiptar\u00ebt n\u00eb Mal t\u00eb Zi n\u00eb 100 vite"}]},{"@type":"Person","@id":"https:\/\/www.visit-ulcinj.com\/blog\/#\/schema\/person\/dcab619c614d3038751c63bc2aadc06d","name":"ulqini","sameAs":["http:\/\/www.visit-ulcinj.com"],"url":"https:\/\/www.visit-ulcinj.com\/blog\/author\/admin\/"}]}},"jetpack_featured_media_url":"","jetpack_sharing_enabled":true,"jetpack_shortlink":"https:\/\/wp.me\/pe6lTn-h4i","_links":{"self":[{"href":"https:\/\/www.visit-ulcinj.com\/blog\/wp-json\/wp\/v2\/posts\/65614"}],"collection":[{"href":"https:\/\/www.visit-ulcinj.com\/blog\/wp-json\/wp\/v2\/posts"}],"about":[{"href":"https:\/\/www.visit-ulcinj.com\/blog\/wp-json\/wp\/v2\/types\/post"}],"author":[{"embeddable":true,"href":"https:\/\/www.visit-ulcinj.com\/blog\/wp-json\/wp\/v2\/users\/1"}],"replies":[{"embeddable":true,"href":"https:\/\/www.visit-ulcinj.com\/blog\/wp-json\/wp\/v2\/comments?post=65614"}],"version-history":[{"count":9,"href":"https:\/\/www.visit-ulcinj.com\/blog\/wp-json\/wp\/v2\/posts\/65614\/revisions"}],"predecessor-version":[{"id":65875,"href":"https:\/\/www.visit-ulcinj.com\/blog\/wp-json\/wp\/v2\/posts\/65614\/revisions\/65875"}],"wp:attachment":[{"href":"https:\/\/www.visit-ulcinj.com\/blog\/wp-json\/wp\/v2\/media?parent=65614"}],"wp:term":[{"taxonomy":"category","embeddable":true,"href":"https:\/\/www.visit-ulcinj.com\/blog\/wp-json\/wp\/v2\/categories?post=65614"},{"taxonomy":"post_tag","embeddable":true,"href":"https:\/\/www.visit-ulcinj.com\/blog\/wp-json\/wp\/v2\/tags?post=65614"}],"curies":[{"name":"wp","href":"https:\/\/api.w.org\/{rel}","templated":true}]}}