{"id":6562,"date":"2008-11-24T09:34:19","date_gmt":"2008-11-24T14:34:19","guid":{"rendered":"http:\/\/www.visit-ulcinj.com\/blog\/?p=6562"},"modified":"2008-11-24T10:23:53","modified_gmt":"2008-11-24T15:23:53","slug":"ambiciet-e-semura-te-lidereve-tane","status":"publish","type":"post","link":"https:\/\/www.visit-ulcinj.com\/blog\/2008\/11\/24\/ambiciet-e-semura-te-lidereve-tane\/","title":{"rendered":"Ambiciet e s\u00ebmura t\u00eb lider\u00ebve tan\u00eb"},"content":{"rendered":"<p><a href=\"http:\/\/www.visit-ulcinj.com\/blog\/wp-content\/uploads\/2008\/11\/politikani-shqiptar-ne-mal-te-zi.jpg\"><img loading=\"lazy\" class=\"alignleft size-medium wp-image-6565\" title=\"politikani-shqiptar-ne-mal-te-zi\" src=\"http:\/\/www.visit-ulcinj.com\/blog\/wp-content\/uploads\/2008\/11\/politikani-shqiptar-ne-mal-te-zi-300x232.jpg\" alt=\"\" width=\"349\" height=\"320\" \/><\/a><strong>Nevoja p\u00ebr nj\u00eb politikan me profil t\u00eb ri<\/strong><br \/>\nShqiptar\u00ebt e k\u00ebtush\u00ebm kan\u00eb nevoj\u00eb p\u00ebr nj\u00eb profilim t\u00eb ri n\u00eb m\u00ebnyr\u00eb q\u00eb t\u00eb kontribuojn\u00eb, jo p\u00ebr lider\u00ebt, por p\u00ebr veten e tyre, p\u00ebr t\u00eb qen\u00eb s\u00eb bashku me nj\u00eb vizion t\u00eb qart\u00eb e t\u00eb thjesht\u00eb, p\u00ebr t\u00eb bojkotuar nj\u00eb her\u00eb e mir\u00eb ata q\u00eb nuk shohin e nuk duan q\u00eb t\u00eb p\u00ebrmir\u00ebsohet statusi i tyre. Historin\u00eb nuk mund ta shkruajn\u00eb k\u00ebta lider\u00eb duke u marr\u00eb me t\u00eb kaluar\u00ebn e tyre politike n\u00ebse at\u00eb nuk e plot\u00ebsojn\u00eb me plane e pun\u00eb t\u00eb reja.<br \/>\nT\u00eb gjith\u00eb ata q\u00eb lexojn\u00eb e shikojn\u00eb k\u00ebto dit\u00eb p\u00ebr t\u00eb &#8220;arriturat&#8221; e udh\u00ebheq\u00ebsve t\u00eb subjekteve politike shqiptare n\u00eb Mal t\u00eb Zi nuk kan\u00eb se si t\u00eb mos habiten p\u00ebr intensitetin dhe akuzat e pazakonta q\u00eb paraqiten n\u00eb mediat e shkruara dhe ato elektronike. Sherr pas sherri, akuz\u00eb pas akuze ndaj nj\u00ebri-tjetrit, me deformime t\u00eb karaktereve njer\u00ebzore p\u00ebr t\u00eb gjuajtur balt\u00eb n\u00eb syt\u00eb e opinionit. Personazhet sa vijn\u00eb e nd\u00ebrrohen duke mbetur n\u00eb fuqi kodi i urrejtjes ndaj \u00e7dokujt q\u00eb nuk p\u00ebrfill\u00eb politik\u00ebn e tyre d\u00ebshtuese. Kur kujton se si k\u00ebta persona atakojn\u00eb nj\u00ebri &#8211; tjetrin, ke mund\u00ebsi t\u00eb arrish n\u00eb konkluzionin se nga k\u00ebta nuk duhet pritur asnj\u00eb shk\u00ebndij\u00eb q\u00eb jep shpres\u00eb p\u00ebr ndonj\u00eb kompromis t\u00eb mundsh\u00ebm.<br \/>\nAjo p\u00ebr t\u00eb cil\u00ebn u mendua n\u00eb fillim t\u00eb viteve t\u00eb demokracis\u00eb se gjoja kishim interesa t\u00eb p\u00ebrbashk\u00ebta n\u00eb t\u00eb kaluar\u00ebn, tani jemi t\u00eb ndar\u00eb jo me fajin e popullit, por pik\u00ebrisht fal\u00eb politik\u00ebs q\u00eb servojn\u00eb e propagandojn\u00eb k\u00ebta politikan\u00eb. Me gjith\u00eb p\u00ebrpjekjet p\u00ebr t\u00eb mbajtur nj\u00eb unitet me nj\u00eb vizion t\u00eb p\u00ebrbashk\u00ebt, n\u00eb Mal t\u00eb Zi dol\u00ebn shum\u00eb lider\u00eb t\u00eb cil\u00ebt me paudh\u00ebsit\u00eb e tyre zvog\u00ebluan trungun shqiptar dhe k\u00ebt\u00eb e b\u00ebn\u00eb jo p\u00ebr t\u00eb mir\u00ebn e komunitetit t\u00eb k\u00ebtush\u00ebm, por p\u00ebr t\u00eb siguruar rehatin\u00eb e vet e p\u00ebr t\u00eb qen\u00eb sa m\u00eb shum\u00eb t\u00eb pranish\u00ebm n\u00eb sken\u00ebn politike.<br \/>\n\u00cbsht\u00eb e qart\u00eb se nj\u00eb hendek jo i cek\u00ebt i ndan\u00eb t\u00eb nj\u00ebjtit (sikur na jan\u00eb b\u00ebr\u00eb shum\u00eb), nga ku \u00ebsht\u00eb tep\u00ebr e v\u00ebshtir\u00eb p\u00ebr t`i bashkuar duke menduar se nj\u00eb dit\u00eb ata mund t\u00eb b\u00ebjn\u00eb t\u00eb pamundur\u00ebn, kurse t\u00eb pafundme mund t\u00eb jen\u00eb edhe shpresat, zhg\u00ebnjimet, edhe \u00ebndrrat q\u00eb ata sjellin p\u00ebr shqiptar\u00ebt n\u00eb Mal t\u00eb Zi. T\u00eb gjitha tentativat e tyre p\u00ebr t\u00eb shfaj\u00ebsuar veten jan\u00eb jasht\u00eb mode karshi asaj q\u00eb sheh syri e d\u00ebgjon veshi, nga ku zhvler\u00ebsohet \u00e7do gj\u00eb q\u00eb at\u00ebher\u00eb ishte e p\u00ebrbashk\u00ebt, tani kjo \u00ebsht\u00eb b\u00ebr\u00eb fraksion q\u00eb po l\u00ebshohet nga t\u00eb gjitha an\u00ebt. K\u00ebtu shihet qart\u00eb se t\u00eb nj\u00ebjtit e kan\u00eb p\u00ebvet\u00ebsuar me k\u00ebnaq\u00ebsi zejen e ul\u00ebt t\u00eb k\u00ebsaj politike ditore t\u00eb mbarsur me urrejtje ndaj kujtdo q\u00eb del nga skema politike e tyre. T\u00eb nj\u00ebjt\u00ebve sot u del nga goja fantazia e s\u00ebmur\u00eb e momentit, duke etiketuar politikan\u00eb, gazetar\u00eb, intelektual\u00eb, me fyerje nga m\u00eb t\u00eb ndryshmet, dhe kjo kriz\u00eb nuk \u00ebsht\u00eb e vetmja, andaj shuhet \u00e7do shpres\u00eb p\u00ebr t\u00eb hedhur n\u00eb er\u00eb faqen formale t\u00eb paqes n\u00eb mes pal\u00ebve. Shqet\u00ebsimi \u00ebsht\u00eb m\u00eb i madh kur analizon unitetin politik q\u00eb kishim n\u00eb vitet e para t\u00eb demokracis\u00eb, karshi asaj q\u00eb thuhet e shkruhet sot ku politik\u00ebb\u00ebr\u00ebsit sa nuk e han\u00eb p\u00ebr s\u00eb gjalli nj\u00ebri-tjetrin. Veprimet e tyre provokojn\u00eb dhe l\u00ebndojn\u00eb votuesit, me \u00e7ka krijohet nj\u00eb p\u00ebrshtypje se kjo b\u00ebhet n\u00ebp\u00ebrmjet mediave t\u00eb shkruara e elektronike p\u00ebr t\u00eb ngjall\u00eb urrejtje ndaj \u00e7dokujt q\u00eb nuk \u00ebsht\u00eb n\u00eb nj\u00eb mendje me ta. N\u00eb k\u00ebto zhurma t\u00eb ngritura rreth asaj q\u00eb tashm\u00eb ka ikur, t\u00eb realizuara apo jo, nuk \u00ebsht\u00eb v\u00ebshtir\u00eb t\u00eb kuptohet realiteti i interesave t\u00eb tyre personale ku zgjedh\u00ebsit shqiptar\u00eb i kan\u00eb ngopur me lug\u00ebn e demagogjis\u00eb dhe kjo \u00ebsht\u00eb befasia m\u00eb e madhe q\u00eb ngjall\u00eb te shqiptar\u00ebt n\u00eb Mal t\u00eb Zi. T\u00eb nj\u00ebjtit duke menduar se do t`na mbushin mendjen se sa t\u00eb drejta ishin dhe jan\u00eb q\u00ebndrimet e tyre, mundohen t\u00eb sfidojn\u00eb oponent\u00ebt me fraza t\u00eb pakuptueshme, gj\u00eb q\u00eb e gjith\u00eb kjo duket se nuk do t\u00eb zgjas\u00eb shum\u00eb.<br \/>\nNga e gjith\u00eb kjo s\u00ebmundje e politikan\u00ebve shqiptar\u00eb n\u00eb Mal t\u00eb Zi, nj\u00eb shqiptar sado i thjesht\u00eb qoft\u00eb, e ka t\u00eb v\u00ebshtir\u00eb t\u00eb kuptoj\u00eb se ku ndryshojn\u00eb partit\u00eb shqiptare n\u00eb mes veti, ku ndryshojn\u00eb idet\u00eb, planet e lider\u00ebve t\u00eb k\u00ebtyre partive, p\u00ebrve\u00e7se n\u00eb ambiciet e s\u00ebmura p\u00ebr t\u00eb qen\u00eb t\u00eb pranish\u00ebm n\u00eb shumic\u00ebn malazeze dhe k\u00ebt\u00eb p\u00ebr asgj\u00eb tjet\u00ebr vet\u00ebm p\u00ebr t\u00eb p\u00ebrfituar personalisht. K\u00ebsaj pune po i shtojn\u00eb barr\u00eb nga vetvetja sepse nuk duan ta din\u00eb rrug\u00ebn e vet, nj\u00eb rrug\u00eb me model t\u00eb ri, por vazhdojn\u00eb me avazin e vjet\u00ebr, avazin komunist q\u00eb u ka mbetur ves nga ajo koh\u00eb, prandaj duhet t`i godas\u00eb dikush nga mbrapa p\u00ebr t`i hedhur n\u00eb binar\u00ebt e nj\u00eb shoq\u00ebrie v\u00ebrtet demokratike e me nj\u00eb vizion t\u00eb qart\u00eb p\u00ebr t\u00eb ardhmen. K\u00ebshtu nuk ka se si t\u00eb p\u00ebrparoj\u00eb komuniteti i k\u00ebtush\u00ebm, duke krijuar pengesa pik\u00ebrisht ata q\u00eb i kan\u00eb dal\u00eb zot vetes p\u00ebr t`u prir\u00eb zhvillimeve shoq\u00ebrore. Me q\u00ebllime t\u00eb err\u00ebta e hipokrite nuk shkohet p\u00ebrpara. Komuniteti shqiptar n\u00eb Mal t\u00eb Zi ka zgjedhur pluralizmin, por ata q\u00eb pretendojn\u00eb se b\u00ebjn\u00eb politik\u00eb komb\u00ebtare nuk jan\u00eb njer\u00ebz partiak\u00eb, m\u00eb tep\u00ebr u gjasojn\u00eb prij\u00ebsve t\u00eb \u00e7etave, ndaj sillen duke p\u00ebrhapur t\u00eb paqena, apo t\u00ebr\u00ebsisht t\u00eb pav\u00ebrteta. Duke u shtir\u00eb se jan\u00eb demokrat\u00eb, b\u00ebjn\u00eb shum\u00eb gafa t\u00eb cilat nuk do t`ua fal\u00eb populli.<br \/>\n\u00c7far\u00eb premtojn\u00eb, \u00e7far\u00eb k\u00ebrkojn\u00eb me fjalorin e tyre duke tentuar t\u00eb fusin n\u00eb partit\u00eb e veta votues vet\u00ebm p\u00ebr t`ua marr\u00eb vot\u00ebn, pa ndonj\u00eb angazhim serioz p\u00ebr t\u00eb luftuar problemet, pa dh\u00ebn\u00eb ndonj\u00eb alternativ\u00eb, duke b\u00ebr\u00eb absurdin e duke b\u00ebr\u00eb p\u00ebrgjegj\u00ebs k\u00ebt\u00eb apo at\u00eb, qoft\u00eb ky politikan apo gezetar. Jo pa q\u00ebllim, apostujt e tyre dhe nj\u00eb krah i mediave q\u00eb jan\u00eb n\u00eb sh\u00ebrbim t\u00eb tyre, po kultivojn\u00eb te qytetar\u00ebt shqiptar\u00eb n\u00eb Mal t\u00eb Zi nj\u00eb ligj\u00ebrim publik agresiv se gjoja t\u00eb gjitha t\u00eb k\u00ebqijat u vijn\u00eb shqiptar\u00ebve nga fatkeq\u00ebsit\u00eb e nj\u00ebrit apo tjetrit krah, me \u00e7ka veten duan ta p\u00ebrjashtojn\u00eb nga p\u00ebrgjegj\u00ebsit\u00eb politike e morale dhe k\u00ebt\u00eb e kthejn\u00eb n\u00eb vet\u00eblavd\u00ebrim. T\u00eb nj\u00ebjtit vet\u00ebm vazhdojn\u00eb t\u00eb mohojn\u00eb pun\u00ebn e t\u00eb tjer\u00ebve, vazhdojn\u00eb p\u00ebr t\u00eb bindur opinionin se vet\u00ebm ata jan\u00eb n\u00eb rrug\u00eb t\u00eb mbar\u00eb p\u00ebr t\u00eb avancuar lirit\u00eb dhe t\u00eb drejtat e qytetar\u00ebve, p\u00ebr \u00e7ka nuk mund t\u00eb bindin ask\u00ebnd n\u00eb nj\u00eb mision t\u00eb till\u00eb edhe p\u00ebrkund\u00ebr ndihmes\u00ebs q\u00eb u japin mediat e shkruara dhe ato elektronike.<br \/>\nSi duket, nga veprimet e tyre zbritet vlera e politikan\u00ebve dhe kjo po bie n\u00ebn nivelin zero, duke harruar se edhe ata dikur ishin pjes\u00eb e k\u00ebtij komuniteti me profesione t\u00eb ndryshme, nga ku gjoja se mbrojn\u00eb interesat e popullit sulmojn\u00eb nj\u00ebri-tjetrin n\u00eb distance, pa pasur kurajo t\u00eb pranojn\u00eb mendimet ndryshe. Tani, shqiptar\u00ebt e k\u00ebtush\u00ebm kan\u00eb nevoj\u00eb p\u00ebr nj\u00eb profilim t\u00eb ri n\u00eb m\u00ebnyr\u00eb q\u00eb t\u00eb kontribuojn\u00eb, jo p\u00ebr lider\u00ebt, por p\u00ebr veten e tyre p\u00ebr t\u00eb qen\u00eb s\u00eb bashku me nj\u00eb vizion t\u00eb qart\u00eb e t\u00eb thjesht\u00eb, p\u00ebr t\u00eb bojkotuar nj\u00eb her\u00eb e mir\u00eb ata q\u00eb nuk shohin e nuk duan q\u00eb t\u00eb p\u00ebrmir\u00ebsohet statusi i tyre. Historin\u00eb nuk mund ta shkruajn\u00eb k\u00ebta lider\u00eb duke u marr\u00eb me t\u00eb kaluar\u00ebn e tyre politike n\u00ebse at\u00eb nuk e plot\u00ebsojn\u00eb me plane e pun\u00eb t\u00eb reja.<br \/>\n<strong>Shaban Peraj<br \/>\nKoha Javore<\/strong><\/p>\n","protected":false},"excerpt":{"rendered":"<p>Nevoja p\u00ebr nj\u00eb politikan me profil t\u00eb ri Shqiptar\u00ebt e k\u00ebtush\u00ebm kan\u00eb nevoj\u00eb p\u00ebr nj\u00eb profilim t\u00eb ri n\u00eb m\u00ebnyr\u00eb q\u00eb t\u00eb kontribuojn\u00eb, jo p\u00ebr lider\u00ebt, por p\u00ebr veten e tyre, p\u00ebr t\u00eb qen\u00eb s\u00eb bashku me nj\u00eb vizion t\u00eb qart\u00eb e t\u00eb thjesht\u00eb, p\u00ebr t\u00eb bojkotuar nj\u00eb her\u00eb e mir\u00eb ata q\u00eb nuk shohin [&hellip;]<\/p>\n","protected":false},"author":1,"featured_media":0,"comment_status":"open","ping_status":"closed","sticky":false,"template":"","format":"standard","meta":{"spay_email":"","jetpack_publicize_message":"","jetpack_is_tweetstorm":false,"jetpack_publicize_feature_enabled":true},"categories":[11],"tags":[5132],"jetpack_publicize_connections":[],"yoast_head":"<!-- This site is optimized with the Yoast SEO plugin v19.1 - https:\/\/yoast.com\/wordpress\/plugins\/seo\/ -->\n<title>Ambiciet e s\u00ebmura t\u00eb lider\u00ebve tan\u00eb - Lajme nga Ulqini<\/title>\n<meta name=\"description\" content=\"Nevoja p\u00ebr nj\u00eb politikan me profil t\u00eb ri Shqiptar\u00ebt e k\u00ebtush\u00ebm kan\u00eb nevoj\u00eb p\u00ebr nj\u00eb profilim t\u00eb ri n\u00eb m\u00ebnyr\u00eb q\u00eb t\u00eb kontribuojn\u00eb, jo p\u00ebr lider\u00ebt, por p\u00ebr\" \/>\n<meta name=\"robots\" content=\"index, follow, max-snippet:-1, max-image-preview:large, max-video-preview:-1\" \/>\n<link rel=\"canonical\" href=\"https:\/\/www.visit-ulcinj.com\/blog\/2008\/11\/24\/ambiciet-e-semura-te-lidereve-tane\/\" \/>\n<meta property=\"og:locale\" content=\"en_US\" \/>\n<meta property=\"og:type\" content=\"article\" \/>\n<meta property=\"og:title\" content=\"Ambiciet e s\u00ebmura t\u00eb lider\u00ebve tan\u00eb - Lajme nga Ulqini\" \/>\n<meta property=\"og:description\" content=\"Nevoja p\u00ebr nj\u00eb politikan me profil t\u00eb ri Shqiptar\u00ebt e k\u00ebtush\u00ebm kan\u00eb nevoj\u00eb p\u00ebr nj\u00eb profilim t\u00eb ri n\u00eb m\u00ebnyr\u00eb q\u00eb t\u00eb kontribuojn\u00eb, jo p\u00ebr lider\u00ebt, por p\u00ebr\" \/>\n<meta property=\"og:url\" content=\"https:\/\/www.visit-ulcinj.com\/blog\/2008\/11\/24\/ambiciet-e-semura-te-lidereve-tane\/\" \/>\n<meta property=\"og:site_name\" content=\"Lajme nga Ulqini\" \/>\n<meta property=\"article:published_time\" content=\"2008-11-24T14:34:19+00:00\" \/>\n<meta property=\"article:modified_time\" content=\"2008-11-24T15:23:53+00:00\" \/>\n<meta property=\"og:image\" content=\"http:\/\/www.visit-ulcinj.com\/blog\/wp-content\/uploads\/2008\/11\/politikani-shqiptar-ne-mal-te-zi-300x232.jpg\" \/>\n<meta name=\"twitter:label1\" content=\"Written by\" \/>\n\t<meta name=\"twitter:data1\" content=\"ulqini\" \/>\n\t<meta name=\"twitter:label2\" content=\"Est. reading time\" \/>\n\t<meta name=\"twitter:data2\" content=\"7 minutes\" \/>\n<script type=\"application\/ld+json\" class=\"yoast-schema-graph\">{\"@context\":\"https:\/\/schema.org\",\"@graph\":[{\"@type\":\"WebSite\",\"@id\":\"https:\/\/www.visit-ulcinj.com\/blog\/#website\",\"url\":\"https:\/\/www.visit-ulcinj.com\/blog\/\",\"name\":\"Lajme nga Ulqini\",\"description\":\"Lajme,Vijesti,Ulqini,Ulqin,Crna Gora,Mali i Zi\",\"potentialAction\":[{\"@type\":\"SearchAction\",\"target\":{\"@type\":\"EntryPoint\",\"urlTemplate\":\"https:\/\/www.visit-ulcinj.com\/blog\/?s={search_term_string}\"},\"query-input\":\"required name=search_term_string\"}],\"inLanguage\":\"en-US\"},{\"@type\":\"ImageObject\",\"inLanguage\":\"en-US\",\"@id\":\"https:\/\/www.visit-ulcinj.com\/blog\/2008\/11\/24\/ambiciet-e-semura-te-lidereve-tane\/#primaryimage\",\"url\":\"http:\/\/www.visit-ulcinj.com\/blog\/wp-content\/uploads\/2008\/11\/politikani-shqiptar-ne-mal-te-zi-300x232.jpg\",\"contentUrl\":\"http:\/\/www.visit-ulcinj.com\/blog\/wp-content\/uploads\/2008\/11\/politikani-shqiptar-ne-mal-te-zi-300x232.jpg\"},{\"@type\":\"WebPage\",\"@id\":\"https:\/\/www.visit-ulcinj.com\/blog\/2008\/11\/24\/ambiciet-e-semura-te-lidereve-tane\/#webpage\",\"url\":\"https:\/\/www.visit-ulcinj.com\/blog\/2008\/11\/24\/ambiciet-e-semura-te-lidereve-tane\/\",\"name\":\"Ambiciet e s\u00ebmura t\u00eb lider\u00ebve tan\u00eb - Lajme nga Ulqini\",\"isPartOf\":{\"@id\":\"https:\/\/www.visit-ulcinj.com\/blog\/#website\"},\"primaryImageOfPage\":{\"@id\":\"https:\/\/www.visit-ulcinj.com\/blog\/2008\/11\/24\/ambiciet-e-semura-te-lidereve-tane\/#primaryimage\"},\"datePublished\":\"2008-11-24T14:34:19+00:00\",\"dateModified\":\"2008-11-24T15:23:53+00:00\",\"author\":{\"@id\":\"https:\/\/www.visit-ulcinj.com\/blog\/#\/schema\/person\/dcab619c614d3038751c63bc2aadc06d\"},\"description\":\"Nevoja p\u00ebr nj\u00eb politikan me profil t\u00eb ri Shqiptar\u00ebt e k\u00ebtush\u00ebm kan\u00eb nevoj\u00eb p\u00ebr nj\u00eb profilim t\u00eb ri n\u00eb m\u00ebnyr\u00eb q\u00eb t\u00eb kontribuojn\u00eb, jo p\u00ebr lider\u00ebt, por p\u00ebr\",\"breadcrumb\":{\"@id\":\"https:\/\/www.visit-ulcinj.com\/blog\/2008\/11\/24\/ambiciet-e-semura-te-lidereve-tane\/#breadcrumb\"},\"inLanguage\":\"en-US\",\"potentialAction\":[{\"@type\":\"ReadAction\",\"target\":[\"https:\/\/www.visit-ulcinj.com\/blog\/2008\/11\/24\/ambiciet-e-semura-te-lidereve-tane\/\"]}]},{\"@type\":\"BreadcrumbList\",\"@id\":\"https:\/\/www.visit-ulcinj.com\/blog\/2008\/11\/24\/ambiciet-e-semura-te-lidereve-tane\/#breadcrumb\",\"itemListElement\":[{\"@type\":\"ListItem\",\"position\":1,\"name\":\"Ambiciet e s\u00ebmura t\u00eb lider\u00ebve tan\u00eb\"}]},{\"@type\":\"Person\",\"@id\":\"https:\/\/www.visit-ulcinj.com\/blog\/#\/schema\/person\/dcab619c614d3038751c63bc2aadc06d\",\"name\":\"ulqini\",\"sameAs\":[\"http:\/\/www.visit-ulcinj.com\"],\"url\":\"https:\/\/www.visit-ulcinj.com\/blog\/author\/admin\/\"}]}<\/script>\n<!-- \/ Yoast SEO plugin. -->","yoast_head_json":{"title":"Ambiciet e s\u00ebmura t\u00eb lider\u00ebve tan\u00eb - Lajme nga Ulqini","description":"Nevoja p\u00ebr nj\u00eb politikan me profil t\u00eb ri Shqiptar\u00ebt e k\u00ebtush\u00ebm kan\u00eb nevoj\u00eb p\u00ebr nj\u00eb profilim t\u00eb ri n\u00eb m\u00ebnyr\u00eb q\u00eb t\u00eb kontribuojn\u00eb, jo p\u00ebr lider\u00ebt, por p\u00ebr","robots":{"index":"index","follow":"follow","max-snippet":"max-snippet:-1","max-image-preview":"max-image-preview:large","max-video-preview":"max-video-preview:-1"},"canonical":"https:\/\/www.visit-ulcinj.com\/blog\/2008\/11\/24\/ambiciet-e-semura-te-lidereve-tane\/","og_locale":"en_US","og_type":"article","og_title":"Ambiciet e s\u00ebmura t\u00eb lider\u00ebve tan\u00eb - Lajme nga Ulqini","og_description":"Nevoja p\u00ebr nj\u00eb politikan me profil t\u00eb ri Shqiptar\u00ebt e k\u00ebtush\u00ebm kan\u00eb nevoj\u00eb p\u00ebr nj\u00eb profilim t\u00eb ri n\u00eb m\u00ebnyr\u00eb q\u00eb t\u00eb kontribuojn\u00eb, jo p\u00ebr lider\u00ebt, por p\u00ebr","og_url":"https:\/\/www.visit-ulcinj.com\/blog\/2008\/11\/24\/ambiciet-e-semura-te-lidereve-tane\/","og_site_name":"Lajme nga Ulqini","article_published_time":"2008-11-24T14:34:19+00:00","article_modified_time":"2008-11-24T15:23:53+00:00","og_image":[{"url":"http:\/\/www.visit-ulcinj.com\/blog\/wp-content\/uploads\/2008\/11\/politikani-shqiptar-ne-mal-te-zi-300x232.jpg"}],"twitter_misc":{"Written by":"ulqini","Est. reading time":"7 minutes"},"schema":{"@context":"https:\/\/schema.org","@graph":[{"@type":"WebSite","@id":"https:\/\/www.visit-ulcinj.com\/blog\/#website","url":"https:\/\/www.visit-ulcinj.com\/blog\/","name":"Lajme nga Ulqini","description":"Lajme,Vijesti,Ulqini,Ulqin,Crna Gora,Mali i Zi","potentialAction":[{"@type":"SearchAction","target":{"@type":"EntryPoint","urlTemplate":"https:\/\/www.visit-ulcinj.com\/blog\/?s={search_term_string}"},"query-input":"required name=search_term_string"}],"inLanguage":"en-US"},{"@type":"ImageObject","inLanguage":"en-US","@id":"https:\/\/www.visit-ulcinj.com\/blog\/2008\/11\/24\/ambiciet-e-semura-te-lidereve-tane\/#primaryimage","url":"http:\/\/www.visit-ulcinj.com\/blog\/wp-content\/uploads\/2008\/11\/politikani-shqiptar-ne-mal-te-zi-300x232.jpg","contentUrl":"http:\/\/www.visit-ulcinj.com\/blog\/wp-content\/uploads\/2008\/11\/politikani-shqiptar-ne-mal-te-zi-300x232.jpg"},{"@type":"WebPage","@id":"https:\/\/www.visit-ulcinj.com\/blog\/2008\/11\/24\/ambiciet-e-semura-te-lidereve-tane\/#webpage","url":"https:\/\/www.visit-ulcinj.com\/blog\/2008\/11\/24\/ambiciet-e-semura-te-lidereve-tane\/","name":"Ambiciet e s\u00ebmura t\u00eb lider\u00ebve tan\u00eb - Lajme nga Ulqini","isPartOf":{"@id":"https:\/\/www.visit-ulcinj.com\/blog\/#website"},"primaryImageOfPage":{"@id":"https:\/\/www.visit-ulcinj.com\/blog\/2008\/11\/24\/ambiciet-e-semura-te-lidereve-tane\/#primaryimage"},"datePublished":"2008-11-24T14:34:19+00:00","dateModified":"2008-11-24T15:23:53+00:00","author":{"@id":"https:\/\/www.visit-ulcinj.com\/blog\/#\/schema\/person\/dcab619c614d3038751c63bc2aadc06d"},"description":"Nevoja p\u00ebr nj\u00eb politikan me profil t\u00eb ri Shqiptar\u00ebt e k\u00ebtush\u00ebm kan\u00eb nevoj\u00eb p\u00ebr nj\u00eb profilim t\u00eb ri n\u00eb m\u00ebnyr\u00eb q\u00eb t\u00eb kontribuojn\u00eb, jo p\u00ebr lider\u00ebt, por p\u00ebr","breadcrumb":{"@id":"https:\/\/www.visit-ulcinj.com\/blog\/2008\/11\/24\/ambiciet-e-semura-te-lidereve-tane\/#breadcrumb"},"inLanguage":"en-US","potentialAction":[{"@type":"ReadAction","target":["https:\/\/www.visit-ulcinj.com\/blog\/2008\/11\/24\/ambiciet-e-semura-te-lidereve-tane\/"]}]},{"@type":"BreadcrumbList","@id":"https:\/\/www.visit-ulcinj.com\/blog\/2008\/11\/24\/ambiciet-e-semura-te-lidereve-tane\/#breadcrumb","itemListElement":[{"@type":"ListItem","position":1,"name":"Ambiciet e s\u00ebmura t\u00eb lider\u00ebve tan\u00eb"}]},{"@type":"Person","@id":"https:\/\/www.visit-ulcinj.com\/blog\/#\/schema\/person\/dcab619c614d3038751c63bc2aadc06d","name":"ulqini","sameAs":["http:\/\/www.visit-ulcinj.com"],"url":"https:\/\/www.visit-ulcinj.com\/blog\/author\/admin\/"}]}},"jetpack_featured_media_url":"","jetpack_sharing_enabled":true,"jetpack_shortlink":"https:\/\/wp.me\/pe6lTn-1HQ","_links":{"self":[{"href":"https:\/\/www.visit-ulcinj.com\/blog\/wp-json\/wp\/v2\/posts\/6562"}],"collection":[{"href":"https:\/\/www.visit-ulcinj.com\/blog\/wp-json\/wp\/v2\/posts"}],"about":[{"href":"https:\/\/www.visit-ulcinj.com\/blog\/wp-json\/wp\/v2\/types\/post"}],"author":[{"embeddable":true,"href":"https:\/\/www.visit-ulcinj.com\/blog\/wp-json\/wp\/v2\/users\/1"}],"replies":[{"embeddable":true,"href":"https:\/\/www.visit-ulcinj.com\/blog\/wp-json\/wp\/v2\/comments?post=6562"}],"version-history":[{"count":0,"href":"https:\/\/www.visit-ulcinj.com\/blog\/wp-json\/wp\/v2\/posts\/6562\/revisions"}],"wp:attachment":[{"href":"https:\/\/www.visit-ulcinj.com\/blog\/wp-json\/wp\/v2\/media?parent=6562"}],"wp:term":[{"taxonomy":"category","embeddable":true,"href":"https:\/\/www.visit-ulcinj.com\/blog\/wp-json\/wp\/v2\/categories?post=6562"},{"taxonomy":"post_tag","embeddable":true,"href":"https:\/\/www.visit-ulcinj.com\/blog\/wp-json\/wp\/v2\/tags?post=6562"}],"curies":[{"name":"wp","href":"https:\/\/api.w.org\/{rel}","templated":true}]}}