{"id":65627,"date":"2012-11-13T08:05:49","date_gmt":"2012-11-13T07:05:49","guid":{"rendered":"http:\/\/www.visit-ulcinj.com\/blog\/?p=65627"},"modified":"2012-11-13T08:05:49","modified_gmt":"2012-11-13T07:05:49","slug":"termeti-dridhi-malesine","status":"publish","type":"post","link":"https:\/\/www.visit-ulcinj.com\/blog\/2012\/11\/13\/termeti-dridhi-malesine\/","title":{"rendered":"T\u00ebrmeti dridhi Mal\u00ebsine"},"content":{"rendered":"<p><a href=\"http:\/\/www.visit-ulcinj.com\/blog\/wp-content\/uploads\/2012\/11\/T\u00ebrmeti-dridhi-Mal\u00ebsine.jpg\"><img loading=\"lazy\" class=\"alignleft  wp-image-65628\" title=\"T\u00ebrmeti dridhi Mal\u00ebsine\" src=\"http:\/\/www.visit-ulcinj.com\/blog\/wp-content\/uploads\/2012\/11\/T\u00ebrmeti-dridhi-Mal\u00ebsine.jpg\" alt=\"\" width=\"508\" height=\"360\" \/><\/a>Tuz, Mal\u00ebsi (13 N\u00ebntor) \u2013 Nj\u00eb t\u00ebrmet forc\u00eb 4.5 grad\u00eb t\u00eb shkall\u00ebs Rihter tronditi Malin e Zi sonte 20 minuta mbas mesnat\u00ebs.<\/p>\n<p>Epiqendra\u00a0 ishte 3km n\u00eb jugper\u00ebndim t\u00eb qytetit t\u00eb Danilovgrad-it njoftojn\u00eb nga Enti Sizmologjik i Malit t\u00eb Zi.<\/p>\n<p>Epiqendra e t\u00ebrmetit ishte n\u00eb thell\u00ebsi prej 17km, q\u00eb sipas sizmolog\u00ebve ky t\u00ebrmet ka mundur t\u00eb shkaktoj d\u00ebme materiale n\u00eb zon\u00ebn e epiqendr\u00ebs.<\/p>\n<p>T\u00ebrmeti u ndie edhe n\u00eb Mal\u00ebsi. \/Malesia.Org\/<\/p>\n","protected":false},"excerpt":{"rendered":"<p>Tuz, Mal\u00ebsi (13 N\u00ebntor) \u2013 Nj\u00eb t\u00ebrmet forc\u00eb 4.5 grad\u00eb t\u00eb shkall\u00ebs Rihter tronditi Malin e Zi sonte 20 minuta mbas mesnat\u00ebs. Epiqendra\u00a0 ishte 3km n\u00eb jugper\u00ebndim t\u00eb qytetit t\u00eb Danilovgrad-it njoftojn\u00eb nga Enti Sizmologjik i Malit t\u00eb Zi. Epiqendra e t\u00ebrmetit ishte n\u00eb thell\u00ebsi prej 17km, q\u00eb sipas sizmolog\u00ebve ky t\u00ebrmet ka mundur t\u00eb [&hellip;]<\/p>\n","protected":false},"author":1,"featured_media":0,"comment_status":"open","ping_status":"closed","sticky":false,"template":"","format":"standard","meta":{"spay_email":"","jetpack_publicize_message":"","jetpack_is_tweetstorm":false,"jetpack_publicize_feature_enabled":true},"categories":[6950],"tags":[95,12286],"jetpack_publicize_connections":[],"yoast_head":"<!-- This site is optimized with the Yoast SEO plugin v19.1 - https:\/\/yoast.com\/wordpress\/plugins\/seo\/ -->\n<title>T\u00ebrmeti dridhi Mal\u00ebsine - Lajme nga Ulqini<\/title>\n<meta name=\"description\" content=\"Tuz, Mal\u00ebsi (13 N\u00ebntor) \u2013 Nj\u00eb t\u00ebrmet forc\u00eb 4.5 grad\u00eb t\u00eb shkall\u00ebs Rihter tronditi Malin e Zi sonte 20 minuta mbas mesnat\u00ebs. Epiqendra\u00a0 ishte 3km n\u00eb\" \/>\n<meta name=\"robots\" content=\"index, follow, max-snippet:-1, max-image-preview:large, max-video-preview:-1\" \/>\n<link rel=\"canonical\" href=\"https:\/\/www.visit-ulcinj.com\/blog\/2012\/11\/13\/termeti-dridhi-malesine\/\" \/>\n<meta property=\"og:locale\" content=\"en_US\" \/>\n<meta property=\"og:type\" content=\"article\" \/>\n<meta property=\"og:title\" content=\"T\u00ebrmeti dridhi Mal\u00ebsine - Lajme nga Ulqini\" \/>\n<meta property=\"og:description\" content=\"Tuz, Mal\u00ebsi (13 N\u00ebntor) \u2013 Nj\u00eb t\u00ebrmet forc\u00eb 4.5 grad\u00eb t\u00eb shkall\u00ebs Rihter tronditi Malin e Zi sonte 20 minuta mbas mesnat\u00ebs. Epiqendra\u00a0 ishte 3km n\u00eb\" \/>\n<meta property=\"og:url\" content=\"https:\/\/www.visit-ulcinj.com\/blog\/2012\/11\/13\/termeti-dridhi-malesine\/\" \/>\n<meta property=\"og:site_name\" content=\"Lajme nga Ulqini\" \/>\n<meta property=\"article:published_time\" content=\"2012-11-13T07:05:49+00:00\" \/>\n<meta name=\"twitter:label1\" content=\"Written by\" \/>\n\t<meta name=\"twitter:data1\" content=\"ulqini\" \/>\n<script type=\"application\/ld+json\" class=\"yoast-schema-graph\">{\"@context\":\"https:\/\/schema.org\",\"@graph\":[{\"@type\":\"WebSite\",\"@id\":\"https:\/\/www.visit-ulcinj.com\/blog\/#website\",\"url\":\"https:\/\/www.visit-ulcinj.com\/blog\/\",\"name\":\"Lajme nga Ulqini\",\"description\":\"Lajme,Vijesti,Ulqini,Ulqin,Crna Gora,Mali i Zi\",\"potentialAction\":[{\"@type\":\"SearchAction\",\"target\":{\"@type\":\"EntryPoint\",\"urlTemplate\":\"https:\/\/www.visit-ulcinj.com\/blog\/?s={search_term_string}\"},\"query-input\":\"required name=search_term_string\"}],\"inLanguage\":\"en-US\"},{\"@type\":\"WebPage\",\"@id\":\"https:\/\/www.visit-ulcinj.com\/blog\/2012\/11\/13\/termeti-dridhi-malesine\/#webpage\",\"url\":\"https:\/\/www.visit-ulcinj.com\/blog\/2012\/11\/13\/termeti-dridhi-malesine\/\",\"name\":\"T\u00ebrmeti dridhi Mal\u00ebsine - Lajme nga Ulqini\",\"isPartOf\":{\"@id\":\"https:\/\/www.visit-ulcinj.com\/blog\/#website\"},\"datePublished\":\"2012-11-13T07:05:49+00:00\",\"dateModified\":\"2012-11-13T07:05:49+00:00\",\"author\":{\"@id\":\"https:\/\/www.visit-ulcinj.com\/blog\/#\/schema\/person\/dcab619c614d3038751c63bc2aadc06d\"},\"description\":\"Tuz, Mal\u00ebsi (13 N\u00ebntor) \u2013 Nj\u00eb t\u00ebrmet forc\u00eb 4.5 grad\u00eb t\u00eb shkall\u00ebs Rihter tronditi Malin e Zi sonte 20 minuta mbas mesnat\u00ebs. Epiqendra\u00a0 ishte 3km n\u00eb\",\"breadcrumb\":{\"@id\":\"https:\/\/www.visit-ulcinj.com\/blog\/2012\/11\/13\/termeti-dridhi-malesine\/#breadcrumb\"},\"inLanguage\":\"en-US\",\"potentialAction\":[{\"@type\":\"ReadAction\",\"target\":[\"https:\/\/www.visit-ulcinj.com\/blog\/2012\/11\/13\/termeti-dridhi-malesine\/\"]}]},{\"@type\":\"BreadcrumbList\",\"@id\":\"https:\/\/www.visit-ulcinj.com\/blog\/2012\/11\/13\/termeti-dridhi-malesine\/#breadcrumb\",\"itemListElement\":[{\"@type\":\"ListItem\",\"position\":1,\"name\":\"T\u00ebrmeti dridhi Mal\u00ebsine\"}]},{\"@type\":\"Person\",\"@id\":\"https:\/\/www.visit-ulcinj.com\/blog\/#\/schema\/person\/dcab619c614d3038751c63bc2aadc06d\",\"name\":\"ulqini\",\"sameAs\":[\"http:\/\/www.visit-ulcinj.com\"],\"url\":\"https:\/\/www.visit-ulcinj.com\/blog\/author\/admin\/\"}]}<\/script>\n<!-- \/ Yoast SEO plugin. -->","yoast_head_json":{"title":"T\u00ebrmeti dridhi Mal\u00ebsine - Lajme nga Ulqini","description":"Tuz, Mal\u00ebsi (13 N\u00ebntor) \u2013 Nj\u00eb t\u00ebrmet forc\u00eb 4.5 grad\u00eb t\u00eb shkall\u00ebs Rihter tronditi Malin e Zi sonte 20 minuta mbas mesnat\u00ebs. Epiqendra\u00a0 ishte 3km n\u00eb","robots":{"index":"index","follow":"follow","max-snippet":"max-snippet:-1","max-image-preview":"max-image-preview:large","max-video-preview":"max-video-preview:-1"},"canonical":"https:\/\/www.visit-ulcinj.com\/blog\/2012\/11\/13\/termeti-dridhi-malesine\/","og_locale":"en_US","og_type":"article","og_title":"T\u00ebrmeti dridhi Mal\u00ebsine - Lajme nga Ulqini","og_description":"Tuz, Mal\u00ebsi (13 N\u00ebntor) \u2013 Nj\u00eb t\u00ebrmet forc\u00eb 4.5 grad\u00eb t\u00eb shkall\u00ebs Rihter tronditi Malin e Zi sonte 20 minuta mbas mesnat\u00ebs. Epiqendra\u00a0 ishte 3km n\u00eb","og_url":"https:\/\/www.visit-ulcinj.com\/blog\/2012\/11\/13\/termeti-dridhi-malesine\/","og_site_name":"Lajme nga Ulqini","article_published_time":"2012-11-13T07:05:49+00:00","twitter_misc":{"Written by":"ulqini"},"schema":{"@context":"https:\/\/schema.org","@graph":[{"@type":"WebSite","@id":"https:\/\/www.visit-ulcinj.com\/blog\/#website","url":"https:\/\/www.visit-ulcinj.com\/blog\/","name":"Lajme nga Ulqini","description":"Lajme,Vijesti,Ulqini,Ulqin,Crna Gora,Mali i Zi","potentialAction":[{"@type":"SearchAction","target":{"@type":"EntryPoint","urlTemplate":"https:\/\/www.visit-ulcinj.com\/blog\/?s={search_term_string}"},"query-input":"required name=search_term_string"}],"inLanguage":"en-US"},{"@type":"WebPage","@id":"https:\/\/www.visit-ulcinj.com\/blog\/2012\/11\/13\/termeti-dridhi-malesine\/#webpage","url":"https:\/\/www.visit-ulcinj.com\/blog\/2012\/11\/13\/termeti-dridhi-malesine\/","name":"T\u00ebrmeti dridhi Mal\u00ebsine - Lajme nga Ulqini","isPartOf":{"@id":"https:\/\/www.visit-ulcinj.com\/blog\/#website"},"datePublished":"2012-11-13T07:05:49+00:00","dateModified":"2012-11-13T07:05:49+00:00","author":{"@id":"https:\/\/www.visit-ulcinj.com\/blog\/#\/schema\/person\/dcab619c614d3038751c63bc2aadc06d"},"description":"Tuz, Mal\u00ebsi (13 N\u00ebntor) \u2013 Nj\u00eb t\u00ebrmet forc\u00eb 4.5 grad\u00eb t\u00eb shkall\u00ebs Rihter tronditi Malin e Zi sonte 20 minuta mbas mesnat\u00ebs. Epiqendra\u00a0 ishte 3km n\u00eb","breadcrumb":{"@id":"https:\/\/www.visit-ulcinj.com\/blog\/2012\/11\/13\/termeti-dridhi-malesine\/#breadcrumb"},"inLanguage":"en-US","potentialAction":[{"@type":"ReadAction","target":["https:\/\/www.visit-ulcinj.com\/blog\/2012\/11\/13\/termeti-dridhi-malesine\/"]}]},{"@type":"BreadcrumbList","@id":"https:\/\/www.visit-ulcinj.com\/blog\/2012\/11\/13\/termeti-dridhi-malesine\/#breadcrumb","itemListElement":[{"@type":"ListItem","position":1,"name":"T\u00ebrmeti dridhi Mal\u00ebsine"}]},{"@type":"Person","@id":"https:\/\/www.visit-ulcinj.com\/blog\/#\/schema\/person\/dcab619c614d3038751c63bc2aadc06d","name":"ulqini","sameAs":["http:\/\/www.visit-ulcinj.com"],"url":"https:\/\/www.visit-ulcinj.com\/blog\/author\/admin\/"}]}},"jetpack_featured_media_url":"","jetpack_sharing_enabled":true,"jetpack_shortlink":"https:\/\/wp.me\/pe6lTn-h4v","_links":{"self":[{"href":"https:\/\/www.visit-ulcinj.com\/blog\/wp-json\/wp\/v2\/posts\/65627"}],"collection":[{"href":"https:\/\/www.visit-ulcinj.com\/blog\/wp-json\/wp\/v2\/posts"}],"about":[{"href":"https:\/\/www.visit-ulcinj.com\/blog\/wp-json\/wp\/v2\/types\/post"}],"author":[{"embeddable":true,"href":"https:\/\/www.visit-ulcinj.com\/blog\/wp-json\/wp\/v2\/users\/1"}],"replies":[{"embeddable":true,"href":"https:\/\/www.visit-ulcinj.com\/blog\/wp-json\/wp\/v2\/comments?post=65627"}],"version-history":[{"count":1,"href":"https:\/\/www.visit-ulcinj.com\/blog\/wp-json\/wp\/v2\/posts\/65627\/revisions"}],"predecessor-version":[{"id":65629,"href":"https:\/\/www.visit-ulcinj.com\/blog\/wp-json\/wp\/v2\/posts\/65627\/revisions\/65629"}],"wp:attachment":[{"href":"https:\/\/www.visit-ulcinj.com\/blog\/wp-json\/wp\/v2\/media?parent=65627"}],"wp:term":[{"taxonomy":"category","embeddable":true,"href":"https:\/\/www.visit-ulcinj.com\/blog\/wp-json\/wp\/v2\/categories?post=65627"},{"taxonomy":"post_tag","embeddable":true,"href":"https:\/\/www.visit-ulcinj.com\/blog\/wp-json\/wp\/v2\/tags?post=65627"}],"curies":[{"name":"wp","href":"https:\/\/api.w.org\/{rel}","templated":true}]}}