{"id":65634,"date":"2012-11-13T14:27:07","date_gmt":"2012-11-13T13:27:07","guid":{"rendered":"http:\/\/www.visit-ulcinj.com\/blog\/?p=65634"},"modified":"2012-11-13T14:27:07","modified_gmt":"2012-11-13T13:27:07","slug":"ne-ulqin-u-peruru-libri-kushtuar-rugoves-video","status":"publish","type":"post","link":"https:\/\/www.visit-ulcinj.com\/blog\/2012\/11\/13\/ne-ulqin-u-peruru-libri-kushtuar-rugoves-video\/","title":{"rendered":"N\u00eb Ulqin u p\u00ebruru libri kushtuar Rugov\u00ebs &#8211; Video"},"content":{"rendered":"<p>Organizuar nga Qendra kulturore n\u00eb Ulqin t\u00eb enjt\u00ebn(8.11.2012) n\u00eb hap\u00ebsirat e bibliotek\u00ebs s\u00eb qytetit u mbajt p\u00ebrurimi i librit \u201cNe hap me Rugov\u00ebn\u201d t\u00eb autorit Adnan Merovci.<br \/>\n<a href=\"http:\/\/www.visit-ulcinj.com\/blog\/wp-content\/uploads\/2012\/11\/Ne-hap-me-Rugov\u00ebn.jpg\"><img loading=\"lazy\" class=\"alignleft  wp-image-65635\" title=\"Ne hap me Rugov\u00ebn\" src=\"http:\/\/www.visit-ulcinj.com\/blog\/wp-content\/uploads\/2012\/11\/Ne-hap-me-Rugov\u00ebn.jpg\" alt=\"\" width=\"350\" height=\"400\" \/><\/a><\/p>\n<p>N\u00eb fillim t\u00eb k\u00ebtij p\u00ebrurimi u shfaq filmi dokumentar prej 18 min. me titull \u201cNj\u00eb dekad\u00eb me Rugov\u00ebn 1989-1999\u201d . Nd\u00ebrsa m\u00eb pas moderatori i i mbr\u00ebmjes dr.Nail Draga zhvilloj nj\u00eb bashk\u00ebbisedim me autorin p\u00ebrmes disa pyetjeve, t\u00eb cilat ishin t\u00eb fokusuara nga vet p\u00ebrmbajtja e librit.Autori i librit para nj\u00eb auditori t\u00eb p\u00ebrzgjedhur, ka elaboruar n\u00eb detaje \u00e7\u00ebshtje t\u00eb ndryshme, t\u00eb cilat pothuaj kan\u00eb qen\u00eb t\u00eb panjohura p\u00ebr opinionin e gjer\u00eb. Ai ishte konkret dhe i qart\u00eb n\u00eb lidhje m\u00eb \u00e7\u00ebshtjet p\u00ebrkat\u00ebse dhe sfidat q\u00eb ka p\u00ebrjetuar gjat\u00eb dhjet\u00eb viteve sa e ka shoq\u00ebruar presidentin historik t\u00eb Kosov\u00ebs, dr.Ibrahim Rugov\u00ebn.<br \/>\nN\u00eb k\u00ebt\u00eb botim kemi rr\u00ebfime autentike, ilustrime t\u00eb Rugovizmit, stenograme nga takimke t\u00eb r\u00ebnd\u00ebsishme, fotografi ekskluzive si dhe doliumente t\u00eb r\u00ebnd\u00ebsishme. Pasi ky p\u00ebrurim u mbajt n\u00eb muajin e vitit jubilar t\u00eb 100-vjetorit t\u00eb Pavar\u00ebsis\u00eb s\u00eb Shqip\u00ebris\u00eb, n\u00eb fund nx\u00ebn\u00ebsja Flutur Mustafa lexoj tregimin \u201cRr\u00ebfimi i nj\u00eb biri\u201d q\u00eb u prit m\u00eb admirim nga t\u00eb pranishmit.<br \/>\nLibri \u201cN\u00eb hap me Rugov\u00ebn\u201d \u00ebsht\u00eb botuar nga Amerkos n\u00eb Prishtin\u00eb, nd\u00ebrsa deri m\u00eb tash \u00ebsht\u00eb p\u00ebruruar n\u00eb disa qytete si n\u00eb Kosov\u00eb, Shqip\u00ebri, Maqedoni dhe diaspor\u00eb.(Kohapress)<\/p>\n<p><iframe loading=\"lazy\" width=\"508\" height=\"360\" src=\"http:\/\/www.youtube.com\/embed\/6gLbVa2wdlg?rel=0\" frameborder=\"0\" allowfullscreen><\/iframe><\/p>\n","protected":false},"excerpt":{"rendered":"<p>Organizuar nga Qendra kulturore n\u00eb Ulqin t\u00eb enjt\u00ebn(8.11.2012) n\u00eb hap\u00ebsirat e bibliotek\u00ebs s\u00eb qytetit u mbajt p\u00ebrurimi i librit \u201cNe hap me Rugov\u00ebn\u201d t\u00eb autorit Adnan Merovci. N\u00eb fillim t\u00eb k\u00ebtij p\u00ebrurimi u shfaq filmi dokumentar prej 18 min. me titull \u201cNj\u00eb dekad\u00eb me Rugov\u00ebn 1989-1999\u201d . Nd\u00ebrsa m\u00eb pas moderatori i i mbr\u00ebmjes dr.Nail [&hellip;]<\/p>\n","protected":false},"author":1,"featured_media":0,"comment_status":"open","ping_status":"closed","sticky":false,"template":"","format":"standard","meta":{"spay_email":"","jetpack_publicize_message":"","jetpack_is_tweetstorm":false,"jetpack_publicize_feature_enabled":true},"categories":[4],"tags":[21450,1406,21451],"jetpack_publicize_connections":[],"yoast_head":"<!-- This site is optimized with the Yoast SEO plugin v19.1 - https:\/\/yoast.com\/wordpress\/plugins\/seo\/ -->\n<title>N\u00eb Ulqin u p\u00ebruru libri kushtuar Rugov\u00ebs - Video - Lajme nga Ulqini<\/title>\n<meta name=\"description\" content=\"Organizuar nga Qendra kulturore n\u00eb Ulqin t\u00eb enjt\u00ebn(8.11.2012) n\u00eb hap\u00ebsirat e bibliotek\u00ebs s\u00eb qytetit u mbajt p\u00ebrurimi i librit \u201cNe hap me Rugov\u00ebn\u201d t\u00eb\" \/>\n<meta name=\"robots\" content=\"index, follow, max-snippet:-1, max-image-preview:large, max-video-preview:-1\" \/>\n<link rel=\"canonical\" href=\"https:\/\/www.visit-ulcinj.com\/blog\/2012\/11\/13\/ne-ulqin-u-peruru-libri-kushtuar-rugoves-video\/\" \/>\n<meta property=\"og:locale\" content=\"en_US\" \/>\n<meta property=\"og:type\" content=\"article\" \/>\n<meta property=\"og:title\" content=\"N\u00eb Ulqin u p\u00ebruru libri kushtuar Rugov\u00ebs - Video - Lajme nga Ulqini\" \/>\n<meta property=\"og:description\" content=\"Organizuar nga Qendra kulturore n\u00eb Ulqin t\u00eb enjt\u00ebn(8.11.2012) n\u00eb hap\u00ebsirat e bibliotek\u00ebs s\u00eb qytetit u mbajt p\u00ebrurimi i librit \u201cNe hap me Rugov\u00ebn\u201d t\u00eb\" \/>\n<meta property=\"og:url\" content=\"https:\/\/www.visit-ulcinj.com\/blog\/2012\/11\/13\/ne-ulqin-u-peruru-libri-kushtuar-rugoves-video\/\" \/>\n<meta property=\"og:site_name\" content=\"Lajme nga Ulqini\" \/>\n<meta property=\"article:published_time\" content=\"2012-11-13T13:27:07+00:00\" \/>\n<meta name=\"twitter:label1\" content=\"Written by\" \/>\n\t<meta name=\"twitter:data1\" content=\"ulqini\" \/>\n\t<meta name=\"twitter:label2\" content=\"Est. reading time\" \/>\n\t<meta name=\"twitter:data2\" content=\"1 minute\" \/>\n<script type=\"application\/ld+json\" class=\"yoast-schema-graph\">{\"@context\":\"https:\/\/schema.org\",\"@graph\":[{\"@type\":\"WebSite\",\"@id\":\"https:\/\/www.visit-ulcinj.com\/blog\/#website\",\"url\":\"https:\/\/www.visit-ulcinj.com\/blog\/\",\"name\":\"Lajme nga Ulqini\",\"description\":\"Lajme,Vijesti,Ulqini,Ulqin,Crna Gora,Mali i Zi\",\"potentialAction\":[{\"@type\":\"SearchAction\",\"target\":{\"@type\":\"EntryPoint\",\"urlTemplate\":\"https:\/\/www.visit-ulcinj.com\/blog\/?s={search_term_string}\"},\"query-input\":\"required name=search_term_string\"}],\"inLanguage\":\"en-US\"},{\"@type\":\"WebPage\",\"@id\":\"https:\/\/www.visit-ulcinj.com\/blog\/2012\/11\/13\/ne-ulqin-u-peruru-libri-kushtuar-rugoves-video\/#webpage\",\"url\":\"https:\/\/www.visit-ulcinj.com\/blog\/2012\/11\/13\/ne-ulqin-u-peruru-libri-kushtuar-rugoves-video\/\",\"name\":\"N\u00eb Ulqin u p\u00ebruru libri kushtuar Rugov\u00ebs - Video - Lajme nga Ulqini\",\"isPartOf\":{\"@id\":\"https:\/\/www.visit-ulcinj.com\/blog\/#website\"},\"datePublished\":\"2012-11-13T13:27:07+00:00\",\"dateModified\":\"2012-11-13T13:27:07+00:00\",\"author\":{\"@id\":\"https:\/\/www.visit-ulcinj.com\/blog\/#\/schema\/person\/dcab619c614d3038751c63bc2aadc06d\"},\"description\":\"Organizuar nga Qendra kulturore n\u00eb Ulqin t\u00eb enjt\u00ebn(8.11.2012) n\u00eb hap\u00ebsirat e bibliotek\u00ebs s\u00eb qytetit u mbajt p\u00ebrurimi i librit \u201cNe hap me Rugov\u00ebn\u201d t\u00eb\",\"breadcrumb\":{\"@id\":\"https:\/\/www.visit-ulcinj.com\/blog\/2012\/11\/13\/ne-ulqin-u-peruru-libri-kushtuar-rugoves-video\/#breadcrumb\"},\"inLanguage\":\"en-US\",\"potentialAction\":[{\"@type\":\"ReadAction\",\"target\":[\"https:\/\/www.visit-ulcinj.com\/blog\/2012\/11\/13\/ne-ulqin-u-peruru-libri-kushtuar-rugoves-video\/\"]}]},{\"@type\":\"BreadcrumbList\",\"@id\":\"https:\/\/www.visit-ulcinj.com\/blog\/2012\/11\/13\/ne-ulqin-u-peruru-libri-kushtuar-rugoves-video\/#breadcrumb\",\"itemListElement\":[{\"@type\":\"ListItem\",\"position\":1,\"name\":\"N\u00eb Ulqin u p\u00ebruru libri kushtuar Rugov\u00ebs &#8211; Video\"}]},{\"@type\":\"Person\",\"@id\":\"https:\/\/www.visit-ulcinj.com\/blog\/#\/schema\/person\/dcab619c614d3038751c63bc2aadc06d\",\"name\":\"ulqini\",\"sameAs\":[\"http:\/\/www.visit-ulcinj.com\"],\"url\":\"https:\/\/www.visit-ulcinj.com\/blog\/author\/admin\/\"}]}<\/script>\n<!-- \/ Yoast SEO plugin. -->","yoast_head_json":{"title":"N\u00eb Ulqin u p\u00ebruru libri kushtuar Rugov\u00ebs - Video - Lajme nga Ulqini","description":"Organizuar nga Qendra kulturore n\u00eb Ulqin t\u00eb enjt\u00ebn(8.11.2012) n\u00eb hap\u00ebsirat e bibliotek\u00ebs s\u00eb qytetit u mbajt p\u00ebrurimi i librit \u201cNe hap me Rugov\u00ebn\u201d t\u00eb","robots":{"index":"index","follow":"follow","max-snippet":"max-snippet:-1","max-image-preview":"max-image-preview:large","max-video-preview":"max-video-preview:-1"},"canonical":"https:\/\/www.visit-ulcinj.com\/blog\/2012\/11\/13\/ne-ulqin-u-peruru-libri-kushtuar-rugoves-video\/","og_locale":"en_US","og_type":"article","og_title":"N\u00eb Ulqin u p\u00ebruru libri kushtuar Rugov\u00ebs - Video - Lajme nga Ulqini","og_description":"Organizuar nga Qendra kulturore n\u00eb Ulqin t\u00eb enjt\u00ebn(8.11.2012) n\u00eb hap\u00ebsirat e bibliotek\u00ebs s\u00eb qytetit u mbajt p\u00ebrurimi i librit \u201cNe hap me Rugov\u00ebn\u201d t\u00eb","og_url":"https:\/\/www.visit-ulcinj.com\/blog\/2012\/11\/13\/ne-ulqin-u-peruru-libri-kushtuar-rugoves-video\/","og_site_name":"Lajme nga Ulqini","article_published_time":"2012-11-13T13:27:07+00:00","twitter_misc":{"Written by":"ulqini","Est. reading time":"1 minute"},"schema":{"@context":"https:\/\/schema.org","@graph":[{"@type":"WebSite","@id":"https:\/\/www.visit-ulcinj.com\/blog\/#website","url":"https:\/\/www.visit-ulcinj.com\/blog\/","name":"Lajme nga Ulqini","description":"Lajme,Vijesti,Ulqini,Ulqin,Crna Gora,Mali i Zi","potentialAction":[{"@type":"SearchAction","target":{"@type":"EntryPoint","urlTemplate":"https:\/\/www.visit-ulcinj.com\/blog\/?s={search_term_string}"},"query-input":"required name=search_term_string"}],"inLanguage":"en-US"},{"@type":"WebPage","@id":"https:\/\/www.visit-ulcinj.com\/blog\/2012\/11\/13\/ne-ulqin-u-peruru-libri-kushtuar-rugoves-video\/#webpage","url":"https:\/\/www.visit-ulcinj.com\/blog\/2012\/11\/13\/ne-ulqin-u-peruru-libri-kushtuar-rugoves-video\/","name":"N\u00eb Ulqin u p\u00ebruru libri kushtuar Rugov\u00ebs - Video - Lajme nga Ulqini","isPartOf":{"@id":"https:\/\/www.visit-ulcinj.com\/blog\/#website"},"datePublished":"2012-11-13T13:27:07+00:00","dateModified":"2012-11-13T13:27:07+00:00","author":{"@id":"https:\/\/www.visit-ulcinj.com\/blog\/#\/schema\/person\/dcab619c614d3038751c63bc2aadc06d"},"description":"Organizuar nga Qendra kulturore n\u00eb Ulqin t\u00eb enjt\u00ebn(8.11.2012) n\u00eb hap\u00ebsirat e bibliotek\u00ebs s\u00eb qytetit u mbajt p\u00ebrurimi i librit \u201cNe hap me Rugov\u00ebn\u201d t\u00eb","breadcrumb":{"@id":"https:\/\/www.visit-ulcinj.com\/blog\/2012\/11\/13\/ne-ulqin-u-peruru-libri-kushtuar-rugoves-video\/#breadcrumb"},"inLanguage":"en-US","potentialAction":[{"@type":"ReadAction","target":["https:\/\/www.visit-ulcinj.com\/blog\/2012\/11\/13\/ne-ulqin-u-peruru-libri-kushtuar-rugoves-video\/"]}]},{"@type":"BreadcrumbList","@id":"https:\/\/www.visit-ulcinj.com\/blog\/2012\/11\/13\/ne-ulqin-u-peruru-libri-kushtuar-rugoves-video\/#breadcrumb","itemListElement":[{"@type":"ListItem","position":1,"name":"N\u00eb Ulqin u p\u00ebruru libri kushtuar Rugov\u00ebs &#8211; Video"}]},{"@type":"Person","@id":"https:\/\/www.visit-ulcinj.com\/blog\/#\/schema\/person\/dcab619c614d3038751c63bc2aadc06d","name":"ulqini","sameAs":["http:\/\/www.visit-ulcinj.com"],"url":"https:\/\/www.visit-ulcinj.com\/blog\/author\/admin\/"}]}},"jetpack_featured_media_url":"","jetpack_sharing_enabled":true,"jetpack_shortlink":"https:\/\/wp.me\/pe6lTn-h4C","_links":{"self":[{"href":"https:\/\/www.visit-ulcinj.com\/blog\/wp-json\/wp\/v2\/posts\/65634"}],"collection":[{"href":"https:\/\/www.visit-ulcinj.com\/blog\/wp-json\/wp\/v2\/posts"}],"about":[{"href":"https:\/\/www.visit-ulcinj.com\/blog\/wp-json\/wp\/v2\/types\/post"}],"author":[{"embeddable":true,"href":"https:\/\/www.visit-ulcinj.com\/blog\/wp-json\/wp\/v2\/users\/1"}],"replies":[{"embeddable":true,"href":"https:\/\/www.visit-ulcinj.com\/blog\/wp-json\/wp\/v2\/comments?post=65634"}],"version-history":[{"count":1,"href":"https:\/\/www.visit-ulcinj.com\/blog\/wp-json\/wp\/v2\/posts\/65634\/revisions"}],"predecessor-version":[{"id":65636,"href":"https:\/\/www.visit-ulcinj.com\/blog\/wp-json\/wp\/v2\/posts\/65634\/revisions\/65636"}],"wp:attachment":[{"href":"https:\/\/www.visit-ulcinj.com\/blog\/wp-json\/wp\/v2\/media?parent=65634"}],"wp:term":[{"taxonomy":"category","embeddable":true,"href":"https:\/\/www.visit-ulcinj.com\/blog\/wp-json\/wp\/v2\/categories?post=65634"},{"taxonomy":"post_tag","embeddable":true,"href":"https:\/\/www.visit-ulcinj.com\/blog\/wp-json\/wp\/v2\/tags?post=65634"}],"curies":[{"name":"wp","href":"https:\/\/api.w.org\/{rel}","templated":true}]}}