{"id":65648,"date":"2012-11-13T20:09:53","date_gmt":"2012-11-13T19:09:53","guid":{"rendered":"http:\/\/www.visit-ulcinj.com\/blog\/?p=65648"},"modified":"2012-11-13T20:12:01","modified_gmt":"2012-11-13T19:12:01","slug":"sinishtaj-leter-e-hapur-per-presidenten-e-kosoves","status":"publish","type":"post","link":"https:\/\/www.visit-ulcinj.com\/blog\/2012\/11\/13\/sinishtaj-leter-e-hapur-per-presidenten-e-kosoves\/","title":{"rendered":"Sinishtaj: Let\u00ebr e hapur p\u00ebr presidenten e Kosov\u00ebs"},"content":{"rendered":"<p><a href=\"http:\/\/www.visit-ulcinj.com\/blog\/wp-content\/uploads\/2012\/11\/VASEL-SINISHTAJ-FORCA-PER-BASHKIM.jpg\"><img loading=\"lazy\" class=\"alignleft  wp-image-65649\" title=\"VASEL SINISHTAJ-FORCA PER BASHKIM\" src=\"http:\/\/www.visit-ulcinj.com\/blog\/wp-content\/uploads\/2012\/11\/VASEL-SINISHTAJ-FORCA-PER-BASHKIM.jpg\" alt=\"\" width=\"508\" height=\"360\" \/><\/a>Iniciativa qytetare Tuz si pjes\u00eb e List\u00ebs zgjedhore &#8220;Forca p\u00ebr bashkim&#8221;, respektivisht kandidati p\u00ebr deputet Vasel Sinishtaj i ka d\u00ebrguar nj\u00eb let\u00ebr t\u00eb hapur Presidentes s\u00eb Republik\u00ebs s\u00eb Kosov\u00ebs, Atifete Jahjaga, lidhur me deklarat\u00ebn e saj dh\u00ebn\u00eb Radio-televizionit t\u00eb Malit t\u00eb Zi se si e vler\u00ebson pozit\u00ebn e shqiptar\u00ebve n\u00eb Mal t\u00eb Zi, n\u00eb ve\u00e7anti k\u00ebrkes\u00ebn p\u00ebr komun\u00eb t\u00eb Mal\u00ebsis\u00eb.<\/p>\n<p>N\u00eb k\u00ebt\u00eb intervist\u00eb ajo ka deklaruat se t\u00eb drejtat e shqiptar\u00ebve n\u00eb Mal t\u00eb Zi jan\u00eb t\u00eb definuara me Kushtetut\u00eb dhe se i g\u00ebzojn\u00eb t\u00eb drejtat sipas aktit m\u00eb t\u00eb lart t\u00eb shtetit t\u00eb Malit t\u00eb Zi. Sipas n\u00ebnshkruesit t\u00eb k\u00ebsaj letre, kjo deklarat\u00eb, n\u00ebse paraqet q\u00ebndrimin e politikes zyrtare t\u00eb Prishtin\u00ebs, i \u00e7on drejt dyshimit se me t\u00eb v\u00ebrtet\u00eb shqiptar\u00ebt n\u00eb Mal t\u00eb Zi po i b\u00ebjn\u00eb &#8220;monedh\u00eb p\u00ebr kusur&#8221;. &#8220;Ajo q\u00eb d\u00ebshirojm\u00eb t\u00eb na kuptoni \u00ebsht\u00eb se ne nuk jemi kund\u00ebr arritjes s\u00eb t\u00eb drejtave t\u00eb qytetar\u00ebve q\u00eb sot deklarohen malazez n\u00eb Kosov\u00eb, por s\u00eb paku k\u00ebrkoni t\u00eb nj\u00ebjtat t\u00eb drejta edhe p\u00ebr shqiptar\u00ebt n\u00eb Mal t\u00eb Zi. P\u00ebrndryshe, ne me k\u00ebt\u00eb let\u00ebr t\u00eb hapur edhe nj\u00eb her\u00eb ngrisim z\u00ebrin p\u00ebr t\u00eb k\u00ebrkuar nga Ju q\u00eb mos ti b\u00ebni qefin tjetrit n\u00eb d\u00ebmin e vetvetes. Jo se jo n\u00eb vitin jubilar t\u00eb 100 vjetorit t\u00eb pavar\u00ebsimit t\u00eb shtetit am\u00eb \u2013 Shqip\u00ebris\u00eb&#8221;, thuhet mes tjerash n\u00eb k\u00ebt\u00eb let\u00ebr duke shpresuar p\u00ebr nj\u00eb takim zyrtar brenda koh\u00ebs sa m\u00eb t\u00eb shkurt\u00ebr, t\u00eb cil\u00ebn e ka n\u00ebnshkruar kandidati p\u00ebr deputet i Iniciativ\u00ebs qytetare Tuz si pjes\u00eb e List\u00ebs zgjedhore &#8220;Forca p\u00ebr bashkim&#8221;, Vasel Sinishtaj.<\/p>\n<p>TVCG<\/p>\n","protected":false},"excerpt":{"rendered":"<p>Iniciativa qytetare Tuz si pjes\u00eb e List\u00ebs zgjedhore &#8220;Forca p\u00ebr bashkim&#8221;, respektivisht kandidati p\u00ebr deputet Vasel Sinishtaj i ka d\u00ebrguar nj\u00eb let\u00ebr t\u00eb hapur Presidentes s\u00eb Republik\u00ebs s\u00eb Kosov\u00ebs, Atifete Jahjaga, lidhur me deklarat\u00ebn e saj dh\u00ebn\u00eb Radio-televizionit t\u00eb Malit t\u00eb Zi se si e vler\u00ebson pozit\u00ebn e shqiptar\u00ebve n\u00eb Mal t\u00eb Zi, n\u00eb ve\u00e7anti [&hellip;]<\/p>\n","protected":false},"author":1,"featured_media":0,"comment_status":"open","ping_status":"closed","sticky":false,"template":"","format":"standard","meta":{"spay_email":"","jetpack_publicize_message":"","jetpack_is_tweetstorm":false,"jetpack_publicize_feature_enabled":true},"categories":[6],"tags":[21155,4474,2450,200,2226],"jetpack_publicize_connections":[],"yoast_head":"<!-- This site is optimized with the Yoast SEO plugin v19.1 - https:\/\/yoast.com\/wordpress\/plugins\/seo\/ -->\n<title>Sinishtaj: Let\u00ebr e hapur p\u00ebr presidenten e Kosov\u00ebs - Lajme nga Ulqini<\/title>\n<meta name=\"description\" content=\"Iniciativa qytetare Tuz si pjes\u00eb e List\u00ebs zgjedhore &quot;Forca p\u00ebr bashkim&quot;, respektivisht kandidati p\u00ebr deputet Vasel Sinishtaj i ka d\u00ebrguar nj\u00eb let\u00ebr t\u00eb\" \/>\n<meta name=\"robots\" content=\"index, follow, max-snippet:-1, max-image-preview:large, max-video-preview:-1\" \/>\n<link rel=\"canonical\" href=\"https:\/\/www.visit-ulcinj.com\/blog\/2012\/11\/13\/sinishtaj-leter-e-hapur-per-presidenten-e-kosoves\/\" \/>\n<meta property=\"og:locale\" content=\"en_US\" \/>\n<meta property=\"og:type\" content=\"article\" \/>\n<meta property=\"og:title\" content=\"Sinishtaj: Let\u00ebr e hapur p\u00ebr presidenten e Kosov\u00ebs - Lajme nga Ulqini\" \/>\n<meta property=\"og:description\" content=\"Iniciativa qytetare Tuz si pjes\u00eb e List\u00ebs zgjedhore &quot;Forca p\u00ebr bashkim&quot;, respektivisht kandidati p\u00ebr deputet Vasel Sinishtaj i ka d\u00ebrguar nj\u00eb let\u00ebr t\u00eb\" \/>\n<meta property=\"og:url\" content=\"https:\/\/www.visit-ulcinj.com\/blog\/2012\/11\/13\/sinishtaj-leter-e-hapur-per-presidenten-e-kosoves\/\" \/>\n<meta property=\"og:site_name\" content=\"Lajme nga Ulqini\" \/>\n<meta property=\"article:published_time\" content=\"2012-11-13T19:09:53+00:00\" \/>\n<meta property=\"article:modified_time\" content=\"2012-11-13T19:12:01+00:00\" \/>\n<meta property=\"og:image\" content=\"http:\/\/www.visit-ulcinj.com\/blog\/wp-content\/uploads\/2012\/11\/VASEL-SINISHTAJ-FORCA-PER-BASHKIM.jpg\" \/>\n<meta name=\"twitter:label1\" content=\"Written by\" \/>\n\t<meta name=\"twitter:data1\" content=\"ulqini\" \/>\n\t<meta name=\"twitter:label2\" content=\"Est. reading time\" \/>\n\t<meta name=\"twitter:data2\" content=\"2 minutes\" \/>\n<script type=\"application\/ld+json\" class=\"yoast-schema-graph\">{\"@context\":\"https:\/\/schema.org\",\"@graph\":[{\"@type\":\"WebSite\",\"@id\":\"https:\/\/www.visit-ulcinj.com\/blog\/#website\",\"url\":\"https:\/\/www.visit-ulcinj.com\/blog\/\",\"name\":\"Lajme nga Ulqini\",\"description\":\"Lajme,Vijesti,Ulqini,Ulqin,Crna Gora,Mali i Zi\",\"potentialAction\":[{\"@type\":\"SearchAction\",\"target\":{\"@type\":\"EntryPoint\",\"urlTemplate\":\"https:\/\/www.visit-ulcinj.com\/blog\/?s={search_term_string}\"},\"query-input\":\"required name=search_term_string\"}],\"inLanguage\":\"en-US\"},{\"@type\":\"ImageObject\",\"inLanguage\":\"en-US\",\"@id\":\"https:\/\/www.visit-ulcinj.com\/blog\/2012\/11\/13\/sinishtaj-leter-e-hapur-per-presidenten-e-kosoves\/#primaryimage\",\"url\":\"https:\/\/www.visit-ulcinj.com\/blog\/wp-content\/uploads\/2012\/11\/VASEL-SINISHTAJ-FORCA-PER-BASHKIM.jpg\",\"contentUrl\":\"https:\/\/www.visit-ulcinj.com\/blog\/wp-content\/uploads\/2012\/11\/VASEL-SINISHTAJ-FORCA-PER-BASHKIM.jpg\",\"width\":\"640\",\"height\":\"425\"},{\"@type\":\"WebPage\",\"@id\":\"https:\/\/www.visit-ulcinj.com\/blog\/2012\/11\/13\/sinishtaj-leter-e-hapur-per-presidenten-e-kosoves\/#webpage\",\"url\":\"https:\/\/www.visit-ulcinj.com\/blog\/2012\/11\/13\/sinishtaj-leter-e-hapur-per-presidenten-e-kosoves\/\",\"name\":\"Sinishtaj: Let\u00ebr e hapur p\u00ebr presidenten e Kosov\u00ebs - Lajme nga Ulqini\",\"isPartOf\":{\"@id\":\"https:\/\/www.visit-ulcinj.com\/blog\/#website\"},\"primaryImageOfPage\":{\"@id\":\"https:\/\/www.visit-ulcinj.com\/blog\/2012\/11\/13\/sinishtaj-leter-e-hapur-per-presidenten-e-kosoves\/#primaryimage\"},\"datePublished\":\"2012-11-13T19:09:53+00:00\",\"dateModified\":\"2012-11-13T19:12:01+00:00\",\"author\":{\"@id\":\"https:\/\/www.visit-ulcinj.com\/blog\/#\/schema\/person\/dcab619c614d3038751c63bc2aadc06d\"},\"description\":\"Iniciativa qytetare Tuz si pjes\u00eb e List\u00ebs zgjedhore \\\"Forca p\u00ebr bashkim\\\", respektivisht kandidati p\u00ebr deputet Vasel Sinishtaj i ka d\u00ebrguar nj\u00eb let\u00ebr t\u00eb\",\"breadcrumb\":{\"@id\":\"https:\/\/www.visit-ulcinj.com\/blog\/2012\/11\/13\/sinishtaj-leter-e-hapur-per-presidenten-e-kosoves\/#breadcrumb\"},\"inLanguage\":\"en-US\",\"potentialAction\":[{\"@type\":\"ReadAction\",\"target\":[\"https:\/\/www.visit-ulcinj.com\/blog\/2012\/11\/13\/sinishtaj-leter-e-hapur-per-presidenten-e-kosoves\/\"]}]},{\"@type\":\"BreadcrumbList\",\"@id\":\"https:\/\/www.visit-ulcinj.com\/blog\/2012\/11\/13\/sinishtaj-leter-e-hapur-per-presidenten-e-kosoves\/#breadcrumb\",\"itemListElement\":[{\"@type\":\"ListItem\",\"position\":1,\"name\":\"Sinishtaj: Let\u00ebr e hapur p\u00ebr presidenten e Kosov\u00ebs\"}]},{\"@type\":\"Person\",\"@id\":\"https:\/\/www.visit-ulcinj.com\/blog\/#\/schema\/person\/dcab619c614d3038751c63bc2aadc06d\",\"name\":\"ulqini\",\"sameAs\":[\"http:\/\/www.visit-ulcinj.com\"],\"url\":\"https:\/\/www.visit-ulcinj.com\/blog\/author\/admin\/\"}]}<\/script>\n<!-- \/ Yoast SEO plugin. -->","yoast_head_json":{"title":"Sinishtaj: Let\u00ebr e hapur p\u00ebr presidenten e Kosov\u00ebs - Lajme nga Ulqini","description":"Iniciativa qytetare Tuz si pjes\u00eb e List\u00ebs zgjedhore \"Forca p\u00ebr bashkim\", respektivisht kandidati p\u00ebr deputet Vasel Sinishtaj i ka d\u00ebrguar nj\u00eb let\u00ebr t\u00eb","robots":{"index":"index","follow":"follow","max-snippet":"max-snippet:-1","max-image-preview":"max-image-preview:large","max-video-preview":"max-video-preview:-1"},"canonical":"https:\/\/www.visit-ulcinj.com\/blog\/2012\/11\/13\/sinishtaj-leter-e-hapur-per-presidenten-e-kosoves\/","og_locale":"en_US","og_type":"article","og_title":"Sinishtaj: Let\u00ebr e hapur p\u00ebr presidenten e Kosov\u00ebs - Lajme nga Ulqini","og_description":"Iniciativa qytetare Tuz si pjes\u00eb e List\u00ebs zgjedhore \"Forca p\u00ebr bashkim\", respektivisht kandidati p\u00ebr deputet Vasel Sinishtaj i ka d\u00ebrguar nj\u00eb let\u00ebr t\u00eb","og_url":"https:\/\/www.visit-ulcinj.com\/blog\/2012\/11\/13\/sinishtaj-leter-e-hapur-per-presidenten-e-kosoves\/","og_site_name":"Lajme nga Ulqini","article_published_time":"2012-11-13T19:09:53+00:00","article_modified_time":"2012-11-13T19:12:01+00:00","og_image":[{"url":"http:\/\/www.visit-ulcinj.com\/blog\/wp-content\/uploads\/2012\/11\/VASEL-SINISHTAJ-FORCA-PER-BASHKIM.jpg"}],"twitter_misc":{"Written by":"ulqini","Est. reading time":"2 minutes"},"schema":{"@context":"https:\/\/schema.org","@graph":[{"@type":"WebSite","@id":"https:\/\/www.visit-ulcinj.com\/blog\/#website","url":"https:\/\/www.visit-ulcinj.com\/blog\/","name":"Lajme nga Ulqini","description":"Lajme,Vijesti,Ulqini,Ulqin,Crna Gora,Mali i Zi","potentialAction":[{"@type":"SearchAction","target":{"@type":"EntryPoint","urlTemplate":"https:\/\/www.visit-ulcinj.com\/blog\/?s={search_term_string}"},"query-input":"required name=search_term_string"}],"inLanguage":"en-US"},{"@type":"ImageObject","inLanguage":"en-US","@id":"https:\/\/www.visit-ulcinj.com\/blog\/2012\/11\/13\/sinishtaj-leter-e-hapur-per-presidenten-e-kosoves\/#primaryimage","url":"https:\/\/www.visit-ulcinj.com\/blog\/wp-content\/uploads\/2012\/11\/VASEL-SINISHTAJ-FORCA-PER-BASHKIM.jpg","contentUrl":"https:\/\/www.visit-ulcinj.com\/blog\/wp-content\/uploads\/2012\/11\/VASEL-SINISHTAJ-FORCA-PER-BASHKIM.jpg","width":"640","height":"425"},{"@type":"WebPage","@id":"https:\/\/www.visit-ulcinj.com\/blog\/2012\/11\/13\/sinishtaj-leter-e-hapur-per-presidenten-e-kosoves\/#webpage","url":"https:\/\/www.visit-ulcinj.com\/blog\/2012\/11\/13\/sinishtaj-leter-e-hapur-per-presidenten-e-kosoves\/","name":"Sinishtaj: Let\u00ebr e hapur p\u00ebr presidenten e Kosov\u00ebs - Lajme nga Ulqini","isPartOf":{"@id":"https:\/\/www.visit-ulcinj.com\/blog\/#website"},"primaryImageOfPage":{"@id":"https:\/\/www.visit-ulcinj.com\/blog\/2012\/11\/13\/sinishtaj-leter-e-hapur-per-presidenten-e-kosoves\/#primaryimage"},"datePublished":"2012-11-13T19:09:53+00:00","dateModified":"2012-11-13T19:12:01+00:00","author":{"@id":"https:\/\/www.visit-ulcinj.com\/blog\/#\/schema\/person\/dcab619c614d3038751c63bc2aadc06d"},"description":"Iniciativa qytetare Tuz si pjes\u00eb e List\u00ebs zgjedhore \"Forca p\u00ebr bashkim\", respektivisht kandidati p\u00ebr deputet Vasel Sinishtaj i ka d\u00ebrguar nj\u00eb let\u00ebr t\u00eb","breadcrumb":{"@id":"https:\/\/www.visit-ulcinj.com\/blog\/2012\/11\/13\/sinishtaj-leter-e-hapur-per-presidenten-e-kosoves\/#breadcrumb"},"inLanguage":"en-US","potentialAction":[{"@type":"ReadAction","target":["https:\/\/www.visit-ulcinj.com\/blog\/2012\/11\/13\/sinishtaj-leter-e-hapur-per-presidenten-e-kosoves\/"]}]},{"@type":"BreadcrumbList","@id":"https:\/\/www.visit-ulcinj.com\/blog\/2012\/11\/13\/sinishtaj-leter-e-hapur-per-presidenten-e-kosoves\/#breadcrumb","itemListElement":[{"@type":"ListItem","position":1,"name":"Sinishtaj: Let\u00ebr e hapur p\u00ebr presidenten e Kosov\u00ebs"}]},{"@type":"Person","@id":"https:\/\/www.visit-ulcinj.com\/blog\/#\/schema\/person\/dcab619c614d3038751c63bc2aadc06d","name":"ulqini","sameAs":["http:\/\/www.visit-ulcinj.com"],"url":"https:\/\/www.visit-ulcinj.com\/blog\/author\/admin\/"}]}},"jetpack_featured_media_url":"","jetpack_sharing_enabled":true,"jetpack_shortlink":"https:\/\/wp.me\/pe6lTn-h4Q","_links":{"self":[{"href":"https:\/\/www.visit-ulcinj.com\/blog\/wp-json\/wp\/v2\/posts\/65648"}],"collection":[{"href":"https:\/\/www.visit-ulcinj.com\/blog\/wp-json\/wp\/v2\/posts"}],"about":[{"href":"https:\/\/www.visit-ulcinj.com\/blog\/wp-json\/wp\/v2\/types\/post"}],"author":[{"embeddable":true,"href":"https:\/\/www.visit-ulcinj.com\/blog\/wp-json\/wp\/v2\/users\/1"}],"replies":[{"embeddable":true,"href":"https:\/\/www.visit-ulcinj.com\/blog\/wp-json\/wp\/v2\/comments?post=65648"}],"version-history":[{"count":2,"href":"https:\/\/www.visit-ulcinj.com\/blog\/wp-json\/wp\/v2\/posts\/65648\/revisions"}],"predecessor-version":[{"id":65651,"href":"https:\/\/www.visit-ulcinj.com\/blog\/wp-json\/wp\/v2\/posts\/65648\/revisions\/65651"}],"wp:attachment":[{"href":"https:\/\/www.visit-ulcinj.com\/blog\/wp-json\/wp\/v2\/media?parent=65648"}],"wp:term":[{"taxonomy":"category","embeddable":true,"href":"https:\/\/www.visit-ulcinj.com\/blog\/wp-json\/wp\/v2\/categories?post=65648"},{"taxonomy":"post_tag","embeddable":true,"href":"https:\/\/www.visit-ulcinj.com\/blog\/wp-json\/wp\/v2\/tags?post=65648"}],"curies":[{"name":"wp","href":"https:\/\/api.w.org\/{rel}","templated":true}]}}