{"id":65684,"date":"2012-11-14T14:22:34","date_gmt":"2012-11-14T13:22:34","guid":{"rendered":"http:\/\/www.visit-ulcinj.com\/blog\/?p=65684"},"modified":"2012-11-14T14:39:50","modified_gmt":"2012-11-14T13:39:50","slug":"a-do-te-jete-muhamed-kollari-fituesi-i-x-factor-albania2012","status":"publish","type":"post","link":"https:\/\/www.visit-ulcinj.com\/blog\/2012\/11\/14\/a-do-te-jete-muhamed-kollari-fituesi-i-x-factor-albania2012\/","title":{"rendered":"A do t\u00eb jet\u00eb Muhamed Kollari fituesi i \u201cX factor Albania\u201d2012"},"content":{"rendered":"<p><a href=\"http:\/\/www.visit-ulcinj.com\/blog\/wp-content\/uploads\/2012\/11\/Muhamed-Kollari-n\u00eb-X-faktor-Albania-2012.jpg\"><img loading=\"lazy\" class=\"alignleft  wp-image-65685\" title=\"Muhamed Kollari n\u00eb X faktor Albania 2012\" src=\"http:\/\/www.visit-ulcinj.com\/blog\/wp-content\/uploads\/2012\/11\/Muhamed-Kollari-n\u00eb-X-faktor-Albania-2012.jpg\" alt=\"\" width=\"508\" height=\"365\" \/><\/a>Muhamed Kollari mere pjes\u00eb ne reality-show te formatit boteror, \u201cX-Factor\u201d2012, ku brenda nje periudhe disa vje\u00e7are jan\u00eb zbuluar \u00a0shume talente muzikore nga Ulqini. Per mungese te nje licence, keto talente jan\u00eb detyruar qe aftesite e tyre t`i sprovojne ne spektakle televizive te organizuara ne Shqiperi, Kosov\u00eb, Bosnje- Hercegovine apo ne te \u201clive-show\u201d Let ka zvijezdama,produkcion i Radio Televizionit t\u00eb Malit t\u00eb Zi.<br \/>\nNj\u00ebri nd\u00ebr k\u00ebto konkures esht\u00eb edhe Muhamed Kollari.<br \/>\nKu ai nder me shume se 5000 konkurente, me ne fund u fut\u00eb ne listen e 30 konkurrenteve me te mire te <a href=\"https:\/\/www.facebook.com\/pages\/X-FACTOR-ALBANIA\/290917384255753\" data-hovercard=\"\/ajax\/hovercard\/page.php?id=290917384255753\">X FACTOR ALBANIA<\/a>.<br \/>\nMuhamed Kollarit i foli vet z\u00ebri k\u00ebtij\u00eb \u00a0ulqinakut p\u00ebr t\u00eb marr\u00eb kat\u00ebr p\u00ebrgjigje pozitive nga ana e Juris\u00eb, e cila perbehet nga skenaristi dhe prezantuesi \u00a0Pandi Laco, si dhe kengetaret Soni Malaj, Alban Skenderaj dhe Altuna Sejdiu. Ne kete menyre ai ka kaluar ne fazen e trete \u201cBoot camp\u201d te ketij spektakli i cili realizohet nga Televizioni \u201cKlan\u201d.<\/p>\n<p>Konkurent\u00ebt ndahen n\u00eb 4 kategori:<\/p>\n<p>15 \u201325 djem<\/p>\n<p>15 \u2013 25 vajza<\/p>\n<p>Mbi 25 vjec<\/p>\n<p>Grupe<\/p>\n<p>X Factor ka 5 faza:<\/p>\n<p>Faza 1: Audicioni i Producenteve (Ky audicion vendos kush do t\u00eb k\u00ebndoj p\u00ebrpara panelit t\u00eb juris\u00eb).<\/p>\n<p>Faza 2: Audicionet me anetar\u00ebt e juris\u00eb<\/p>\n<p>Faza 3: Boot camp<\/p>\n<p>Faza 4: Vizita n\u00eb shtepit\u00eb e antar\u00ebve t\u00eb juris\u00eb<\/p>\n<p>Faza 5: Live sho\u00ebs (finalet)<\/p>\n<p>X Factor \u00ebsht\u00eb nj\u00eb format i krijuar nga Simon Co\u00ebell me kompanine &#8220;Syco&#8221;, partnere e gjigandes &#8220;FremantleMedia&#8221;.<br \/>\n<iframe loading=\"lazy\" src=\"http:\/\/www.youtube.com\/embed\/LFFr-7F6DGI?rel=0\" frameborder=\"0\" width=\"508\" height=\"360\"><\/iframe><\/p>\n","protected":false},"excerpt":{"rendered":"<p>Muhamed Kollari mere pjes\u00eb ne reality-show te formatit boteror, \u201cX-Factor\u201d2012, ku brenda nje periudhe disa vje\u00e7are jan\u00eb zbuluar \u00a0shume talente muzikore nga Ulqini. Per mungese te nje licence, keto talente jan\u00eb detyruar qe aftesite e tyre t`i sprovojne ne spektakle televizive te organizuara ne Shqiperi, Kosov\u00eb, Bosnje- Hercegovine apo ne te \u201clive-show\u201d Let ka zvijezdama,produkcion [&hellip;]<\/p>\n","protected":false},"author":1,"featured_media":0,"comment_status":"open","ping_status":"closed","sticky":false,"template":"","format":"standard","meta":{"spay_email":"","jetpack_publicize_message":"","jetpack_is_tweetstorm":false,"jetpack_publicize_feature_enabled":true},"categories":[1],"tags":[5057,6506,19677,19806,16036,19514,20026,14242,19511,19513,6693,4684,21460,19460,21459,21461],"jetpack_publicize_connections":[],"yoast_head":"<!-- This site is optimized with the Yoast SEO plugin v19.1 - https:\/\/yoast.com\/wordpress\/plugins\/seo\/ -->\n<title>A do t\u00eb jet\u00eb Muhamed Kollari fituesi i \u201cX factor Albania\u201d2012 - Lajme nga Ulqini<\/title>\n<meta name=\"description\" content=\"Muhamed Kollari mere pjes\u00eb ne reality-show te formatit boteror, \u201cX-Factor\u201d2012, ku brenda nje periudhe disa vje\u00e7are jan\u00eb zbuluar \u00a0shume talente muzikore\" \/>\n<meta name=\"robots\" content=\"index, follow, max-snippet:-1, max-image-preview:large, max-video-preview:-1\" \/>\n<link rel=\"canonical\" href=\"https:\/\/www.visit-ulcinj.com\/blog\/2012\/11\/14\/a-do-te-jete-muhamed-kollari-fituesi-i-x-factor-albania2012\/\" \/>\n<meta property=\"og:locale\" content=\"en_US\" \/>\n<meta property=\"og:type\" content=\"article\" \/>\n<meta property=\"og:title\" content=\"A do t\u00eb jet\u00eb Muhamed Kollari fituesi i \u201cX factor Albania\u201d2012 - Lajme nga Ulqini\" \/>\n<meta property=\"og:description\" content=\"Muhamed Kollari mere pjes\u00eb ne reality-show te formatit boteror, \u201cX-Factor\u201d2012, ku brenda nje periudhe disa vje\u00e7are jan\u00eb zbuluar \u00a0shume talente muzikore\" \/>\n<meta property=\"og:url\" content=\"https:\/\/www.visit-ulcinj.com\/blog\/2012\/11\/14\/a-do-te-jete-muhamed-kollari-fituesi-i-x-factor-albania2012\/\" \/>\n<meta property=\"og:site_name\" content=\"Lajme nga Ulqini\" \/>\n<meta property=\"article:published_time\" content=\"2012-11-14T13:22:34+00:00\" \/>\n<meta property=\"article:modified_time\" content=\"2012-11-14T13:39:50+00:00\" \/>\n<meta name=\"twitter:label1\" content=\"Written by\" \/>\n\t<meta name=\"twitter:data1\" content=\"ulqini\" \/>\n\t<meta name=\"twitter:label2\" content=\"Est. reading time\" \/>\n\t<meta name=\"twitter:data2\" content=\"1 minute\" \/>\n<script type=\"application\/ld+json\" class=\"yoast-schema-graph\">{\"@context\":\"https:\/\/schema.org\",\"@graph\":[{\"@type\":\"WebSite\",\"@id\":\"https:\/\/www.visit-ulcinj.com\/blog\/#website\",\"url\":\"https:\/\/www.visit-ulcinj.com\/blog\/\",\"name\":\"Lajme nga Ulqini\",\"description\":\"Lajme,Vijesti,Ulqini,Ulqin,Crna Gora,Mali i Zi\",\"potentialAction\":[{\"@type\":\"SearchAction\",\"target\":{\"@type\":\"EntryPoint\",\"urlTemplate\":\"https:\/\/www.visit-ulcinj.com\/blog\/?s={search_term_string}\"},\"query-input\":\"required name=search_term_string\"}],\"inLanguage\":\"en-US\"},{\"@type\":\"WebPage\",\"@id\":\"https:\/\/www.visit-ulcinj.com\/blog\/2012\/11\/14\/a-do-te-jete-muhamed-kollari-fituesi-i-x-factor-albania2012\/#webpage\",\"url\":\"https:\/\/www.visit-ulcinj.com\/blog\/2012\/11\/14\/a-do-te-jete-muhamed-kollari-fituesi-i-x-factor-albania2012\/\",\"name\":\"A do t\u00eb jet\u00eb Muhamed Kollari fituesi i \u201cX factor Albania\u201d2012 - Lajme nga Ulqini\",\"isPartOf\":{\"@id\":\"https:\/\/www.visit-ulcinj.com\/blog\/#website\"},\"datePublished\":\"2012-11-14T13:22:34+00:00\",\"dateModified\":\"2012-11-14T13:39:50+00:00\",\"author\":{\"@id\":\"https:\/\/www.visit-ulcinj.com\/blog\/#\/schema\/person\/dcab619c614d3038751c63bc2aadc06d\"},\"description\":\"Muhamed Kollari mere pjes\u00eb ne reality-show te formatit boteror, \u201cX-Factor\u201d2012, ku brenda nje periudhe disa vje\u00e7are jan\u00eb zbuluar \u00a0shume talente muzikore\",\"breadcrumb\":{\"@id\":\"https:\/\/www.visit-ulcinj.com\/blog\/2012\/11\/14\/a-do-te-jete-muhamed-kollari-fituesi-i-x-factor-albania2012\/#breadcrumb\"},\"inLanguage\":\"en-US\",\"potentialAction\":[{\"@type\":\"ReadAction\",\"target\":[\"https:\/\/www.visit-ulcinj.com\/blog\/2012\/11\/14\/a-do-te-jete-muhamed-kollari-fituesi-i-x-factor-albania2012\/\"]}]},{\"@type\":\"BreadcrumbList\",\"@id\":\"https:\/\/www.visit-ulcinj.com\/blog\/2012\/11\/14\/a-do-te-jete-muhamed-kollari-fituesi-i-x-factor-albania2012\/#breadcrumb\",\"itemListElement\":[{\"@type\":\"ListItem\",\"position\":1,\"name\":\"A do t\u00eb jet\u00eb Muhamed Kollari fituesi i \u201cX factor Albania\u201d2012\"}]},{\"@type\":\"Person\",\"@id\":\"https:\/\/www.visit-ulcinj.com\/blog\/#\/schema\/person\/dcab619c614d3038751c63bc2aadc06d\",\"name\":\"ulqini\",\"sameAs\":[\"http:\/\/www.visit-ulcinj.com\"],\"url\":\"https:\/\/www.visit-ulcinj.com\/blog\/author\/admin\/\"}]}<\/script>\n<!-- \/ Yoast SEO plugin. -->","yoast_head_json":{"title":"A do t\u00eb jet\u00eb Muhamed Kollari fituesi i \u201cX factor Albania\u201d2012 - Lajme nga Ulqini","description":"Muhamed Kollari mere pjes\u00eb ne reality-show te formatit boteror, \u201cX-Factor\u201d2012, ku brenda nje periudhe disa vje\u00e7are jan\u00eb zbuluar \u00a0shume talente muzikore","robots":{"index":"index","follow":"follow","max-snippet":"max-snippet:-1","max-image-preview":"max-image-preview:large","max-video-preview":"max-video-preview:-1"},"canonical":"https:\/\/www.visit-ulcinj.com\/blog\/2012\/11\/14\/a-do-te-jete-muhamed-kollari-fituesi-i-x-factor-albania2012\/","og_locale":"en_US","og_type":"article","og_title":"A do t\u00eb jet\u00eb Muhamed Kollari fituesi i \u201cX factor Albania\u201d2012 - Lajme nga Ulqini","og_description":"Muhamed Kollari mere pjes\u00eb ne reality-show te formatit boteror, \u201cX-Factor\u201d2012, ku brenda nje periudhe disa vje\u00e7are jan\u00eb zbuluar \u00a0shume talente muzikore","og_url":"https:\/\/www.visit-ulcinj.com\/blog\/2012\/11\/14\/a-do-te-jete-muhamed-kollari-fituesi-i-x-factor-albania2012\/","og_site_name":"Lajme nga Ulqini","article_published_time":"2012-11-14T13:22:34+00:00","article_modified_time":"2012-11-14T13:39:50+00:00","twitter_misc":{"Written by":"ulqini","Est. reading time":"1 minute"},"schema":{"@context":"https:\/\/schema.org","@graph":[{"@type":"WebSite","@id":"https:\/\/www.visit-ulcinj.com\/blog\/#website","url":"https:\/\/www.visit-ulcinj.com\/blog\/","name":"Lajme nga Ulqini","description":"Lajme,Vijesti,Ulqini,Ulqin,Crna Gora,Mali i Zi","potentialAction":[{"@type":"SearchAction","target":{"@type":"EntryPoint","urlTemplate":"https:\/\/www.visit-ulcinj.com\/blog\/?s={search_term_string}"},"query-input":"required name=search_term_string"}],"inLanguage":"en-US"},{"@type":"WebPage","@id":"https:\/\/www.visit-ulcinj.com\/blog\/2012\/11\/14\/a-do-te-jete-muhamed-kollari-fituesi-i-x-factor-albania2012\/#webpage","url":"https:\/\/www.visit-ulcinj.com\/blog\/2012\/11\/14\/a-do-te-jete-muhamed-kollari-fituesi-i-x-factor-albania2012\/","name":"A do t\u00eb jet\u00eb Muhamed Kollari fituesi i \u201cX factor Albania\u201d2012 - Lajme nga Ulqini","isPartOf":{"@id":"https:\/\/www.visit-ulcinj.com\/blog\/#website"},"datePublished":"2012-11-14T13:22:34+00:00","dateModified":"2012-11-14T13:39:50+00:00","author":{"@id":"https:\/\/www.visit-ulcinj.com\/blog\/#\/schema\/person\/dcab619c614d3038751c63bc2aadc06d"},"description":"Muhamed Kollari mere pjes\u00eb ne reality-show te formatit boteror, \u201cX-Factor\u201d2012, ku brenda nje periudhe disa vje\u00e7are jan\u00eb zbuluar \u00a0shume talente muzikore","breadcrumb":{"@id":"https:\/\/www.visit-ulcinj.com\/blog\/2012\/11\/14\/a-do-te-jete-muhamed-kollari-fituesi-i-x-factor-albania2012\/#breadcrumb"},"inLanguage":"en-US","potentialAction":[{"@type":"ReadAction","target":["https:\/\/www.visit-ulcinj.com\/blog\/2012\/11\/14\/a-do-te-jete-muhamed-kollari-fituesi-i-x-factor-albania2012\/"]}]},{"@type":"BreadcrumbList","@id":"https:\/\/www.visit-ulcinj.com\/blog\/2012\/11\/14\/a-do-te-jete-muhamed-kollari-fituesi-i-x-factor-albania2012\/#breadcrumb","itemListElement":[{"@type":"ListItem","position":1,"name":"A do t\u00eb jet\u00eb Muhamed Kollari fituesi i \u201cX factor Albania\u201d2012"}]},{"@type":"Person","@id":"https:\/\/www.visit-ulcinj.com\/blog\/#\/schema\/person\/dcab619c614d3038751c63bc2aadc06d","name":"ulqini","sameAs":["http:\/\/www.visit-ulcinj.com"],"url":"https:\/\/www.visit-ulcinj.com\/blog\/author\/admin\/"}]}},"jetpack_featured_media_url":"","jetpack_sharing_enabled":true,"jetpack_shortlink":"https:\/\/wp.me\/pe6lTn-h5q","_links":{"self":[{"href":"https:\/\/www.visit-ulcinj.com\/blog\/wp-json\/wp\/v2\/posts\/65684"}],"collection":[{"href":"https:\/\/www.visit-ulcinj.com\/blog\/wp-json\/wp\/v2\/posts"}],"about":[{"href":"https:\/\/www.visit-ulcinj.com\/blog\/wp-json\/wp\/v2\/types\/post"}],"author":[{"embeddable":true,"href":"https:\/\/www.visit-ulcinj.com\/blog\/wp-json\/wp\/v2\/users\/1"}],"replies":[{"embeddable":true,"href":"https:\/\/www.visit-ulcinj.com\/blog\/wp-json\/wp\/v2\/comments?post=65684"}],"version-history":[{"count":5,"href":"https:\/\/www.visit-ulcinj.com\/blog\/wp-json\/wp\/v2\/posts\/65684\/revisions"}],"predecessor-version":[{"id":65689,"href":"https:\/\/www.visit-ulcinj.com\/blog\/wp-json\/wp\/v2\/posts\/65684\/revisions\/65689"}],"wp:attachment":[{"href":"https:\/\/www.visit-ulcinj.com\/blog\/wp-json\/wp\/v2\/media?parent=65684"}],"wp:term":[{"taxonomy":"category","embeddable":true,"href":"https:\/\/www.visit-ulcinj.com\/blog\/wp-json\/wp\/v2\/categories?post=65684"},{"taxonomy":"post_tag","embeddable":true,"href":"https:\/\/www.visit-ulcinj.com\/blog\/wp-json\/wp\/v2\/tags?post=65684"}],"curies":[{"name":"wp","href":"https:\/\/api.w.org\/{rel}","templated":true}]}}