{"id":65694,"date":"2012-11-14T15:00:06","date_gmt":"2012-11-14T14:00:06","guid":{"rendered":"http:\/\/www.visit-ulcinj.com\/blog\/?p=65694"},"modified":"2012-11-14T15:00:06","modified_gmt":"2012-11-14T14:00:06","slug":"62-drv-jahrestagung-15-bis-17-november-in-der-region-budva","status":"publish","type":"post","link":"https:\/\/www.visit-ulcinj.com\/blog\/2012\/11\/14\/62-drv-jahrestagung-15-bis-17-november-in-der-region-budva\/","title":{"rendered":"62. DRV-Jahrestagung: 15. bis 17. November in der Region Budva"},"content":{"rendered":"<p><a href=\"http:\/\/www.visit-ulcinj.com\/blog\/wp-content\/uploads\/2012\/11\/Deutscher-ReiseVerband-in-Montenegro.jpg\"><img loading=\"lazy\" class=\"alignleft size-full wp-image-65695\" title=\"Deutscher ReiseVerband in Montenegro\" src=\"http:\/\/www.visit-ulcinj.com\/blog\/wp-content\/uploads\/2012\/11\/Deutscher-ReiseVerband-in-Montenegro.jpg\" alt=\"\" width=\"300\" height=\"200\" \/><\/a>Erstmals seit seinem Bestehen wird der Deutsche ReiseVerband (DRV) mit seiner Jahrestagung zu Gast in Montenegro sein: Vom 15. bis 17. November 2012 werden sich Vertreter der deutschen Tourismusbranche in der Region Budva an der Adriak\u00fcste zur 62. DRV-Jahrestagung treffen.<\/p>\n<p>F\u00fcr das seit 2006 unabh\u00e4ngige Land Montenegro ist der Tourismus der wichtigste Wirtschaftszweig. Im Jahr 2011 besuchten rund 35.000 deutsche G\u00e4ste das Land an der Adriak\u00fcste, 2010 waren es \u00fcber 25.000. In Montenegro, das fl\u00e4chenm\u00e4\u00dfig etwa so gro\u00df wie Schleswig-Holstein ist, werden mehr als ein F\u00fcnftel der Staatseinnahmen im Tourismus erwirtschaftet. Bereits jeder f\u00fcnfte Arbeitsplatz dort ist in der heimischen Tourismuswirtschaft angesiedelt \u2013Tendenz steigend.<\/p>\n<p>\u201eAls ein wichtiger Partner der montenegrinischen Tourismusbranche wollen wir dazu beitragen, das Land mit seinen nat\u00fcrlichen und kulturellen Sch\u00e4tzen in Deutschland noch bekannter zu machen\u201c, betonte J\u00fcrgen B\u00fcchy, DRV- Pr\u00e4sident.<\/p>\n<div>\n<div>\n<h2><a href=\"http:\/\/www.visit-ulcinj.com\/blog\/wp-content\/uploads\/2012\/11\/Montenegro-Vacanze-UlcinjCase-VacanzeViaggio-in-Montenegro.gif\"><img loading=\"lazy\" class=\"alignleft size-full wp-image-65696\" title=\"Montenegro Vacanze Ulcinj,Case Vacanze,Viaggio in Montenegro\" src=\"http:\/\/www.visit-ulcinj.com\/blog\/wp-content\/uploads\/2012\/11\/Montenegro-Vacanze-UlcinjCase-VacanzeViaggio-in-Montenegro.gif\" alt=\"\" width=\"300\" height=\"331\" srcset=\"https:\/\/www.visit-ulcinj.com\/blog\/wp-content\/uploads\/2012\/11\/Montenegro-Vacanze-UlcinjCase-VacanzeViaggio-in-Montenegro.gif 300w, https:\/\/www.visit-ulcinj.com\/blog\/wp-content\/uploads\/2012\/11\/Montenegro-Vacanze-UlcinjCase-VacanzeViaggio-in-Montenegro-271x300.gif 271w\" sizes=\"(max-width: 300px) 100vw, 300px\" \/><\/a>Montenegro hat viel zu bieten<\/h2>\n<\/div>\n<div>\n<div><\/div>\n<div>\n<p>Knapp 300 Kilometer K\u00fcste, schroffe Gebirgslandschaften mit \u00fcber 2.500 Meter hohen Bergen, ein rund 6.000 Kilometer langes Rad- und Wanderwegenetz sowie f\u00fcnf Nationalparks. Die Tourismusverantwortlichen Montenegros setzen bei der Entwicklung des Landes auf Nachhaltigkeit. Naturschutz und nachhaltige Entwicklung haben dort seit 1991 Verfassungsrang. Eine \u201eNationale Strategie zur nachhaltigen Entwicklung\u201c, ein Umweltgesetz und ein Tourismusmasterplan \u2013 vorerst bis 2020 \u2013 geben die konkreten Ziele vor. Unterst\u00fctzt wird das Land dabei von mehreren Nationen und Organisationen, wie zum Beispiel der Deutschen Gesellschaft f\u00fcr Internationale Zusammenarbeit (GIZ).<\/p>\n<p>Im Rahmen einer Qualit\u00e4tsoffensive hat sich Montenegro die Schaffung eines breiten touristischen Angebotsspektrums zum Ziel gesetzt, zu dem auch gehobene bis luxuri\u00f6se Hotels und Ferienanlagen z\u00e4hlen. Im Jahr 2010 wurden dreizehn kleine, luxuri\u00f6se Boutique-Hotels mit 500 zus\u00e4tzlichen Betten geschaffen. Insgesamt 19 Str\u00e4nde erhielten im Jahr 2010 die begehrte blaue Flagge, eine \u00d6kokennzeichnung f\u00fcr hohe Badewasserqualit\u00e4t. Ferner soll das Land nicht nur als Ganzjahresziel f\u00fcr anspruchsvolle Individualisten, sondern auch als attraktive Destination f\u00fcr Kongresse und Messen positioniert werden. Mit zus\u00e4tzlichen Flugverbindungen, darunter Direktfl\u00fcgen nach Tivat und Podgorica, wird die Anreise f\u00fcr G\u00e4ste aus Deutschland weiter verbessert. Auch wenn Montenegro noch kein EU-Mitglied ist, so ist die W\u00e4hrung seit Jahren der Euro.<\/p>\n<p><strong>Source: Deutscher ReiseVerband<\/strong><\/p>\n<p><iframe loading=\"lazy\" width=\"508\" height=\"360\" src=\"http:\/\/www.youtube.com\/embed\/1ksQfRNPDY0?rel=0\" frameborder=\"0\" allowfullscreen><\/iframe><\/p>\n","protected":false},"excerpt":{"rendered":"<p>Erstmals seit seinem Bestehen wird der Deutsche ReiseVerband (DRV) mit seiner Jahrestagung zu Gast in Montenegro sein: Vom 15. bis 17. November 2012 werden sich Vertreter der deutschen Tourismusbranche in der Region Budva an der Adriak\u00fcste zur 62. DRV-Jahrestagung treffen. F\u00fcr das seit 2006 unabh\u00e4ngige Land Montenegro ist der Tourismus der wichtigste Wirtschaftszweig. Im Jahr [&hellip;]<\/p>\n","protected":false},"author":1,"featured_media":0,"comment_status":"open","ping_status":"closed","sticky":false,"template":"","format":"standard","meta":{"spay_email":"","jetpack_publicize_message":"","jetpack_is_tweetstorm":false,"jetpack_publicize_feature_enabled":true},"categories":[7],"tags":[21,79,12027,19],"jetpack_publicize_connections":[],"yoast_head":"<!-- This site is optimized with the Yoast SEO plugin v19.1 - https:\/\/yoast.com\/wordpress\/plugins\/seo\/ -->\n<title>62. DRV-Jahrestagung: 15. bis 17. November in der Region Budva - Lajme nga Ulqini<\/title>\n<meta name=\"description\" content=\"Erstmals seit seinem Bestehen wird der Deutsche ReiseVerband (DRV) mit seiner Jahrestagung zu Gast in Montenegro sein: Vom 15. bis 17. November 2012\" \/>\n<meta name=\"robots\" content=\"index, follow, max-snippet:-1, max-image-preview:large, max-video-preview:-1\" \/>\n<link rel=\"canonical\" href=\"https:\/\/www.visit-ulcinj.com\/blog\/2012\/11\/14\/62-drv-jahrestagung-15-bis-17-november-in-der-region-budva\/\" \/>\n<meta property=\"og:locale\" content=\"en_US\" \/>\n<meta property=\"og:type\" content=\"article\" \/>\n<meta property=\"og:title\" content=\"62. DRV-Jahrestagung: 15. bis 17. November in der Region Budva - Lajme nga Ulqini\" \/>\n<meta property=\"og:description\" content=\"Erstmals seit seinem Bestehen wird der Deutsche ReiseVerband (DRV) mit seiner Jahrestagung zu Gast in Montenegro sein: Vom 15. bis 17. November 2012\" \/>\n<meta property=\"og:url\" content=\"https:\/\/www.visit-ulcinj.com\/blog\/2012\/11\/14\/62-drv-jahrestagung-15-bis-17-november-in-der-region-budva\/\" \/>\n<meta property=\"og:site_name\" content=\"Lajme nga Ulqini\" \/>\n<meta property=\"article:published_time\" content=\"2012-11-14T14:00:06+00:00\" \/>\n<meta property=\"og:image\" content=\"http:\/\/www.visit-ulcinj.com\/blog\/wp-content\/uploads\/2012\/11\/Deutscher-ReiseVerband-in-Montenegro.jpg\" \/>\n<meta name=\"twitter:label1\" content=\"Written by\" \/>\n\t<meta name=\"twitter:data1\" content=\"ulqini\" \/>\n\t<meta name=\"twitter:label2\" content=\"Est. reading time\" \/>\n\t<meta name=\"twitter:data2\" content=\"2 minutes\" \/>\n<script type=\"application\/ld+json\" class=\"yoast-schema-graph\">{\"@context\":\"https:\/\/schema.org\",\"@graph\":[{\"@type\":\"WebSite\",\"@id\":\"https:\/\/www.visit-ulcinj.com\/blog\/#website\",\"url\":\"https:\/\/www.visit-ulcinj.com\/blog\/\",\"name\":\"Lajme nga Ulqini\",\"description\":\"Lajme,Vijesti,Ulqini,Ulqin,Crna Gora,Mali i Zi\",\"potentialAction\":[{\"@type\":\"SearchAction\",\"target\":{\"@type\":\"EntryPoint\",\"urlTemplate\":\"https:\/\/www.visit-ulcinj.com\/blog\/?s={search_term_string}\"},\"query-input\":\"required name=search_term_string\"}],\"inLanguage\":\"en-US\"},{\"@type\":\"ImageObject\",\"inLanguage\":\"en-US\",\"@id\":\"https:\/\/www.visit-ulcinj.com\/blog\/2012\/11\/14\/62-drv-jahrestagung-15-bis-17-november-in-der-region-budva\/#primaryimage\",\"url\":\"https:\/\/www.visit-ulcinj.com\/blog\/wp-content\/uploads\/2012\/11\/Deutscher-ReiseVerband-in-Montenegro.jpg\",\"contentUrl\":\"https:\/\/www.visit-ulcinj.com\/blog\/wp-content\/uploads\/2012\/11\/Deutscher-ReiseVerband-in-Montenegro.jpg\",\"width\":\"300\",\"height\":\"200\"},{\"@type\":\"WebPage\",\"@id\":\"https:\/\/www.visit-ulcinj.com\/blog\/2012\/11\/14\/62-drv-jahrestagung-15-bis-17-november-in-der-region-budva\/#webpage\",\"url\":\"https:\/\/www.visit-ulcinj.com\/blog\/2012\/11\/14\/62-drv-jahrestagung-15-bis-17-november-in-der-region-budva\/\",\"name\":\"62. DRV-Jahrestagung: 15. bis 17. November in der Region Budva - Lajme nga Ulqini\",\"isPartOf\":{\"@id\":\"https:\/\/www.visit-ulcinj.com\/blog\/#website\"},\"primaryImageOfPage\":{\"@id\":\"https:\/\/www.visit-ulcinj.com\/blog\/2012\/11\/14\/62-drv-jahrestagung-15-bis-17-november-in-der-region-budva\/#primaryimage\"},\"datePublished\":\"2012-11-14T14:00:06+00:00\",\"dateModified\":\"2012-11-14T14:00:06+00:00\",\"author\":{\"@id\":\"https:\/\/www.visit-ulcinj.com\/blog\/#\/schema\/person\/dcab619c614d3038751c63bc2aadc06d\"},\"description\":\"Erstmals seit seinem Bestehen wird der Deutsche ReiseVerband (DRV) mit seiner Jahrestagung zu Gast in Montenegro sein: Vom 15. bis 17. November 2012\",\"breadcrumb\":{\"@id\":\"https:\/\/www.visit-ulcinj.com\/blog\/2012\/11\/14\/62-drv-jahrestagung-15-bis-17-november-in-der-region-budva\/#breadcrumb\"},\"inLanguage\":\"en-US\",\"potentialAction\":[{\"@type\":\"ReadAction\",\"target\":[\"https:\/\/www.visit-ulcinj.com\/blog\/2012\/11\/14\/62-drv-jahrestagung-15-bis-17-november-in-der-region-budva\/\"]}]},{\"@type\":\"BreadcrumbList\",\"@id\":\"https:\/\/www.visit-ulcinj.com\/blog\/2012\/11\/14\/62-drv-jahrestagung-15-bis-17-november-in-der-region-budva\/#breadcrumb\",\"itemListElement\":[{\"@type\":\"ListItem\",\"position\":1,\"name\":\"62. DRV-Jahrestagung: 15. bis 17. November in der Region Budva\"}]},{\"@type\":\"Person\",\"@id\":\"https:\/\/www.visit-ulcinj.com\/blog\/#\/schema\/person\/dcab619c614d3038751c63bc2aadc06d\",\"name\":\"ulqini\",\"sameAs\":[\"http:\/\/www.visit-ulcinj.com\"],\"url\":\"https:\/\/www.visit-ulcinj.com\/blog\/author\/admin\/\"}]}<\/script>\n<!-- \/ Yoast SEO plugin. -->","yoast_head_json":{"title":"62. DRV-Jahrestagung: 15. bis 17. November in der Region Budva - Lajme nga Ulqini","description":"Erstmals seit seinem Bestehen wird der Deutsche ReiseVerband (DRV) mit seiner Jahrestagung zu Gast in Montenegro sein: Vom 15. bis 17. November 2012","robots":{"index":"index","follow":"follow","max-snippet":"max-snippet:-1","max-image-preview":"max-image-preview:large","max-video-preview":"max-video-preview:-1"},"canonical":"https:\/\/www.visit-ulcinj.com\/blog\/2012\/11\/14\/62-drv-jahrestagung-15-bis-17-november-in-der-region-budva\/","og_locale":"en_US","og_type":"article","og_title":"62. DRV-Jahrestagung: 15. bis 17. November in der Region Budva - Lajme nga Ulqini","og_description":"Erstmals seit seinem Bestehen wird der Deutsche ReiseVerband (DRV) mit seiner Jahrestagung zu Gast in Montenegro sein: Vom 15. bis 17. November 2012","og_url":"https:\/\/www.visit-ulcinj.com\/blog\/2012\/11\/14\/62-drv-jahrestagung-15-bis-17-november-in-der-region-budva\/","og_site_name":"Lajme nga Ulqini","article_published_time":"2012-11-14T14:00:06+00:00","og_image":[{"url":"http:\/\/www.visit-ulcinj.com\/blog\/wp-content\/uploads\/2012\/11\/Deutscher-ReiseVerband-in-Montenegro.jpg"}],"twitter_misc":{"Written by":"ulqini","Est. reading time":"2 minutes"},"schema":{"@context":"https:\/\/schema.org","@graph":[{"@type":"WebSite","@id":"https:\/\/www.visit-ulcinj.com\/blog\/#website","url":"https:\/\/www.visit-ulcinj.com\/blog\/","name":"Lajme nga Ulqini","description":"Lajme,Vijesti,Ulqini,Ulqin,Crna Gora,Mali i Zi","potentialAction":[{"@type":"SearchAction","target":{"@type":"EntryPoint","urlTemplate":"https:\/\/www.visit-ulcinj.com\/blog\/?s={search_term_string}"},"query-input":"required name=search_term_string"}],"inLanguage":"en-US"},{"@type":"ImageObject","inLanguage":"en-US","@id":"https:\/\/www.visit-ulcinj.com\/blog\/2012\/11\/14\/62-drv-jahrestagung-15-bis-17-november-in-der-region-budva\/#primaryimage","url":"https:\/\/www.visit-ulcinj.com\/blog\/wp-content\/uploads\/2012\/11\/Deutscher-ReiseVerband-in-Montenegro.jpg","contentUrl":"https:\/\/www.visit-ulcinj.com\/blog\/wp-content\/uploads\/2012\/11\/Deutscher-ReiseVerband-in-Montenegro.jpg","width":"300","height":"200"},{"@type":"WebPage","@id":"https:\/\/www.visit-ulcinj.com\/blog\/2012\/11\/14\/62-drv-jahrestagung-15-bis-17-november-in-der-region-budva\/#webpage","url":"https:\/\/www.visit-ulcinj.com\/blog\/2012\/11\/14\/62-drv-jahrestagung-15-bis-17-november-in-der-region-budva\/","name":"62. DRV-Jahrestagung: 15. bis 17. November in der Region Budva - Lajme nga Ulqini","isPartOf":{"@id":"https:\/\/www.visit-ulcinj.com\/blog\/#website"},"primaryImageOfPage":{"@id":"https:\/\/www.visit-ulcinj.com\/blog\/2012\/11\/14\/62-drv-jahrestagung-15-bis-17-november-in-der-region-budva\/#primaryimage"},"datePublished":"2012-11-14T14:00:06+00:00","dateModified":"2012-11-14T14:00:06+00:00","author":{"@id":"https:\/\/www.visit-ulcinj.com\/blog\/#\/schema\/person\/dcab619c614d3038751c63bc2aadc06d"},"description":"Erstmals seit seinem Bestehen wird der Deutsche ReiseVerband (DRV) mit seiner Jahrestagung zu Gast in Montenegro sein: Vom 15. bis 17. November 2012","breadcrumb":{"@id":"https:\/\/www.visit-ulcinj.com\/blog\/2012\/11\/14\/62-drv-jahrestagung-15-bis-17-november-in-der-region-budva\/#breadcrumb"},"inLanguage":"en-US","potentialAction":[{"@type":"ReadAction","target":["https:\/\/www.visit-ulcinj.com\/blog\/2012\/11\/14\/62-drv-jahrestagung-15-bis-17-november-in-der-region-budva\/"]}]},{"@type":"BreadcrumbList","@id":"https:\/\/www.visit-ulcinj.com\/blog\/2012\/11\/14\/62-drv-jahrestagung-15-bis-17-november-in-der-region-budva\/#breadcrumb","itemListElement":[{"@type":"ListItem","position":1,"name":"62. DRV-Jahrestagung: 15. bis 17. November in der Region Budva"}]},{"@type":"Person","@id":"https:\/\/www.visit-ulcinj.com\/blog\/#\/schema\/person\/dcab619c614d3038751c63bc2aadc06d","name":"ulqini","sameAs":["http:\/\/www.visit-ulcinj.com"],"url":"https:\/\/www.visit-ulcinj.com\/blog\/author\/admin\/"}]}},"jetpack_featured_media_url":"","jetpack_sharing_enabled":true,"jetpack_shortlink":"https:\/\/wp.me\/pe6lTn-h5A","_links":{"self":[{"href":"https:\/\/www.visit-ulcinj.com\/blog\/wp-json\/wp\/v2\/posts\/65694"}],"collection":[{"href":"https:\/\/www.visit-ulcinj.com\/blog\/wp-json\/wp\/v2\/posts"}],"about":[{"href":"https:\/\/www.visit-ulcinj.com\/blog\/wp-json\/wp\/v2\/types\/post"}],"author":[{"embeddable":true,"href":"https:\/\/www.visit-ulcinj.com\/blog\/wp-json\/wp\/v2\/users\/1"}],"replies":[{"embeddable":true,"href":"https:\/\/www.visit-ulcinj.com\/blog\/wp-json\/wp\/v2\/comments?post=65694"}],"version-history":[{"count":2,"href":"https:\/\/www.visit-ulcinj.com\/blog\/wp-json\/wp\/v2\/posts\/65694\/revisions"}],"predecessor-version":[{"id":65698,"href":"https:\/\/www.visit-ulcinj.com\/blog\/wp-json\/wp\/v2\/posts\/65694\/revisions\/65698"}],"wp:attachment":[{"href":"https:\/\/www.visit-ulcinj.com\/blog\/wp-json\/wp\/v2\/media?parent=65694"}],"wp:term":[{"taxonomy":"category","embeddable":true,"href":"https:\/\/www.visit-ulcinj.com\/blog\/wp-json\/wp\/v2\/categories?post=65694"},{"taxonomy":"post_tag","embeddable":true,"href":"https:\/\/www.visit-ulcinj.com\/blog\/wp-json\/wp\/v2\/tags?post=65694"}],"curies":[{"name":"wp","href":"https:\/\/api.w.org\/{rel}","templated":true}]}}