{"id":65702,"date":"2012-11-14T18:13:39","date_gmt":"2012-11-14T17:13:39","guid":{"rendered":"http:\/\/www.visit-ulcinj.com\/blog\/?p=65702"},"modified":"2012-11-15T19:29:49","modified_gmt":"2012-11-15T18:29:49","slug":"ulcinjski-vodovod-iskljucen-sa-mreze-gradu-prijeti-zed","status":"publish","type":"post","link":"https:\/\/www.visit-ulcinj.com\/blog\/2012\/11\/14\/ulcinjski-vodovod-iskljucen-sa-mreze-gradu-prijeti-zed\/","title":{"rendered":"Ulcinjski Vodovod isklju\u010den sa mre\u017ee, gradu prijeti \u017ee\u0111"},"content":{"rendered":"<p><a href=\"http:\/\/www.visit-ulcinj.com\/blog\/wp-content\/uploads\/2012\/11\/Zajedno-za-vodu-Ulcinj.jpg\"><img loading=\"lazy\" class=\"alignleft  wp-image-65703\" title=\"Zajedno za vodu - Ulcinj\" src=\"http:\/\/www.visit-ulcinj.com\/blog\/wp-content\/uploads\/2012\/11\/Zajedno-za-vodu-Ulcinj.jpg\" alt=\"\" width=\"508\" height=\"360\" \/><\/a>Ulcinjska Elektrodistribucija isklju\u010dila je ju\u010de sa elektromre\u017ee Upravnu zgradu lokalnog Vodovoda zbog ukupnog duga od 210.000 eura.<br \/>\nTo je, prema saznanjima \u201cVijesti\u201d, samo prvi korak, jer ukoliko Vodovod do dogovorenog termina ne isplati dug ili ne po\u010dne da po\u0161tuje protokol o dinamici isplate duga, Elektrodistribucija \u0107e struju isklju\u010diti i na pumpnim postrojenjima, \u0161to zna\u010di da \u0107e grad ostati bez vode.<br \/>\n\u201cTo je uobi\u010dajena procedura i na\u0161a zakonska obaveza. Ipak, vjerujemo da do toga ne\u0107e do\u0107i i da \u0107e ljudi iz Vodovoda dogovoriti novi reprogram duga sa Elektrodistribucijom\u201d, saop\u0161teno je \u201cVijestima\u201d u Elektroprivredi.<br \/>\nKako je istaknuto, Vodovod nije po\u0161tovao dinamiku iz prethodnog reprograma, iako se ugovorom na to bio obavezao.<br \/>\n\u201cKako ni brojni sastanci oko toga nijesu urodili plodom, bili smo prisiljeni na ovaj nepopularan korak. Ali ne samo u Ulcinju, ve\u0107 jo\u0161 u nekim gradovima Crne Gore. I njima, ukoliko ne plate, prijeti isklju\u010denje struje na pumpnim postrojenjima\u201d, kazali su u Elektroprivredi. Kako saznaju \u201cVijesti\u201d, prilikom zaklju\u010denja novog protokola praksa je da se prvo plati 30 odsto duga, \u0161to u ovom slu\u010daju iznosi 63.000 eura.<br \/>\nDirektor Vodovoda Fatmir \u0110eka ju\u010de je bio nedostupan na brojeve poznate redakciji \u201cVijesti\u201d.<\/p>\n<p><a href=\"http:\/\/www.vijesti.me\/vijesti\/ulcinjski-vodovod-iskljucen-sa-mreze-gradu-prijeti-zed-clanak-100431\" target=\"_blank\"><strong>Samir Adrovi\u0107<\/strong><\/a><br \/>\n<a href=\"http:\/\/www.vijesti.me\/vijesti\/ulcinjski-vodovod-iskljucen-sa-mreze-gradu-prijeti-zed-clanak-100431\" target=\"_blank\"><strong>Vijesti online<\/strong><\/a><\/p>\n<h3>Ulcinj bez vode<\/h3>\n<p><strong>ZBOG DUGA OD 200.000 EURA ELEKTROPRIVREDA ISKLJU\u010cILA STRUJU CRPNIM PUMPAMA JP VODOVOD<\/strong><\/p>\n<p><a href=\"http:\/\/www.visit-ulcinj.com\/blog\/wp-content\/uploads\/2012\/11\/Nrekic-Ljoro-Ulcinj.jpg\"><img loading=\"lazy\" class=\"alignleft size-full wp-image-65735\" title=\"OLYMPUS DIGITAL CAMERA\" src=\"http:\/\/www.visit-ulcinj.com\/blog\/wp-content\/uploads\/2012\/11\/Nrekic-Ljoro-Ulcinj.jpg\" alt=\"\" width=\"300\" height=\"450\" srcset=\"https:\/\/www.visit-ulcinj.com\/blog\/wp-content\/uploads\/2012\/11\/Nrekic-Ljoro-Ulcinj.jpg 300w, https:\/\/www.visit-ulcinj.com\/blog\/wp-content\/uploads\/2012\/11\/Nrekic-Ljoro-Ulcinj-200x300.jpg 200w\" sizes=\"(max-width: 300px) 100vw, 300px\" \/><\/a>ULCINj \u2013 Po nalogu Elektroprivrede iz Nik\u0161i\u0107a, ulcinjska Elektrodistribucija isklju\u010dila je ju\u010de s mre\u017ee crpne pumpe JP Vodovod na izvori\u0161tima u Lisnoj Bori pa je ve\u0107i dio najju\u017enije op\u0161tine ostao bez vode. Prema rije\u010dima direktora Elektrodistribucije Ulcinj Ljora Nreki\u0107a struja je Vodovodu isklju\u010dena zbog duga od 200 hiljada eura.<br \/>\n\u2013 Mi smo postupili po direktivi iz direkcije u Nik\u0161i\u0107u i snabdijevanje je u njihovoj nadle\u017enosti, i to je sve \u0161to mogu da vam ka\u017eem. U pitanju je veliko dugovanje, a da li \u0107e se taj problem u me\u0111uvremenu rije\u0161iti nije mi poznato. Kada nam budu naredili da ponovo uklju\u010dimo struju mi \u0107emo to i u\u010diniti. Za sada \u0107e ipak, crpne pumpe biti bez napajanja \u2013 kazao nam je Nreki\u0107.<br \/>\nPojedina naselja ostala su bez vode jo\u0161 u utorak nave\u010de, a ju\u010de tokom dana \u010desme su presu\u0161ile u svim visokim zonama grada. Vode je ju\u010de bilo na periferiji, odnosno u naseljima do kojih voda sti\u017ee slobodnim padom. Zasad je najve\u0107i problem kako \u0107e funkcionisati zdravstvene institucije i \u0161kole. Mnogi roditelji ve\u0107 razmi\u0161ljaju da, ukoliko voda ne do\u0111e u skorije vrijeme, djecu ne puste u \u0161kolu zbog straha od izbijanja zaraze. Kako nezvani\u010dno saznajemo JP Vodovod nije po\u0161tovalo ranije ugovorene obaveze o vr\u0107anju nagomilanog duga, pa su u Elektroprivredi bili prinu\u0111eni da se odlu\u010de na nepopularan korak. Za rje\u0161avanje ovog problema, zbog koga je negodovao i o kome je ju\u010de brujao \u010ditav grad, Vodovod \u0107e morati da obezbijedi najmanje 60.000 eura.<\/p>\n<p><a href=\"http:\/\/www.visit-ulcinj.com\/blog\/wp-content\/uploads\/2012\/11\/Fatmir-Djeka.jpg\"><img loading=\"lazy\" class=\"alignleft  wp-image-65730\" title=\"Fatmir Djeka\" src=\"http:\/\/www.visit-ulcinj.com\/blog\/wp-content\/uploads\/2012\/11\/Fatmir-Djeka.jpg\" alt=\"\" width=\"508\" height=\"300\" \/><\/a><\/p>\n<p>Direktor tog JP Fatmir \u0110eka kazao je \u201eDanu\u201d da o\u010dekuje da problem bude rije\u0161en najkasnije do sjutra. \u2013 U kontaktu smo s Elektroprivredom kako bi rije\u0161ili problem. Nadam se da \u0107emo se dogovoriti o dinamici otplate potra\u017eivanja i da \u0107e vodosnabdijevanje biti brzo normalizovano \u2013 kazao je \u0110eka.<br \/>\nIna\u010de u JP Vodovod ve\u0107 mjesecima kubure sa finansijskom krizom. Radnici su bez plata \u0161est mjeseci, a doprinosi nisu upla\u0107eni duplo vi\u0161e. Ve\u0107 nekoliko dana poslovanje JP Vododvod kontroli\u0161e finasijska policija. M.K<\/p>\n<p><strong>ANKETA: Narod pla\u0107a politi\u010dko ina\u0107enje<\/strong><\/p>\n<p><a href=\"http:\/\/www.visit-ulcinj.com\/blog\/wp-content\/uploads\/2012\/11\/ASLLAN-ZENELI.jpg\"><img loading=\"lazy\" class=\"alignleft  wp-image-65731\" title=\"ASLLAN-ZENELI\" src=\"http:\/\/www.visit-ulcinj.com\/blog\/wp-content\/uploads\/2012\/11\/ASLLAN-ZENELI.jpg\" alt=\"\" width=\"508\" height=\"300\" \/><\/a><br \/>\n<strong>Aslan Zeneli:<\/strong> Jadni gra\u0111ani pla\u0107aju danak politi\u010dkim ina\u0107enjima pojedinih mo\u0107nika u Ulcinju. Zar su gra\u0111ani krivi \u0161to neko duguje nekome za struju ili \u0161to drugo. Naravno da nijesu krivi, ali u ovakvoj dr\u017eavi, gdje neko ima politi\u010dku mo\u0107 mo\u017ee da radi \u0161to god ho\u0107e, pa i da gra\u0111anima koji redovno pla\u0107aju i stuju i vodu to nestane kada se tim mo\u0107nicima prohtje. Izbori su pro\u0161li i sada dr\u017eava radi \u0161to ho\u0107e s njima pa i ih ka\u017enjava \u0161to nijesu glasali za re\u017eim.<br \/>\nBranka Nikolaidis: Ako su nepla\u0107eni ra\u010duni za struju, razlog isklju\u010denja vode, mislim da su trebali ipak na\u0107i neko drugo rje\u0161enje, a ne ostaviti narod bez vode dva dana. To je stvarno prevr\u0161ilo svaku mjeru.<br \/>\n\u017divorad Bundalo: Za\u0161to nestanak vode pla\u0107aju i najvi\u0161e ispa\u0161taju redovnije plati\u0161e (Pinje\u0161 i Meterize), a ima vode da se zalivaju lubenice, mandarine&#8230;<br \/>\nOvo je \u0161iri problem po kom niko ne\u0107e da zagrebe. Kako ko do\u0111e na vlast, zapo\u0161ljava se izme\u0111u ostalog i u Vodovodu, a sa tim poslom nemaju veze. Jedino rje\u0161enje je privatizovati Vodovod i tad bi brzo sve bilo rije\u0161eno. Za\u0161to ne vr\u0161e kontrolu gubitaka, imaju sistem kontrolnih satova i znaju gdje su najve\u0107i gubici. Samo \u0161to se od silnih zaposlenih malo ko razumije u vodovod. Za\u0161to se ne objave najve\u0107e neplati\u0161e (preduze\u0107a). Vode nema jer nisu platili regionalnom vodovodu i nisu platili struju.<br \/>\n<strong>Vukmir Bandovi\u0107:<\/strong> Pla\u0107am redovno sve ra\u010dune. Ovakvo pona\u0161anje odgovornih ili bolje re\u0107i neofa\u0161izam je bez bilo kakvog daljeg komentara. Uveli su praksu politi\u010dkih podobnika kojima se opra\u0161taju astronomski dugovi, a to onda pla\u0107amo mi gra\u0111ani. Izgleda da nas motivi\u0161u da i mi po\u010dnemo sa siled\u017eijstvom \u2013 da ne pla\u0107amo ra\u010dune! Ovo je ve\u0107 vi\u0111eno!<\/p>\n<p><a href=\"http:\/\/www.visit-ulcinj.com\/blog\/wp-content\/uploads\/2012\/11\/Ibrahim-Berjashi.jpg\"><img loading=\"lazy\" class=\"alignleft  wp-image-65732\" title=\"Ibrahim-Berjashi\" src=\"http:\/\/www.visit-ulcinj.com\/blog\/wp-content\/uploads\/2012\/11\/Ibrahim-Berjashi.jpg\" alt=\"\" width=\"508\" height=\"300\" \/><\/a><br \/>\n<strong>Ibrahim Berja\u0161i<\/strong>: Ja kao gra\u0111anin, imam obavezu da platim ono \u0161to sam protro\u0161io, javno dobro. Normalno, ja sam odgovoran prema mojoj porodici, i snosim odgovornost ako nemam vode u ku\u0107i. Analogno, i op\u0161tina, odnosno rukovodstvo Vodovoda treba da obavijesti potro\u0161a\u010de za\u0161to nema vode u odre\u0111enom naselju, odnosno u \u010ditavom gradu. Ako nema\u0161 vode, onda su ti ugro\u017eena ljudska prava, a uz to redovno izmiruje\u0161 obaveze prema Vodovodu. Neshvatiljivo!<\/p>\n<p><strong>Izvor: DAN<\/strong><\/p>\n","protected":false},"excerpt":{"rendered":"<p>Ulcinjska Elektrodistribucija isklju\u010dila je ju\u010de sa elektromre\u017ee Upravnu zgradu lokalnog Vodovoda zbog ukupnog duga od 210.000 eura. To je, prema saznanjima \u201cVijesti\u201d, samo prvi korak, jer ukoliko Vodovod do dogovorenog termina ne isplati dug ili ne po\u010dne da po\u0161tuje protokol o dinamici isplate duga, Elektrodistribucija \u0107e struju isklju\u010diti i na pumpnim postrojenjima, \u0161to zna\u010di da [&hellip;]<\/p>\n","protected":false},"author":1,"featured_media":0,"comment_status":"open","ping_status":"closed","sticky":false,"template":"","format":"standard","meta":{"spay_email":"","jetpack_publicize_message":"","jetpack_is_tweetstorm":false,"jetpack_publicize_feature_enabled":true},"categories":[8337],"tags":[19850,21463],"jetpack_publicize_connections":[],"yoast_head":"<!-- This site is optimized with the Yoast SEO plugin v19.1 - https:\/\/yoast.com\/wordpress\/plugins\/seo\/ -->\n<title>Ulcinjski Vodovod isklju\u010den sa mre\u017ee, gradu prijeti \u017ee\u0111 - Lajme nga Ulqini<\/title>\n<meta name=\"description\" content=\"Ulcinjska Elektrodistribucija isklju\u010dila je ju\u010de sa elektromre\u017ee Upravnu zgradu lokalnog Vodovoda zbog ukupnog duga od 210.000 eura. To je, prema\" \/>\n<meta name=\"robots\" content=\"index, follow, max-snippet:-1, max-image-preview:large, max-video-preview:-1\" \/>\n<link rel=\"canonical\" href=\"https:\/\/www.visit-ulcinj.com\/blog\/2012\/11\/14\/ulcinjski-vodovod-iskljucen-sa-mreze-gradu-prijeti-zed\/\" \/>\n<meta property=\"og:locale\" content=\"en_US\" \/>\n<meta property=\"og:type\" content=\"article\" \/>\n<meta property=\"og:title\" content=\"Ulcinjski Vodovod isklju\u010den sa mre\u017ee, gradu prijeti \u017ee\u0111 - Lajme nga Ulqini\" \/>\n<meta property=\"og:description\" content=\"Ulcinjska Elektrodistribucija isklju\u010dila je ju\u010de sa elektromre\u017ee Upravnu zgradu lokalnog Vodovoda zbog ukupnog duga od 210.000 eura. To je, prema\" \/>\n<meta property=\"og:url\" content=\"https:\/\/www.visit-ulcinj.com\/blog\/2012\/11\/14\/ulcinjski-vodovod-iskljucen-sa-mreze-gradu-prijeti-zed\/\" \/>\n<meta property=\"og:site_name\" content=\"Lajme nga Ulqini\" \/>\n<meta property=\"article:published_time\" content=\"2012-11-14T17:13:39+00:00\" \/>\n<meta property=\"article:modified_time\" content=\"2012-11-15T18:29:49+00:00\" \/>\n<meta property=\"og:image\" content=\"http:\/\/www.visit-ulcinj.com\/blog\/wp-content\/uploads\/2012\/11\/Zajedno-za-vodu-Ulcinj.jpg\" \/>\n<meta name=\"twitter:label1\" content=\"Written by\" \/>\n\t<meta name=\"twitter:data1\" content=\"ulqini\" \/>\n\t<meta name=\"twitter:label2\" content=\"Est. reading time\" \/>\n\t<meta name=\"twitter:data2\" content=\"5 minutes\" \/>\n<script type=\"application\/ld+json\" class=\"yoast-schema-graph\">{\"@context\":\"https:\/\/schema.org\",\"@graph\":[{\"@type\":\"WebSite\",\"@id\":\"https:\/\/www.visit-ulcinj.com\/blog\/#website\",\"url\":\"https:\/\/www.visit-ulcinj.com\/blog\/\",\"name\":\"Lajme nga Ulqini\",\"description\":\"Lajme,Vijesti,Ulqini,Ulqin,Crna Gora,Mali i Zi\",\"potentialAction\":[{\"@type\":\"SearchAction\",\"target\":{\"@type\":\"EntryPoint\",\"urlTemplate\":\"https:\/\/www.visit-ulcinj.com\/blog\/?s={search_term_string}\"},\"query-input\":\"required name=search_term_string\"}],\"inLanguage\":\"en-US\"},{\"@type\":\"ImageObject\",\"inLanguage\":\"en-US\",\"@id\":\"https:\/\/www.visit-ulcinj.com\/blog\/2012\/11\/14\/ulcinjski-vodovod-iskljucen-sa-mreze-gradu-prijeti-zed\/#primaryimage\",\"url\":\"https:\/\/www.visit-ulcinj.com\/blog\/wp-content\/uploads\/2012\/11\/Zajedno-za-vodu-Ulcinj.jpg\",\"contentUrl\":\"https:\/\/www.visit-ulcinj.com\/blog\/wp-content\/uploads\/2012\/11\/Zajedno-za-vodu-Ulcinj.jpg\",\"width\":\"533\",\"height\":\"459\"},{\"@type\":\"WebPage\",\"@id\":\"https:\/\/www.visit-ulcinj.com\/blog\/2012\/11\/14\/ulcinjski-vodovod-iskljucen-sa-mreze-gradu-prijeti-zed\/#webpage\",\"url\":\"https:\/\/www.visit-ulcinj.com\/blog\/2012\/11\/14\/ulcinjski-vodovod-iskljucen-sa-mreze-gradu-prijeti-zed\/\",\"name\":\"Ulcinjski Vodovod isklju\u010den sa mre\u017ee, gradu prijeti \u017ee\u0111 - Lajme nga Ulqini\",\"isPartOf\":{\"@id\":\"https:\/\/www.visit-ulcinj.com\/blog\/#website\"},\"primaryImageOfPage\":{\"@id\":\"https:\/\/www.visit-ulcinj.com\/blog\/2012\/11\/14\/ulcinjski-vodovod-iskljucen-sa-mreze-gradu-prijeti-zed\/#primaryimage\"},\"datePublished\":\"2012-11-14T17:13:39+00:00\",\"dateModified\":\"2012-11-15T18:29:49+00:00\",\"author\":{\"@id\":\"https:\/\/www.visit-ulcinj.com\/blog\/#\/schema\/person\/dcab619c614d3038751c63bc2aadc06d\"},\"description\":\"Ulcinjska Elektrodistribucija isklju\u010dila je ju\u010de sa elektromre\u017ee Upravnu zgradu lokalnog Vodovoda zbog ukupnog duga od 210.000 eura. To je, prema\",\"breadcrumb\":{\"@id\":\"https:\/\/www.visit-ulcinj.com\/blog\/2012\/11\/14\/ulcinjski-vodovod-iskljucen-sa-mreze-gradu-prijeti-zed\/#breadcrumb\"},\"inLanguage\":\"en-US\",\"potentialAction\":[{\"@type\":\"ReadAction\",\"target\":[\"https:\/\/www.visit-ulcinj.com\/blog\/2012\/11\/14\/ulcinjski-vodovod-iskljucen-sa-mreze-gradu-prijeti-zed\/\"]}]},{\"@type\":\"BreadcrumbList\",\"@id\":\"https:\/\/www.visit-ulcinj.com\/blog\/2012\/11\/14\/ulcinjski-vodovod-iskljucen-sa-mreze-gradu-prijeti-zed\/#breadcrumb\",\"itemListElement\":[{\"@type\":\"ListItem\",\"position\":1,\"name\":\"Ulcinjski Vodovod isklju\u010den sa mre\u017ee, gradu prijeti \u017ee\u0111\"}]},{\"@type\":\"Person\",\"@id\":\"https:\/\/www.visit-ulcinj.com\/blog\/#\/schema\/person\/dcab619c614d3038751c63bc2aadc06d\",\"name\":\"ulqini\",\"sameAs\":[\"http:\/\/www.visit-ulcinj.com\"],\"url\":\"https:\/\/www.visit-ulcinj.com\/blog\/author\/admin\/\"}]}<\/script>\n<!-- \/ Yoast SEO plugin. -->","yoast_head_json":{"title":"Ulcinjski Vodovod isklju\u010den sa mre\u017ee, gradu prijeti \u017ee\u0111 - Lajme nga Ulqini","description":"Ulcinjska Elektrodistribucija isklju\u010dila je ju\u010de sa elektromre\u017ee Upravnu zgradu lokalnog Vodovoda zbog ukupnog duga od 210.000 eura. To je, prema","robots":{"index":"index","follow":"follow","max-snippet":"max-snippet:-1","max-image-preview":"max-image-preview:large","max-video-preview":"max-video-preview:-1"},"canonical":"https:\/\/www.visit-ulcinj.com\/blog\/2012\/11\/14\/ulcinjski-vodovod-iskljucen-sa-mreze-gradu-prijeti-zed\/","og_locale":"en_US","og_type":"article","og_title":"Ulcinjski Vodovod isklju\u010den sa mre\u017ee, gradu prijeti \u017ee\u0111 - Lajme nga Ulqini","og_description":"Ulcinjska Elektrodistribucija isklju\u010dila je ju\u010de sa elektromre\u017ee Upravnu zgradu lokalnog Vodovoda zbog ukupnog duga od 210.000 eura. To je, prema","og_url":"https:\/\/www.visit-ulcinj.com\/blog\/2012\/11\/14\/ulcinjski-vodovod-iskljucen-sa-mreze-gradu-prijeti-zed\/","og_site_name":"Lajme nga Ulqini","article_published_time":"2012-11-14T17:13:39+00:00","article_modified_time":"2012-11-15T18:29:49+00:00","og_image":[{"url":"http:\/\/www.visit-ulcinj.com\/blog\/wp-content\/uploads\/2012\/11\/Zajedno-za-vodu-Ulcinj.jpg"}],"twitter_misc":{"Written by":"ulqini","Est. reading time":"5 minutes"},"schema":{"@context":"https:\/\/schema.org","@graph":[{"@type":"WebSite","@id":"https:\/\/www.visit-ulcinj.com\/blog\/#website","url":"https:\/\/www.visit-ulcinj.com\/blog\/","name":"Lajme nga Ulqini","description":"Lajme,Vijesti,Ulqini,Ulqin,Crna Gora,Mali i Zi","potentialAction":[{"@type":"SearchAction","target":{"@type":"EntryPoint","urlTemplate":"https:\/\/www.visit-ulcinj.com\/blog\/?s={search_term_string}"},"query-input":"required name=search_term_string"}],"inLanguage":"en-US"},{"@type":"ImageObject","inLanguage":"en-US","@id":"https:\/\/www.visit-ulcinj.com\/blog\/2012\/11\/14\/ulcinjski-vodovod-iskljucen-sa-mreze-gradu-prijeti-zed\/#primaryimage","url":"https:\/\/www.visit-ulcinj.com\/blog\/wp-content\/uploads\/2012\/11\/Zajedno-za-vodu-Ulcinj.jpg","contentUrl":"https:\/\/www.visit-ulcinj.com\/blog\/wp-content\/uploads\/2012\/11\/Zajedno-za-vodu-Ulcinj.jpg","width":"533","height":"459"},{"@type":"WebPage","@id":"https:\/\/www.visit-ulcinj.com\/blog\/2012\/11\/14\/ulcinjski-vodovod-iskljucen-sa-mreze-gradu-prijeti-zed\/#webpage","url":"https:\/\/www.visit-ulcinj.com\/blog\/2012\/11\/14\/ulcinjski-vodovod-iskljucen-sa-mreze-gradu-prijeti-zed\/","name":"Ulcinjski Vodovod isklju\u010den sa mre\u017ee, gradu prijeti \u017ee\u0111 - Lajme nga Ulqini","isPartOf":{"@id":"https:\/\/www.visit-ulcinj.com\/blog\/#website"},"primaryImageOfPage":{"@id":"https:\/\/www.visit-ulcinj.com\/blog\/2012\/11\/14\/ulcinjski-vodovod-iskljucen-sa-mreze-gradu-prijeti-zed\/#primaryimage"},"datePublished":"2012-11-14T17:13:39+00:00","dateModified":"2012-11-15T18:29:49+00:00","author":{"@id":"https:\/\/www.visit-ulcinj.com\/blog\/#\/schema\/person\/dcab619c614d3038751c63bc2aadc06d"},"description":"Ulcinjska Elektrodistribucija isklju\u010dila je ju\u010de sa elektromre\u017ee Upravnu zgradu lokalnog Vodovoda zbog ukupnog duga od 210.000 eura. To je, prema","breadcrumb":{"@id":"https:\/\/www.visit-ulcinj.com\/blog\/2012\/11\/14\/ulcinjski-vodovod-iskljucen-sa-mreze-gradu-prijeti-zed\/#breadcrumb"},"inLanguage":"en-US","potentialAction":[{"@type":"ReadAction","target":["https:\/\/www.visit-ulcinj.com\/blog\/2012\/11\/14\/ulcinjski-vodovod-iskljucen-sa-mreze-gradu-prijeti-zed\/"]}]},{"@type":"BreadcrumbList","@id":"https:\/\/www.visit-ulcinj.com\/blog\/2012\/11\/14\/ulcinjski-vodovod-iskljucen-sa-mreze-gradu-prijeti-zed\/#breadcrumb","itemListElement":[{"@type":"ListItem","position":1,"name":"Ulcinjski Vodovod isklju\u010den sa mre\u017ee, gradu prijeti \u017ee\u0111"}]},{"@type":"Person","@id":"https:\/\/www.visit-ulcinj.com\/blog\/#\/schema\/person\/dcab619c614d3038751c63bc2aadc06d","name":"ulqini","sameAs":["http:\/\/www.visit-ulcinj.com"],"url":"https:\/\/www.visit-ulcinj.com\/blog\/author\/admin\/"}]}},"jetpack_featured_media_url":"","jetpack_sharing_enabled":true,"jetpack_shortlink":"https:\/\/wp.me\/pe6lTn-h5I","_links":{"self":[{"href":"https:\/\/www.visit-ulcinj.com\/blog\/wp-json\/wp\/v2\/posts\/65702"}],"collection":[{"href":"https:\/\/www.visit-ulcinj.com\/blog\/wp-json\/wp\/v2\/posts"}],"about":[{"href":"https:\/\/www.visit-ulcinj.com\/blog\/wp-json\/wp\/v2\/types\/post"}],"author":[{"embeddable":true,"href":"https:\/\/www.visit-ulcinj.com\/blog\/wp-json\/wp\/v2\/users\/1"}],"replies":[{"embeddable":true,"href":"https:\/\/www.visit-ulcinj.com\/blog\/wp-json\/wp\/v2\/comments?post=65702"}],"version-history":[{"count":8,"href":"https:\/\/www.visit-ulcinj.com\/blog\/wp-json\/wp\/v2\/posts\/65702\/revisions"}],"predecessor-version":[{"id":65736,"href":"https:\/\/www.visit-ulcinj.com\/blog\/wp-json\/wp\/v2\/posts\/65702\/revisions\/65736"}],"wp:attachment":[{"href":"https:\/\/www.visit-ulcinj.com\/blog\/wp-json\/wp\/v2\/media?parent=65702"}],"wp:term":[{"taxonomy":"category","embeddable":true,"href":"https:\/\/www.visit-ulcinj.com\/blog\/wp-json\/wp\/v2\/categories?post=65702"},{"taxonomy":"post_tag","embeddable":true,"href":"https:\/\/www.visit-ulcinj.com\/blog\/wp-json\/wp\/v2\/tags?post=65702"}],"curies":[{"name":"wp","href":"https:\/\/api.w.org\/{rel}","templated":true}]}}