{"id":65711,"date":"2012-11-15T07:45:28","date_gmt":"2012-11-15T06:45:28","guid":{"rendered":"http:\/\/www.visit-ulcinj.com\/blog\/?p=65711"},"modified":"2012-11-16T19:32:38","modified_gmt":"2012-11-16T18:32:38","slug":"vendi-i-dyte-per-rrezart-cungun","status":"publish","type":"post","link":"https:\/\/www.visit-ulcinj.com\/blog\/2012\/11\/15\/vendi-i-dyte-per-rrezart-cungun\/","title":{"rendered":"Vendi i dyte per Rrezart Cungun"},"content":{"rendered":"<p><a href=\"http:\/\/www.visit-ulcinj.com\/blog\/wp-content\/uploads\/2012\/11\/Vendi-i-dyte-per-Rrezart-Cungun.1.jpg\"><img loading=\"lazy\" class=\"alignleft  wp-image-65712\" title=\"Vendi i dyte per Rrezart Cungun.1\" src=\"http:\/\/www.visit-ulcinj.com\/blog\/wp-content\/uploads\/2012\/11\/Vendi-i-dyte-per-Rrezart-Cungun.1.jpg\" alt=\"\" width=\"508\" height=\"360\" \/><\/a>Federata e tenisit e Shqip\u00ebris organizoj turneun e hapur &#8220;Pavar\u00ebsi&#8221; me rastin e 100 vjetorit t\u00eb Shqip\u00ebris si shtet i pavarur.<\/p>\n<p>N\u00eb k\u00ebt\u00eb turej morr\u00ebn pjes\u00eb tenist\u00ebt shqiptar nga rajoni. I ftuar ishte edhe Rrezart Cungu nga Ulqini. Edhe pse Rrezarti \u00ebsht\u00eb vet\u00ebm 14 vje\u00e7, federata e Shqip\u00ebris vendosi q\u00eb ta ftoj Rrezartin sepse ato jan\u00eb t\u00eb mendimit q\u00eb \u00ebsht\u00eb lojtar q\u00eb premton shum\u00eb.<\/p>\n<p>N\u00eb raundin e par\u00eb Rrezarti u takua me Meidonin nga Tirana. Rrezarti e fitoj me rezultatin 6:0 6:0.<\/p>\n<p>Kundershtari ne raundin e dyt\u00eb ishte Grid Voshtina, poashtu nga Tirana. Rezultati ishte 6:0 6:0.<\/p>\n<p><a href=\"http:\/\/www.visit-ulcinj.com\/blog\/wp-content\/uploads\/2012\/11\/Vendi-i-dyte-per-Rrezart-Cungun.jpg\"><img loading=\"lazy\" class=\"alignleft  wp-image-65713\" title=\"Vendi i dyte per Rrezart Cungun\" src=\"http:\/\/www.visit-ulcinj.com\/blog\/wp-content\/uploads\/2012\/11\/Vendi-i-dyte-per-Rrezart-Cungun.jpg\" alt=\"\" width=\"300\" height=\"350\" \/><\/a>Burim Bytyqi, 29 vje\u00e7ari nga Prishtina, ishte kund\u00ebrshtari i Rrezartit ne \u00e7erek- finale. Djaloshi i ri nga Ulqini e fitoj me rezultatin 6:3 6:2.<\/p>\n<p>N\u00eb gjys\u00ebm- finale u takoi me t\u00eb parin e Kosov\u00ebs, Granit Bajraliun. Loja ishte nj\u00eb spektak\u00ebl, q\u00eb zgjati mbi 3 or\u00eb. Rrezarti ishte m\u00eb i mir se 24 vje\u00e7ari nga Prishtina (6:4 4:6 6:4).<\/p>\n<p>Genajd Shypheja ishte kundershtari i Rrezartit ne finale.<br \/>\nNe kete mec ishte favorit Rrezarti. Por lendimi ne kembe nuk e lejoj Rrezartin te jap maksimumin dhe humbi nga Genajdi me rezultatin 3:6 5:7.<br \/>\n19 vje\u00e7ari nga Tirana \u00ebsht\u00eb lojtari m\u00eb i mir i Shqip\u00ebris dhe \u00ebsht\u00eb reprezentues n\u00eb Dejvis Cup.<\/p>\n<p>Rrezarti fitoj vendin e dyt\u00eb n\u00eb k\u00ebt\u00eb turnej dhe u shp\u00ebrbly me nj\u00eb kup t\u00eb art\u00eb.<\/p>\n\n\t\t<style type=\"text\/css\">\n\t\t\t#gallery-1 {\n\t\t\t\tmargin: auto;\n\t\t\t}\n\t\t\t#gallery-1 .gallery-item {\n\t\t\t\tfloat: left;\n\t\t\t\tmargin-top: 10px;\n\t\t\t\ttext-align: center;\n\t\t\t\twidth: 33%;\n\t\t\t}\n\t\t\t#gallery-1 img {\n\t\t\t\tborder: 2px solid #cfcfcf;\n\t\t\t}\n\t\t\t#gallery-1 .gallery-caption {\n\t\t\t\tmargin-left: 0;\n\t\t\t}\n\t\t\t\/* see gallery_shortcode() in wp-includes\/media.php *\/\n\t\t<\/style>\n\t\t<div id='gallery-1' class='gallery galleryid-65711 gallery-columns-3 gallery-size-thumbnail'><dl class='gallery-item'>\n\t\t\t<dt class='gallery-icon landscape'>\n\t\t\t\t<a href='https:\/\/www.visit-ulcinj.com\/blog\/wp-content\/uploads\/2012\/11\/Vendi-i-dyte-per-Rrezart-Cungun.1.jpg'><img width=\"150\" height=\"150\" src=\"https:\/\/www.visit-ulcinj.com\/blog\/wp-content\/uploads\/2012\/11\/Vendi-i-dyte-per-Rrezart-Cungun.1-150x150.jpg\" class=\"attachment-thumbnail size-thumbnail\" alt=\"\" loading=\"lazy\" \/><\/a>\n\t\t\t<\/dt><\/dl><dl class='gallery-item'>\n\t\t\t<dt class='gallery-icon portrait'>\n\t\t\t\t<a href='https:\/\/www.visit-ulcinj.com\/blog\/wp-content\/uploads\/2012\/11\/Vendi-i-dyte-per-Rrezart-Cungun.jpg'><img width=\"150\" height=\"150\" src=\"https:\/\/www.visit-ulcinj.com\/blog\/wp-content\/uploads\/2012\/11\/Vendi-i-dyte-per-Rrezart-Cungun-150x150.jpg\" class=\"attachment-thumbnail size-thumbnail\" alt=\"\" loading=\"lazy\" \/><\/a>\n\t\t\t<\/dt><\/dl><dl class='gallery-item'>\n\t\t\t<dt class='gallery-icon portrait'>\n\t\t\t\t<a href='https:\/\/www.visit-ulcinj.com\/blog\/wp-content\/uploads\/2012\/11\/Vendi-i-dyte-per-Rrezart-Cungun.2.jpg'><img width=\"150\" height=\"150\" src=\"https:\/\/www.visit-ulcinj.com\/blog\/wp-content\/uploads\/2012\/11\/Vendi-i-dyte-per-Rrezart-Cungun.2-150x150.jpg\" class=\"attachment-thumbnail size-thumbnail\" alt=\"\" loading=\"lazy\" \/><\/a>\n\t\t\t<\/dt><\/dl><br style=\"clear: both\" \/><dl class='gallery-item'>\n\t\t\t<dt class='gallery-icon portrait'>\n\t\t\t\t<a href='https:\/\/www.visit-ulcinj.com\/blog\/wp-content\/uploads\/2012\/11\/Vendi-i-dyte-per-Rrezart-Cungun.3.jpg'><img width=\"150\" height=\"150\" src=\"https:\/\/www.visit-ulcinj.com\/blog\/wp-content\/uploads\/2012\/11\/Vendi-i-dyte-per-Rrezart-Cungun.3-150x150.jpg\" class=\"attachment-thumbnail size-thumbnail\" alt=\"\" loading=\"lazy\" \/><\/a>\n\t\t\t<\/dt><\/dl><dl class='gallery-item'>\n\t\t\t<dt class='gallery-icon portrait'>\n\t\t\t\t<a href='https:\/\/www.visit-ulcinj.com\/blog\/wp-content\/uploads\/2012\/11\/Vendi-i-dyte-per-Rrezart-Cungun.4.jpg'><img width=\"150\" height=\"150\" src=\"https:\/\/www.visit-ulcinj.com\/blog\/wp-content\/uploads\/2012\/11\/Vendi-i-dyte-per-Rrezart-Cungun.4-150x150.jpg\" class=\"attachment-thumbnail size-thumbnail\" alt=\"\" loading=\"lazy\" \/><\/a>\n\t\t\t<\/dt><\/dl><dl class='gallery-item'>\n\t\t\t<dt class='gallery-icon portrait'>\n\t\t\t\t<a href='https:\/\/www.visit-ulcinj.com\/blog\/wp-content\/uploads\/2012\/11\/Vendi-i-dyte-per-Rrezart-Cungun.5.jpg'><img width=\"150\" height=\"150\" src=\"https:\/\/www.visit-ulcinj.com\/blog\/wp-content\/uploads\/2012\/11\/Vendi-i-dyte-per-Rrezart-Cungun.5-150x150.jpg\" class=\"attachment-thumbnail size-thumbnail\" alt=\"\" loading=\"lazy\" \/><\/a>\n\t\t\t<\/dt><\/dl><br style=\"clear: both\" \/>\n\t\t<\/div>\n\n","protected":false},"excerpt":{"rendered":"<p>Federata e tenisit e Shqip\u00ebris organizoj turneun e hapur &#8220;Pavar\u00ebsi&#8221; me rastin e 100 vjetorit t\u00eb Shqip\u00ebris si shtet i pavarur. N\u00eb k\u00ebt\u00eb turej morr\u00ebn pjes\u00eb tenist\u00ebt shqiptar nga rajoni. I ftuar ishte edhe Rrezart Cungu nga Ulqini. Edhe pse Rrezarti \u00ebsht\u00eb vet\u00ebm 14 vje\u00e7, federata e Shqip\u00ebris vendosi q\u00eb ta ftoj Rrezartin sepse ato [&hellip;]<\/p>\n","protected":false},"author":1,"featured_media":0,"comment_status":"open","ping_status":"closed","sticky":false,"template":"","format":"standard","meta":{"spay_email":"","jetpack_publicize_message":"","jetpack_is_tweetstorm":false,"jetpack_publicize_feature_enabled":true},"categories":[1,3],"tags":[19235,14441,3583,200],"jetpack_publicize_connections":[],"yoast_head":"<!-- This site is optimized with the Yoast SEO plugin v19.1 - https:\/\/yoast.com\/wordpress\/plugins\/seo\/ -->\n<title>Vendi i dyte per Rrezart Cungun - Lajme nga Ulqini<\/title>\n<meta name=\"description\" content=\"Federata e tenisit e Shqip\u00ebris organizoj turneun e hapur &quot;Pavar\u00ebsi&quot; me rastin e 100 vjetorit t\u00eb Shqip\u00ebris si shtet i pavarur. N\u00eb k\u00ebt\u00eb turej morr\u00ebn pjes\u00eb\" \/>\n<meta name=\"robots\" content=\"index, follow, max-snippet:-1, max-image-preview:large, max-video-preview:-1\" \/>\n<link rel=\"canonical\" href=\"https:\/\/www.visit-ulcinj.com\/blog\/2012\/11\/15\/vendi-i-dyte-per-rrezart-cungun\/\" \/>\n<meta property=\"og:locale\" content=\"en_US\" \/>\n<meta property=\"og:type\" content=\"article\" \/>\n<meta property=\"og:title\" content=\"Vendi i dyte per Rrezart Cungun - Lajme nga Ulqini\" \/>\n<meta property=\"og:description\" content=\"Federata e tenisit e Shqip\u00ebris organizoj turneun e hapur &quot;Pavar\u00ebsi&quot; me rastin e 100 vjetorit t\u00eb Shqip\u00ebris si shtet i pavarur. N\u00eb k\u00ebt\u00eb turej morr\u00ebn pjes\u00eb\" \/>\n<meta property=\"og:url\" content=\"https:\/\/www.visit-ulcinj.com\/blog\/2012\/11\/15\/vendi-i-dyte-per-rrezart-cungun\/\" \/>\n<meta property=\"og:site_name\" content=\"Lajme nga Ulqini\" \/>\n<meta property=\"article:published_time\" content=\"2012-11-15T06:45:28+00:00\" \/>\n<meta property=\"article:modified_time\" content=\"2012-11-16T18:32:38+00:00\" \/>\n<meta property=\"og:image\" content=\"https:\/\/www.visit-ulcinj.com\/blog\/wp-content\/uploads\/2012\/11\/Vendi-i-dyte-per-Rrezart-Cungun.1-150x150.jpg\" \/>\n<meta name=\"twitter:label1\" content=\"Written by\" \/>\n\t<meta name=\"twitter:data1\" content=\"ulqini\" \/>\n\t<meta name=\"twitter:label2\" content=\"Est. reading time\" \/>\n\t<meta name=\"twitter:data2\" content=\"1 minute\" \/>\n<script type=\"application\/ld+json\" class=\"yoast-schema-graph\">{\"@context\":\"https:\/\/schema.org\",\"@graph\":[{\"@type\":\"WebSite\",\"@id\":\"https:\/\/www.visit-ulcinj.com\/blog\/#website\",\"url\":\"https:\/\/www.visit-ulcinj.com\/blog\/\",\"name\":\"Lajme nga Ulqini\",\"description\":\"Lajme,Vijesti,Ulqini,Ulqin,Crna Gora,Mali i Zi\",\"potentialAction\":[{\"@type\":\"SearchAction\",\"target\":{\"@type\":\"EntryPoint\",\"urlTemplate\":\"https:\/\/www.visit-ulcinj.com\/blog\/?s={search_term_string}\"},\"query-input\":\"required name=search_term_string\"}],\"inLanguage\":\"en-US\"},{\"@type\":\"ImageObject\",\"inLanguage\":\"en-US\",\"@id\":\"https:\/\/www.visit-ulcinj.com\/blog\/2012\/11\/15\/vendi-i-dyte-per-rrezart-cungun\/#primaryimage\",\"url\":\"https:\/\/www.visit-ulcinj.com\/blog\/wp-content\/uploads\/2012\/11\/Vendi-i-dyte-per-Rrezart-Cungun.1.jpg\",\"contentUrl\":\"https:\/\/www.visit-ulcinj.com\/blog\/wp-content\/uploads\/2012\/11\/Vendi-i-dyte-per-Rrezart-Cungun.1.jpg\",\"width\":\"960\",\"height\":\"720\"},{\"@type\":\"WebPage\",\"@id\":\"https:\/\/www.visit-ulcinj.com\/blog\/2012\/11\/15\/vendi-i-dyte-per-rrezart-cungun\/#webpage\",\"url\":\"https:\/\/www.visit-ulcinj.com\/blog\/2012\/11\/15\/vendi-i-dyte-per-rrezart-cungun\/\",\"name\":\"Vendi i dyte per Rrezart Cungun - Lajme nga Ulqini\",\"isPartOf\":{\"@id\":\"https:\/\/www.visit-ulcinj.com\/blog\/#website\"},\"primaryImageOfPage\":{\"@id\":\"https:\/\/www.visit-ulcinj.com\/blog\/2012\/11\/15\/vendi-i-dyte-per-rrezart-cungun\/#primaryimage\"},\"datePublished\":\"2012-11-15T06:45:28+00:00\",\"dateModified\":\"2012-11-16T18:32:38+00:00\",\"author\":{\"@id\":\"https:\/\/www.visit-ulcinj.com\/blog\/#\/schema\/person\/dcab619c614d3038751c63bc2aadc06d\"},\"description\":\"Federata e tenisit e Shqip\u00ebris organizoj turneun e hapur \\\"Pavar\u00ebsi\\\" me rastin e 100 vjetorit t\u00eb Shqip\u00ebris si shtet i pavarur. N\u00eb k\u00ebt\u00eb turej morr\u00ebn pjes\u00eb\",\"breadcrumb\":{\"@id\":\"https:\/\/www.visit-ulcinj.com\/blog\/2012\/11\/15\/vendi-i-dyte-per-rrezart-cungun\/#breadcrumb\"},\"inLanguage\":\"en-US\",\"potentialAction\":[{\"@type\":\"ReadAction\",\"target\":[\"https:\/\/www.visit-ulcinj.com\/blog\/2012\/11\/15\/vendi-i-dyte-per-rrezart-cungun\/\"]}]},{\"@type\":\"BreadcrumbList\",\"@id\":\"https:\/\/www.visit-ulcinj.com\/blog\/2012\/11\/15\/vendi-i-dyte-per-rrezart-cungun\/#breadcrumb\",\"itemListElement\":[{\"@type\":\"ListItem\",\"position\":1,\"name\":\"Vendi i dyte per Rrezart Cungun\"}]},{\"@type\":\"Person\",\"@id\":\"https:\/\/www.visit-ulcinj.com\/blog\/#\/schema\/person\/dcab619c614d3038751c63bc2aadc06d\",\"name\":\"ulqini\",\"sameAs\":[\"http:\/\/www.visit-ulcinj.com\"],\"url\":\"https:\/\/www.visit-ulcinj.com\/blog\/author\/admin\/\"}]}<\/script>\n<!-- \/ Yoast SEO plugin. -->","yoast_head_json":{"title":"Vendi i dyte per Rrezart Cungun - Lajme nga Ulqini","description":"Federata e tenisit e Shqip\u00ebris organizoj turneun e hapur \"Pavar\u00ebsi\" me rastin e 100 vjetorit t\u00eb Shqip\u00ebris si shtet i pavarur. N\u00eb k\u00ebt\u00eb turej morr\u00ebn pjes\u00eb","robots":{"index":"index","follow":"follow","max-snippet":"max-snippet:-1","max-image-preview":"max-image-preview:large","max-video-preview":"max-video-preview:-1"},"canonical":"https:\/\/www.visit-ulcinj.com\/blog\/2012\/11\/15\/vendi-i-dyte-per-rrezart-cungun\/","og_locale":"en_US","og_type":"article","og_title":"Vendi i dyte per Rrezart Cungun - Lajme nga Ulqini","og_description":"Federata e tenisit e Shqip\u00ebris organizoj turneun e hapur \"Pavar\u00ebsi\" me rastin e 100 vjetorit t\u00eb Shqip\u00ebris si shtet i pavarur. N\u00eb k\u00ebt\u00eb turej morr\u00ebn pjes\u00eb","og_url":"https:\/\/www.visit-ulcinj.com\/blog\/2012\/11\/15\/vendi-i-dyte-per-rrezart-cungun\/","og_site_name":"Lajme nga Ulqini","article_published_time":"2012-11-15T06:45:28+00:00","article_modified_time":"2012-11-16T18:32:38+00:00","og_image":[{"url":"https:\/\/www.visit-ulcinj.com\/blog\/wp-content\/uploads\/2012\/11\/Vendi-i-dyte-per-Rrezart-Cungun.1-150x150.jpg"}],"twitter_misc":{"Written by":"ulqini","Est. reading time":"1 minute"},"schema":{"@context":"https:\/\/schema.org","@graph":[{"@type":"WebSite","@id":"https:\/\/www.visit-ulcinj.com\/blog\/#website","url":"https:\/\/www.visit-ulcinj.com\/blog\/","name":"Lajme nga Ulqini","description":"Lajme,Vijesti,Ulqini,Ulqin,Crna Gora,Mali i Zi","potentialAction":[{"@type":"SearchAction","target":{"@type":"EntryPoint","urlTemplate":"https:\/\/www.visit-ulcinj.com\/blog\/?s={search_term_string}"},"query-input":"required name=search_term_string"}],"inLanguage":"en-US"},{"@type":"ImageObject","inLanguage":"en-US","@id":"https:\/\/www.visit-ulcinj.com\/blog\/2012\/11\/15\/vendi-i-dyte-per-rrezart-cungun\/#primaryimage","url":"https:\/\/www.visit-ulcinj.com\/blog\/wp-content\/uploads\/2012\/11\/Vendi-i-dyte-per-Rrezart-Cungun.1.jpg","contentUrl":"https:\/\/www.visit-ulcinj.com\/blog\/wp-content\/uploads\/2012\/11\/Vendi-i-dyte-per-Rrezart-Cungun.1.jpg","width":"960","height":"720"},{"@type":"WebPage","@id":"https:\/\/www.visit-ulcinj.com\/blog\/2012\/11\/15\/vendi-i-dyte-per-rrezart-cungun\/#webpage","url":"https:\/\/www.visit-ulcinj.com\/blog\/2012\/11\/15\/vendi-i-dyte-per-rrezart-cungun\/","name":"Vendi i dyte per Rrezart Cungun - Lajme nga Ulqini","isPartOf":{"@id":"https:\/\/www.visit-ulcinj.com\/blog\/#website"},"primaryImageOfPage":{"@id":"https:\/\/www.visit-ulcinj.com\/blog\/2012\/11\/15\/vendi-i-dyte-per-rrezart-cungun\/#primaryimage"},"datePublished":"2012-11-15T06:45:28+00:00","dateModified":"2012-11-16T18:32:38+00:00","author":{"@id":"https:\/\/www.visit-ulcinj.com\/blog\/#\/schema\/person\/dcab619c614d3038751c63bc2aadc06d"},"description":"Federata e tenisit e Shqip\u00ebris organizoj turneun e hapur \"Pavar\u00ebsi\" me rastin e 100 vjetorit t\u00eb Shqip\u00ebris si shtet i pavarur. N\u00eb k\u00ebt\u00eb turej morr\u00ebn pjes\u00eb","breadcrumb":{"@id":"https:\/\/www.visit-ulcinj.com\/blog\/2012\/11\/15\/vendi-i-dyte-per-rrezart-cungun\/#breadcrumb"},"inLanguage":"en-US","potentialAction":[{"@type":"ReadAction","target":["https:\/\/www.visit-ulcinj.com\/blog\/2012\/11\/15\/vendi-i-dyte-per-rrezart-cungun\/"]}]},{"@type":"BreadcrumbList","@id":"https:\/\/www.visit-ulcinj.com\/blog\/2012\/11\/15\/vendi-i-dyte-per-rrezart-cungun\/#breadcrumb","itemListElement":[{"@type":"ListItem","position":1,"name":"Vendi i dyte per Rrezart Cungun"}]},{"@type":"Person","@id":"https:\/\/www.visit-ulcinj.com\/blog\/#\/schema\/person\/dcab619c614d3038751c63bc2aadc06d","name":"ulqini","sameAs":["http:\/\/www.visit-ulcinj.com"],"url":"https:\/\/www.visit-ulcinj.com\/blog\/author\/admin\/"}]}},"jetpack_featured_media_url":"","jetpack_sharing_enabled":true,"jetpack_shortlink":"https:\/\/wp.me\/pe6lTn-h5R","_links":{"self":[{"href":"https:\/\/www.visit-ulcinj.com\/blog\/wp-json\/wp\/v2\/posts\/65711"}],"collection":[{"href":"https:\/\/www.visit-ulcinj.com\/blog\/wp-json\/wp\/v2\/posts"}],"about":[{"href":"https:\/\/www.visit-ulcinj.com\/blog\/wp-json\/wp\/v2\/types\/post"}],"author":[{"embeddable":true,"href":"https:\/\/www.visit-ulcinj.com\/blog\/wp-json\/wp\/v2\/users\/1"}],"replies":[{"embeddable":true,"href":"https:\/\/www.visit-ulcinj.com\/blog\/wp-json\/wp\/v2\/comments?post=65711"}],"version-history":[{"count":3,"href":"https:\/\/www.visit-ulcinj.com\/blog\/wp-json\/wp\/v2\/posts\/65711\/revisions"}],"predecessor-version":[{"id":65786,"href":"https:\/\/www.visit-ulcinj.com\/blog\/wp-json\/wp\/v2\/posts\/65711\/revisions\/65786"}],"wp:attachment":[{"href":"https:\/\/www.visit-ulcinj.com\/blog\/wp-json\/wp\/v2\/media?parent=65711"}],"wp:term":[{"taxonomy":"category","embeddable":true,"href":"https:\/\/www.visit-ulcinj.com\/blog\/wp-json\/wp\/v2\/categories?post=65711"},{"taxonomy":"post_tag","embeddable":true,"href":"https:\/\/www.visit-ulcinj.com\/blog\/wp-json\/wp\/v2\/tags?post=65711"}],"curies":[{"name":"wp","href":"https:\/\/api.w.org\/{rel}","templated":true}]}}