{"id":65724,"date":"2012-11-15T17:24:42","date_gmt":"2012-11-15T16:24:42","guid":{"rendered":"http:\/\/www.visit-ulcinj.com\/blog\/?p=65724"},"modified":"2012-11-15T19:12:25","modified_gmt":"2012-11-15T18:12:25","slug":"cungu-se-sastao-sa-dejanom-lukovcempredstavnikom-zelenih-crne-gore","status":"publish","type":"post","link":"https:\/\/www.visit-ulcinj.com\/blog\/2012\/11\/15\/cungu-se-sastao-sa-dejanom-lukovcempredstavnikom-zelenih-crne-gore\/","title":{"rendered":"Cungu se sastao sa Dejanom Lukovcem,predstavnikom Zelenih Crne Gore"},"content":{"rendered":"<p><strong>Predsjednik Cungu se sastao sa Dejanom Lukovcem u cilju osnivanja Op\u0161tinskog savjeta za odr\u017eivi razvoj u Op\u0161tini Ulcinj<br \/>\n<a href=\"http:\/\/www.visit-ulcinj.com\/blog\/wp-content\/uploads\/2012\/11\/Nazif-Cungu_Dejan-Lukovac.jpg\"><img loading=\"lazy\" class=\"alignleft  wp-image-65725\" title=\"Nazif Cungu_Dejan Lukovac\" src=\"http:\/\/www.visit-ulcinj.com\/blog\/wp-content\/uploads\/2012\/11\/Nazif-Cungu_Dejan-Lukovac.jpg\" alt=\"\" width=\"508\" height=\"360\" \/><\/a><br \/>\n<\/strong><\/p>\n<p>Danas se Predsjednik Op\u0161tine Ulcinj Nazif Cungu sastao sa g-dinom. Dejanom Lukovcem, predstavnikom Zelenih Crne Gore. Cilj ovog sastanka je formiranje Op\u0161tinskog savjeta za odr\u017eivi razvoj u Op\u0161tini Ulcinj.<\/p>\n<p>G-din. Lukovac je prisutne upoznao sa prcesom i ciljem osnivanja Nacionalnog Savjeta za odr\u017eivi razvoj u Crnoj Gori koji je osnivan 1992, kao po\u010detak stvaranja organizacionih pretpostavki i kapaciteta Crne Gore da prati ono \u0161to je bio svjetski prioritet, filozofiju Odr\u017eivog Razvoja. On nagla\u0161ava da je razvoj koji nije povezan sa o\u010duvanjem okoline i dru\u0161tveno socialnim potrebama, defektan razvoj i da je filozofija odr\u017eivog razvoja i postala svjetska filozofija. Ustanovilo se da je potreba formiranja Savjeta za formiraju u samim op\u0161tinama gde se i nalaze potenciali, resursi i problemi. Formiranje Op\u0161tinskih savjeta bi podrazumjevalo da se i u op\u0161tinama projektuju planovi i strategije odr\u017eivog razvoja.<\/p>\n<p>Predsjednik Cungu je pozdravio inicjativu Zelenih za onsivanje ovakvog savjeta u Ulcinju. On je ocjenio da kako je Op\u0161tina Ulcinj u fazi izrade Prostornog urbanisti\u010dkog plana i Strate\u0161kog plana razvoja ovo su povoljne okolnosti, zato \u0161to su ovi dokumenti od velikog zna\u010daja u fazi kada se bude radilo na prou\u010davanju dolumenata, ocjenjivanju stanja i dono\u0161enja planskih dokumentata vezamo za odr\u017eivi razvoj Op\u0161tine Ulcinj.<br \/>\nOsim Op\u0161tine Ulcinj, za formiranje Op\u0161tinskih savjeta pozitivno su se izrazile jo\u0161 5 Op\u0161tina Crne Gore: Op\u0161tina Cetinje, Op\u0161tina Bijelo Polje, Op\u0161tina Pljevlja, Op\u0161tina Tivat i Op\u0161tina Kola\u0161in. Do sada Op\u0161tinski savjet za odr\u017eivi razvoj postoji samo u Danilovgradu.<\/p>\n<p><strong>Op\u0161tina Ulcinj \/ Komuna e Ulqinit<\/strong><br \/>\nTel: +382 30 412 050<br \/>\nFax: +382 30 412 413<br \/>\nAdresa: Bul. Skenderbeu bb, 85360 Ulcinj, MNE<\/p>\n","protected":false},"excerpt":{"rendered":"<p>Predsjednik Cungu se sastao sa Dejanom Lukovcem u cilju osnivanja Op\u0161tinskog savjeta za odr\u017eivi razvoj u Op\u0161tini Ulcinj Danas se Predsjednik Op\u0161tine Ulcinj Nazif Cungu sastao sa g-dinom. Dejanom Lukovcem, predstavnikom Zelenih Crne Gore. Cilj ovog sastanka je formiranje Op\u0161tinskog savjeta za odr\u017eivi razvoj u Op\u0161tini Ulcinj. G-din. Lukovac je prisutne upoznao sa prcesom i [&hellip;]<\/p>\n","protected":false},"author":1,"featured_media":0,"comment_status":"open","ping_status":"closed","sticky":false,"template":"","format":"standard","meta":{"spay_email":"","jetpack_publicize_message":"","jetpack_is_tweetstorm":false,"jetpack_publicize_feature_enabled":true},"categories":[6950],"tags":[21466,118,21465,3168],"jetpack_publicize_connections":[],"yoast_head":"<!-- This site is optimized with the Yoast SEO plugin v19.1 - https:\/\/yoast.com\/wordpress\/plugins\/seo\/ -->\n<title>Cungu se sastao sa Dejanom Lukovcem,predstavnikom Zelenih Crne Gore - Lajme nga Ulqini<\/title>\n<meta name=\"description\" content=\"Predsjednik Cungu se sastao sa Dejanom Lukovcem u cilju osnivanja Op\u0161tinskog savjeta za odr\u017eivi razvoj u Op\u0161tini Ulcinj Danas se Predsjednik Op\u0161tine\" \/>\n<meta name=\"robots\" content=\"index, follow, max-snippet:-1, max-image-preview:large, max-video-preview:-1\" \/>\n<link rel=\"canonical\" href=\"https:\/\/www.visit-ulcinj.com\/blog\/2012\/11\/15\/cungu-se-sastao-sa-dejanom-lukovcempredstavnikom-zelenih-crne-gore\/\" \/>\n<meta property=\"og:locale\" content=\"en_US\" \/>\n<meta property=\"og:type\" content=\"article\" \/>\n<meta property=\"og:title\" content=\"Cungu se sastao sa Dejanom Lukovcem,predstavnikom Zelenih Crne Gore - Lajme nga Ulqini\" \/>\n<meta property=\"og:description\" content=\"Predsjednik Cungu se sastao sa Dejanom Lukovcem u cilju osnivanja Op\u0161tinskog savjeta za odr\u017eivi razvoj u Op\u0161tini Ulcinj Danas se Predsjednik Op\u0161tine\" \/>\n<meta property=\"og:url\" content=\"https:\/\/www.visit-ulcinj.com\/blog\/2012\/11\/15\/cungu-se-sastao-sa-dejanom-lukovcempredstavnikom-zelenih-crne-gore\/\" \/>\n<meta property=\"og:site_name\" content=\"Lajme nga Ulqini\" \/>\n<meta property=\"article:published_time\" content=\"2012-11-15T16:24:42+00:00\" \/>\n<meta property=\"article:modified_time\" content=\"2012-11-15T18:12:25+00:00\" \/>\n<meta property=\"og:image\" content=\"http:\/\/www.visit-ulcinj.com\/blog\/wp-content\/uploads\/2012\/11\/Nazif-Cungu_Dejan-Lukovac.jpg\" \/>\n<meta name=\"twitter:label1\" content=\"Written by\" \/>\n\t<meta name=\"twitter:data1\" content=\"ulqini\" \/>\n\t<meta name=\"twitter:label2\" content=\"Est. reading time\" \/>\n\t<meta name=\"twitter:data2\" content=\"2 minutes\" \/>\n<script type=\"application\/ld+json\" class=\"yoast-schema-graph\">{\"@context\":\"https:\/\/schema.org\",\"@graph\":[{\"@type\":\"WebSite\",\"@id\":\"https:\/\/www.visit-ulcinj.com\/blog\/#website\",\"url\":\"https:\/\/www.visit-ulcinj.com\/blog\/\",\"name\":\"Lajme nga Ulqini\",\"description\":\"Lajme,Vijesti,Ulqini,Ulqin,Crna Gora,Mali i Zi\",\"potentialAction\":[{\"@type\":\"SearchAction\",\"target\":{\"@type\":\"EntryPoint\",\"urlTemplate\":\"https:\/\/www.visit-ulcinj.com\/blog\/?s={search_term_string}\"},\"query-input\":\"required name=search_term_string\"}],\"inLanguage\":\"en-US\"},{\"@type\":\"ImageObject\",\"inLanguage\":\"en-US\",\"@id\":\"https:\/\/www.visit-ulcinj.com\/blog\/2012\/11\/15\/cungu-se-sastao-sa-dejanom-lukovcempredstavnikom-zelenih-crne-gore\/#primaryimage\",\"url\":\"https:\/\/www.visit-ulcinj.com\/blog\/wp-content\/uploads\/2012\/11\/Nazif-Cungu_Dejan-Lukovac.jpg\",\"contentUrl\":\"https:\/\/www.visit-ulcinj.com\/blog\/wp-content\/uploads\/2012\/11\/Nazif-Cungu_Dejan-Lukovac.jpg\",\"width\":\"640\",\"height\":\"424\"},{\"@type\":\"WebPage\",\"@id\":\"https:\/\/www.visit-ulcinj.com\/blog\/2012\/11\/15\/cungu-se-sastao-sa-dejanom-lukovcempredstavnikom-zelenih-crne-gore\/#webpage\",\"url\":\"https:\/\/www.visit-ulcinj.com\/blog\/2012\/11\/15\/cungu-se-sastao-sa-dejanom-lukovcempredstavnikom-zelenih-crne-gore\/\",\"name\":\"Cungu se sastao sa Dejanom Lukovcem,predstavnikom Zelenih Crne Gore - Lajme nga Ulqini\",\"isPartOf\":{\"@id\":\"https:\/\/www.visit-ulcinj.com\/blog\/#website\"},\"primaryImageOfPage\":{\"@id\":\"https:\/\/www.visit-ulcinj.com\/blog\/2012\/11\/15\/cungu-se-sastao-sa-dejanom-lukovcempredstavnikom-zelenih-crne-gore\/#primaryimage\"},\"datePublished\":\"2012-11-15T16:24:42+00:00\",\"dateModified\":\"2012-11-15T18:12:25+00:00\",\"author\":{\"@id\":\"https:\/\/www.visit-ulcinj.com\/blog\/#\/schema\/person\/dcab619c614d3038751c63bc2aadc06d\"},\"description\":\"Predsjednik Cungu se sastao sa Dejanom Lukovcem u cilju osnivanja Op\u0161tinskog savjeta za odr\u017eivi razvoj u Op\u0161tini Ulcinj Danas se Predsjednik Op\u0161tine\",\"breadcrumb\":{\"@id\":\"https:\/\/www.visit-ulcinj.com\/blog\/2012\/11\/15\/cungu-se-sastao-sa-dejanom-lukovcempredstavnikom-zelenih-crne-gore\/#breadcrumb\"},\"inLanguage\":\"en-US\",\"potentialAction\":[{\"@type\":\"ReadAction\",\"target\":[\"https:\/\/www.visit-ulcinj.com\/blog\/2012\/11\/15\/cungu-se-sastao-sa-dejanom-lukovcempredstavnikom-zelenih-crne-gore\/\"]}]},{\"@type\":\"BreadcrumbList\",\"@id\":\"https:\/\/www.visit-ulcinj.com\/blog\/2012\/11\/15\/cungu-se-sastao-sa-dejanom-lukovcempredstavnikom-zelenih-crne-gore\/#breadcrumb\",\"itemListElement\":[{\"@type\":\"ListItem\",\"position\":1,\"name\":\"Cungu se sastao sa Dejanom Lukovcem,predstavnikom Zelenih Crne Gore\"}]},{\"@type\":\"Person\",\"@id\":\"https:\/\/www.visit-ulcinj.com\/blog\/#\/schema\/person\/dcab619c614d3038751c63bc2aadc06d\",\"name\":\"ulqini\",\"sameAs\":[\"http:\/\/www.visit-ulcinj.com\"],\"url\":\"https:\/\/www.visit-ulcinj.com\/blog\/author\/admin\/\"}]}<\/script>\n<!-- \/ Yoast SEO plugin. -->","yoast_head_json":{"title":"Cungu se sastao sa Dejanom Lukovcem,predstavnikom Zelenih Crne Gore - Lajme nga Ulqini","description":"Predsjednik Cungu se sastao sa Dejanom Lukovcem u cilju osnivanja Op\u0161tinskog savjeta za odr\u017eivi razvoj u Op\u0161tini Ulcinj Danas se Predsjednik Op\u0161tine","robots":{"index":"index","follow":"follow","max-snippet":"max-snippet:-1","max-image-preview":"max-image-preview:large","max-video-preview":"max-video-preview:-1"},"canonical":"https:\/\/www.visit-ulcinj.com\/blog\/2012\/11\/15\/cungu-se-sastao-sa-dejanom-lukovcempredstavnikom-zelenih-crne-gore\/","og_locale":"en_US","og_type":"article","og_title":"Cungu se sastao sa Dejanom Lukovcem,predstavnikom Zelenih Crne Gore - Lajme nga Ulqini","og_description":"Predsjednik Cungu se sastao sa Dejanom Lukovcem u cilju osnivanja Op\u0161tinskog savjeta za odr\u017eivi razvoj u Op\u0161tini Ulcinj Danas se Predsjednik Op\u0161tine","og_url":"https:\/\/www.visit-ulcinj.com\/blog\/2012\/11\/15\/cungu-se-sastao-sa-dejanom-lukovcempredstavnikom-zelenih-crne-gore\/","og_site_name":"Lajme nga Ulqini","article_published_time":"2012-11-15T16:24:42+00:00","article_modified_time":"2012-11-15T18:12:25+00:00","og_image":[{"url":"http:\/\/www.visit-ulcinj.com\/blog\/wp-content\/uploads\/2012\/11\/Nazif-Cungu_Dejan-Lukovac.jpg"}],"twitter_misc":{"Written by":"ulqini","Est. reading time":"2 minutes"},"schema":{"@context":"https:\/\/schema.org","@graph":[{"@type":"WebSite","@id":"https:\/\/www.visit-ulcinj.com\/blog\/#website","url":"https:\/\/www.visit-ulcinj.com\/blog\/","name":"Lajme nga Ulqini","description":"Lajme,Vijesti,Ulqini,Ulqin,Crna Gora,Mali i Zi","potentialAction":[{"@type":"SearchAction","target":{"@type":"EntryPoint","urlTemplate":"https:\/\/www.visit-ulcinj.com\/blog\/?s={search_term_string}"},"query-input":"required name=search_term_string"}],"inLanguage":"en-US"},{"@type":"ImageObject","inLanguage":"en-US","@id":"https:\/\/www.visit-ulcinj.com\/blog\/2012\/11\/15\/cungu-se-sastao-sa-dejanom-lukovcempredstavnikom-zelenih-crne-gore\/#primaryimage","url":"https:\/\/www.visit-ulcinj.com\/blog\/wp-content\/uploads\/2012\/11\/Nazif-Cungu_Dejan-Lukovac.jpg","contentUrl":"https:\/\/www.visit-ulcinj.com\/blog\/wp-content\/uploads\/2012\/11\/Nazif-Cungu_Dejan-Lukovac.jpg","width":"640","height":"424"},{"@type":"WebPage","@id":"https:\/\/www.visit-ulcinj.com\/blog\/2012\/11\/15\/cungu-se-sastao-sa-dejanom-lukovcempredstavnikom-zelenih-crne-gore\/#webpage","url":"https:\/\/www.visit-ulcinj.com\/blog\/2012\/11\/15\/cungu-se-sastao-sa-dejanom-lukovcempredstavnikom-zelenih-crne-gore\/","name":"Cungu se sastao sa Dejanom Lukovcem,predstavnikom Zelenih Crne Gore - Lajme nga Ulqini","isPartOf":{"@id":"https:\/\/www.visit-ulcinj.com\/blog\/#website"},"primaryImageOfPage":{"@id":"https:\/\/www.visit-ulcinj.com\/blog\/2012\/11\/15\/cungu-se-sastao-sa-dejanom-lukovcempredstavnikom-zelenih-crne-gore\/#primaryimage"},"datePublished":"2012-11-15T16:24:42+00:00","dateModified":"2012-11-15T18:12:25+00:00","author":{"@id":"https:\/\/www.visit-ulcinj.com\/blog\/#\/schema\/person\/dcab619c614d3038751c63bc2aadc06d"},"description":"Predsjednik Cungu se sastao sa Dejanom Lukovcem u cilju osnivanja Op\u0161tinskog savjeta za odr\u017eivi razvoj u Op\u0161tini Ulcinj Danas se Predsjednik Op\u0161tine","breadcrumb":{"@id":"https:\/\/www.visit-ulcinj.com\/blog\/2012\/11\/15\/cungu-se-sastao-sa-dejanom-lukovcempredstavnikom-zelenih-crne-gore\/#breadcrumb"},"inLanguage":"en-US","potentialAction":[{"@type":"ReadAction","target":["https:\/\/www.visit-ulcinj.com\/blog\/2012\/11\/15\/cungu-se-sastao-sa-dejanom-lukovcempredstavnikom-zelenih-crne-gore\/"]}]},{"@type":"BreadcrumbList","@id":"https:\/\/www.visit-ulcinj.com\/blog\/2012\/11\/15\/cungu-se-sastao-sa-dejanom-lukovcempredstavnikom-zelenih-crne-gore\/#breadcrumb","itemListElement":[{"@type":"ListItem","position":1,"name":"Cungu se sastao sa Dejanom Lukovcem,predstavnikom Zelenih Crne Gore"}]},{"@type":"Person","@id":"https:\/\/www.visit-ulcinj.com\/blog\/#\/schema\/person\/dcab619c614d3038751c63bc2aadc06d","name":"ulqini","sameAs":["http:\/\/www.visit-ulcinj.com"],"url":"https:\/\/www.visit-ulcinj.com\/blog\/author\/admin\/"}]}},"jetpack_featured_media_url":"","jetpack_sharing_enabled":true,"jetpack_shortlink":"https:\/\/wp.me\/pe6lTn-h64","_links":{"self":[{"href":"https:\/\/www.visit-ulcinj.com\/blog\/wp-json\/wp\/v2\/posts\/65724"}],"collection":[{"href":"https:\/\/www.visit-ulcinj.com\/blog\/wp-json\/wp\/v2\/posts"}],"about":[{"href":"https:\/\/www.visit-ulcinj.com\/blog\/wp-json\/wp\/v2\/types\/post"}],"author":[{"embeddable":true,"href":"https:\/\/www.visit-ulcinj.com\/blog\/wp-json\/wp\/v2\/users\/1"}],"replies":[{"embeddable":true,"href":"https:\/\/www.visit-ulcinj.com\/blog\/wp-json\/wp\/v2\/comments?post=65724"}],"version-history":[{"count":2,"href":"https:\/\/www.visit-ulcinj.com\/blog\/wp-json\/wp\/v2\/posts\/65724\/revisions"}],"predecessor-version":[{"id":65728,"href":"https:\/\/www.visit-ulcinj.com\/blog\/wp-json\/wp\/v2\/posts\/65724\/revisions\/65728"}],"wp:attachment":[{"href":"https:\/\/www.visit-ulcinj.com\/blog\/wp-json\/wp\/v2\/media?parent=65724"}],"wp:term":[{"taxonomy":"category","embeddable":true,"href":"https:\/\/www.visit-ulcinj.com\/blog\/wp-json\/wp\/v2\/categories?post=65724"},{"taxonomy":"post_tag","embeddable":true,"href":"https:\/\/www.visit-ulcinj.com\/blog\/wp-json\/wp\/v2\/tags?post=65724"}],"curies":[{"name":"wp","href":"https:\/\/api.w.org\/{rel}","templated":true}]}}