{"id":6575,"date":"2008-11-24T10:46:57","date_gmt":"2008-11-24T15:46:57","guid":{"rendered":"http:\/\/www.visit-ulcinj.com\/blog\/?p=6575"},"modified":"2008-11-25T21:16:19","modified_gmt":"2008-11-25T20:16:19","slug":"udsh-shenon-diten-e-formimitm%e2%80%99i-gezofsh-15-pranvera","status":"publish","type":"post","link":"https:\/\/www.visit-ulcinj.com\/blog\/2008\/11\/24\/udsh-shenon-diten-e-formimitm%e2%80%99i-gezofsh-15-pranvera\/","title":{"rendered":"UDSH sh\u00ebnon dit\u00ebn e formimit,M\u2019i g\u00ebzofsh 15 pranvera"},"content":{"rendered":"<p><a href=\"http:\/\/www.visit-ulcinj.com\/blog\/wp-content\/uploads\/2008\/11\/udsh_logo.jpg\"><img loading=\"lazy\" class=\"alignleft size-medium wp-image-6576\" title=\"udsh_logo\" src=\"http:\/\/www.visit-ulcinj.com\/blog\/wp-content\/uploads\/2008\/11\/udsh_logo.jpg\" alt=\"\" width=\"283\" height=\"273\" \/><\/a><strong>M\u2019i g\u00ebzofsh 15 pranvera<\/strong><br \/>\nKoha do t\u00eb d\u00ebshmoj\u00eb se UDSH, me nj\u00eb program realist e pragmatik, t\u00eb bazuar mbi standarde demokratike europiane t\u00eb demokracive shum\u00ebnacionale, mbi t\u00eb gjitha me nj\u00eb veprim t\u00eb sinqert\u00eb e transparent do t`ia dal\u00eb ta kthej\u00eb n\u00eb binar\u00eb t\u00eb duhur trenin e aspiratave legjitime p\u00ebr faktorizimin e shqiptar\u00ebve dhe p\u00ebr p\u00ebrmir\u00ebsimin e pozit\u00ebs s\u00eb tyre n\u00eb Mal t\u00eb Zi.<br \/>\nM\u00eb 21 n\u00ebntor 1993 \u00ebsht\u00eb themeluar partia e dyt\u00eb e shqiptar\u00ebve n\u00eb Mal t\u00eb Zi, Unioni Demokratik i Shqiptar\u00ebe. Mospajtimet n\u00eb udh\u00ebheqjen e partis\u00eb s\u00eb par\u00eb, LD n\u00eb MZ, d\u00ebshtimi i saj n\u00eb zgjedhjet parlamentare t\u00eb vitit 1992, pas p\u00ebrkrahjes plebishitare q\u00eb e kishte fituar n\u00eb zgjedhjet e para t\u00eb vitit 1990, sjelljet dhe hapat simptomatik\u00eb aventurier\u00eb, kok\u00ebfort\u00ebsia dhe mosp\u00ebrfillja e kritik\u00ebs s\u00eb brendshme, kan\u00eb b\u00ebr\u00eb q\u00eb nj\u00eb pjes\u00eb e lider\u00ebve t\u00eb LD n\u00eb MZ, n\u00eb krye me profesorin e dalluar e partiotin e kulluar, t\u00eb ndjerin Bajram Rexha, t\u00eb vendos\u00eb t\u00eb themeloj\u00eb partin\u00eb e re UDSH.<br \/>\nKoha do t\u00eb d\u00ebshmoj\u00eb se UDSH, me nj\u00eb program realist e pragmatik, t\u00eb bazuar mbi standarde demokratike europiane t\u00eb demokracive shum\u00ebnacionale, mbi t\u00eb gjitha me nj\u00eb veprim t\u00eb sinqert\u00eb e transparent do t`ia dal\u00eb ta kthej\u00eb n\u00eb binar\u00eb t\u00eb duhur trenin e aspiratave legjitime p\u00ebr faktorizimin e shqiptar\u00ebve dhe p\u00ebr p\u00ebrmir\u00ebsimin e pozit\u00ebs s\u00eb tyre n\u00eb Mal t\u00eb Zi, por edhe p\u00ebr kontributin n\u00eb ngjarjet m\u00eb t\u00eb r\u00ebnd\u00ebsishme t\u00eb koh\u00ebs, n\u00eb Mal t\u00eb Zi e n\u00eb Rajon.<br \/>\nUDSH b\u00ebhet parti parlamentare n\u00eb vitin 1996 dhe k\u00ebt\u00eb status vazhdon ta ruaj\u00eb edhe sot.<br \/>\nKjo i ka mund\u00ebsuar q\u00eb projektet e tij dhe m\u00ebnyra e zb\u00ebrthimit t\u00eb tyre n\u00eb opinion, ta b\u00ebjn\u00eb subjekt t\u00eb pakap\u00ebrcyesh\u00ebm n\u00eb t\u00eb gjitha debatat e brenshme apo nd\u00ebrkomb\u00ebtare p\u00ebr pozit\u00ebn dhe statusin e shqiptar\u00ebve n\u00eb Mal t\u00eb Zi.<br \/>\nTri kan\u00eb qen\u00eb shtyllat e programit politik t\u00eb UDSH-s\u00eb n\u00eb faz\u00ebn e deritashme t\u00eb proceseve demokratike n\u00eb Mal t\u00eb Zi e n\u00eb Rajon: Platforma p\u00ebr status t\u00eb ve\u00e7ant\u00eb t\u00eb shqiptar\u00ebve n\u00eb Mal t\u00eb Zi, kontributi p\u00ebr kauz\u00ebn num\u00ebr 1 t\u00eb shqitpar\u00ebve n\u00eb fundshekullin e shkuar dhe fillimin e k\u00ebtij shekulli &#8211; pavar\u00ebsin\u00eb e Kosov\u00ebs dhe kontributi p\u00ebr pavar\u00ebsin\u00eb e Malit t\u00eb Zi, q\u00eb rrethanat e kishin pozicionuar shum\u00eb t\u00eb r\u00ebnd\u00ebsishme edhe p\u00ebr pavar\u00ebsin\u00eb e Kosov\u00ebs.<br \/>\nDuhet th\u00ebn\u00eb se, n\u00eb k\u00ebto procese, UDSH \u00ebsht\u00eb sjellur ndryshe nga partit\u00eb e tjera shqiptare dhe koha do ta d\u00ebshmoj\u00eb se kush ka patur t\u00eb drejt\u00eb. Por, q\u00eb tani mund t\u00eb thuhet se, fal\u00eb angazhimeve politike dhe aft\u00ebsis\u00eb q\u00eb fjal\u00ebt t`i b\u00ebj\u00eb vepra, UDSH, n\u00eb k\u00ebt\u00eb periudh\u00eb, b\u00ebhet partia m\u00eb e fort\u00eb shqiptare, e cila b\u00ebn q\u00eb kontributi i shqiptar\u00ebve n\u00eb Mal t\u00eb Zi n\u00eb ruajtjen e stabilitetit dhe t\u00eb paqes n\u00eb Mal t\u00eb Zi, si dhe n\u00eb krijimin e logjistikave p\u00ebr marr\u00ebdh\u00ebnie t\u00eb reja nd\u00ebrmjet popujve e shteteve n\u00eb Ballkan, t\u00eb jet\u00eb shum\u00ebfish m\u00eb i madh se numri i tyre n\u00eb popullsin\u00eb e k\u00ebtushme.<br \/>\nPa p\u00ebrkrahjen e partive t\u00eb tjera shqiptare, ose me kund\u00ebrshtimin e tyre, UDSH, n\u00eb bashk\u00ebpunim me forcat demokratike n\u00eb Mal t\u00eb Zi dhe me faktorin nd\u00ebrkomb\u00ebtar, ia del t\u00eb realizoj\u00eb projekte t\u00eb r\u00ebnd\u00ebsishme q\u00eb p\u00ebrmir\u00ebsojn\u00eb pozit\u00ebn e shqiptar\u00ebve, si\u00e7 jan\u00eb:<br \/>\n&#8211; formimi i Ministris\u00eb p\u00ebr t\u00eb Drejtat e Pakicave,<br \/>\n&#8211; Ligji p\u00ebr p\u00ebrdorimin e simboleve komb\u00ebtare,<br \/>\n&#8211; Platforma p\u00ebr status t\u00eb ve\u00e7ant\u00eb t\u00eb shqiptar\u00ebve n\u00eb Mal t\u00eb Zi,<br \/>\n&#8211; spitali i par\u00eb i maternitetit n\u00eb Ulqin,<br \/>\n&#8211; pikat e reja kufitare me Republik\u00ebn e Shqip\u00ebris\u00eb (Muriqani e Vermosha),<br \/>\n&#8211; fakulteti i par\u00eb shqip n\u00eb Podgoric\u00eb,<br \/>\n&#8211; Komuna Urbane e Tuzit, si projekt-pilot i nj\u00eb faze kalimtare drejt komun\u00ebs s\u00eb plot\u00eb,<br \/>\n&#8211; Ligji p\u00ebr t\u00eb drejtat dhe lirit\u00eb e pakicave,<br \/>\n&#8211; Panairi i Librit n\u00eb Ulqin,<br \/>\n&#8211; Festivali i K\u00ebng\u00ebs p\u00ebr F\u00ebmij\u00eb n\u00eb Ulqin,<br \/>\n&#8211; finalizimi i qendrave t\u00eb kultur\u00ebs n\u00eb Ulqin e n\u00eb Tuz,<br \/>\n&#8211; zyrtarizimi i gjuh\u00ebs shqipe n\u00eb Komun\u00ebn e Plav\u00ebs\u2026.<br \/>\n&#8211; ky\u00e7ja e p\u00ebrfaq\u00ebsuesve t\u00eb partis\u00eb shqiptare edhe n\u00eb p\u00ebrfaq\u00ebsit\u00eb diplomatike t\u00eb Malit t\u00eb Zi, pas pavar\u00ebsimit t\u00eb tij m\u00eb 2006,<br \/>\n&#8211; kontributi n\u00eb p\u00ebrmir\u00ebsimin e marr\u00ebdh\u00ebnieve fqinj\u00ebsore nd\u00ebrmjet Malit t\u00eb Zi e Shqip\u00ebris\u00eb,<br \/>\n&#8211; kontributi p\u00ebr njohjen e Kosov\u00ebs s\u00eb pavarur nga ana e Malit t\u00eb Zi\u2026.<br \/>\n&#8211; vendosja e partneritetit me qeverin\u00eb antimillosheviqiane t\u00eb Malit t\u00eb Zi\u2026<br \/>\nS`do mend se k\u00ebto dhe projekte t\u00eb tjera i b\u00ebjn\u00eb qesharak\u00eb z\u00ebrat q\u00eb ende d\u00ebgjohen se n\u00eb Mal t\u00eb Zi nuk na u paska b\u00ebr\u00eb asgj\u00eb p\u00ebr p\u00ebrmir\u00ebsimin e pozit\u00ebs s\u00eb shqiptar\u00ebve n\u00eb k\u00ebt\u00eb shtet.<br \/>\nPor, ato dalin nga subjektet t\u00eb cilat pas 18 vjet veprimi nuk kan\u00eb asgj\u00eb pas vetes ose nga ato t\u00eb cilave pas 16 viteve angazhime t\u00eb tjera u bie nd\u00ebrmend se \u00ebsht\u00eb koha t\u00eb shesin super-patriotiz\u00ebm.<br \/>\nHiq kontributet dhe projektet e sip\u00ebrp\u00ebrmendura t\u00eb UDSH-s\u00eb, \u00e7ka na mbeti?<br \/>\nEdhe kontributi i UDSH-s\u00eb p\u00ebr kauz\u00ebn num\u00ebr 1 \u00ebsht\u00eb i pakontestuesh\u00ebm.<br \/>\nKur po digjej Drenica, si parti qeveritare, UDSH organizon tubim p\u00ebrkrahjeje p\u00ebr aspiratat legjitime t\u00eb popullit t\u00eb Kosov\u00ebs, duke d\u00ebnuar dhun\u00ebn e regjimit policor t\u00eb diktatorit Millosheviq, duke th\u00ebn\u00eb se viktimat e Kosov\u00ebs jan\u00eb edhe tonat dhe se fitoret e saj do t\u00eb jen\u00eb edhe tonat. N\u00eb k\u00ebt\u00eb tubim t\u00eb marsit t\u00eb vitit 1998 \u00ebsht\u00eb d\u00ebgjuar edhe fjalia: &#8220;Or\u00ebt n\u00eb shkollat tona, meshat n\u00eb kishat tona, namazet n\u00eb xhamit\u00eb tona, m\u00ebngjezet n\u00eb sht\u00ebpit\u00eb tona duhet t\u00eb fillojn\u00eb me lutje p\u00ebr Kosov\u00ebn&#8221;. Dhe tjetra: &#8220;Mund t\u00eb ket\u00eb prap\u00eb dhun\u00eb, mund t\u00eb ket\u00eb prap\u00eb gjak, mund t\u00eb ket\u00eb prap\u00eb varre, por s`ka diktator as polici q\u00eb mund t\u00eb ndal\u00eb rrug\u00ebn e Kosovar\u00ebve p\u00ebr liri!&#8221;<br \/>\nPrononcime e deklarata t\u00eb ngjashme jan\u00eb d\u00ebgjuar nga p\u00ebrfaq\u00ebsuesi i UDSH-s\u00eb n\u00eb Parlamentin e Malit t\u00eb Zi edhe gjat\u00eb bombardimeve t\u00eb NATO-s, kur n\u00eb Mal t\u00eb Zi ndodheshin rreth 100 mij\u00eb shqiptar\u00eb t\u00eb d\u00ebbuar nga Kosova dhe kur t\u00eb tjer\u00ebt po heshtnin.<br \/>\nP\u00ebrfaq\u00ebsuesi i UDSH-s\u00eb jep dor\u00ebheqje nga Komisioni p\u00ebr hartimin e Kart\u00ebs Kushtetuese t\u00eb shtetit t\u00eb p\u00ebrbashk\u00ebt t\u00eb Serbis\u00eb e Malit t\u00eb Zi, kur ky kishte vendosur q\u00eb Preambula e saj ta quante Kosov\u00ebn \u201ckrahin\u00eb autonome t\u00eb Serbis\u00eb\u201d. &#8211; Nuk mund flitet p\u00ebr Kosov\u00ebn pa p\u00ebrfaq\u00ebsuesit legjitim\u00eb t\u00eb saj &#8211; kishte th\u00ebn\u00eb ai.<br \/>\nParaprakisht, gjat\u00eb nj\u00eb darke me disa an\u00ebtar\u00eb t\u00eb Komisionit, ai kishte braktisur tavolin\u00ebn kur pas saj ia kishte behur kryevras\u00ebsi i ushtris\u00eb s\u00eb Millosheviqit n\u00eb Kosov\u00eb, gjenerali Nebojsha Pavkoviq, tash banues i Hag\u00ebs. &#8211; Me t\u00eb till\u00eb un\u00eb nuk rri &#8211; i kishte th\u00ebn\u00eb ai shefit t\u00eb delegacionit malazez. Darka kishte qen\u00eb n\u00eb Beograd.<br \/>\nTash, disa q\u00eb asokohe nuk dukeshin asgj\u00ebkundi, pyesin se \u00e7ka ka b\u00ebr\u00eb UDSH-ja p\u00ebr Kosov\u00ebn! Ata harrojn\u00eb se n\u00eb vitrinat e UDSH-s\u00eb, p\u00ebr k\u00ebto dhe p\u00ebr shum\u00eb kontribute t\u00eb tjera, \u00ebsht\u00eb Medalja e Art\u00eb e Lidhjes s\u00eb Prizrenit, nga presidenti historik Ibrahim Rugova.<br \/>\nI vet\u00ebdijsh\u00ebm se pa epilogun fatlum t\u00eb kauz\u00ebs nr. 1 t\u00eb koh\u00ebs nuk mund t\u00eb flitet p\u00ebr realizime shqiptare, UDSH-ja shfryt\u00ebzon \u00e7do rast p\u00ebr ta ndihmuar sadopak k\u00ebt\u00eb.<br \/>\nN\u00eb vitin 1997 nj\u00eb lider u tha &#8220;Jo&#8221; politikave t\u00eb Millosheviqit. Millo Gjukanoviq e b\u00ebri publik angazhimin p\u00ebr pavar\u00ebsimin e Malit t\u00eb Zi partneritetin me t\u00eb, q\u00eb n\u00eb at\u00eb moment, UDSH e b\u00ebn imperativ t\u00eb veprimit politik. Ai n\u00eb vitin 1998 hyn n\u00eb Qeverin\u00eb t\u00eb cil\u00ebn e drejtonte partia e tij, n\u00eb \u00e7do takim me nd\u00ebrkomb\u00ebtar\u00ebt avancon politikat e tij, n\u00eb t\u00eb gjitha zgjedhjet presidenciale p\u00ebrkrah kandidaturat e partis\u00eb s\u00eb tij, nuk \u00e7on shum\u00eb pluhur p\u00ebr \u00e7\u00ebshtje m\u00eb t\u00eb vogla, as kur p\u00ebr k\u00ebt\u00eb ka arsye objektive\u2026 sepse po afrohej pavar\u00ebsia. Po afrohej Referendumi i pavar\u00ebsis\u00eb i 21 majit 2006. UDSH ka qen\u00eb e vetmja parti shqitpare q\u00eb ka marr\u00eb pjes\u00eb aktive n\u00eb fushat\u00ebn e Referendumit dhe p\u00ebrcillte me keqardhje thirrjet p\u00ebr bojkot ose pozicionimin asnjan\u00ebs t\u00eb partive t\u00eb tjera shqiptare. Por, pjes\u00eb aktive, p\u00ebr fat t\u00eb mir\u00eb mor\u00ebn edhe t\u00eb gjith\u00eb shqiptar\u00ebt me t\u00eb drejt\u00eb vote, t\u00eb cil\u00ebt me 21 maj kan\u00eb p\u00ebrkrahur pavar\u00ebsin\u00eb e Mali t\u00eb Zi.<br \/>\nMali i Zi i pavarur ka njohur m\u00eb 9 tetor, Kosov\u00ebn e pavarur, t\u00eb shpallur m\u00eb 17 shkurt t\u00eb k\u00ebtij viti.<br \/>\nK\u00ebshtu vulosen marr\u00ebdh\u00ebniet e reja n\u00eb Ballkan. UDSH-ja ka hise n\u00eb k\u00ebt\u00eb vul\u00eb. Andaj nga pozita e kryetarit t\u00eb tij, mund t`i them me krenari: M`I G\u00cbZOFSH 15 PRANVERA!<br \/>\n<strong>Ferhat Dinosha<br \/>\nKoha Javore<\/strong><\/p>\n<p>\n\t\t<style type=\"text\/css\">\n\t\t\t#gallery-1 {\n\t\t\t\tmargin: auto;\n\t\t\t}\n\t\t\t#gallery-1 .gallery-item {\n\t\t\t\tfloat: left;\n\t\t\t\tmargin-top: 10px;\n\t\t\t\ttext-align: center;\n\t\t\t\twidth: 33%;\n\t\t\t}\n\t\t\t#gallery-1 img {\n\t\t\t\tborder: 2px solid #cfcfcf;\n\t\t\t}\n\t\t\t#gallery-1 .gallery-caption {\n\t\t\t\tmargin-left: 0;\n\t\t\t}\n\t\t\t\/* see gallery_shortcode() in wp-includes\/media.php *\/\n\t\t<\/style>\n\t\t<div id='gallery-1' class='gallery galleryid-6575 gallery-columns-3 gallery-size-thumbnail'><dl class='gallery-item'>\n\t\t\t<dt class='gallery-icon landscape'>\n\t\t\t\t<a href='https:\/\/www.visit-ulcinj.com\/blog\/2008\/11\/24\/udsh-shenon-diten-e-formimitm%e2%80%99i-gezofsh-15-pranvera\/president-topi-receiving-the-prime-minister-of-montenegro-milo-dukanovic3\/'><img width=\"150\" height=\"150\" src=\"https:\/\/www.visit-ulcinj.com\/blog\/wp-content\/uploads\/2008\/11\/president-topi-receiving-the-prime-minister-of-montenegro-milo-dukanovic3-150x150.jpg\" class=\"attachment-thumbnail size-thumbnail\" alt=\"\" loading=\"lazy\" \/><\/a>\n\t\t\t<\/dt><\/dl><dl class='gallery-item'>\n\t\t\t<dt class='gallery-icon landscape'>\n\t\t\t\t<a href='https:\/\/www.visit-ulcinj.com\/blog\/2008\/11\/24\/udsh-shenon-diten-e-formimitm%e2%80%99i-gezofsh-15-pranvera\/udsh_logo\/'><img width=\"150\" height=\"150\" src=\"https:\/\/www.visit-ulcinj.com\/blog\/wp-content\/uploads\/2008\/11\/udsh_logo-150x150.jpg\" class=\"attachment-thumbnail size-thumbnail\" alt=\"\" loading=\"lazy\" \/><\/a>\n\t\t\t<\/dt><\/dl><dl class='gallery-item'>\n\t\t\t<dt class='gallery-icon landscape'>\n\t\t\t\t<a href='https:\/\/www.visit-ulcinj.com\/blog\/2008\/11\/24\/udsh-shenon-diten-e-formimitm%e2%80%99i-gezofsh-15-pranvera\/ferhat-dinosha-2-2-2\/'><img width=\"150\" height=\"150\" src=\"https:\/\/www.visit-ulcinj.com\/blog\/wp-content\/uploads\/2008\/11\/ferhat-dinosha-150x150.jpg\" class=\"attachment-thumbnail size-thumbnail\" alt=\"\" loading=\"lazy\" aria-describedby=\"gallery-1-6628\" srcset=\"https:\/\/www.visit-ulcinj.com\/blog\/wp-content\/uploads\/2008\/11\/ferhat-dinosha-150x150.jpg 150w, https:\/\/www.visit-ulcinj.com\/blog\/wp-content\/uploads\/2008\/11\/ferhat-dinosha.jpg 210w\" sizes=\"(max-width: 150px) 100vw, 150px\" \/><\/a>\n\t\t\t<\/dt>\n\t\t\t\t<dd class='wp-caption-text gallery-caption' id='gallery-1-6628'>\n\t\t\t\tFerhat Dinosha\n\t\t\t\t<\/dd><\/dl><br style=\"clear: both\" \/><dl class='gallery-item'>\n\t\t\t<dt class='gallery-icon landscape'>\n\t\t\t\t<a href='https:\/\/www.visit-ulcinj.com\/blog\/2008\/11\/24\/udsh-shenon-diten-e-formimitm%e2%80%99i-gezofsh-15-pranvera\/fuad-nimani1-2\/'><img width=\"150\" height=\"150\" src=\"https:\/\/www.visit-ulcinj.com\/blog\/wp-content\/uploads\/2008\/11\/fuad-nimani1-150x150.jpg\" class=\"attachment-thumbnail size-thumbnail\" alt=\"\" loading=\"lazy\" \/><\/a>\n\t\t\t<\/dt><\/dl><dl class='gallery-item'>\n\t\t\t<dt class='gallery-icon portrait'>\n\t\t\t\t<a href='https:\/\/www.visit-ulcinj.com\/blog\/2008\/11\/24\/udsh-shenon-diten-e-formimitm%e2%80%99i-gezofsh-15-pranvera\/gazmend-cuca_\/'><img width=\"150\" height=\"150\" src=\"https:\/\/www.visit-ulcinj.com\/blog\/wp-content\/uploads\/2008\/11\/gazmend-cuca_-150x150.jpg\" class=\"attachment-thumbnail size-thumbnail\" alt=\"\" loading=\"lazy\" \/><\/a>\n\t\t\t<\/dt><\/dl><dl class='gallery-item'>\n\t\t\t<dt class='gallery-icon portrait'>\n\t\t\t\t<a href='https:\/\/www.visit-ulcinj.com\/blog\/2008\/11\/24\/udsh-shenon-diten-e-formimitm%e2%80%99i-gezofsh-15-pranvera\/gezim-hajdinaga-2-2\/'><img width=\"150\" height=\"150\" src=\"https:\/\/www.visit-ulcinj.com\/blog\/wp-content\/uploads\/2008\/11\/gezim-hajdinaga-150x150.jpg\" class=\"attachment-thumbnail size-thumbnail\" alt=\"\" loading=\"lazy\" \/><\/a>\n\t\t\t<\/dt><\/dl><br style=\"clear: both\" \/><dl class='gallery-item'>\n\t\t\t<dt class='gallery-icon portrait'>\n\t\t\t\t<a href='https:\/\/www.visit-ulcinj.com\/blog\/2008\/11\/24\/udsh-shenon-diten-e-formimitm%e2%80%99i-gezofsh-15-pranvera\/hatixhe-gjoni\/'><img width=\"150\" height=\"150\" src=\"https:\/\/www.visit-ulcinj.com\/blog\/wp-content\/uploads\/2008\/11\/hatixhe-gjoni-150x150.jpg\" class=\"attachment-thumbnail size-thumbnail\" alt=\"\" loading=\"lazy\" \/><\/a>\n\t\t\t<\/dt><\/dl><dl class='gallery-item'>\n\t\t\t<dt class='gallery-icon portrait'>\n\t\t\t\t<a href='https:\/\/www.visit-ulcinj.com\/blog\/2008\/11\/24\/udsh-shenon-diten-e-formimitm%e2%80%99i-gezofsh-15-pranvera\/met-gjoni\/'><img width=\"150\" height=\"150\" src=\"https:\/\/www.visit-ulcinj.com\/blog\/wp-content\/uploads\/2008\/11\/met-gjoni-150x150.jpg\" class=\"attachment-thumbnail size-thumbnail\" alt=\"\" loading=\"lazy\" \/><\/a>\n\t\t\t<\/dt><\/dl><dl class='gallery-item'>\n\t\t\t<dt class='gallery-icon portrait'>\n\t\t\t\t<a href='https:\/\/www.visit-ulcinj.com\/blog\/2008\/11\/24\/udsh-shenon-diten-e-formimitm%e2%80%99i-gezofsh-15-pranvera\/fatmir-gjeka-2\/'><img width=\"150\" height=\"150\" src=\"https:\/\/www.visit-ulcinj.com\/blog\/wp-content\/uploads\/2008\/11\/fatmir-gjeka-150x150.jpg\" class=\"attachment-thumbnail size-thumbnail\" alt=\"\" loading=\"lazy\" \/><\/a>\n\t\t\t<\/dt><\/dl><br style=\"clear: both\" \/><dl class='gallery-item'>\n\t\t\t<dt class='gallery-icon portrait'>\n\t\t\t\t<a href='https:\/\/www.visit-ulcinj.com\/blog\/2008\/11\/24\/udsh-shenon-diten-e-formimitm%e2%80%99i-gezofsh-15-pranvera\/isat-dragovoja-2\/'><img width=\"150\" height=\"150\" src=\"https:\/\/www.visit-ulcinj.com\/blog\/wp-content\/uploads\/2008\/11\/isat-dragovoja-150x150.jpg\" class=\"attachment-thumbnail size-thumbnail\" alt=\"\" loading=\"lazy\" \/><\/a>\n\t\t\t<\/dt><\/dl><dl class='gallery-item'>\n\t\t\t<dt class='gallery-icon landscape'>\n\t\t\t\t<a href='https:\/\/www.visit-ulcinj.com\/blog\/2008\/11\/24\/udsh-shenon-diten-e-formimitm%e2%80%99i-gezofsh-15-pranvera\/meto-zenka1\/'><img width=\"150\" height=\"150\" src=\"https:\/\/www.visit-ulcinj.com\/blog\/wp-content\/uploads\/2008\/11\/meto-zenka1-150x150.jpg\" class=\"attachment-thumbnail size-thumbnail\" alt=\"\" loading=\"lazy\" \/><\/a>\n\t\t\t<\/dt><\/dl><dl class='gallery-item'>\n\t\t\t<dt class='gallery-icon landscape'>\n\t\t\t\t<a href='https:\/\/www.visit-ulcinj.com\/blog\/2008\/11\/24\/udsh-shenon-diten-e-formimitm%e2%80%99i-gezofsh-15-pranvera\/mustaf-gorana\/'><img width=\"150\" height=\"150\" src=\"https:\/\/www.visit-ulcinj.com\/blog\/wp-content\/uploads\/2008\/11\/mustaf-gorana-150x150.jpg\" class=\"attachment-thumbnail size-thumbnail\" alt=\"\" loading=\"lazy\" \/><\/a>\n\t\t\t<\/dt><\/dl><br style=\"clear: both\" \/><dl class='gallery-item'>\n\t\t\t<dt class='gallery-icon portrait'>\n\t\t\t\t<a href='https:\/\/www.visit-ulcinj.com\/blog\/2008\/11\/24\/udsh-shenon-diten-e-formimitm%e2%80%99i-gezofsh-15-pranvera\/lulgjuraj\/'><img width=\"131\" height=\"150\" src=\"https:\/\/www.visit-ulcinj.com\/blog\/wp-content\/uploads\/2008\/11\/lulgjuraj-131x150.jpg\" class=\"attachment-thumbnail size-thumbnail\" alt=\"\" loading=\"lazy\" \/><\/a>\n\t\t\t<\/dt><\/dl><dl class='gallery-item'>\n\t\t\t<dt class='gallery-icon portrait'>\n\t\t\t\t<a href='https:\/\/www.visit-ulcinj.com\/blog\/2008\/11\/24\/udsh-shenon-diten-e-formimitm%e2%80%99i-gezofsh-15-pranvera\/beqir-zati\/'><img width=\"150\" height=\"150\" src=\"https:\/\/www.visit-ulcinj.com\/blog\/wp-content\/uploads\/2008\/11\/beqir-zati-150x150.jpg\" class=\"attachment-thumbnail size-thumbnail\" alt=\"\" loading=\"lazy\" \/><\/a>\n\t\t\t<\/dt><\/dl><dl class='gallery-item'>\n\t\t\t<dt class='gallery-icon portrait'>\n\t\t\t\t<a href='https:\/\/www.visit-ulcinj.com\/blog\/2008\/11\/24\/udsh-shenon-diten-e-formimitm%e2%80%99i-gezofsh-15-pranvera\/shaban-gjeka-2\/'><img width=\"150\" height=\"150\" src=\"https:\/\/www.visit-ulcinj.com\/blog\/wp-content\/uploads\/2008\/11\/shaban-gjeka-150x150.jpg\" class=\"attachment-thumbnail size-thumbnail\" alt=\"\" loading=\"lazy\" \/><\/a>\n\t\t\t<\/dt><\/dl><br style=\"clear: both\" \/><dl class='gallery-item'>\n\t\t\t<dt class='gallery-icon landscape'>\n\t\t\t\t<a href='https:\/\/www.visit-ulcinj.com\/blog\/2008\/11\/24\/udsh-shenon-diten-e-formimitm%e2%80%99i-gezofsh-15-pranvera\/berisha_gjukanovic_20081\/'><img width=\"150\" height=\"150\" src=\"https:\/\/www.visit-ulcinj.com\/blog\/wp-content\/uploads\/2008\/11\/berisha_gjukanovic_20081-150x150.jpg\" class=\"attachment-thumbnail size-thumbnail\" alt=\"\" loading=\"lazy\" \/><\/a>\n\t\t\t<\/dt><\/dl><dl class='gallery-item'>\n\t\t\t<dt class='gallery-icon landscape'>\n\t\t\t\t<a href='https:\/\/www.visit-ulcinj.com\/blog\/2008\/11\/24\/udsh-shenon-diten-e-formimitm%e2%80%99i-gezofsh-15-pranvera\/president-topi-receiving-the-prime-minister-of-montenegro-milo-dukanovic4\/'><img width=\"150\" height=\"150\" src=\"https:\/\/www.visit-ulcinj.com\/blog\/wp-content\/uploads\/2008\/11\/president-topi-receiving-the-prime-minister-of-montenegro-milo-dukanovic4-150x150.jpg\" class=\"attachment-thumbnail size-thumbnail\" alt=\"\" loading=\"lazy\" \/><\/a>\n\t\t\t<\/dt><\/dl>\n\t\t\t<br style='clear: both' \/>\n\t\t<\/div>\n [<\/p>\n<p>youtube]http:\/\/fr.youtube.com\/watch?v=o38SQwg35Kc[\/youtube]<\/p>\n<!--YouTube Error: bad URL entered-->\n<!--Dailymotion error: bad or missing ID-->\n","protected":false},"excerpt":{"rendered":"<p>M\u2019i g\u00ebzofsh 15 pranvera Koha do t\u00eb d\u00ebshmoj\u00eb se UDSH, me nj\u00eb program realist e pragmatik, t\u00eb bazuar mbi standarde demokratike europiane t\u00eb demokracive shum\u00ebnacionale, mbi t\u00eb gjitha me nj\u00eb veprim t\u00eb sinqert\u00eb e transparent do t`ia dal\u00eb ta kthej\u00eb n\u00eb binar\u00eb t\u00eb duhur trenin e aspiratave legjitime p\u00ebr faktorizimin e shqiptar\u00ebve dhe p\u00ebr p\u00ebrmir\u00ebsimin [&hellip;]<\/p>\n","protected":false},"author":1,"featured_media":0,"comment_status":"open","ping_status":"closed","sticky":false,"template":"","format":"standard","meta":{"spay_email":"","jetpack_publicize_message":"","jetpack_is_tweetstorm":false,"jetpack_publicize_feature_enabled":true},"categories":[13],"tags":[97,4680],"jetpack_publicize_connections":[],"yoast_head":"<!-- This site is optimized with the Yoast SEO plugin v19.1 - https:\/\/yoast.com\/wordpress\/plugins\/seo\/ -->\n<title>UDSH sh\u00ebnon dit\u00ebn e formimit,M\u2019i g\u00ebzofsh 15 pranvera - Lajme nga Ulqini<\/title>\n<meta name=\"description\" content=\"M\u2019i g\u00ebzofsh 15 pranvera Koha do t\u00eb d\u00ebshmoj\u00eb se UDSH, me nj\u00eb program realist e pragmatik, t\u00eb bazuar mbi standarde demokratike europiane t\u00eb demokracive\" \/>\n<meta name=\"robots\" content=\"index, follow, max-snippet:-1, max-image-preview:large, max-video-preview:-1\" \/>\n<link rel=\"canonical\" href=\"https:\/\/www.visit-ulcinj.com\/blog\/2008\/11\/24\/udsh-shenon-diten-e-formimitm\u2019i-gezofsh-15-pranvera\/\" \/>\n<meta property=\"og:locale\" content=\"en_US\" \/>\n<meta property=\"og:type\" content=\"article\" \/>\n<meta property=\"og:title\" content=\"UDSH sh\u00ebnon dit\u00ebn e formimit,M\u2019i g\u00ebzofsh 15 pranvera - Lajme nga Ulqini\" \/>\n<meta property=\"og:description\" content=\"M\u2019i g\u00ebzofsh 15 pranvera Koha do t\u00eb d\u00ebshmoj\u00eb se UDSH, me nj\u00eb program realist e pragmatik, t\u00eb bazuar mbi standarde demokratike europiane t\u00eb demokracive\" \/>\n<meta property=\"og:url\" content=\"https:\/\/www.visit-ulcinj.com\/blog\/2008\/11\/24\/udsh-shenon-diten-e-formimitm\u2019i-gezofsh-15-pranvera\/\" \/>\n<meta property=\"og:site_name\" content=\"Lajme nga Ulqini\" \/>\n<meta property=\"article:published_time\" content=\"2008-11-24T15:46:57+00:00\" \/>\n<meta property=\"article:modified_time\" content=\"2008-11-25T20:16:19+00:00\" \/>\n<meta property=\"og:image\" content=\"https:\/\/www.visit-ulcinj.com\/blog\/wp-content\/uploads\/2008\/11\/president-topi-receiving-the-prime-minister-of-montenegro-milo-dukanovic3-150x150.jpg\" \/>\n<meta name=\"twitter:label1\" content=\"Written by\" \/>\n\t<meta name=\"twitter:data1\" content=\"ulqini\" \/>\n\t<meta name=\"twitter:label2\" content=\"Est. reading time\" \/>\n\t<meta name=\"twitter:data2\" content=\"8 minutes\" \/>\n<script type=\"application\/ld+json\" class=\"yoast-schema-graph\">{\"@context\":\"https:\/\/schema.org\",\"@graph\":[{\"@type\":\"WebSite\",\"@id\":\"https:\/\/www.visit-ulcinj.com\/blog\/#website\",\"url\":\"https:\/\/www.visit-ulcinj.com\/blog\/\",\"name\":\"Lajme nga Ulqini\",\"description\":\"Lajme,Vijesti,Ulqini,Ulqin,Crna Gora,Mali i Zi\",\"potentialAction\":[{\"@type\":\"SearchAction\",\"target\":{\"@type\":\"EntryPoint\",\"urlTemplate\":\"https:\/\/www.visit-ulcinj.com\/blog\/?s={search_term_string}\"},\"query-input\":\"required name=search_term_string\"}],\"inLanguage\":\"en-US\"},{\"@type\":\"ImageObject\",\"inLanguage\":\"en-US\",\"@id\":\"https:\/\/www.visit-ulcinj.com\/blog\/2008\/11\/24\/udsh-shenon-diten-e-formimitm%e2%80%99i-gezofsh-15-pranvera\/#primaryimage\",\"url\":\"http:\/\/www.visit-ulcinj.com\/blog\/wp-content\/uploads\/2008\/11\/udsh_logo.jpg\",\"contentUrl\":\"http:\/\/www.visit-ulcinj.com\/blog\/wp-content\/uploads\/2008\/11\/udsh_logo.jpg\"},{\"@type\":\"WebPage\",\"@id\":\"https:\/\/www.visit-ulcinj.com\/blog\/2008\/11\/24\/udsh-shenon-diten-e-formimitm%e2%80%99i-gezofsh-15-pranvera\/#webpage\",\"url\":\"https:\/\/www.visit-ulcinj.com\/blog\/2008\/11\/24\/udsh-shenon-diten-e-formimitm%e2%80%99i-gezofsh-15-pranvera\/\",\"name\":\"UDSH sh\u00ebnon dit\u00ebn e formimit,M\u2019i g\u00ebzofsh 15 pranvera - Lajme nga Ulqini\",\"isPartOf\":{\"@id\":\"https:\/\/www.visit-ulcinj.com\/blog\/#website\"},\"primaryImageOfPage\":{\"@id\":\"https:\/\/www.visit-ulcinj.com\/blog\/2008\/11\/24\/udsh-shenon-diten-e-formimitm%e2%80%99i-gezofsh-15-pranvera\/#primaryimage\"},\"datePublished\":\"2008-11-24T15:46:57+00:00\",\"dateModified\":\"2008-11-25T20:16:19+00:00\",\"author\":{\"@id\":\"https:\/\/www.visit-ulcinj.com\/blog\/#\/schema\/person\/dcab619c614d3038751c63bc2aadc06d\"},\"description\":\"M\u2019i g\u00ebzofsh 15 pranvera Koha do t\u00eb d\u00ebshmoj\u00eb se UDSH, me nj\u00eb program realist e pragmatik, t\u00eb bazuar mbi standarde demokratike europiane t\u00eb demokracive\",\"breadcrumb\":{\"@id\":\"https:\/\/www.visit-ulcinj.com\/blog\/2008\/11\/24\/udsh-shenon-diten-e-formimitm%e2%80%99i-gezofsh-15-pranvera\/#breadcrumb\"},\"inLanguage\":\"en-US\",\"potentialAction\":[{\"@type\":\"ReadAction\",\"target\":[\"https:\/\/www.visit-ulcinj.com\/blog\/2008\/11\/24\/udsh-shenon-diten-e-formimitm%e2%80%99i-gezofsh-15-pranvera\/\"]}]},{\"@type\":\"BreadcrumbList\",\"@id\":\"https:\/\/www.visit-ulcinj.com\/blog\/2008\/11\/24\/udsh-shenon-diten-e-formimitm%e2%80%99i-gezofsh-15-pranvera\/#breadcrumb\",\"itemListElement\":[{\"@type\":\"ListItem\",\"position\":1,\"name\":\"UDSH sh\u00ebnon dit\u00ebn e formimit,M\u2019i g\u00ebzofsh 15 pranvera\"}]},{\"@type\":\"Person\",\"@id\":\"https:\/\/www.visit-ulcinj.com\/blog\/#\/schema\/person\/dcab619c614d3038751c63bc2aadc06d\",\"name\":\"ulqini\",\"sameAs\":[\"http:\/\/www.visit-ulcinj.com\"],\"url\":\"https:\/\/www.visit-ulcinj.com\/blog\/author\/admin\/\"}]}<\/script>\n<!-- \/ Yoast SEO plugin. -->","yoast_head_json":{"title":"UDSH sh\u00ebnon dit\u00ebn e formimit,M\u2019i g\u00ebzofsh 15 pranvera - Lajme nga Ulqini","description":"M\u2019i g\u00ebzofsh 15 pranvera Koha do t\u00eb d\u00ebshmoj\u00eb se UDSH, me nj\u00eb program realist e pragmatik, t\u00eb bazuar mbi standarde demokratike europiane t\u00eb demokracive","robots":{"index":"index","follow":"follow","max-snippet":"max-snippet:-1","max-image-preview":"max-image-preview:large","max-video-preview":"max-video-preview:-1"},"canonical":"https:\/\/www.visit-ulcinj.com\/blog\/2008\/11\/24\/udsh-shenon-diten-e-formimitm\u2019i-gezofsh-15-pranvera\/","og_locale":"en_US","og_type":"article","og_title":"UDSH sh\u00ebnon dit\u00ebn e formimit,M\u2019i g\u00ebzofsh 15 pranvera - Lajme nga Ulqini","og_description":"M\u2019i g\u00ebzofsh 15 pranvera Koha do t\u00eb d\u00ebshmoj\u00eb se UDSH, me nj\u00eb program realist e pragmatik, t\u00eb bazuar mbi standarde demokratike europiane t\u00eb demokracive","og_url":"https:\/\/www.visit-ulcinj.com\/blog\/2008\/11\/24\/udsh-shenon-diten-e-formimitm\u2019i-gezofsh-15-pranvera\/","og_site_name":"Lajme nga Ulqini","article_published_time":"2008-11-24T15:46:57+00:00","article_modified_time":"2008-11-25T20:16:19+00:00","og_image":[{"url":"https:\/\/www.visit-ulcinj.com\/blog\/wp-content\/uploads\/2008\/11\/president-topi-receiving-the-prime-minister-of-montenegro-milo-dukanovic3-150x150.jpg"}],"twitter_misc":{"Written by":"ulqini","Est. reading time":"8 minutes"},"schema":{"@context":"https:\/\/schema.org","@graph":[{"@type":"WebSite","@id":"https:\/\/www.visit-ulcinj.com\/blog\/#website","url":"https:\/\/www.visit-ulcinj.com\/blog\/","name":"Lajme nga Ulqini","description":"Lajme,Vijesti,Ulqini,Ulqin,Crna Gora,Mali i Zi","potentialAction":[{"@type":"SearchAction","target":{"@type":"EntryPoint","urlTemplate":"https:\/\/www.visit-ulcinj.com\/blog\/?s={search_term_string}"},"query-input":"required name=search_term_string"}],"inLanguage":"en-US"},{"@type":"ImageObject","inLanguage":"en-US","@id":"https:\/\/www.visit-ulcinj.com\/blog\/2008\/11\/24\/udsh-shenon-diten-e-formimitm%e2%80%99i-gezofsh-15-pranvera\/#primaryimage","url":"http:\/\/www.visit-ulcinj.com\/blog\/wp-content\/uploads\/2008\/11\/udsh_logo.jpg","contentUrl":"http:\/\/www.visit-ulcinj.com\/blog\/wp-content\/uploads\/2008\/11\/udsh_logo.jpg"},{"@type":"WebPage","@id":"https:\/\/www.visit-ulcinj.com\/blog\/2008\/11\/24\/udsh-shenon-diten-e-formimitm%e2%80%99i-gezofsh-15-pranvera\/#webpage","url":"https:\/\/www.visit-ulcinj.com\/blog\/2008\/11\/24\/udsh-shenon-diten-e-formimitm%e2%80%99i-gezofsh-15-pranvera\/","name":"UDSH sh\u00ebnon dit\u00ebn e formimit,M\u2019i g\u00ebzofsh 15 pranvera - Lajme nga Ulqini","isPartOf":{"@id":"https:\/\/www.visit-ulcinj.com\/blog\/#website"},"primaryImageOfPage":{"@id":"https:\/\/www.visit-ulcinj.com\/blog\/2008\/11\/24\/udsh-shenon-diten-e-formimitm%e2%80%99i-gezofsh-15-pranvera\/#primaryimage"},"datePublished":"2008-11-24T15:46:57+00:00","dateModified":"2008-11-25T20:16:19+00:00","author":{"@id":"https:\/\/www.visit-ulcinj.com\/blog\/#\/schema\/person\/dcab619c614d3038751c63bc2aadc06d"},"description":"M\u2019i g\u00ebzofsh 15 pranvera Koha do t\u00eb d\u00ebshmoj\u00eb se UDSH, me nj\u00eb program realist e pragmatik, t\u00eb bazuar mbi standarde demokratike europiane t\u00eb demokracive","breadcrumb":{"@id":"https:\/\/www.visit-ulcinj.com\/blog\/2008\/11\/24\/udsh-shenon-diten-e-formimitm%e2%80%99i-gezofsh-15-pranvera\/#breadcrumb"},"inLanguage":"en-US","potentialAction":[{"@type":"ReadAction","target":["https:\/\/www.visit-ulcinj.com\/blog\/2008\/11\/24\/udsh-shenon-diten-e-formimitm%e2%80%99i-gezofsh-15-pranvera\/"]}]},{"@type":"BreadcrumbList","@id":"https:\/\/www.visit-ulcinj.com\/blog\/2008\/11\/24\/udsh-shenon-diten-e-formimitm%e2%80%99i-gezofsh-15-pranvera\/#breadcrumb","itemListElement":[{"@type":"ListItem","position":1,"name":"UDSH sh\u00ebnon dit\u00ebn e formimit,M\u2019i g\u00ebzofsh 15 pranvera"}]},{"@type":"Person","@id":"https:\/\/www.visit-ulcinj.com\/blog\/#\/schema\/person\/dcab619c614d3038751c63bc2aadc06d","name":"ulqini","sameAs":["http:\/\/www.visit-ulcinj.com"],"url":"https:\/\/www.visit-ulcinj.com\/blog\/author\/admin\/"}]}},"jetpack_featured_media_url":"","jetpack_sharing_enabled":true,"jetpack_shortlink":"https:\/\/wp.me\/pe6lTn-1I3","_links":{"self":[{"href":"https:\/\/www.visit-ulcinj.com\/blog\/wp-json\/wp\/v2\/posts\/6575"}],"collection":[{"href":"https:\/\/www.visit-ulcinj.com\/blog\/wp-json\/wp\/v2\/posts"}],"about":[{"href":"https:\/\/www.visit-ulcinj.com\/blog\/wp-json\/wp\/v2\/types\/post"}],"author":[{"embeddable":true,"href":"https:\/\/www.visit-ulcinj.com\/blog\/wp-json\/wp\/v2\/users\/1"}],"replies":[{"embeddable":true,"href":"https:\/\/www.visit-ulcinj.com\/blog\/wp-json\/wp\/v2\/comments?post=6575"}],"version-history":[{"count":0,"href":"https:\/\/www.visit-ulcinj.com\/blog\/wp-json\/wp\/v2\/posts\/6575\/revisions"}],"wp:attachment":[{"href":"https:\/\/www.visit-ulcinj.com\/blog\/wp-json\/wp\/v2\/media?parent=6575"}],"wp:term":[{"taxonomy":"category","embeddable":true,"href":"https:\/\/www.visit-ulcinj.com\/blog\/wp-json\/wp\/v2\/categories?post=6575"},{"taxonomy":"post_tag","embeddable":true,"href":"https:\/\/www.visit-ulcinj.com\/blog\/wp-json\/wp\/v2\/tags?post=6575"}],"curies":[{"name":"wp","href":"https:\/\/api.w.org\/{rel}","templated":true}]}}