{"id":65768,"date":"2012-11-16T18:05:08","date_gmt":"2012-11-16T17:05:08","guid":{"rendered":"http:\/\/www.visit-ulcinj.com\/blog\/?p=65768"},"modified":"2012-11-16T18:05:08","modified_gmt":"2012-11-16T17:05:08","slug":"mehmet-zenka-ulcinj-cetiri-dana-bez-vode","status":"publish","type":"post","link":"https:\/\/www.visit-ulcinj.com\/blog\/2012\/11\/16\/mehmet-zenka-ulcinj-cetiri-dana-bez-vode\/","title":{"rendered":"Mehmet Zenka: Ulcinj \u010detiri dana bez vode"},"content":{"rendered":"<p><strong>Predsjednik Demokratske unije Albanaca Mehmet Zenka, saop\u0161tio je da grad Ulcinj ve\u0107 \u010detiri dana nema vodu.<\/strong><\/p>\n<p><a href=\"http:\/\/www.visit-ulcinj.com\/blog\/wp-content\/uploads\/2012\/11\/Mehmet-Zenka_Fatmir-Gjeka-Ibrahim-Berjashi-Genci-Nimanbegu-Ulqin.jpg\"><img loading=\"lazy\" class=\"alignleft  wp-image-65770\" title=\"Mehmet Zenka_Fatmir Gjeka -Ibrahim Berjashi -Genci Nimanbegu-Ulqin\" src=\"http:\/\/www.visit-ulcinj.com\/blog\/wp-content\/uploads\/2012\/11\/Mehmet-Zenka_Fatmir-Gjeka-Ibrahim-Berjashi-Genci-Nimanbegu-Ulqin.jpg\" alt=\"\" width=\"508\" height=\"360\" \/><\/a><\/p>\n<p>&#8211; Kolko god se normalan gra\u0111anin- trudio da ima minimum razumjevanja za nesposobnost, nestru\u010dnost, da ne spominjem \u0161to jo\u0161, naspram takozvanih stru\u010dnjaka i eksperata, novonastala situacija sa vodom je prevazi\u0161la svaki kriterijum zdravog rezonovanja. Ostaviti \u010ditavi jedan grad bez vode punih danas \u010detri dana, a pona\u0161ati se kao da je to obi\u010dan neki tehni\u010dki i lako otklonljivi problem, sluti na sve samo na dobro nikako ne sluti. Obistinjuju se na\u0161e najcrnjije slutnje, a to je \u010dinjenica da ovaj grad sa ovakvom vla\u0161\u0107u ne ide no tr\u010di ka op\u0161toj propasti- u punom smislu rije\u010di. Problem sa vodom je samo jedan mali pokazatelj onoga \u0161to nas jo\u0161 \u010deka. Zarad op\u0161teg dobra na\u0161ih gra\u0111ana \u017eelim da ne budem u pravu ali na\u017ealost -sve ukazuje i vodi ka nezaustavljivom kolapsu svih struktura lokalne samouprave, navodi se u saop\u0161tenju Zenke dostavljenom <em>Portalu Analitika<\/em>.<\/p>\n<p>Prema njegovim rije\u010dima, po\u010delo je sa protivzakonito usvojenim planskim dokumentima , nakaradno izvedenim infrastrukturnim intervencijama pa do anuliranja \u0161est namje\u0161tenih tendera.<\/p>\n<p>&#8211; Poduga\u010dak je spisak svih nepravilnosti i kr\u0161enja zakona koje je napravila aktuelna vlast tokom \u010detrnaest mjeseci svoje vladavine. Gre\u0161kom nesposobnih ljudi grad Ulcinj \u010detri dana nema vode a svi \u0107ute i niko ne preuzima odgovornost ili se mo\u017eda namjerno \u0107uti da bi komunalnom preduze\u0107u kraj bio tragi\u010dan, ili se mo\u017eda \u010deka da pored svih neda\u0107a i nevolja koje su donijeli, donesu i neku ne daj bo\u017ee zarazu i epidemiju na\u0161oj \u0111eci po \u0161kolama. Jednom rije\u010diju: kao \u0161to je po\u010delo sramno i \u017ealosno, tako \u0107e se i zavr\u0161iti, zaklju\u010dio je Zenka.<\/p>\n<p><strong>Analitika &#8211; Informativni Portal<\/strong><\/p>\n","protected":false},"excerpt":{"rendered":"<p>Predsjednik Demokratske unije Albanaca Mehmet Zenka, saop\u0161tio je da grad Ulcinj ve\u0107 \u010detiri dana nema vodu. &#8211; Kolko god se normalan gra\u0111anin- trudio da ima minimum razumjevanja za nesposobnost, nestru\u010dnost, da ne spominjem \u0161to jo\u0161, naspram takozvanih stru\u010dnjaka i eksperata, novonastala situacija sa vodom je prevazi\u0161la svaki kriterijum zdravog rezonovanja. Ostaviti \u010ditavi jedan grad bez [&hellip;]<\/p>\n","protected":false},"author":1,"featured_media":0,"comment_status":"open","ping_status":"closed","sticky":false,"template":"","format":"standard","meta":{"spay_email":"","jetpack_publicize_message":"","jetpack_is_tweetstorm":false,"jetpack_publicize_feature_enabled":true},"categories":[8337],"tags":[21473,264,19,21472,21474],"jetpack_publicize_connections":[],"yoast_head":"<!-- This site is optimized with the Yoast SEO plugin v19.1 - https:\/\/yoast.com\/wordpress\/plugins\/seo\/ -->\n<title>Mehmet Zenka: Ulcinj \u010detiri dana bez vode - Lajme nga Ulqini<\/title>\n<meta name=\"description\" content=\"Predsjednik Demokratske unije Albanaca Mehmet Zenka, saop\u0161tio je da grad Ulcinj ve\u0107 \u010detiri dana nema vodu. - Kolko god se normalan gra\u0111anin- trudio da ima\" \/>\n<meta name=\"robots\" content=\"index, follow, max-snippet:-1, max-image-preview:large, max-video-preview:-1\" \/>\n<link rel=\"canonical\" href=\"https:\/\/www.visit-ulcinj.com\/blog\/2012\/11\/16\/mehmet-zenka-ulcinj-cetiri-dana-bez-vode\/\" \/>\n<meta property=\"og:locale\" content=\"en_US\" \/>\n<meta property=\"og:type\" content=\"article\" \/>\n<meta property=\"og:title\" content=\"Mehmet Zenka: Ulcinj \u010detiri dana bez vode - Lajme nga Ulqini\" \/>\n<meta property=\"og:description\" content=\"Predsjednik Demokratske unije Albanaca Mehmet Zenka, saop\u0161tio je da grad Ulcinj ve\u0107 \u010detiri dana nema vodu. - Kolko god se normalan gra\u0111anin- trudio da ima\" \/>\n<meta property=\"og:url\" content=\"https:\/\/www.visit-ulcinj.com\/blog\/2012\/11\/16\/mehmet-zenka-ulcinj-cetiri-dana-bez-vode\/\" \/>\n<meta property=\"og:site_name\" content=\"Lajme nga Ulqini\" \/>\n<meta property=\"article:published_time\" content=\"2012-11-16T17:05:08+00:00\" \/>\n<meta property=\"og:image\" content=\"http:\/\/www.visit-ulcinj.com\/blog\/wp-content\/uploads\/2012\/11\/Mehmet-Zenka_Fatmir-Gjeka-Ibrahim-Berjashi-Genci-Nimanbegu-Ulqin.jpg\" \/>\n<meta name=\"twitter:label1\" content=\"Written by\" \/>\n\t<meta name=\"twitter:data1\" content=\"ulqini\" \/>\n\t<meta name=\"twitter:label2\" content=\"Est. reading time\" \/>\n\t<meta name=\"twitter:data2\" content=\"2 minutes\" \/>\n<script type=\"application\/ld+json\" class=\"yoast-schema-graph\">{\"@context\":\"https:\/\/schema.org\",\"@graph\":[{\"@type\":\"WebSite\",\"@id\":\"https:\/\/www.visit-ulcinj.com\/blog\/#website\",\"url\":\"https:\/\/www.visit-ulcinj.com\/blog\/\",\"name\":\"Lajme nga Ulqini\",\"description\":\"Lajme,Vijesti,Ulqini,Ulqin,Crna Gora,Mali i Zi\",\"potentialAction\":[{\"@type\":\"SearchAction\",\"target\":{\"@type\":\"EntryPoint\",\"urlTemplate\":\"https:\/\/www.visit-ulcinj.com\/blog\/?s={search_term_string}\"},\"query-input\":\"required name=search_term_string\"}],\"inLanguage\":\"en-US\"},{\"@type\":\"ImageObject\",\"inLanguage\":\"en-US\",\"@id\":\"https:\/\/www.visit-ulcinj.com\/blog\/2012\/11\/16\/mehmet-zenka-ulcinj-cetiri-dana-bez-vode\/#primaryimage\",\"url\":\"https:\/\/www.visit-ulcinj.com\/blog\/wp-content\/uploads\/2012\/11\/Mehmet-Zenka_Fatmir-Gjeka-Ibrahim-Berjashi-Genci-Nimanbegu-Ulqin.jpg\",\"contentUrl\":\"https:\/\/www.visit-ulcinj.com\/blog\/wp-content\/uploads\/2012\/11\/Mehmet-Zenka_Fatmir-Gjeka-Ibrahim-Berjashi-Genci-Nimanbegu-Ulqin.jpg\",\"width\":\"751\",\"height\":\"600\"},{\"@type\":\"WebPage\",\"@id\":\"https:\/\/www.visit-ulcinj.com\/blog\/2012\/11\/16\/mehmet-zenka-ulcinj-cetiri-dana-bez-vode\/#webpage\",\"url\":\"https:\/\/www.visit-ulcinj.com\/blog\/2012\/11\/16\/mehmet-zenka-ulcinj-cetiri-dana-bez-vode\/\",\"name\":\"Mehmet Zenka: Ulcinj \u010detiri dana bez vode - Lajme nga Ulqini\",\"isPartOf\":{\"@id\":\"https:\/\/www.visit-ulcinj.com\/blog\/#website\"},\"primaryImageOfPage\":{\"@id\":\"https:\/\/www.visit-ulcinj.com\/blog\/2012\/11\/16\/mehmet-zenka-ulcinj-cetiri-dana-bez-vode\/#primaryimage\"},\"datePublished\":\"2012-11-16T17:05:08+00:00\",\"dateModified\":\"2012-11-16T17:05:08+00:00\",\"author\":{\"@id\":\"https:\/\/www.visit-ulcinj.com\/blog\/#\/schema\/person\/dcab619c614d3038751c63bc2aadc06d\"},\"description\":\"Predsjednik Demokratske unije Albanaca Mehmet Zenka, saop\u0161tio je da grad Ulcinj ve\u0107 \u010detiri dana nema vodu. - Kolko god se normalan gra\u0111anin- trudio da ima\",\"breadcrumb\":{\"@id\":\"https:\/\/www.visit-ulcinj.com\/blog\/2012\/11\/16\/mehmet-zenka-ulcinj-cetiri-dana-bez-vode\/#breadcrumb\"},\"inLanguage\":\"en-US\",\"potentialAction\":[{\"@type\":\"ReadAction\",\"target\":[\"https:\/\/www.visit-ulcinj.com\/blog\/2012\/11\/16\/mehmet-zenka-ulcinj-cetiri-dana-bez-vode\/\"]}]},{\"@type\":\"BreadcrumbList\",\"@id\":\"https:\/\/www.visit-ulcinj.com\/blog\/2012\/11\/16\/mehmet-zenka-ulcinj-cetiri-dana-bez-vode\/#breadcrumb\",\"itemListElement\":[{\"@type\":\"ListItem\",\"position\":1,\"name\":\"Mehmet Zenka: Ulcinj \u010detiri dana bez vode\"}]},{\"@type\":\"Person\",\"@id\":\"https:\/\/www.visit-ulcinj.com\/blog\/#\/schema\/person\/dcab619c614d3038751c63bc2aadc06d\",\"name\":\"ulqini\",\"sameAs\":[\"http:\/\/www.visit-ulcinj.com\"],\"url\":\"https:\/\/www.visit-ulcinj.com\/blog\/author\/admin\/\"}]}<\/script>\n<!-- \/ Yoast SEO plugin. -->","yoast_head_json":{"title":"Mehmet Zenka: Ulcinj \u010detiri dana bez vode - Lajme nga Ulqini","description":"Predsjednik Demokratske unije Albanaca Mehmet Zenka, saop\u0161tio je da grad Ulcinj ve\u0107 \u010detiri dana nema vodu. - Kolko god se normalan gra\u0111anin- trudio da ima","robots":{"index":"index","follow":"follow","max-snippet":"max-snippet:-1","max-image-preview":"max-image-preview:large","max-video-preview":"max-video-preview:-1"},"canonical":"https:\/\/www.visit-ulcinj.com\/blog\/2012\/11\/16\/mehmet-zenka-ulcinj-cetiri-dana-bez-vode\/","og_locale":"en_US","og_type":"article","og_title":"Mehmet Zenka: Ulcinj \u010detiri dana bez vode - Lajme nga Ulqini","og_description":"Predsjednik Demokratske unije Albanaca Mehmet Zenka, saop\u0161tio je da grad Ulcinj ve\u0107 \u010detiri dana nema vodu. - Kolko god se normalan gra\u0111anin- trudio da ima","og_url":"https:\/\/www.visit-ulcinj.com\/blog\/2012\/11\/16\/mehmet-zenka-ulcinj-cetiri-dana-bez-vode\/","og_site_name":"Lajme nga Ulqini","article_published_time":"2012-11-16T17:05:08+00:00","og_image":[{"url":"http:\/\/www.visit-ulcinj.com\/blog\/wp-content\/uploads\/2012\/11\/Mehmet-Zenka_Fatmir-Gjeka-Ibrahim-Berjashi-Genci-Nimanbegu-Ulqin.jpg"}],"twitter_misc":{"Written by":"ulqini","Est. reading time":"2 minutes"},"schema":{"@context":"https:\/\/schema.org","@graph":[{"@type":"WebSite","@id":"https:\/\/www.visit-ulcinj.com\/blog\/#website","url":"https:\/\/www.visit-ulcinj.com\/blog\/","name":"Lajme nga Ulqini","description":"Lajme,Vijesti,Ulqini,Ulqin,Crna Gora,Mali i Zi","potentialAction":[{"@type":"SearchAction","target":{"@type":"EntryPoint","urlTemplate":"https:\/\/www.visit-ulcinj.com\/blog\/?s={search_term_string}"},"query-input":"required name=search_term_string"}],"inLanguage":"en-US"},{"@type":"ImageObject","inLanguage":"en-US","@id":"https:\/\/www.visit-ulcinj.com\/blog\/2012\/11\/16\/mehmet-zenka-ulcinj-cetiri-dana-bez-vode\/#primaryimage","url":"https:\/\/www.visit-ulcinj.com\/blog\/wp-content\/uploads\/2012\/11\/Mehmet-Zenka_Fatmir-Gjeka-Ibrahim-Berjashi-Genci-Nimanbegu-Ulqin.jpg","contentUrl":"https:\/\/www.visit-ulcinj.com\/blog\/wp-content\/uploads\/2012\/11\/Mehmet-Zenka_Fatmir-Gjeka-Ibrahim-Berjashi-Genci-Nimanbegu-Ulqin.jpg","width":"751","height":"600"},{"@type":"WebPage","@id":"https:\/\/www.visit-ulcinj.com\/blog\/2012\/11\/16\/mehmet-zenka-ulcinj-cetiri-dana-bez-vode\/#webpage","url":"https:\/\/www.visit-ulcinj.com\/blog\/2012\/11\/16\/mehmet-zenka-ulcinj-cetiri-dana-bez-vode\/","name":"Mehmet Zenka: Ulcinj \u010detiri dana bez vode - Lajme nga Ulqini","isPartOf":{"@id":"https:\/\/www.visit-ulcinj.com\/blog\/#website"},"primaryImageOfPage":{"@id":"https:\/\/www.visit-ulcinj.com\/blog\/2012\/11\/16\/mehmet-zenka-ulcinj-cetiri-dana-bez-vode\/#primaryimage"},"datePublished":"2012-11-16T17:05:08+00:00","dateModified":"2012-11-16T17:05:08+00:00","author":{"@id":"https:\/\/www.visit-ulcinj.com\/blog\/#\/schema\/person\/dcab619c614d3038751c63bc2aadc06d"},"description":"Predsjednik Demokratske unije Albanaca Mehmet Zenka, saop\u0161tio je da grad Ulcinj ve\u0107 \u010detiri dana nema vodu. - Kolko god se normalan gra\u0111anin- trudio da ima","breadcrumb":{"@id":"https:\/\/www.visit-ulcinj.com\/blog\/2012\/11\/16\/mehmet-zenka-ulcinj-cetiri-dana-bez-vode\/#breadcrumb"},"inLanguage":"en-US","potentialAction":[{"@type":"ReadAction","target":["https:\/\/www.visit-ulcinj.com\/blog\/2012\/11\/16\/mehmet-zenka-ulcinj-cetiri-dana-bez-vode\/"]}]},{"@type":"BreadcrumbList","@id":"https:\/\/www.visit-ulcinj.com\/blog\/2012\/11\/16\/mehmet-zenka-ulcinj-cetiri-dana-bez-vode\/#breadcrumb","itemListElement":[{"@type":"ListItem","position":1,"name":"Mehmet Zenka: Ulcinj \u010detiri dana bez vode"}]},{"@type":"Person","@id":"https:\/\/www.visit-ulcinj.com\/blog\/#\/schema\/person\/dcab619c614d3038751c63bc2aadc06d","name":"ulqini","sameAs":["http:\/\/www.visit-ulcinj.com"],"url":"https:\/\/www.visit-ulcinj.com\/blog\/author\/admin\/"}]}},"jetpack_featured_media_url":"","jetpack_sharing_enabled":true,"jetpack_shortlink":"https:\/\/wp.me\/pe6lTn-h6M","_links":{"self":[{"href":"https:\/\/www.visit-ulcinj.com\/blog\/wp-json\/wp\/v2\/posts\/65768"}],"collection":[{"href":"https:\/\/www.visit-ulcinj.com\/blog\/wp-json\/wp\/v2\/posts"}],"about":[{"href":"https:\/\/www.visit-ulcinj.com\/blog\/wp-json\/wp\/v2\/types\/post"}],"author":[{"embeddable":true,"href":"https:\/\/www.visit-ulcinj.com\/blog\/wp-json\/wp\/v2\/users\/1"}],"replies":[{"embeddable":true,"href":"https:\/\/www.visit-ulcinj.com\/blog\/wp-json\/wp\/v2\/comments?post=65768"}],"version-history":[{"count":1,"href":"https:\/\/www.visit-ulcinj.com\/blog\/wp-json\/wp\/v2\/posts\/65768\/revisions"}],"predecessor-version":[{"id":65771,"href":"https:\/\/www.visit-ulcinj.com\/blog\/wp-json\/wp\/v2\/posts\/65768\/revisions\/65771"}],"wp:attachment":[{"href":"https:\/\/www.visit-ulcinj.com\/blog\/wp-json\/wp\/v2\/media?parent=65768"}],"wp:term":[{"taxonomy":"category","embeddable":true,"href":"https:\/\/www.visit-ulcinj.com\/blog\/wp-json\/wp\/v2\/categories?post=65768"},{"taxonomy":"post_tag","embeddable":true,"href":"https:\/\/www.visit-ulcinj.com\/blog\/wp-json\/wp\/v2\/tags?post=65768"}],"curies":[{"name":"wp","href":"https:\/\/api.w.org\/{rel}","templated":true}]}}