{"id":65772,"date":"2012-11-16T18:29:23","date_gmt":"2012-11-16T17:29:23","guid":{"rendered":"http:\/\/www.visit-ulcinj.com\/blog\/?p=65772"},"modified":"2012-11-16T20:15:15","modified_gmt":"2012-11-16T19:15:15","slug":"ulcinj-4-dana-bez-vode-cungu-zove-luksica-u-pomoc","status":"publish","type":"post","link":"https:\/\/www.visit-ulcinj.com\/blog\/2012\/11\/16\/ulcinj-4-dana-bez-vode-cungu-zove-luksica-u-pomoc\/","title":{"rendered":"Ulcinj 4 dana bez vode &#8211; Cungu zove Luk\u0161i\u0107a u pomo\u0107"},"content":{"rendered":"<p><strong>Grad jo\u0161 uvijek bez vode, predsjednik op\u0161tine \u017eali \u0161to gra\u0111ani trpe zbog krivice lokalne vlasti<br \/>\n<a href=\"http:\/\/www.visit-ulcinj.com\/blog\/wp-content\/uploads\/2012\/11\/Nazif-Cungu-Ulcinj-Elektroprivreda-Crne-Gore.jpg\"><img loading=\"lazy\" class=\"alignleft size-full wp-image-65773\" title=\"Nazif Cungu Ulcinj - Elektroprivreda Crne Gore\" src=\"http:\/\/www.visit-ulcinj.com\/blog\/wp-content\/uploads\/2012\/11\/Nazif-Cungu-Ulcinj-Elektroprivreda-Crne-Gore.jpg\" alt=\"\" width=\"660\" height=\"475\" srcset=\"https:\/\/www.visit-ulcinj.com\/blog\/wp-content\/uploads\/2012\/11\/Nazif-Cungu-Ulcinj-Elektroprivreda-Crne-Gore.jpg 660w, https:\/\/www.visit-ulcinj.com\/blog\/wp-content\/uploads\/2012\/11\/Nazif-Cungu-Ulcinj-Elektroprivreda-Crne-Gore-300x215.jpg 300w\" sizes=\"(max-width: 660px) 100vw, 660px\" \/><\/a><br \/>\n<\/strong><\/p>\n<p>redsjednik op\u0161tine Ulcinj Nazif Cungu izrazio je \u017ealjenje \u0161to su gra\u0111ani Ulcinja prinu\u0111eni da vi\u0161e od dva dana trpe nesta\u0161icu vode koja je uzrokovana krivicom op\u0161tine, odnosno JP Vodovod. Cungu je, u izjavi za na\u0161 list, kazao da su za nastalu situaciji odgovorni op\u0161tina, JP Komunalno, ali i Elektroprivreda.<br \/>\n\u2013 Svi smo krivi \u0161to gra\u0111ani ispa\u0161taju. Za o\u010dekivati je bilo da \u0107e Elektroprivreda pokrenuti postupak isklju\u010denja elektri\u010dne energije zbog velikog duga. Nije samo Komunalno isklju\u010deno nego i ostala javna preduze\u0107a koja duguju za struju jo\u0161 od 2008. godine. Ja sam zamolio predstavnike Elektroprivrede da napravimo program otplate kako bi izvr\u0161ili na\u0161e obaveze. Predlo\u017eili smo da to bude period otplate na pet godina. Trenutno \u010dekamo odgovor. Obratio sam se i premijeru Luk\u0161i\u0107u da se uklju\u010di i pomogne nam u prevazila\u017eenju ovog problema. Nadam se da ne namjeravaju da produ\u017ee ovo stanje i narednih dana. Mislim da je bilo prilike da se ovo rije\u0161i jo\u0161 od 2008. godine \u2013 kazao je Cungu i dodao da ne zna kada \u0107e se problem rije\u0161iti, ali da se nada da ne\u0107e potrajati. Podsjetimo da je ve\u0107i dio Ulcinja ostao bez vode, jer je po nalogu direkcije Elektroprivrede, lokalna Elektrodistribucija isklju\u010dila struju crpnim pumpama na izvori\u0161tima Lisna bora, zbog duga JP Komunalno od 200 hiljada eura. Gra\u0111ani Ulcinja koji su bez vode zasad se snalaze, kupuju\u0107i vodu za pi\u0107e i pune\u0107i bidone u zonama gdje vode ima. Mnogi su ve\u0107 na ivici strpljenja, naro\u010dito redovne plati\u0161e koje i najavljuju tu\u017ebe protiv JP Komunalno, ali i Elektroprivrede.<\/p>\n<p><strong>Izvor : DAN<\/strong><\/p>\n<p><a href=\"http:\/\/www.visit-ulcinj.com\/blog\/wp-content\/uploads\/2012\/11\/Ulcinj-bez-vode.jpg\"><img loading=\"lazy\" class=\"alignleft  wp-image-65787\" title=\"Ulcinj bez vode\" src=\"http:\/\/www.visit-ulcinj.com\/blog\/wp-content\/uploads\/2012\/11\/Ulcinj-bez-vode.jpg\" alt=\"\" width=\"508\" height=\"600\" \/><\/a><\/p>\n","protected":false},"excerpt":{"rendered":"<p>Grad jo\u0161 uvijek bez vode, predsjednik op\u0161tine \u017eali \u0161to gra\u0111ani trpe zbog krivice lokalne vlasti redsjednik op\u0161tine Ulcinj Nazif Cungu izrazio je \u017ealjenje \u0161to su gra\u0111ani Ulcinja prinu\u0111eni da vi\u0161e od dva dana trpe nesta\u0161icu vode koja je uzrokovana krivicom op\u0161tine, odnosno JP Vodovod. Cungu je, u izjavi za na\u0161 list, kazao da su za [&hellip;]<\/p>\n","protected":false},"author":1,"featured_media":0,"comment_status":"open","ping_status":"closed","sticky":false,"template":"","format":"standard","meta":{"spay_email":"","jetpack_publicize_message":"","jetpack_is_tweetstorm":false,"jetpack_publicize_feature_enabled":true},"categories":[8337],"tags":[21475,118,17635],"jetpack_publicize_connections":[],"yoast_head":"<!-- This site is optimized with the Yoast SEO plugin v19.1 - https:\/\/yoast.com\/wordpress\/plugins\/seo\/ -->\n<title>Ulcinj 4 dana bez vode - Cungu zove Luk\u0161i\u0107a u pomo\u0107 - Lajme nga Ulqini<\/title>\n<meta name=\"description\" content=\"Grad jo\u0161 uvijek bez vode, predsjednik op\u0161tine \u017eali \u0161to gra\u0111ani trpe zbog krivice lokalne vlasti redsjednik op\u0161tine Ulcinj Nazif Cungu izrazio je \u017ealjenje\" \/>\n<meta name=\"robots\" content=\"index, follow, max-snippet:-1, max-image-preview:large, max-video-preview:-1\" \/>\n<link rel=\"canonical\" href=\"https:\/\/www.visit-ulcinj.com\/blog\/2012\/11\/16\/ulcinj-4-dana-bez-vode-cungu-zove-luksica-u-pomoc\/\" \/>\n<meta property=\"og:locale\" content=\"en_US\" \/>\n<meta property=\"og:type\" content=\"article\" \/>\n<meta property=\"og:title\" content=\"Ulcinj 4 dana bez vode - Cungu zove Luk\u0161i\u0107a u pomo\u0107 - Lajme nga Ulqini\" \/>\n<meta property=\"og:description\" content=\"Grad jo\u0161 uvijek bez vode, predsjednik op\u0161tine \u017eali \u0161to gra\u0111ani trpe zbog krivice lokalne vlasti redsjednik op\u0161tine Ulcinj Nazif Cungu izrazio je \u017ealjenje\" \/>\n<meta property=\"og:url\" content=\"https:\/\/www.visit-ulcinj.com\/blog\/2012\/11\/16\/ulcinj-4-dana-bez-vode-cungu-zove-luksica-u-pomoc\/\" \/>\n<meta property=\"og:site_name\" content=\"Lajme nga Ulqini\" \/>\n<meta property=\"article:published_time\" content=\"2012-11-16T17:29:23+00:00\" \/>\n<meta property=\"article:modified_time\" content=\"2012-11-16T19:15:15+00:00\" \/>\n<meta property=\"og:image\" content=\"http:\/\/www.visit-ulcinj.com\/blog\/wp-content\/uploads\/2012\/11\/Nazif-Cungu-Ulcinj-Elektroprivreda-Crne-Gore.jpg\" \/>\n<meta name=\"twitter:label1\" content=\"Written by\" \/>\n\t<meta name=\"twitter:data1\" content=\"ulqini\" \/>\n\t<meta name=\"twitter:label2\" content=\"Est. reading time\" \/>\n\t<meta name=\"twitter:data2\" content=\"1 minute\" \/>\n<script type=\"application\/ld+json\" class=\"yoast-schema-graph\">{\"@context\":\"https:\/\/schema.org\",\"@graph\":[{\"@type\":\"WebSite\",\"@id\":\"https:\/\/www.visit-ulcinj.com\/blog\/#website\",\"url\":\"https:\/\/www.visit-ulcinj.com\/blog\/\",\"name\":\"Lajme nga Ulqini\",\"description\":\"Lajme,Vijesti,Ulqini,Ulqin,Crna Gora,Mali i Zi\",\"potentialAction\":[{\"@type\":\"SearchAction\",\"target\":{\"@type\":\"EntryPoint\",\"urlTemplate\":\"https:\/\/www.visit-ulcinj.com\/blog\/?s={search_term_string}\"},\"query-input\":\"required name=search_term_string\"}],\"inLanguage\":\"en-US\"},{\"@type\":\"ImageObject\",\"inLanguage\":\"en-US\",\"@id\":\"https:\/\/www.visit-ulcinj.com\/blog\/2012\/11\/16\/ulcinj-4-dana-bez-vode-cungu-zove-luksica-u-pomoc\/#primaryimage\",\"url\":\"https:\/\/www.visit-ulcinj.com\/blog\/wp-content\/uploads\/2012\/11\/Nazif-Cungu-Ulcinj-Elektroprivreda-Crne-Gore.jpg\",\"contentUrl\":\"https:\/\/www.visit-ulcinj.com\/blog\/wp-content\/uploads\/2012\/11\/Nazif-Cungu-Ulcinj-Elektroprivreda-Crne-Gore.jpg\",\"width\":\"660\",\"height\":\"475\"},{\"@type\":\"WebPage\",\"@id\":\"https:\/\/www.visit-ulcinj.com\/blog\/2012\/11\/16\/ulcinj-4-dana-bez-vode-cungu-zove-luksica-u-pomoc\/#webpage\",\"url\":\"https:\/\/www.visit-ulcinj.com\/blog\/2012\/11\/16\/ulcinj-4-dana-bez-vode-cungu-zove-luksica-u-pomoc\/\",\"name\":\"Ulcinj 4 dana bez vode - Cungu zove Luk\u0161i\u0107a u pomo\u0107 - Lajme nga Ulqini\",\"isPartOf\":{\"@id\":\"https:\/\/www.visit-ulcinj.com\/blog\/#website\"},\"primaryImageOfPage\":{\"@id\":\"https:\/\/www.visit-ulcinj.com\/blog\/2012\/11\/16\/ulcinj-4-dana-bez-vode-cungu-zove-luksica-u-pomoc\/#primaryimage\"},\"datePublished\":\"2012-11-16T17:29:23+00:00\",\"dateModified\":\"2012-11-16T19:15:15+00:00\",\"author\":{\"@id\":\"https:\/\/www.visit-ulcinj.com\/blog\/#\/schema\/person\/dcab619c614d3038751c63bc2aadc06d\"},\"description\":\"Grad jo\u0161 uvijek bez vode, predsjednik op\u0161tine \u017eali \u0161to gra\u0111ani trpe zbog krivice lokalne vlasti redsjednik op\u0161tine Ulcinj Nazif Cungu izrazio je \u017ealjenje\",\"breadcrumb\":{\"@id\":\"https:\/\/www.visit-ulcinj.com\/blog\/2012\/11\/16\/ulcinj-4-dana-bez-vode-cungu-zove-luksica-u-pomoc\/#breadcrumb\"},\"inLanguage\":\"en-US\",\"potentialAction\":[{\"@type\":\"ReadAction\",\"target\":[\"https:\/\/www.visit-ulcinj.com\/blog\/2012\/11\/16\/ulcinj-4-dana-bez-vode-cungu-zove-luksica-u-pomoc\/\"]}]},{\"@type\":\"BreadcrumbList\",\"@id\":\"https:\/\/www.visit-ulcinj.com\/blog\/2012\/11\/16\/ulcinj-4-dana-bez-vode-cungu-zove-luksica-u-pomoc\/#breadcrumb\",\"itemListElement\":[{\"@type\":\"ListItem\",\"position\":1,\"name\":\"Ulcinj 4 dana bez vode &#8211; Cungu zove Luk\u0161i\u0107a u pomo\u0107\"}]},{\"@type\":\"Person\",\"@id\":\"https:\/\/www.visit-ulcinj.com\/blog\/#\/schema\/person\/dcab619c614d3038751c63bc2aadc06d\",\"name\":\"ulqini\",\"sameAs\":[\"http:\/\/www.visit-ulcinj.com\"],\"url\":\"https:\/\/www.visit-ulcinj.com\/blog\/author\/admin\/\"}]}<\/script>\n<!-- \/ Yoast SEO plugin. -->","yoast_head_json":{"title":"Ulcinj 4 dana bez vode - Cungu zove Luk\u0161i\u0107a u pomo\u0107 - Lajme nga Ulqini","description":"Grad jo\u0161 uvijek bez vode, predsjednik op\u0161tine \u017eali \u0161to gra\u0111ani trpe zbog krivice lokalne vlasti redsjednik op\u0161tine Ulcinj Nazif Cungu izrazio je \u017ealjenje","robots":{"index":"index","follow":"follow","max-snippet":"max-snippet:-1","max-image-preview":"max-image-preview:large","max-video-preview":"max-video-preview:-1"},"canonical":"https:\/\/www.visit-ulcinj.com\/blog\/2012\/11\/16\/ulcinj-4-dana-bez-vode-cungu-zove-luksica-u-pomoc\/","og_locale":"en_US","og_type":"article","og_title":"Ulcinj 4 dana bez vode - Cungu zove Luk\u0161i\u0107a u pomo\u0107 - Lajme nga Ulqini","og_description":"Grad jo\u0161 uvijek bez vode, predsjednik op\u0161tine \u017eali \u0161to gra\u0111ani trpe zbog krivice lokalne vlasti redsjednik op\u0161tine Ulcinj Nazif Cungu izrazio je \u017ealjenje","og_url":"https:\/\/www.visit-ulcinj.com\/blog\/2012\/11\/16\/ulcinj-4-dana-bez-vode-cungu-zove-luksica-u-pomoc\/","og_site_name":"Lajme nga Ulqini","article_published_time":"2012-11-16T17:29:23+00:00","article_modified_time":"2012-11-16T19:15:15+00:00","og_image":[{"url":"http:\/\/www.visit-ulcinj.com\/blog\/wp-content\/uploads\/2012\/11\/Nazif-Cungu-Ulcinj-Elektroprivreda-Crne-Gore.jpg"}],"twitter_misc":{"Written by":"ulqini","Est. reading time":"1 minute"},"schema":{"@context":"https:\/\/schema.org","@graph":[{"@type":"WebSite","@id":"https:\/\/www.visit-ulcinj.com\/blog\/#website","url":"https:\/\/www.visit-ulcinj.com\/blog\/","name":"Lajme nga Ulqini","description":"Lajme,Vijesti,Ulqini,Ulqin,Crna Gora,Mali i Zi","potentialAction":[{"@type":"SearchAction","target":{"@type":"EntryPoint","urlTemplate":"https:\/\/www.visit-ulcinj.com\/blog\/?s={search_term_string}"},"query-input":"required name=search_term_string"}],"inLanguage":"en-US"},{"@type":"ImageObject","inLanguage":"en-US","@id":"https:\/\/www.visit-ulcinj.com\/blog\/2012\/11\/16\/ulcinj-4-dana-bez-vode-cungu-zove-luksica-u-pomoc\/#primaryimage","url":"https:\/\/www.visit-ulcinj.com\/blog\/wp-content\/uploads\/2012\/11\/Nazif-Cungu-Ulcinj-Elektroprivreda-Crne-Gore.jpg","contentUrl":"https:\/\/www.visit-ulcinj.com\/blog\/wp-content\/uploads\/2012\/11\/Nazif-Cungu-Ulcinj-Elektroprivreda-Crne-Gore.jpg","width":"660","height":"475"},{"@type":"WebPage","@id":"https:\/\/www.visit-ulcinj.com\/blog\/2012\/11\/16\/ulcinj-4-dana-bez-vode-cungu-zove-luksica-u-pomoc\/#webpage","url":"https:\/\/www.visit-ulcinj.com\/blog\/2012\/11\/16\/ulcinj-4-dana-bez-vode-cungu-zove-luksica-u-pomoc\/","name":"Ulcinj 4 dana bez vode - Cungu zove Luk\u0161i\u0107a u pomo\u0107 - Lajme nga Ulqini","isPartOf":{"@id":"https:\/\/www.visit-ulcinj.com\/blog\/#website"},"primaryImageOfPage":{"@id":"https:\/\/www.visit-ulcinj.com\/blog\/2012\/11\/16\/ulcinj-4-dana-bez-vode-cungu-zove-luksica-u-pomoc\/#primaryimage"},"datePublished":"2012-11-16T17:29:23+00:00","dateModified":"2012-11-16T19:15:15+00:00","author":{"@id":"https:\/\/www.visit-ulcinj.com\/blog\/#\/schema\/person\/dcab619c614d3038751c63bc2aadc06d"},"description":"Grad jo\u0161 uvijek bez vode, predsjednik op\u0161tine \u017eali \u0161to gra\u0111ani trpe zbog krivice lokalne vlasti redsjednik op\u0161tine Ulcinj Nazif Cungu izrazio je \u017ealjenje","breadcrumb":{"@id":"https:\/\/www.visit-ulcinj.com\/blog\/2012\/11\/16\/ulcinj-4-dana-bez-vode-cungu-zove-luksica-u-pomoc\/#breadcrumb"},"inLanguage":"en-US","potentialAction":[{"@type":"ReadAction","target":["https:\/\/www.visit-ulcinj.com\/blog\/2012\/11\/16\/ulcinj-4-dana-bez-vode-cungu-zove-luksica-u-pomoc\/"]}]},{"@type":"BreadcrumbList","@id":"https:\/\/www.visit-ulcinj.com\/blog\/2012\/11\/16\/ulcinj-4-dana-bez-vode-cungu-zove-luksica-u-pomoc\/#breadcrumb","itemListElement":[{"@type":"ListItem","position":1,"name":"Ulcinj 4 dana bez vode &#8211; Cungu zove Luk\u0161i\u0107a u pomo\u0107"}]},{"@type":"Person","@id":"https:\/\/www.visit-ulcinj.com\/blog\/#\/schema\/person\/dcab619c614d3038751c63bc2aadc06d","name":"ulqini","sameAs":["http:\/\/www.visit-ulcinj.com"],"url":"https:\/\/www.visit-ulcinj.com\/blog\/author\/admin\/"}]}},"jetpack_featured_media_url":"","jetpack_sharing_enabled":true,"jetpack_shortlink":"https:\/\/wp.me\/pe6lTn-h6Q","_links":{"self":[{"href":"https:\/\/www.visit-ulcinj.com\/blog\/wp-json\/wp\/v2\/posts\/65772"}],"collection":[{"href":"https:\/\/www.visit-ulcinj.com\/blog\/wp-json\/wp\/v2\/posts"}],"about":[{"href":"https:\/\/www.visit-ulcinj.com\/blog\/wp-json\/wp\/v2\/types\/post"}],"author":[{"embeddable":true,"href":"https:\/\/www.visit-ulcinj.com\/blog\/wp-json\/wp\/v2\/users\/1"}],"replies":[{"embeddable":true,"href":"https:\/\/www.visit-ulcinj.com\/blog\/wp-json\/wp\/v2\/comments?post=65772"}],"version-history":[{"count":3,"href":"https:\/\/www.visit-ulcinj.com\/blog\/wp-json\/wp\/v2\/posts\/65772\/revisions"}],"predecessor-version":[{"id":65788,"href":"https:\/\/www.visit-ulcinj.com\/blog\/wp-json\/wp\/v2\/posts\/65772\/revisions\/65788"}],"wp:attachment":[{"href":"https:\/\/www.visit-ulcinj.com\/blog\/wp-json\/wp\/v2\/media?parent=65772"}],"wp:term":[{"taxonomy":"category","embeddable":true,"href":"https:\/\/www.visit-ulcinj.com\/blog\/wp-json\/wp\/v2\/categories?post=65772"},{"taxonomy":"post_tag","embeddable":true,"href":"https:\/\/www.visit-ulcinj.com\/blog\/wp-json\/wp\/v2\/tags?post=65772"}],"curies":[{"name":"wp","href":"https:\/\/api.w.org\/{rel}","templated":true}]}}