{"id":65775,"date":"2012-11-16T18:49:52","date_gmt":"2012-11-16T17:49:52","guid":{"rendered":"http:\/\/www.visit-ulcinj.com\/blog\/?p=65775"},"modified":"2012-11-16T18:49:52","modified_gmt":"2012-11-16T17:49:52","slug":"manifestacija-dan-nara-okupila-oko-30-proizvodaca-iz-crne-gore-i-albanije","status":"publish","type":"post","link":"https:\/\/www.visit-ulcinj.com\/blog\/2012\/11\/16\/manifestacija-dan-nara-okupila-oko-30-proizvodaca-iz-crne-gore-i-albanije\/","title":{"rendered":"Manifestacija \u201eDan Nara\u201d okupila oko 30 proizvo\u0111a\u010da iz Crne Gore i Albanije"},"content":{"rendered":"<p><a href=\"http:\/\/www.visit-ulcinj.com\/blog\/wp-content\/uploads\/2012\/11\/Manifestacija-Dan-Nara-Biznis-klub-Anamalit-Vladimir-Ulcinj.7.jpg\"><img loading=\"lazy\" class=\"alignleft  wp-image-65776\" title=\"Manifestacija Dan Nara - Biznis klub Anamalit - Vladimir - Ulcinj.7\" src=\"http:\/\/www.visit-ulcinj.com\/blog\/wp-content\/uploads\/2012\/11\/Manifestacija-Dan-Nara-Biznis-klub-Anamalit-Vladimir-Ulcinj.7.jpg\" alt=\"\" width=\"508\" height=\"360\" \/><\/a>Jednodnevna privredno-turisti\u010dka manifestacija \u201eDan nara\u201c, \u010diji su organizatori Biznis klub \u201eAnamalit\u201c, Op\u0161tina Ulcinj i \u201eAgrovita eko\u201c iz Podgorice okupila je ju\u010de u Vladimiru oko 30 proizvo\u0111a\u010da nara iz Crne Gore i Albanije. Veliki broj gra\u0111ana imao je priliku da na oko tridesetak \u0161tandova kupi nar, ali i ostale poljoprivredne proizvode s ovog podru\u010dja: smokve, limun, mandarine, masline, kesten, japanske jabuke&#8230;<br \/>\nManifestaciju su sve\u010dano otvorili predsjednik op\u0161tine Ulcinj Nazif Cungu, predsjednik BKA Kabil Kurti i Svetozar Radonji\u0107, generalni direktor kompanije \u201eAgrovita eko\u2019\u2019.<br \/>\n\u2013 Ovakve manifestacije nam omogu\u0107avaju da poka\u017eemo svoje bogatstvo, raznolikost i veliki privredni potencijal koji ima ovaj kraj. \u0160asko jezero, rijeka Bojana i plodno zemlji\u0161te uz blagu mediteransku klimu predstavljaju savr\u0161ene uslove za \u017eivot i razvoj poljoprivrede. Anamalsko podru\u010dje poznato je po proizvodnji ju\u017enog vo\u0107a, pogotovo nara i smokve, a u poslednje vrijeme, u saradnji s Ministarstvom poljoprivrede, pospje\u0161ujemo i razvoj maslinarstva i proizvodnju ranog vo\u0107a u plastenicima odakle poti\u010du proizvodi prepoznatljivi po kvalitetu \u0161irom Crne Gore. Mogu\u0107nost koju nam daju fondovi EU, koji \u0107e nam uskoro biti dostupni, predstavlja\u0107e veliku razvojnu \u0161ansu koju \u0107emo svakako iskoristiti \u2013 kazao je Cungu.<br \/>\n<a href=\"http:\/\/www.visit-ulcinj.com\/blog\/wp-content\/uploads\/2012\/11\/Manifestacija-Dan-Nara-Biznis-klub-Anamalit-Vladimir-Ulcinj.5.jpg\"><img loading=\"lazy\" class=\"alignleft  wp-image-65777\" title=\"Manifestacija Dan Nara - Biznis klub Anamalit - Vladimir - Ulcinj.5\" src=\"http:\/\/www.visit-ulcinj.com\/blog\/wp-content\/uploads\/2012\/11\/Manifestacija-Dan-Nara-Biznis-klub-Anamalit-Vladimir-Ulcinj.5.jpg\" alt=\"\" width=\"508\" height=\"300\" \/><\/a><br \/>\nGeneralni direktor kompanije \u201eAgrovita eko\u201c Svetozar Radonji\u0107 istakao je da je podru\u010dje uz granicu sa Albanijom, poznato kao Anamalit, veoma plodno, a da su ljudi koji tu \u017eive izuzetno vrijedni i dobri doma\u0107ini.<br \/>\n\u2013 Jo\u0161 u vrijeme velike Jugoslavije bili su prepoznati kao najbolji proizvo\u0111a\u010di hrane. Bez proizvoda iz ovog kraja bio je nezamisliv turizam u Crnoj Gori i Hrvatskoj. Prije dva mjeseca s ministrom poljoprivrede i predsjednikom op\u0161tine obi\u0161ao sam ovaj kraj i rodila se ideja da s ljudima iz ovda\u0161njeg biznis kluba organizujemo ovu manifestaciju. Za\u0161to \u0161ipak? Odlu\u010dili smo se za ovo vo\u0107e, jer je to autohtona kultura i jedan od brendova Crne Gore. \u0160ipak je povod, a ova manifestacija treba da podstakne razvoj ovog kraja. Treba da radimo i da se malo operemo od politike. Da se vratimo proizvodnji, da radimo i budemo svoji na svome. Ne treba da tr\u010dimo ni za kakvom pomo\u0107i, jer nam je bog sve dao \u2013 rekao je Radonji\u0107.<br \/>\nOn je podsjetio da u Crnoj Gori ima oko 200 hiljada sadnica pitomog nara i jo\u0161 toliko divljeg.<br \/>\n\u2013 To je malo i prinosi su mali, ali to \u0161to imamo izuzetno je kvalitetno. Postoji potra\u017enja za sokom od nara. U planu je projekat planta\u017eiranja i to je ogromna pri\u010da, jer predvi\u0111a zapo\u0161ljavanje stanovni\u0161tva i mogu\u0107nost ostvarivanja visokih prinosa. Dakle, ponude su tu i nudimo saradnju ljudima koji su zainteresovani da pro\u0161irimo proizvodnju \u2013 dodao je Radonji\u0107.<\/p>\n<p><a href=\"http:\/\/www.visit-ulcinj.com\/blog\/wp-content\/uploads\/2012\/11\/Manifestacija-Dan-Nara-Biznis-klub-Anamalit-Vladimir-Ulcinj.6.jpg\"><img loading=\"lazy\" class=\"alignleft  wp-image-65778\" title=\"Manifestacija Dan Nara - Biznis klub Anamalit - Vladimir - Ulcinj.6\" src=\"http:\/\/www.visit-ulcinj.com\/blog\/wp-content\/uploads\/2012\/11\/Manifestacija-Dan-Nara-Biznis-klub-Anamalit-Vladimir-Ulcinj.6.jpg\" alt=\"\" width=\"508\" height=\"300\" \/><\/a><br \/>\n\u2013 U ministarstvu pa\u017eljivo razmatramo sve inicijative poljoprivrednika i na osnovu toga kreiramo bud\u017eetske linije kojima podsti\u010demo razvoj. Podr\u017eavamo i sve manifestacije koje imaju karakter popularisanja prirodnih bogatstava i koje su rezultat pregala\u0161tva jednog kraja. Ovda\u0161nji proizvo\u0111a\u010di su veoma aktivni. Proteklih godina ovdje je posa\u0111eno oko \u0161ezdesetak hiljada stabala masline, \u0161to dovoljno govori o \u017eelji da se ovaj kraj razvija. Afirmi\u0161u\u0107i bogatstva koja imamo afirmi\u0161emo i proizvodnju, a to je osnov za op\u0161ti napredak \u2013 kazala je Krsti\u0107eva. U toku dana odr\u017eana su i predavanja o kulturi nara i drugom mediteranskom drve\u0107u, a veliki broj posjetilaca mogao je da u\u017eiva i u bogatom kulturno-umjetni\u010dkom programu koji su priredili u\u010denici O\u0160 \u201eBedri Elezaga\u201c iz Vladimira. Na kraju manifestacije nagra\u0111eni su najbolji proizvo\u0111a\u010di, a organizatori su poru\u010dili da \u0107e novo okupljanje biti naredne godine na istom mjestu.<\/p>\n<p><strong>Bundeve stigle iz Plava<\/strong><br \/>\nIn\u017eenjer hemije D\u017eevad \u0160arkinovi\u0107, \u010duveni proizvo\u0111a\u010d lubenica na nadmorskoj visini od hiljadu metara, stigao je u Ulcinj \u010dak iz Plava.<br \/>\n\u2013 Ve\u0107 14 godina uspje\u0161no se bavim proizvodnjom lubenice. Kad god imam vremena, posje\u0107ujem sli\u010dne manifestacije, jer je to prilika da se predstavim kao proizvo\u0111a\u010d, upoznam s ljudima i obogatim iskustvo. Ove godine do\u0161ao sam da u\u010de\u0161\u0107em podr\u017eim manifestaciju, a za ovu priliku donio sam bundeve i sadnice aronije \u2013 kazao nam je \u0160arkinovi\u0107, koji ina\u010de radi kao savjetnik za za\u0161titu \u017eivotne sredine u op\u0161tini Plav.<br \/>\nNjegove bundeve od 70 kilograma izazvale su posebnu pa\u017enju posjetilaca.<\/p>\n<p><strong>Dru\u017eenje dobro, prodaja slaba<\/strong><br \/>\nNikola Nreki\u0107 iz sela Klezna, osim nara, na svom \u0161tandu izlo\u017eio je rakiju lozova\u010du, vino, jabuke, dunje&#8230;<br \/>\n\u2013 Moja porodica \u017eivi isklju\u010divo od poljoprivrede. Obilazim i ovakve skupove vi\u0161e zbog dru\u017eenja, jer nema ovdje mnogo prodaje. Ina\u010de je te\u0161ko \u017eivjeti od poljoprivrede, u sezoni se malo zaradi i to je sve. Ostatak godine pre\u017eivljavamo \u2013 isti\u010de Nreki\u0107.<br \/>\n<a href=\"http:\/\/www.visit-ulcinj.com\/blog\/wp-content\/uploads\/2012\/11\/Manifestacija-Dan-Nara-Biznis-klub-Anamalit-Vladimir-Ulcinj.3.jpg\"><img loading=\"lazy\" class=\"alignleft  wp-image-65779\" title=\"Manifestacija Dan Nara - Biznis klub Anamalit - Vladimir - Ulcinj.3\" src=\"http:\/\/www.visit-ulcinj.com\/blog\/wp-content\/uploads\/2012\/11\/Manifestacija-Dan-Nara-Biznis-klub-Anamalit-Vladimir-Ulcinj.3.jpg\" alt=\"\" width=\"508\" height=\"300\" \/><\/a><br \/>\n<strong>Ko radi mo\u017ee da zaradi<\/strong><br \/>\nIsmet \u0110ena\u0161evi\u0107 ve\u0107 decenijama se bavi poljoprivrednom proizvodnjom, a okupljanje u Vladimiru vidi kao dobru priliku da se predstavi i stekne nova poznanstva.<br \/>\n\u2013 Ja sam, ina\u010de, p\u010delar, ali uzgajamo i kesten, nar, smokve&#8230; Kad se sve uzme u obzir, uz veliki trud od ovoga se mo\u017ee \u017eivjeti. Da nema ovih vremenskih nepogoda, moglo bi se i zaraditi dobro. Zbog o\u0161tre zime i su\u0161e koja je uslijedila nakon nje prinosi meda su manji za 50 odsto, ali \u0161ta da se radi. To ne zavisi od nas \u2013 kazao je \u0110ena\u0161evi\u0107.<\/p>\n<p><strong>Izvor: DAN<\/strong><\/p>\n\n\t\t<style type=\"text\/css\">\n\t\t\t#gallery-1 {\n\t\t\t\tmargin: auto;\n\t\t\t}\n\t\t\t#gallery-1 .gallery-item {\n\t\t\t\tfloat: left;\n\t\t\t\tmargin-top: 10px;\n\t\t\t\ttext-align: center;\n\t\t\t\twidth: 33%;\n\t\t\t}\n\t\t\t#gallery-1 img {\n\t\t\t\tborder: 2px solid #cfcfcf;\n\t\t\t}\n\t\t\t#gallery-1 .gallery-caption {\n\t\t\t\tmargin-left: 0;\n\t\t\t}\n\t\t\t\/* see gallery_shortcode() in wp-includes\/media.php *\/\n\t\t<\/style>\n\t\t<div id='gallery-1' class='gallery galleryid-65775 gallery-columns-3 gallery-size-thumbnail'><dl class='gallery-item'>\n\t\t\t<dt class='gallery-icon landscape'>\n\t\t\t\t<a href='https:\/\/www.visit-ulcinj.com\/blog\/wp-content\/uploads\/2012\/11\/Manifestacija-Dan-Nara-Biznis-klub-Anamalit-Vladimir-Ulcinj.7.jpg'><img width=\"150\" height=\"150\" src=\"https:\/\/www.visit-ulcinj.com\/blog\/wp-content\/uploads\/2012\/11\/Manifestacija-Dan-Nara-Biznis-klub-Anamalit-Vladimir-Ulcinj.7-150x150.jpg\" class=\"attachment-thumbnail size-thumbnail\" alt=\"\" loading=\"lazy\" \/><\/a>\n\t\t\t<\/dt><\/dl><dl class='gallery-item'>\n\t\t\t<dt class='gallery-icon landscape'>\n\t\t\t\t<a href='https:\/\/www.visit-ulcinj.com\/blog\/wp-content\/uploads\/2012\/11\/Manifestacija-Dan-Nara-Biznis-klub-Anamalit-Vladimir-Ulcinj.5.jpg'><img width=\"150\" height=\"150\" src=\"https:\/\/www.visit-ulcinj.com\/blog\/wp-content\/uploads\/2012\/11\/Manifestacija-Dan-Nara-Biznis-klub-Anamalit-Vladimir-Ulcinj.5-150x150.jpg\" class=\"attachment-thumbnail size-thumbnail\" alt=\"\" loading=\"lazy\" \/><\/a>\n\t\t\t<\/dt><\/dl><dl class='gallery-item'>\n\t\t\t<dt class='gallery-icon landscape'>\n\t\t\t\t<a href='https:\/\/www.visit-ulcinj.com\/blog\/wp-content\/uploads\/2012\/11\/Manifestacija-Dan-Nara-Biznis-klub-Anamalit-Vladimir-Ulcinj.6.jpg'><img width=\"150\" height=\"150\" src=\"https:\/\/www.visit-ulcinj.com\/blog\/wp-content\/uploads\/2012\/11\/Manifestacija-Dan-Nara-Biznis-klub-Anamalit-Vladimir-Ulcinj.6-150x150.jpg\" class=\"attachment-thumbnail size-thumbnail\" alt=\"\" loading=\"lazy\" \/><\/a>\n\t\t\t<\/dt><\/dl><br style=\"clear: both\" \/><dl class='gallery-item'>\n\t\t\t<dt class='gallery-icon landscape'>\n\t\t\t\t<a href='https:\/\/www.visit-ulcinj.com\/blog\/wp-content\/uploads\/2012\/11\/Manifestacija-Dan-Nara-Biznis-klub-Anamalit-Vladimir-Ulcinj.3.jpg'><img width=\"150\" height=\"150\" src=\"https:\/\/www.visit-ulcinj.com\/blog\/wp-content\/uploads\/2012\/11\/Manifestacija-Dan-Nara-Biznis-klub-Anamalit-Vladimir-Ulcinj.3-150x150.jpg\" class=\"attachment-thumbnail size-thumbnail\" alt=\"\" loading=\"lazy\" \/><\/a>\n\t\t\t<\/dt><\/dl><dl class='gallery-item'>\n\t\t\t<dt class='gallery-icon landscape'>\n\t\t\t\t<a href='https:\/\/www.visit-ulcinj.com\/blog\/wp-content\/uploads\/2012\/11\/Manifestacija-Dan-Nara-Biznis-klub-Anamalit-Vladimir-Ulcinj.1.jpg'><img width=\"150\" height=\"150\" src=\"https:\/\/www.visit-ulcinj.com\/blog\/wp-content\/uploads\/2012\/11\/Manifestacija-Dan-Nara-Biznis-klub-Anamalit-Vladimir-Ulcinj.1-150x150.jpg\" class=\"attachment-thumbnail size-thumbnail\" alt=\"\" loading=\"lazy\" \/><\/a>\n\t\t\t<\/dt><\/dl><dl class='gallery-item'>\n\t\t\t<dt class='gallery-icon landscape'>\n\t\t\t\t<a href='https:\/\/www.visit-ulcinj.com\/blog\/wp-content\/uploads\/2012\/11\/Manifestacija-Dan-Nara-Biznis-klub-Anamalit-Vladimir-Ulcinj.2.jpg'><img width=\"150\" height=\"150\" src=\"https:\/\/www.visit-ulcinj.com\/blog\/wp-content\/uploads\/2012\/11\/Manifestacija-Dan-Nara-Biznis-klub-Anamalit-Vladimir-Ulcinj.2-150x150.jpg\" class=\"attachment-thumbnail size-thumbnail\" alt=\"\" loading=\"lazy\" \/><\/a>\n\t\t\t<\/dt><\/dl><br style=\"clear: both\" \/><dl class='gallery-item'>\n\t\t\t<dt class='gallery-icon landscape'>\n\t\t\t\t<a href='https:\/\/www.visit-ulcinj.com\/blog\/wp-content\/uploads\/2012\/11\/Manifestacija-Dan-Nara-Biznis-klub-Anamalit-Vladimir-Ulcinj.4.jpg'><img width=\"150\" height=\"150\" src=\"https:\/\/www.visit-ulcinj.com\/blog\/wp-content\/uploads\/2012\/11\/Manifestacija-Dan-Nara-Biznis-klub-Anamalit-Vladimir-Ulcinj.4-150x150.jpg\" class=\"attachment-thumbnail size-thumbnail\" alt=\"\" loading=\"lazy\" \/><\/a>\n\t\t\t<\/dt><\/dl><dl class='gallery-item'>\n\t\t\t<dt class='gallery-icon landscape'>\n\t\t\t\t<a href='https:\/\/www.visit-ulcinj.com\/blog\/wp-content\/uploads\/2012\/11\/Manifestacija-Dan-Nara-Biznis-klub-Anamalit-Vladimir-Ulcinj.jpg'><img width=\"150\" height=\"150\" src=\"https:\/\/www.visit-ulcinj.com\/blog\/wp-content\/uploads\/2012\/11\/Manifestacija-Dan-Nara-Biznis-klub-Anamalit-Vladimir-Ulcinj-150x150.jpg\" class=\"attachment-thumbnail size-thumbnail\" alt=\"\" loading=\"lazy\" \/><\/a>\n\t\t\t<\/dt><\/dl><dl class='gallery-item'>\n\t\t\t<dt class='gallery-icon landscape'>\n\t\t\t\t<a href='https:\/\/www.visit-ulcinj.com\/blog\/wp-content\/uploads\/2012\/11\/Manifestacija-Dan-Nara-Biznis-klub-Anamalit-Vladimir-Ulcinj.8.jpg'><img width=\"150\" height=\"150\" src=\"https:\/\/www.visit-ulcinj.com\/blog\/wp-content\/uploads\/2012\/11\/Manifestacija-Dan-Nara-Biznis-klub-Anamalit-Vladimir-Ulcinj.8-150x150.jpg\" class=\"attachment-thumbnail size-thumbnail\" alt=\"\" loading=\"lazy\" \/><\/a>\n\t\t\t<\/dt><\/dl><br style=\"clear: both\" \/>\n\t\t<\/div>\n\n","protected":false},"excerpt":{"rendered":"<p>Jednodnevna privredno-turisti\u010dka manifestacija \u201eDan nara\u201c, \u010diji su organizatori Biznis klub \u201eAnamalit\u201c, Op\u0161tina Ulcinj i \u201eAgrovita eko\u201c iz Podgorice okupila je ju\u010de u Vladimiru oko 30 proizvo\u0111a\u010da nara iz Crne Gore i Albanije. Veliki broj gra\u0111ana imao je priliku da na oko tridesetak \u0161tandova kupi nar, ali i ostale poljoprivredne proizvode s ovog podru\u010dja: smokve, limun, [&hellip;]<\/p>\n","protected":false},"author":1,"featured_media":0,"comment_status":"open","ping_status":"closed","sticky":false,"template":"","format":"standard","meta":{"spay_email":"","jetpack_publicize_message":"","jetpack_is_tweetstorm":false,"jetpack_publicize_feature_enabled":true},"categories":[6950],"tags":[840,3509,4625,21476,118,264,21477,19,4636],"jetpack_publicize_connections":[],"yoast_head":"<!-- This site is optimized with the Yoast SEO plugin v19.1 - https:\/\/yoast.com\/wordpress\/plugins\/seo\/ -->\n<title>Manifestacija \u201eDan Nara\u201d okupila oko 30 proizvo\u0111a\u010da iz Crne Gore i Albanije - Lajme nga Ulqini<\/title>\n<meta name=\"description\" content=\"Jednodnevna privredno-turisti\u010dka manifestacija \u201eDan nara\u201c, \u010diji su organizatori Biznis klub \u201eAnamalit\u201c, Op\u0161tina Ulcinj i \u201eAgrovita eko\u201c iz Podgorice\" \/>\n<meta name=\"robots\" content=\"index, follow, max-snippet:-1, max-image-preview:large, max-video-preview:-1\" \/>\n<link rel=\"canonical\" href=\"https:\/\/www.visit-ulcinj.com\/blog\/2012\/11\/16\/manifestacija-dan-nara-okupila-oko-30-proizvodaca-iz-crne-gore-i-albanije\/\" \/>\n<meta property=\"og:locale\" content=\"en_US\" \/>\n<meta property=\"og:type\" content=\"article\" \/>\n<meta property=\"og:title\" content=\"Manifestacija \u201eDan Nara\u201d okupila oko 30 proizvo\u0111a\u010da iz Crne Gore i Albanije - Lajme nga Ulqini\" \/>\n<meta property=\"og:description\" content=\"Jednodnevna privredno-turisti\u010dka manifestacija \u201eDan nara\u201c, \u010diji su organizatori Biznis klub \u201eAnamalit\u201c, Op\u0161tina Ulcinj i \u201eAgrovita eko\u201c iz Podgorice\" \/>\n<meta property=\"og:url\" content=\"https:\/\/www.visit-ulcinj.com\/blog\/2012\/11\/16\/manifestacija-dan-nara-okupila-oko-30-proizvodaca-iz-crne-gore-i-albanije\/\" \/>\n<meta property=\"og:site_name\" content=\"Lajme nga Ulqini\" \/>\n<meta property=\"article:published_time\" content=\"2012-11-16T17:49:52+00:00\" \/>\n<meta property=\"og:image\" content=\"https:\/\/www.visit-ulcinj.com\/blog\/wp-content\/uploads\/2012\/11\/Manifestacija-Dan-Nara-Biznis-klub-Anamalit-Vladimir-Ulcinj.7-150x150.jpg\" \/>\n<meta name=\"twitter:label1\" content=\"Written by\" \/>\n\t<meta name=\"twitter:data1\" content=\"ulqini\" \/>\n\t<meta name=\"twitter:label2\" content=\"Est. reading time\" \/>\n\t<meta name=\"twitter:data2\" content=\"4 minutes\" \/>\n<script type=\"application\/ld+json\" class=\"yoast-schema-graph\">{\"@context\":\"https:\/\/schema.org\",\"@graph\":[{\"@type\":\"WebSite\",\"@id\":\"https:\/\/www.visit-ulcinj.com\/blog\/#website\",\"url\":\"https:\/\/www.visit-ulcinj.com\/blog\/\",\"name\":\"Lajme nga Ulqini\",\"description\":\"Lajme,Vijesti,Ulqini,Ulqin,Crna Gora,Mali i Zi\",\"potentialAction\":[{\"@type\":\"SearchAction\",\"target\":{\"@type\":\"EntryPoint\",\"urlTemplate\":\"https:\/\/www.visit-ulcinj.com\/blog\/?s={search_term_string}\"},\"query-input\":\"required name=search_term_string\"}],\"inLanguage\":\"en-US\"},{\"@type\":\"ImageObject\",\"inLanguage\":\"en-US\",\"@id\":\"https:\/\/www.visit-ulcinj.com\/blog\/2012\/11\/16\/manifestacija-dan-nara-okupila-oko-30-proizvodaca-iz-crne-gore-i-albanije\/#primaryimage\",\"url\":\"https:\/\/www.visit-ulcinj.com\/blog\/wp-content\/uploads\/2012\/11\/Manifestacija-Dan-Nara-Biznis-klub-Anamalit-Vladimir-Ulcinj.7.jpg\",\"contentUrl\":\"https:\/\/www.visit-ulcinj.com\/blog\/wp-content\/uploads\/2012\/11\/Manifestacija-Dan-Nara-Biznis-klub-Anamalit-Vladimir-Ulcinj.7.jpg\",\"width\":\"960\",\"height\":\"640\"},{\"@type\":\"WebPage\",\"@id\":\"https:\/\/www.visit-ulcinj.com\/blog\/2012\/11\/16\/manifestacija-dan-nara-okupila-oko-30-proizvodaca-iz-crne-gore-i-albanije\/#webpage\",\"url\":\"https:\/\/www.visit-ulcinj.com\/blog\/2012\/11\/16\/manifestacija-dan-nara-okupila-oko-30-proizvodaca-iz-crne-gore-i-albanije\/\",\"name\":\"Manifestacija \u201eDan Nara\u201d okupila oko 30 proizvo\u0111a\u010da iz Crne Gore i Albanije - Lajme nga Ulqini\",\"isPartOf\":{\"@id\":\"https:\/\/www.visit-ulcinj.com\/blog\/#website\"},\"primaryImageOfPage\":{\"@id\":\"https:\/\/www.visit-ulcinj.com\/blog\/2012\/11\/16\/manifestacija-dan-nara-okupila-oko-30-proizvodaca-iz-crne-gore-i-albanije\/#primaryimage\"},\"datePublished\":\"2012-11-16T17:49:52+00:00\",\"dateModified\":\"2012-11-16T17:49:52+00:00\",\"author\":{\"@id\":\"https:\/\/www.visit-ulcinj.com\/blog\/#\/schema\/person\/dcab619c614d3038751c63bc2aadc06d\"},\"description\":\"Jednodnevna privredno-turisti\u010dka manifestacija \u201eDan nara\u201c, \u010diji su organizatori Biznis klub \u201eAnamalit\u201c, Op\u0161tina Ulcinj i \u201eAgrovita eko\u201c iz Podgorice\",\"breadcrumb\":{\"@id\":\"https:\/\/www.visit-ulcinj.com\/blog\/2012\/11\/16\/manifestacija-dan-nara-okupila-oko-30-proizvodaca-iz-crne-gore-i-albanije\/#breadcrumb\"},\"inLanguage\":\"en-US\",\"potentialAction\":[{\"@type\":\"ReadAction\",\"target\":[\"https:\/\/www.visit-ulcinj.com\/blog\/2012\/11\/16\/manifestacija-dan-nara-okupila-oko-30-proizvodaca-iz-crne-gore-i-albanije\/\"]}]},{\"@type\":\"BreadcrumbList\",\"@id\":\"https:\/\/www.visit-ulcinj.com\/blog\/2012\/11\/16\/manifestacija-dan-nara-okupila-oko-30-proizvodaca-iz-crne-gore-i-albanije\/#breadcrumb\",\"itemListElement\":[{\"@type\":\"ListItem\",\"position\":1,\"name\":\"Manifestacija \u201eDan Nara\u201d okupila oko 30 proizvo\u0111a\u010da iz Crne Gore i Albanije\"}]},{\"@type\":\"Person\",\"@id\":\"https:\/\/www.visit-ulcinj.com\/blog\/#\/schema\/person\/dcab619c614d3038751c63bc2aadc06d\",\"name\":\"ulqini\",\"sameAs\":[\"http:\/\/www.visit-ulcinj.com\"],\"url\":\"https:\/\/www.visit-ulcinj.com\/blog\/author\/admin\/\"}]}<\/script>\n<!-- \/ Yoast SEO plugin. -->","yoast_head_json":{"title":"Manifestacija \u201eDan Nara\u201d okupila oko 30 proizvo\u0111a\u010da iz Crne Gore i Albanije - Lajme nga Ulqini","description":"Jednodnevna privredno-turisti\u010dka manifestacija \u201eDan nara\u201c, \u010diji su organizatori Biznis klub \u201eAnamalit\u201c, Op\u0161tina Ulcinj i \u201eAgrovita eko\u201c iz Podgorice","robots":{"index":"index","follow":"follow","max-snippet":"max-snippet:-1","max-image-preview":"max-image-preview:large","max-video-preview":"max-video-preview:-1"},"canonical":"https:\/\/www.visit-ulcinj.com\/blog\/2012\/11\/16\/manifestacija-dan-nara-okupila-oko-30-proizvodaca-iz-crne-gore-i-albanije\/","og_locale":"en_US","og_type":"article","og_title":"Manifestacija \u201eDan Nara\u201d okupila oko 30 proizvo\u0111a\u010da iz Crne Gore i Albanije - Lajme nga Ulqini","og_description":"Jednodnevna privredno-turisti\u010dka manifestacija \u201eDan nara\u201c, \u010diji su organizatori Biznis klub \u201eAnamalit\u201c, Op\u0161tina Ulcinj i \u201eAgrovita eko\u201c iz Podgorice","og_url":"https:\/\/www.visit-ulcinj.com\/blog\/2012\/11\/16\/manifestacija-dan-nara-okupila-oko-30-proizvodaca-iz-crne-gore-i-albanije\/","og_site_name":"Lajme nga Ulqini","article_published_time":"2012-11-16T17:49:52+00:00","og_image":[{"url":"https:\/\/www.visit-ulcinj.com\/blog\/wp-content\/uploads\/2012\/11\/Manifestacija-Dan-Nara-Biznis-klub-Anamalit-Vladimir-Ulcinj.7-150x150.jpg"}],"twitter_misc":{"Written by":"ulqini","Est. reading time":"4 minutes"},"schema":{"@context":"https:\/\/schema.org","@graph":[{"@type":"WebSite","@id":"https:\/\/www.visit-ulcinj.com\/blog\/#website","url":"https:\/\/www.visit-ulcinj.com\/blog\/","name":"Lajme nga Ulqini","description":"Lajme,Vijesti,Ulqini,Ulqin,Crna Gora,Mali i Zi","potentialAction":[{"@type":"SearchAction","target":{"@type":"EntryPoint","urlTemplate":"https:\/\/www.visit-ulcinj.com\/blog\/?s={search_term_string}"},"query-input":"required name=search_term_string"}],"inLanguage":"en-US"},{"@type":"ImageObject","inLanguage":"en-US","@id":"https:\/\/www.visit-ulcinj.com\/blog\/2012\/11\/16\/manifestacija-dan-nara-okupila-oko-30-proizvodaca-iz-crne-gore-i-albanije\/#primaryimage","url":"https:\/\/www.visit-ulcinj.com\/blog\/wp-content\/uploads\/2012\/11\/Manifestacija-Dan-Nara-Biznis-klub-Anamalit-Vladimir-Ulcinj.7.jpg","contentUrl":"https:\/\/www.visit-ulcinj.com\/blog\/wp-content\/uploads\/2012\/11\/Manifestacija-Dan-Nara-Biznis-klub-Anamalit-Vladimir-Ulcinj.7.jpg","width":"960","height":"640"},{"@type":"WebPage","@id":"https:\/\/www.visit-ulcinj.com\/blog\/2012\/11\/16\/manifestacija-dan-nara-okupila-oko-30-proizvodaca-iz-crne-gore-i-albanije\/#webpage","url":"https:\/\/www.visit-ulcinj.com\/blog\/2012\/11\/16\/manifestacija-dan-nara-okupila-oko-30-proizvodaca-iz-crne-gore-i-albanije\/","name":"Manifestacija \u201eDan Nara\u201d okupila oko 30 proizvo\u0111a\u010da iz Crne Gore i Albanije - Lajme nga Ulqini","isPartOf":{"@id":"https:\/\/www.visit-ulcinj.com\/blog\/#website"},"primaryImageOfPage":{"@id":"https:\/\/www.visit-ulcinj.com\/blog\/2012\/11\/16\/manifestacija-dan-nara-okupila-oko-30-proizvodaca-iz-crne-gore-i-albanije\/#primaryimage"},"datePublished":"2012-11-16T17:49:52+00:00","dateModified":"2012-11-16T17:49:52+00:00","author":{"@id":"https:\/\/www.visit-ulcinj.com\/blog\/#\/schema\/person\/dcab619c614d3038751c63bc2aadc06d"},"description":"Jednodnevna privredno-turisti\u010dka manifestacija \u201eDan nara\u201c, \u010diji su organizatori Biznis klub \u201eAnamalit\u201c, Op\u0161tina Ulcinj i \u201eAgrovita eko\u201c iz Podgorice","breadcrumb":{"@id":"https:\/\/www.visit-ulcinj.com\/blog\/2012\/11\/16\/manifestacija-dan-nara-okupila-oko-30-proizvodaca-iz-crne-gore-i-albanije\/#breadcrumb"},"inLanguage":"en-US","potentialAction":[{"@type":"ReadAction","target":["https:\/\/www.visit-ulcinj.com\/blog\/2012\/11\/16\/manifestacija-dan-nara-okupila-oko-30-proizvodaca-iz-crne-gore-i-albanije\/"]}]},{"@type":"BreadcrumbList","@id":"https:\/\/www.visit-ulcinj.com\/blog\/2012\/11\/16\/manifestacija-dan-nara-okupila-oko-30-proizvodaca-iz-crne-gore-i-albanije\/#breadcrumb","itemListElement":[{"@type":"ListItem","position":1,"name":"Manifestacija \u201eDan Nara\u201d okupila oko 30 proizvo\u0111a\u010da iz Crne Gore i Albanije"}]},{"@type":"Person","@id":"https:\/\/www.visit-ulcinj.com\/blog\/#\/schema\/person\/dcab619c614d3038751c63bc2aadc06d","name":"ulqini","sameAs":["http:\/\/www.visit-ulcinj.com"],"url":"https:\/\/www.visit-ulcinj.com\/blog\/author\/admin\/"}]}},"jetpack_featured_media_url":"","jetpack_sharing_enabled":true,"jetpack_shortlink":"https:\/\/wp.me\/pe6lTn-h6T","_links":{"self":[{"href":"https:\/\/www.visit-ulcinj.com\/blog\/wp-json\/wp\/v2\/posts\/65775"}],"collection":[{"href":"https:\/\/www.visit-ulcinj.com\/blog\/wp-json\/wp\/v2\/posts"}],"about":[{"href":"https:\/\/www.visit-ulcinj.com\/blog\/wp-json\/wp\/v2\/types\/post"}],"author":[{"embeddable":true,"href":"https:\/\/www.visit-ulcinj.com\/blog\/wp-json\/wp\/v2\/users\/1"}],"replies":[{"embeddable":true,"href":"https:\/\/www.visit-ulcinj.com\/blog\/wp-json\/wp\/v2\/comments?post=65775"}],"version-history":[{"count":1,"href":"https:\/\/www.visit-ulcinj.com\/blog\/wp-json\/wp\/v2\/posts\/65775\/revisions"}],"predecessor-version":[{"id":65785,"href":"https:\/\/www.visit-ulcinj.com\/blog\/wp-json\/wp\/v2\/posts\/65775\/revisions\/65785"}],"wp:attachment":[{"href":"https:\/\/www.visit-ulcinj.com\/blog\/wp-json\/wp\/v2\/media?parent=65775"}],"wp:term":[{"taxonomy":"category","embeddable":true,"href":"https:\/\/www.visit-ulcinj.com\/blog\/wp-json\/wp\/v2\/categories?post=65775"},{"taxonomy":"post_tag","embeddable":true,"href":"https:\/\/www.visit-ulcinj.com\/blog\/wp-json\/wp\/v2\/tags?post=65775"}],"curies":[{"name":"wp","href":"https:\/\/api.w.org\/{rel}","templated":true}]}}