{"id":65790,"date":"2012-11-16T20:48:29","date_gmt":"2012-11-16T19:48:29","guid":{"rendered":"http:\/\/www.visit-ulcinj.com\/blog\/?p=65790"},"modified":"2012-11-16T20:50:25","modified_gmt":"2012-11-16T19:50:25","slug":"zenka-uje-nuk-ka-e-uji-po-ju-mberrin-deri-tek-fyti","status":"publish","type":"post","link":"https:\/\/www.visit-ulcinj.com\/blog\/2012\/11\/16\/zenka-uje-nuk-ka-e-uji-po-ju-mberrin-deri-tek-fyti\/","title":{"rendered":"Zenka: Uj\u00eb nuk ka, e uji po ju mb\u00ebrrin deri tek fyti!"},"content":{"rendered":"<p><a href=\"http:\/\/www.visit-ulcinj.com\/blog\/wp-content\/uploads\/2012\/11\/Mehmet-Zenka-_UDSH_Ulqin.jpg\"><img loading=\"lazy\" class=\"alignleft size-full wp-image-65791\" title=\"Mehmet-Zenka-_UDSH_Ulqin\" src=\"http:\/\/www.visit-ulcinj.com\/blog\/wp-content\/uploads\/2012\/11\/Mehmet-Zenka-_UDSH_Ulqin.jpg\" alt=\"\" width=\"295\" height=\"278\" \/><\/a>Sa do q\u00eb qytetari normal t\u00eb mundohet t\u00eb ket\u00eb minimumin e mir\u00ebkuptimit p\u00ebr paaft\u00ebsin\u00eb, paditurin\u00eb dhe mos t\u00eb p\u00ebrmendi \u00e7ka m\u00eb p\u00ebr t\u00eb ashtuquajturit ekspert\u00eb, situata e re e krijuar me ujin tejkaloj \u00e7do kriter t\u00eb arsyetimit t\u00eb sh\u00ebndosht\u00eb. T\u00eb l\u00ebsh nj\u00eb qytet t\u00eb t\u00ebr\u00eb sot e kat\u00ebrta dit\u00eb pa uj\u00eb dhe t\u00eb sillesh sikur ky \u00ebsht\u00eb problem i thjesht teknik q\u00eb leht\u00ebsisht p\u00ebrmir\u00ebsohet, tregon \u00e7do gj\u00eb por vet\u00ebm t\u00eb mir\u00eb asgj\u00eb. Po realizohen parandjenjat tona m\u00eb t\u00eb err\u00ebta e kjo \u00ebsht\u00eb fakti q\u00eb ky qytet me k\u00ebsi lloj pushteti nuk po ec\u00ebn por po vrapon drejt\u00eb d\u00ebshtimit t\u00eb p\u00ebrgjithsh\u00ebm n\u00eb kuptimin e plot\u00eb t\u00eb fjal\u00ebs. Problemi me ujin \u00ebsht\u00eb vet\u00ebm nj\u00eb tregues i vog\u00ebl p\u00ebr at\u00eb \u00e7ka na pret. P\u00ebr hir t\u00eb mir\u00ebs t\u00eb p\u00ebrgjithshme t\u00eb qytetar\u00ebve tan\u00eb uroj t\u00eb mos jem n\u00eb t\u00eb drejt\u00eb, por p\u00ebr fat t\u00eb keq \u00e7do gj\u00eb tregon dhe \u00e7on kah kolapsi i pandaluesh\u00ebm i t\u00eb gjith\u00eb strukturave t\u00eb vet\u00ebqeverisjes lokale.<\/p>\n<div>\n<p>Filloj me miratim e planeve urbanistike n\u00eb kund\u00ebrshtim me ligjin, intervenimeve n\u00eb infrastruktur\u00eb t\u00eb kryera mbrapsht , deri tek anulimi i gjasht\u00eb (6) tenderave t\u00eb montuar. \u00cbsht\u00eb e gjat\u00eb lista e t\u00eb gjitha parregullsive dhe shkeljeve t\u00eb ligjit q\u00eb b\u00ebri pushteti aktual p\u00ebr kat\u00ebrmb\u00ebdhjet\u00eb (14) muaj t\u00eb qeverisjes s\u00eb tyre.<\/p>\n<p>Me gabimin e njer\u00ebzve t\u00eb paaft\u00eb qyteti i Ulqinit kat\u00ebr dit\u00eb nuk ka uj\u00eb derisa t\u00eb gjith\u00eb heshtin dhe askush nuk merr p\u00ebrgjegj\u00ebsi. Ndoshta heshtet q\u00ebllimisht q\u00eb e ardhmja e nd\u00ebrmarrjes komunale t\u00eb jet\u00eb tragjike apo ndoshta pritet q\u00eb p\u00ebrve\u00e7 t\u00eb gjitha fatkeq\u00ebsive dhe telasheve q\u00eb soll\u00ebn, t\u00eb na sjellin edhe ndonj\u00eb epidemi f\u00ebmij\u00ebve tan\u00eb n\u00eb shkolla.<\/p>\n<p>Uj\u00eb nuk ka, e uji mb\u00ebrriti deri tek fyti!<\/p>\n<p>Si filloj n\u00eb m\u00ebnyr\u00eb t\u00eb turpshme dhe t\u00eb trishtuar, ashtu dhe do t\u00eb p\u00ebrfundoj\u00eb.<br \/>\nKryetari i UDSH-s\u00eb<br \/>\nM. Zenka<\/p>\n<\/div>\n<div><\/div>\n<div><strong>Burimi: <a id=\"js_22\" href=\"https:\/\/www.facebook.com\/forumirinor.udsh\" data-hovercard=\"\/ajax\/hovercard\/user.php?id=100001079926702\">Forumi Rinor Udsh<\/a><\/strong><\/div>\n<div><a href=\"http:\/\/www.visit-ulcinj.com\/blog\/wp-content\/uploads\/2012\/11\/Ulqini-pa-uj\u00eb.jpg\"><img loading=\"lazy\" class=\"alignleft  wp-image-65792\" title=\"Ulqini pa uj\u00eb\" src=\"http:\/\/www.visit-ulcinj.com\/blog\/wp-content\/uploads\/2012\/11\/Ulqini-pa-uj\u00eb.jpg\" alt=\"\" width=\"508\" height=\"600\" \/><\/a><\/div>\n","protected":false},"excerpt":{"rendered":"<p>Sa do q\u00eb qytetari normal t\u00eb mundohet t\u00eb ket\u00eb minimumin e mir\u00ebkuptimit p\u00ebr paaft\u00ebsin\u00eb, paditurin\u00eb dhe mos t\u00eb p\u00ebrmendi \u00e7ka m\u00eb p\u00ebr t\u00eb ashtuquajturit ekspert\u00eb, situata e re e krijuar me ujin tejkaloj \u00e7do kriter t\u00eb arsyetimit t\u00eb sh\u00ebndosht\u00eb. T\u00eb l\u00ebsh nj\u00eb qytet t\u00eb t\u00ebr\u00eb sot e kat\u00ebrta dit\u00eb pa uj\u00eb dhe t\u00eb sillesh sikur [&hellip;]<\/p>\n","protected":false},"author":1,"featured_media":0,"comment_status":"open","ping_status":"closed","sticky":false,"template":"","format":"standard","meta":{"spay_email":"","jetpack_publicize_message":"","jetpack_is_tweetstorm":false,"jetpack_publicize_feature_enabled":true},"categories":[6],"tags":[3371,200,21478],"jetpack_publicize_connections":[],"yoast_head":"<!-- This site is optimized with the Yoast SEO plugin v19.1 - https:\/\/yoast.com\/wordpress\/plugins\/seo\/ -->\n<title>Zenka: Uj\u00eb nuk ka, e uji po ju mb\u00ebrrin deri tek fyti! - Lajme nga Ulqini<\/title>\n<meta name=\"description\" content=\"Sa do q\u00eb qytetari normal t\u00eb mundohet t\u00eb ket\u00eb minimumin e mir\u00ebkuptimit p\u00ebr paaft\u00ebsin\u00eb, paditurin\u00eb dhe mos t\u00eb p\u00ebrmendi \u00e7ka m\u00eb p\u00ebr t\u00eb ashtuquajturit\" \/>\n<meta name=\"robots\" content=\"index, follow, max-snippet:-1, max-image-preview:large, max-video-preview:-1\" \/>\n<link rel=\"canonical\" href=\"https:\/\/www.visit-ulcinj.com\/blog\/2012\/11\/16\/zenka-uje-nuk-ka-e-uji-po-ju-mberrin-deri-tek-fyti\/\" \/>\n<meta property=\"og:locale\" content=\"en_US\" \/>\n<meta property=\"og:type\" content=\"article\" \/>\n<meta property=\"og:title\" content=\"Zenka: Uj\u00eb nuk ka, e uji po ju mb\u00ebrrin deri tek fyti! - Lajme nga Ulqini\" \/>\n<meta property=\"og:description\" content=\"Sa do q\u00eb qytetari normal t\u00eb mundohet t\u00eb ket\u00eb minimumin e mir\u00ebkuptimit p\u00ebr paaft\u00ebsin\u00eb, paditurin\u00eb dhe mos t\u00eb p\u00ebrmendi \u00e7ka m\u00eb p\u00ebr t\u00eb ashtuquajturit\" \/>\n<meta property=\"og:url\" content=\"https:\/\/www.visit-ulcinj.com\/blog\/2012\/11\/16\/zenka-uje-nuk-ka-e-uji-po-ju-mberrin-deri-tek-fyti\/\" \/>\n<meta property=\"og:site_name\" content=\"Lajme nga Ulqini\" \/>\n<meta property=\"article:published_time\" content=\"2012-11-16T19:48:29+00:00\" \/>\n<meta property=\"article:modified_time\" content=\"2012-11-16T19:50:25+00:00\" \/>\n<meta property=\"og:image\" content=\"http:\/\/www.visit-ulcinj.com\/blog\/wp-content\/uploads\/2012\/11\/Mehmet-Zenka-_UDSH_Ulqin.jpg\" \/>\n<meta name=\"twitter:label1\" content=\"Written by\" \/>\n\t<meta name=\"twitter:data1\" content=\"ulqini\" \/>\n\t<meta name=\"twitter:label2\" content=\"Est. reading time\" \/>\n\t<meta name=\"twitter:data2\" content=\"2 minutes\" \/>\n<script type=\"application\/ld+json\" class=\"yoast-schema-graph\">{\"@context\":\"https:\/\/schema.org\",\"@graph\":[{\"@type\":\"WebSite\",\"@id\":\"https:\/\/www.visit-ulcinj.com\/blog\/#website\",\"url\":\"https:\/\/www.visit-ulcinj.com\/blog\/\",\"name\":\"Lajme nga Ulqini\",\"description\":\"Lajme,Vijesti,Ulqini,Ulqin,Crna Gora,Mali i Zi\",\"potentialAction\":[{\"@type\":\"SearchAction\",\"target\":{\"@type\":\"EntryPoint\",\"urlTemplate\":\"https:\/\/www.visit-ulcinj.com\/blog\/?s={search_term_string}\"},\"query-input\":\"required name=search_term_string\"}],\"inLanguage\":\"en-US\"},{\"@type\":\"ImageObject\",\"inLanguage\":\"en-US\",\"@id\":\"https:\/\/www.visit-ulcinj.com\/blog\/2012\/11\/16\/zenka-uje-nuk-ka-e-uji-po-ju-mberrin-deri-tek-fyti\/#primaryimage\",\"url\":\"https:\/\/www.visit-ulcinj.com\/blog\/wp-content\/uploads\/2012\/11\/Mehmet-Zenka-_UDSH_Ulqin.jpg\",\"contentUrl\":\"https:\/\/www.visit-ulcinj.com\/blog\/wp-content\/uploads\/2012\/11\/Mehmet-Zenka-_UDSH_Ulqin.jpg\",\"width\":\"295\",\"height\":\"278\"},{\"@type\":\"WebPage\",\"@id\":\"https:\/\/www.visit-ulcinj.com\/blog\/2012\/11\/16\/zenka-uje-nuk-ka-e-uji-po-ju-mberrin-deri-tek-fyti\/#webpage\",\"url\":\"https:\/\/www.visit-ulcinj.com\/blog\/2012\/11\/16\/zenka-uje-nuk-ka-e-uji-po-ju-mberrin-deri-tek-fyti\/\",\"name\":\"Zenka: Uj\u00eb nuk ka, e uji po ju mb\u00ebrrin deri tek fyti! - Lajme nga Ulqini\",\"isPartOf\":{\"@id\":\"https:\/\/www.visit-ulcinj.com\/blog\/#website\"},\"primaryImageOfPage\":{\"@id\":\"https:\/\/www.visit-ulcinj.com\/blog\/2012\/11\/16\/zenka-uje-nuk-ka-e-uji-po-ju-mberrin-deri-tek-fyti\/#primaryimage\"},\"datePublished\":\"2012-11-16T19:48:29+00:00\",\"dateModified\":\"2012-11-16T19:50:25+00:00\",\"author\":{\"@id\":\"https:\/\/www.visit-ulcinj.com\/blog\/#\/schema\/person\/dcab619c614d3038751c63bc2aadc06d\"},\"description\":\"Sa do q\u00eb qytetari normal t\u00eb mundohet t\u00eb ket\u00eb minimumin e mir\u00ebkuptimit p\u00ebr paaft\u00ebsin\u00eb, paditurin\u00eb dhe mos t\u00eb p\u00ebrmendi \u00e7ka m\u00eb p\u00ebr t\u00eb ashtuquajturit\",\"breadcrumb\":{\"@id\":\"https:\/\/www.visit-ulcinj.com\/blog\/2012\/11\/16\/zenka-uje-nuk-ka-e-uji-po-ju-mberrin-deri-tek-fyti\/#breadcrumb\"},\"inLanguage\":\"en-US\",\"potentialAction\":[{\"@type\":\"ReadAction\",\"target\":[\"https:\/\/www.visit-ulcinj.com\/blog\/2012\/11\/16\/zenka-uje-nuk-ka-e-uji-po-ju-mberrin-deri-tek-fyti\/\"]}]},{\"@type\":\"BreadcrumbList\",\"@id\":\"https:\/\/www.visit-ulcinj.com\/blog\/2012\/11\/16\/zenka-uje-nuk-ka-e-uji-po-ju-mberrin-deri-tek-fyti\/#breadcrumb\",\"itemListElement\":[{\"@type\":\"ListItem\",\"position\":1,\"name\":\"Zenka: Uj\u00eb nuk ka, e uji po ju mb\u00ebrrin deri tek fyti!\"}]},{\"@type\":\"Person\",\"@id\":\"https:\/\/www.visit-ulcinj.com\/blog\/#\/schema\/person\/dcab619c614d3038751c63bc2aadc06d\",\"name\":\"ulqini\",\"sameAs\":[\"http:\/\/www.visit-ulcinj.com\"],\"url\":\"https:\/\/www.visit-ulcinj.com\/blog\/author\/admin\/\"}]}<\/script>\n<!-- \/ Yoast SEO plugin. -->","yoast_head_json":{"title":"Zenka: Uj\u00eb nuk ka, e uji po ju mb\u00ebrrin deri tek fyti! - Lajme nga Ulqini","description":"Sa do q\u00eb qytetari normal t\u00eb mundohet t\u00eb ket\u00eb minimumin e mir\u00ebkuptimit p\u00ebr paaft\u00ebsin\u00eb, paditurin\u00eb dhe mos t\u00eb p\u00ebrmendi \u00e7ka m\u00eb p\u00ebr t\u00eb ashtuquajturit","robots":{"index":"index","follow":"follow","max-snippet":"max-snippet:-1","max-image-preview":"max-image-preview:large","max-video-preview":"max-video-preview:-1"},"canonical":"https:\/\/www.visit-ulcinj.com\/blog\/2012\/11\/16\/zenka-uje-nuk-ka-e-uji-po-ju-mberrin-deri-tek-fyti\/","og_locale":"en_US","og_type":"article","og_title":"Zenka: Uj\u00eb nuk ka, e uji po ju mb\u00ebrrin deri tek fyti! - Lajme nga Ulqini","og_description":"Sa do q\u00eb qytetari normal t\u00eb mundohet t\u00eb ket\u00eb minimumin e mir\u00ebkuptimit p\u00ebr paaft\u00ebsin\u00eb, paditurin\u00eb dhe mos t\u00eb p\u00ebrmendi \u00e7ka m\u00eb p\u00ebr t\u00eb ashtuquajturit","og_url":"https:\/\/www.visit-ulcinj.com\/blog\/2012\/11\/16\/zenka-uje-nuk-ka-e-uji-po-ju-mberrin-deri-tek-fyti\/","og_site_name":"Lajme nga Ulqini","article_published_time":"2012-11-16T19:48:29+00:00","article_modified_time":"2012-11-16T19:50:25+00:00","og_image":[{"url":"http:\/\/www.visit-ulcinj.com\/blog\/wp-content\/uploads\/2012\/11\/Mehmet-Zenka-_UDSH_Ulqin.jpg"}],"twitter_misc":{"Written by":"ulqini","Est. reading time":"2 minutes"},"schema":{"@context":"https:\/\/schema.org","@graph":[{"@type":"WebSite","@id":"https:\/\/www.visit-ulcinj.com\/blog\/#website","url":"https:\/\/www.visit-ulcinj.com\/blog\/","name":"Lajme nga Ulqini","description":"Lajme,Vijesti,Ulqini,Ulqin,Crna Gora,Mali i Zi","potentialAction":[{"@type":"SearchAction","target":{"@type":"EntryPoint","urlTemplate":"https:\/\/www.visit-ulcinj.com\/blog\/?s={search_term_string}"},"query-input":"required name=search_term_string"}],"inLanguage":"en-US"},{"@type":"ImageObject","inLanguage":"en-US","@id":"https:\/\/www.visit-ulcinj.com\/blog\/2012\/11\/16\/zenka-uje-nuk-ka-e-uji-po-ju-mberrin-deri-tek-fyti\/#primaryimage","url":"https:\/\/www.visit-ulcinj.com\/blog\/wp-content\/uploads\/2012\/11\/Mehmet-Zenka-_UDSH_Ulqin.jpg","contentUrl":"https:\/\/www.visit-ulcinj.com\/blog\/wp-content\/uploads\/2012\/11\/Mehmet-Zenka-_UDSH_Ulqin.jpg","width":"295","height":"278"},{"@type":"WebPage","@id":"https:\/\/www.visit-ulcinj.com\/blog\/2012\/11\/16\/zenka-uje-nuk-ka-e-uji-po-ju-mberrin-deri-tek-fyti\/#webpage","url":"https:\/\/www.visit-ulcinj.com\/blog\/2012\/11\/16\/zenka-uje-nuk-ka-e-uji-po-ju-mberrin-deri-tek-fyti\/","name":"Zenka: Uj\u00eb nuk ka, e uji po ju mb\u00ebrrin deri tek fyti! - Lajme nga Ulqini","isPartOf":{"@id":"https:\/\/www.visit-ulcinj.com\/blog\/#website"},"primaryImageOfPage":{"@id":"https:\/\/www.visit-ulcinj.com\/blog\/2012\/11\/16\/zenka-uje-nuk-ka-e-uji-po-ju-mberrin-deri-tek-fyti\/#primaryimage"},"datePublished":"2012-11-16T19:48:29+00:00","dateModified":"2012-11-16T19:50:25+00:00","author":{"@id":"https:\/\/www.visit-ulcinj.com\/blog\/#\/schema\/person\/dcab619c614d3038751c63bc2aadc06d"},"description":"Sa do q\u00eb qytetari normal t\u00eb mundohet t\u00eb ket\u00eb minimumin e mir\u00ebkuptimit p\u00ebr paaft\u00ebsin\u00eb, paditurin\u00eb dhe mos t\u00eb p\u00ebrmendi \u00e7ka m\u00eb p\u00ebr t\u00eb ashtuquajturit","breadcrumb":{"@id":"https:\/\/www.visit-ulcinj.com\/blog\/2012\/11\/16\/zenka-uje-nuk-ka-e-uji-po-ju-mberrin-deri-tek-fyti\/#breadcrumb"},"inLanguage":"en-US","potentialAction":[{"@type":"ReadAction","target":["https:\/\/www.visit-ulcinj.com\/blog\/2012\/11\/16\/zenka-uje-nuk-ka-e-uji-po-ju-mberrin-deri-tek-fyti\/"]}]},{"@type":"BreadcrumbList","@id":"https:\/\/www.visit-ulcinj.com\/blog\/2012\/11\/16\/zenka-uje-nuk-ka-e-uji-po-ju-mberrin-deri-tek-fyti\/#breadcrumb","itemListElement":[{"@type":"ListItem","position":1,"name":"Zenka: Uj\u00eb nuk ka, e uji po ju mb\u00ebrrin deri tek fyti!"}]},{"@type":"Person","@id":"https:\/\/www.visit-ulcinj.com\/blog\/#\/schema\/person\/dcab619c614d3038751c63bc2aadc06d","name":"ulqini","sameAs":["http:\/\/www.visit-ulcinj.com"],"url":"https:\/\/www.visit-ulcinj.com\/blog\/author\/admin\/"}]}},"jetpack_featured_media_url":"","jetpack_sharing_enabled":true,"jetpack_shortlink":"https:\/\/wp.me\/pe6lTn-h78","_links":{"self":[{"href":"https:\/\/www.visit-ulcinj.com\/blog\/wp-json\/wp\/v2\/posts\/65790"}],"collection":[{"href":"https:\/\/www.visit-ulcinj.com\/blog\/wp-json\/wp\/v2\/posts"}],"about":[{"href":"https:\/\/www.visit-ulcinj.com\/blog\/wp-json\/wp\/v2\/types\/post"}],"author":[{"embeddable":true,"href":"https:\/\/www.visit-ulcinj.com\/blog\/wp-json\/wp\/v2\/users\/1"}],"replies":[{"embeddable":true,"href":"https:\/\/www.visit-ulcinj.com\/blog\/wp-json\/wp\/v2\/comments?post=65790"}],"version-history":[{"count":2,"href":"https:\/\/www.visit-ulcinj.com\/blog\/wp-json\/wp\/v2\/posts\/65790\/revisions"}],"predecessor-version":[{"id":65794,"href":"https:\/\/www.visit-ulcinj.com\/blog\/wp-json\/wp\/v2\/posts\/65790\/revisions\/65794"}],"wp:attachment":[{"href":"https:\/\/www.visit-ulcinj.com\/blog\/wp-json\/wp\/v2\/media?parent=65790"}],"wp:term":[{"taxonomy":"category","embeddable":true,"href":"https:\/\/www.visit-ulcinj.com\/blog\/wp-json\/wp\/v2\/categories?post=65790"},{"taxonomy":"post_tag","embeddable":true,"href":"https:\/\/www.visit-ulcinj.com\/blog\/wp-json\/wp\/v2\/tags?post=65790"}],"curies":[{"name":"wp","href":"https:\/\/api.w.org\/{rel}","templated":true}]}}