{"id":65813,"date":"2012-11-17T19:23:40","date_gmt":"2012-11-17T18:23:40","guid":{"rendered":"http:\/\/www.visit-ulcinj.com\/blog\/?p=65813"},"modified":"2012-11-17T19:23:40","modified_gmt":"2012-11-17T18:23:40","slug":"ulcinj-dobio-vodunakon-cetiri-dana-video","status":"publish","type":"post","link":"https:\/\/www.visit-ulcinj.com\/blog\/2012\/11\/17\/ulcinj-dobio-vodunakon-cetiri-dana-video\/","title":{"rendered":"Ulcinj dobio vodu,nakon \u010detiri dana &#8211; Video"},"content":{"rendered":"<div id=\"attachment_65814\" style=\"width: 518px\" class=\"wp-caption alignleft\"><a href=\"http:\/\/www.visit-ulcinj.com\/blog\/wp-content\/uploads\/2012\/11\/Kroni-Ballos-Ulqin-Ulcinj.jpg\"><img aria-describedby=\"caption-attachment-65814\" loading=\"lazy\" class=\" wp-image-65814 \" title=\"Regioni Jug\" src=\"http:\/\/www.visit-ulcinj.com\/blog\/wp-content\/uploads\/2012\/11\/Kroni-Ballos-Ulqin-Ulcinj.jpg\" alt=\"\" width=\"508\" height=\"360\" \/><\/a><p id=\"caption-attachment-65814\" class=\"wp-caption-text\">Foto: Samir Adrovic<\/p><\/div>\n<p>&#8220;Jad i bijeda, ali ljudi su navikli na sve. Ma neka nam voda i vi\u0161e ne do\u0111e, samo neka nas obavijeste s kim smo ratovali ova \u010detiri dana&#8221;<\/p>\n<p>Nakon \u010detiri dana prave golgote, Ulcinjani su ve\u010deras dobili vodu &#8211; predstavnici Elektroprivrede, lokalnog \u201cVodovoda\u201d i Op\u0161tine postigli su sporazum o naplati duga u minusu od 210.000 eura, zbog \u010dega je ve\u0107ina izvori\u0161ta bila isklju\u010dena sa elektromre\u017ee a skoro dvije tre\u0107ine op\u0161tine bez osnovnih uslova za \u017eivot.<\/p>\n<p>U Elektroprivredi \u201cVijestima\u201d je danas saop\u0161teno da su \u201czbog gra\u0111ana popustili u pregovorima\u201d i umjesto 63.000 eura, \u0161to je bio preduslov za zaklju\u010denje novog protokola, od Vodovoda tra\u017eili pola tog iznosa.<\/p>\n<p>\u201cUplatili su nam 25.000 eura i do srijede obe\u0107ali jo\u0161 5.000. Tada \u0107emo sjesti i dogovoriti se o novom protokolu o dinamici isplate preostalog duga, a da bismo pokazali korektnost ponudi\u0107emo im takozvano beskamatno kreditiranje na 30 mjeseci\u201d, re\u010deno je \u201cVijestima\u201d u Elektroprivredi.<\/p>\n<p><a href=\"http:\/\/www.vijesti.me\/vijesti\/nakon-cetiri-dana-ulcinj-dobio-vodu-clanak-100793\" target=\"_blank\"><strong>Za vi\u0161e pro\u010ditaj Vijesti online &#8211; Samir Adrovi\u0107<\/strong><\/a><\/p>\n<p><iframe loading=\"lazy\" width=\"508\" height=\"360\" src=\"http:\/\/www.youtube.com\/embed\/spJs6aPwRfo?list=UUGGDfpTbmFVcvtd4iwHk_WQ&amp;hl=fr_FR\" frameborder=\"0\" allowfullscreen><\/iframe><\/p>\n","protected":false},"excerpt":{"rendered":"<p>&#8220;Jad i bijeda, ali ljudi su navikli na sve. Ma neka nam voda i vi\u0161e ne do\u0111e, samo neka nas obavijeste s kim smo ratovali ova \u010detiri dana&#8221; Nakon \u010detiri dana prave golgote, Ulcinjani su ve\u010deras dobili vodu &#8211; predstavnici Elektroprivrede, lokalnog \u201cVodovoda\u201d i Op\u0161tine postigli su sporazum o naplati duga u minusu od 210.000 [&hellip;]<\/p>\n","protected":false},"author":1,"featured_media":0,"comment_status":"open","ping_status":"closed","sticky":false,"template":"","format":"standard","meta":{"spay_email":"","jetpack_publicize_message":"","jetpack_is_tweetstorm":false,"jetpack_publicize_feature_enabled":true},"categories":[8337],"tags":[186,118,264,21472],"jetpack_publicize_connections":[],"yoast_head":"<!-- This site is optimized with the Yoast SEO plugin v19.1 - https:\/\/yoast.com\/wordpress\/plugins\/seo\/ -->\n<title>Ulcinj dobio vodu,nakon \u010detiri dana - Video - Lajme nga Ulqini<\/title>\n<meta name=\"description\" content=\"&quot;Jad i bijeda, ali ljudi su navikli na sve. Ma neka nam voda i vi\u0161e ne do\u0111e, samo neka nas obavijeste s kim smo ratovali ova \u010detiri dana&quot; Nakon \u010detiri\" \/>\n<meta name=\"robots\" content=\"index, follow, max-snippet:-1, max-image-preview:large, max-video-preview:-1\" \/>\n<link rel=\"canonical\" href=\"https:\/\/www.visit-ulcinj.com\/blog\/2012\/11\/17\/ulcinj-dobio-vodunakon-cetiri-dana-video\/\" \/>\n<meta property=\"og:locale\" content=\"en_US\" \/>\n<meta property=\"og:type\" content=\"article\" \/>\n<meta property=\"og:title\" content=\"Ulcinj dobio vodu,nakon \u010detiri dana - Video - Lajme nga Ulqini\" \/>\n<meta property=\"og:description\" content=\"&quot;Jad i bijeda, ali ljudi su navikli na sve. Ma neka nam voda i vi\u0161e ne do\u0111e, samo neka nas obavijeste s kim smo ratovali ova \u010detiri dana&quot; Nakon \u010detiri\" \/>\n<meta property=\"og:url\" content=\"https:\/\/www.visit-ulcinj.com\/blog\/2012\/11\/17\/ulcinj-dobio-vodunakon-cetiri-dana-video\/\" \/>\n<meta property=\"og:site_name\" content=\"Lajme nga Ulqini\" \/>\n<meta property=\"article:published_time\" content=\"2012-11-17T18:23:40+00:00\" \/>\n<meta property=\"og:image\" content=\"http:\/\/www.visit-ulcinj.com\/blog\/wp-content\/uploads\/2012\/11\/Kroni-Ballos-Ulqin-Ulcinj.jpg\" \/>\n<meta name=\"twitter:label1\" content=\"Written by\" \/>\n\t<meta name=\"twitter:data1\" content=\"ulqini\" \/>\n\t<meta name=\"twitter:label2\" content=\"Est. reading time\" \/>\n\t<meta name=\"twitter:data2\" content=\"1 minute\" \/>\n<script type=\"application\/ld+json\" class=\"yoast-schema-graph\">{\"@context\":\"https:\/\/schema.org\",\"@graph\":[{\"@type\":\"WebSite\",\"@id\":\"https:\/\/www.visit-ulcinj.com\/blog\/#website\",\"url\":\"https:\/\/www.visit-ulcinj.com\/blog\/\",\"name\":\"Lajme nga Ulqini\",\"description\":\"Lajme,Vijesti,Ulqini,Ulqin,Crna Gora,Mali i Zi\",\"potentialAction\":[{\"@type\":\"SearchAction\",\"target\":{\"@type\":\"EntryPoint\",\"urlTemplate\":\"https:\/\/www.visit-ulcinj.com\/blog\/?s={search_term_string}\"},\"query-input\":\"required name=search_term_string\"}],\"inLanguage\":\"en-US\"},{\"@type\":\"ImageObject\",\"inLanguage\":\"en-US\",\"@id\":\"https:\/\/www.visit-ulcinj.com\/blog\/2012\/11\/17\/ulcinj-dobio-vodunakon-cetiri-dana-video\/#primaryimage\",\"url\":\"https:\/\/www.visit-ulcinj.com\/blog\/wp-content\/uploads\/2012\/11\/Kroni-Ballos-Ulqin-Ulcinj.jpg\",\"contentUrl\":\"https:\/\/www.visit-ulcinj.com\/blog\/wp-content\/uploads\/2012\/11\/Kroni-Ballos-Ulqin-Ulcinj.jpg\",\"width\":\"800\",\"height\":\"600\",\"caption\":\"Foto: Samir Adrovic\"},{\"@type\":\"WebPage\",\"@id\":\"https:\/\/www.visit-ulcinj.com\/blog\/2012\/11\/17\/ulcinj-dobio-vodunakon-cetiri-dana-video\/#webpage\",\"url\":\"https:\/\/www.visit-ulcinj.com\/blog\/2012\/11\/17\/ulcinj-dobio-vodunakon-cetiri-dana-video\/\",\"name\":\"Ulcinj dobio vodu,nakon \u010detiri dana - Video - Lajme nga Ulqini\",\"isPartOf\":{\"@id\":\"https:\/\/www.visit-ulcinj.com\/blog\/#website\"},\"primaryImageOfPage\":{\"@id\":\"https:\/\/www.visit-ulcinj.com\/blog\/2012\/11\/17\/ulcinj-dobio-vodunakon-cetiri-dana-video\/#primaryimage\"},\"datePublished\":\"2012-11-17T18:23:40+00:00\",\"dateModified\":\"2012-11-17T18:23:40+00:00\",\"author\":{\"@id\":\"https:\/\/www.visit-ulcinj.com\/blog\/#\/schema\/person\/dcab619c614d3038751c63bc2aadc06d\"},\"description\":\"\\\"Jad i bijeda, ali ljudi su navikli na sve. Ma neka nam voda i vi\u0161e ne do\u0111e, samo neka nas obavijeste s kim smo ratovali ova \u010detiri dana\\\" Nakon \u010detiri\",\"breadcrumb\":{\"@id\":\"https:\/\/www.visit-ulcinj.com\/blog\/2012\/11\/17\/ulcinj-dobio-vodunakon-cetiri-dana-video\/#breadcrumb\"},\"inLanguage\":\"en-US\",\"potentialAction\":[{\"@type\":\"ReadAction\",\"target\":[\"https:\/\/www.visit-ulcinj.com\/blog\/2012\/11\/17\/ulcinj-dobio-vodunakon-cetiri-dana-video\/\"]}]},{\"@type\":\"BreadcrumbList\",\"@id\":\"https:\/\/www.visit-ulcinj.com\/blog\/2012\/11\/17\/ulcinj-dobio-vodunakon-cetiri-dana-video\/#breadcrumb\",\"itemListElement\":[{\"@type\":\"ListItem\",\"position\":1,\"name\":\"Ulcinj dobio vodu,nakon \u010detiri dana &#8211; Video\"}]},{\"@type\":\"Person\",\"@id\":\"https:\/\/www.visit-ulcinj.com\/blog\/#\/schema\/person\/dcab619c614d3038751c63bc2aadc06d\",\"name\":\"ulqini\",\"sameAs\":[\"http:\/\/www.visit-ulcinj.com\"],\"url\":\"https:\/\/www.visit-ulcinj.com\/blog\/author\/admin\/\"}]}<\/script>\n<!-- \/ Yoast SEO plugin. -->","yoast_head_json":{"title":"Ulcinj dobio vodu,nakon \u010detiri dana - Video - Lajme nga Ulqini","description":"\"Jad i bijeda, ali ljudi su navikli na sve. Ma neka nam voda i vi\u0161e ne do\u0111e, samo neka nas obavijeste s kim smo ratovali ova \u010detiri dana\" Nakon \u010detiri","robots":{"index":"index","follow":"follow","max-snippet":"max-snippet:-1","max-image-preview":"max-image-preview:large","max-video-preview":"max-video-preview:-1"},"canonical":"https:\/\/www.visit-ulcinj.com\/blog\/2012\/11\/17\/ulcinj-dobio-vodunakon-cetiri-dana-video\/","og_locale":"en_US","og_type":"article","og_title":"Ulcinj dobio vodu,nakon \u010detiri dana - Video - Lajme nga Ulqini","og_description":"\"Jad i bijeda, ali ljudi su navikli na sve. Ma neka nam voda i vi\u0161e ne do\u0111e, samo neka nas obavijeste s kim smo ratovali ova \u010detiri dana\" Nakon \u010detiri","og_url":"https:\/\/www.visit-ulcinj.com\/blog\/2012\/11\/17\/ulcinj-dobio-vodunakon-cetiri-dana-video\/","og_site_name":"Lajme nga Ulqini","article_published_time":"2012-11-17T18:23:40+00:00","og_image":[{"url":"http:\/\/www.visit-ulcinj.com\/blog\/wp-content\/uploads\/2012\/11\/Kroni-Ballos-Ulqin-Ulcinj.jpg"}],"twitter_misc":{"Written by":"ulqini","Est. reading time":"1 minute"},"schema":{"@context":"https:\/\/schema.org","@graph":[{"@type":"WebSite","@id":"https:\/\/www.visit-ulcinj.com\/blog\/#website","url":"https:\/\/www.visit-ulcinj.com\/blog\/","name":"Lajme nga Ulqini","description":"Lajme,Vijesti,Ulqini,Ulqin,Crna Gora,Mali i Zi","potentialAction":[{"@type":"SearchAction","target":{"@type":"EntryPoint","urlTemplate":"https:\/\/www.visit-ulcinj.com\/blog\/?s={search_term_string}"},"query-input":"required name=search_term_string"}],"inLanguage":"en-US"},{"@type":"ImageObject","inLanguage":"en-US","@id":"https:\/\/www.visit-ulcinj.com\/blog\/2012\/11\/17\/ulcinj-dobio-vodunakon-cetiri-dana-video\/#primaryimage","url":"https:\/\/www.visit-ulcinj.com\/blog\/wp-content\/uploads\/2012\/11\/Kroni-Ballos-Ulqin-Ulcinj.jpg","contentUrl":"https:\/\/www.visit-ulcinj.com\/blog\/wp-content\/uploads\/2012\/11\/Kroni-Ballos-Ulqin-Ulcinj.jpg","width":"800","height":"600","caption":"Foto: Samir Adrovic"},{"@type":"WebPage","@id":"https:\/\/www.visit-ulcinj.com\/blog\/2012\/11\/17\/ulcinj-dobio-vodunakon-cetiri-dana-video\/#webpage","url":"https:\/\/www.visit-ulcinj.com\/blog\/2012\/11\/17\/ulcinj-dobio-vodunakon-cetiri-dana-video\/","name":"Ulcinj dobio vodu,nakon \u010detiri dana - Video - Lajme nga Ulqini","isPartOf":{"@id":"https:\/\/www.visit-ulcinj.com\/blog\/#website"},"primaryImageOfPage":{"@id":"https:\/\/www.visit-ulcinj.com\/blog\/2012\/11\/17\/ulcinj-dobio-vodunakon-cetiri-dana-video\/#primaryimage"},"datePublished":"2012-11-17T18:23:40+00:00","dateModified":"2012-11-17T18:23:40+00:00","author":{"@id":"https:\/\/www.visit-ulcinj.com\/blog\/#\/schema\/person\/dcab619c614d3038751c63bc2aadc06d"},"description":"\"Jad i bijeda, ali ljudi su navikli na sve. Ma neka nam voda i vi\u0161e ne do\u0111e, samo neka nas obavijeste s kim smo ratovali ova \u010detiri dana\" Nakon \u010detiri","breadcrumb":{"@id":"https:\/\/www.visit-ulcinj.com\/blog\/2012\/11\/17\/ulcinj-dobio-vodunakon-cetiri-dana-video\/#breadcrumb"},"inLanguage":"en-US","potentialAction":[{"@type":"ReadAction","target":["https:\/\/www.visit-ulcinj.com\/blog\/2012\/11\/17\/ulcinj-dobio-vodunakon-cetiri-dana-video\/"]}]},{"@type":"BreadcrumbList","@id":"https:\/\/www.visit-ulcinj.com\/blog\/2012\/11\/17\/ulcinj-dobio-vodunakon-cetiri-dana-video\/#breadcrumb","itemListElement":[{"@type":"ListItem","position":1,"name":"Ulcinj dobio vodu,nakon \u010detiri dana &#8211; Video"}]},{"@type":"Person","@id":"https:\/\/www.visit-ulcinj.com\/blog\/#\/schema\/person\/dcab619c614d3038751c63bc2aadc06d","name":"ulqini","sameAs":["http:\/\/www.visit-ulcinj.com"],"url":"https:\/\/www.visit-ulcinj.com\/blog\/author\/admin\/"}]}},"jetpack_featured_media_url":"","jetpack_sharing_enabled":true,"jetpack_shortlink":"https:\/\/wp.me\/pe6lTn-h7v","_links":{"self":[{"href":"https:\/\/www.visit-ulcinj.com\/blog\/wp-json\/wp\/v2\/posts\/65813"}],"collection":[{"href":"https:\/\/www.visit-ulcinj.com\/blog\/wp-json\/wp\/v2\/posts"}],"about":[{"href":"https:\/\/www.visit-ulcinj.com\/blog\/wp-json\/wp\/v2\/types\/post"}],"author":[{"embeddable":true,"href":"https:\/\/www.visit-ulcinj.com\/blog\/wp-json\/wp\/v2\/users\/1"}],"replies":[{"embeddable":true,"href":"https:\/\/www.visit-ulcinj.com\/blog\/wp-json\/wp\/v2\/comments?post=65813"}],"version-history":[{"count":1,"href":"https:\/\/www.visit-ulcinj.com\/blog\/wp-json\/wp\/v2\/posts\/65813\/revisions"}],"predecessor-version":[{"id":65815,"href":"https:\/\/www.visit-ulcinj.com\/blog\/wp-json\/wp\/v2\/posts\/65813\/revisions\/65815"}],"wp:attachment":[{"href":"https:\/\/www.visit-ulcinj.com\/blog\/wp-json\/wp\/v2\/media?parent=65813"}],"wp:term":[{"taxonomy":"category","embeddable":true,"href":"https:\/\/www.visit-ulcinj.com\/blog\/wp-json\/wp\/v2\/categories?post=65813"},{"taxonomy":"post_tag","embeddable":true,"href":"https:\/\/www.visit-ulcinj.com\/blog\/wp-json\/wp\/v2\/tags?post=65813"}],"curies":[{"name":"wp","href":"https:\/\/api.w.org\/{rel}","templated":true}]}}