{"id":65820,"date":"2012-11-17T20:02:15","date_gmt":"2012-11-17T19:02:15","guid":{"rendered":"http:\/\/www.visit-ulcinj.com\/blog\/?p=65820"},"modified":"2012-11-17T20:02:15","modified_gmt":"2012-11-17T19:02:15","slug":"perurimi-i-librit-e-verteta-ime-te-autor-rexhep-lleshit","status":"publish","type":"post","link":"https:\/\/www.visit-ulcinj.com\/blog\/2012\/11\/17\/perurimi-i-librit-e-verteta-ime-te-autor-rexhep-lleshit\/","title":{"rendered":"Perurimi i librit &#8220;E verteta ime&#8221; t\u00eb autor Rexhep Lleshit"},"content":{"rendered":"<p><strong><a href=\"http:\/\/www.visit-ulcinj.com\/blog\/wp-content\/uploads\/2012\/11\/libri-E-verteta-ime-e-autorit-Rexhep-Lleshi.jpg\"><img loading=\"lazy\" class=\"alignleft  wp-image-65821\" title=\"libri -E verteta ime e autorit Rexhep Lleshi\" src=\"http:\/\/www.visit-ulcinj.com\/blog\/wp-content\/uploads\/2012\/11\/libri-E-verteta-ime-e-autorit-Rexhep-Lleshi.jpg\" alt=\"\" width=\"508\" height=\"360\" \/><\/a>Shkruan: EDMONDA SELIMI<\/strong><\/p>\n<p>T\u00eb shtunen n\u00eb mbr\u00ebmje n\u00eb Restaorantin \u201cMontana 2000\u201d n\u00eb Pinjesh-Ulqin, u b\u00eb p\u00ebrurimi i librit \u201cE VERTETA IME\u201d e autorit Rexhep Lleshi. P\u00ebrurimin, me ardhjen e tyre, e nderuan\u00a0 mbi 200 musafir t\u00eb ardhur nga Shqipria, Kosova, Malsia, Tivari, Ulqini e Ana e Malit.<br \/>\nProgramin e udh\u00ebhoqi moderatorja Edmonda Selimi nga Brajsha-Ulqini, studente ne Universitetin e Tiranes.<\/p>\n<p>Meqenese promovimi i librit u b\u00eb n\u00eb prag te 100 vjetorit t\u00eb pavarsis\u00eb s\u00eb Shqipris\u00eb, p\u00ebr nderim t\u00eb k\u00ebsaj dite,\u00a0 t\u00eb pranishmeve u prezantua Flutura Mustafa, me prozen patriotike \u201cRrefim i nje biri\u201d.<br \/>\nAutori d\u00ebshmon se fragmentin e par\u00eb t\u00eb tij e shkroi disi thjesht\u00eb, kur ishte 10 vje\u00e7. E shkroi at\u00eb n\u00eb nj\u00eb flet\u00eb t\u00eb bardh\u00eb, me laps grafiti, sepse ngjyr\u00eb nuk kishte e kimiku nuk u njihte. Gjat\u00eb koh\u00ebs grafiti u zbe, u shu e fleta u zbardh. Por, ngjarja nuk u fshi nga kujtesa e tij. E shkroi ate edhe n\u00eb k\u00ebt\u00eb lib\u00ebr. Fragmentin nga libri, tregimin \u201cEdhe atyne kaj kashat\u201d e interpretoi Elidjon Muharrem, studente nga Tirana.<br \/>\nPaneli i pun\u00ebs ishte i larmish\u00ebm. Ate e p\u00ebrb\u00ebnin njerz t\u00eb arsimit t\u00eb kultures e shkenc\u00ebs, t\u00eb ardhur nga Shqip\u00ebria, Kosova, Malsia e Uqini.<br \/>\nSipas programit fol\u00ebsi i par\u00eb p\u00ebr librin e \u201cV\u00cbRTETA ime\u201d ishte Prof. Dr. Lavdosh Ahmetaj nga Tirana. Ai e recensoi librin dhe e vler\u00ebsoi:<br \/>\n&#8211; Si nj\u00eb zhan\u00ebr i ve\u00e7ant e me vler\u00eb n\u00eb literaturen shqipe, t\u00eb specifikuar n\u00eb rrafshin social &#8211; etnografik dhe pedagogjik.<br \/>\nP\u00ebr arsye objektive ai nuk pati mund\u00ebsi t\u00eb vij n\u00eb k\u00ebt mbr\u00ebmje. P\u00ebr munges\u00ebn k\u00ebrkon falje, p\u00ebrshendet autorin dhe mysafir\u00ebt e tij dhe uron pun\u00eb t\u00eb mbar\u00eb. Tekstin e tij e lexoi Elidjon Muharrem studente nga Tirana.<br \/>\nP\u00ebr librin, foli redaktori i tij, i mir\u00ebnjohuri, Prof. Dr. Elez Osmani.<br \/>\n\u00cbsht\u00eb bashk\u00ebvendas. Nuk e msheh k\u00ebnaq\u00ebsin\u00eb, p\u00ebr faktin, q\u00eb ishte nx\u00ebn\u00ebsi i autorit, t\u00eb cilin me koh\u00eb e njohi nga af\u00ebr. \u00cbsht\u00eb doktor i shkencave ekonomike. Autor i shum\u00eb teksteve profesionale e punimeve k\u00ebrkimore shkencore. Kryeredaktor i Revist\u00ebs shkencore juridike dhe ekonomike \u201dLuigj Gurakuqi\u201d Shkod\u00ebr dhe Revist\u00ebs shkencore \u201dEkonomiku\u201d, n\u00eb Ulqin. Ligj\u00ebroi n\u00eb shum\u00eb fakultete n\u00eb rajon, tash ligj\u00ebron n\u00eb Universitetin \u201dKristal\u201d n\u00eb Tirane, n\u00eb Kolegjin Universitar \u201dIliria\u201d n\u00eb Gjilan dhe Universitetin \u201dLuigj Gurakuqi\u201d n\u00eb Shkod\u00ebr. \u00cbsht\u00eb Dekan i Universitetit t\u00eb veriut \u201dArgenti\u201d n\u00eb Shkod\u00ebr. P\u00ebr librin E V\u00cbRTETA ime, ai theksoi se:<br \/>\n&#8211; \u00cbsht\u00eb plot\u00eb p\u00ebrmbajtje e informacione themelore mbi autorin, vendin dhe koh\u00ebn q\u00eb ai jetoi.<br \/>\nFolesi i rradhes, Frano Kulli vjen nga vendi i Beslidhjes Komb\u00ebtare. Ai ka kryer studimet e larta t\u00eb arteve dhe t\u00eb gazetaris\u00eb. Kryesisht punoi n\u00eb profesion si gazetar, redaktor dhe drejtues i sht\u00ebpiave gazetareske dhe televizionit n\u00eb Lezh\u00eb e Tiran\u00eb. Ish an\u00ebtar i K\u00ebshillave Drejtues lokal dhe t\u00eb Radio Televizionit Shqiptar. Themeloi Entin Botues Poligrafik \u201dGjergj Fishta\u201d n\u00eb Lezh\u00eb dhe \u00ebsht\u00eb president i tij. N\u00eb shtypshkronj\u00ebn e tij, fjal\u00ebt e autorit i qiti n\u00eb let\u00ebr dhe librit i dha form\u00ebn e d\u00ebshiruar.<br \/>\nP\u00ebr ti kontribuar k\u00ebsaj mbr\u00ebmjeje\u00a0 nga Prishtina vjen Prof.Dr. Sabri Kadriu. Njeriu i fjal\u00ebs, i shkenc\u00ebs dhe i vizioneve. Ai publikoi mbi 60 punime shkencore profesionale. Autor i shum\u00eb teksteve universitare dhe p\u00ebrkthyes i tyre nga Kroatishtja. Hartues i projekteve madhore t\u00eb vlefshme p\u00ebr vendin dhe rajonin. \u00cbsht\u00eb pedagog i shum\u00eb gjeneratave student\u00ebsh t\u00eb universiteteve n\u00eb Prishtin\u00eb dhe Tiran\u00eb. Nep\u00ebr duar tija kaluan shum\u00eb libra t\u00eb autor\u00ebve t\u00eb ndryshem, q\u00eb ai i redaktoi dhe recensoi. Ai recensoi edhe librin E V\u00cbRTETA ime, p\u00ebr t\u00eb cilin konstatoi:<br \/>\n&#8211; N\u00eb te q\u00ebndron efekti ky\u00e7 i librit, q\u00eb \u00ebsht\u00eb nxit\u00ebs p\u00ebr lexuesin e etur q\u00eb don t\u00eb njohi aktualitet e koh\u00ebs.<\/p>\n<p>Pasuan disa \u00e7aste arg\u00ebtuese t\u00eb cilat i solli Andi Kollari i cili interpretoi pjes\u00ebn ETIDA, t\u00eb kompozitorit Francisko Tarega.<br \/>\nPedagogu i shquar nga Tuzi. profesor Gjergj Camaj\u00a0 ishte fol\u00ebsi i radh\u00ebs, i cili\u00a0 vjen nga Mal\u00ebsia. Ai nuk pati kontakt me librin n\u00eb asnj\u00eb faz\u00eb t\u00eb punimit t\u00eb tij. V\u00ebmendjen ia kushtoi autorit dhe pun\u00ebs s\u00eb tij, q\u00eb pati rast ta njohi nga af\u00ebr. Studjoi shkencat natyrore Fizik\u00eb e Kimi. \u00cbsht\u00eb profesor i pedagogjis\u00eb. Punoi drejtor dhe pedagog\u00a0 i shkoll\u00ebs n\u00eb Mal\u00ebsi e Tuz. N\u00eb cil\u00ebsin\u00eb e K\u00ebshilltarit pedagogjik t\u00eb ish Entit Arsimor Republikan, p\u00ebr shkenc\u00ebn e Kimis\u00eb, me m\u00ebsim n\u00eb gjuh\u00ebn shqipe n\u00eb Mal t\u00eb Zi. Autorin e njohi n\u00eb procesin e pun\u00ebs arsimore, para 36 viteve. P\u00ebr pun\u00ebn e autorit at\u00ebher\u00eb, ai shkroi raport, p\u00ebr tu b\u00ebr\u00eb ashtu edhe vet\u00eb pjes\u00eb e k\u00ebtij libri. P\u00ebr t\u00eb pranishmit shprehet:<br \/>\n-Para 36 viteve, ne cilsin\u00eb e inspektorit, n\u00eb shkoll\u00eb n\u00eb Katerkoll\u00eb, mbikqyra oren m\u00ebsimore t\u00eb mbajtur nga arsimtari Rexhep Lleshi. N\u00eb p\u00ebrfundim t\u00eb saj, arsimtari mu drejtua:<br \/>\n&#8211; M\u00eb trego p\u00ebr l\u00ebshimet e t\u00eb metat, me k\u00ebnaq\u00ebsi do t\u00eb merrm me eliminimin e tyre.<br \/>\n-E un\u00eb \u00e7far ti thoja p\u00ebrve\u00e7 se kjo \u00ebsht\u00eb nj\u00eb or\u00eb e shk\u00eblqyshme dhe nese ekziston ora ideale \u00ebsht\u00eb ajo e mbajtur nga ju shoku Rexhep. At\u00ebher ishim shok\u00eb e tani u b\u00ebm\u00eb zotni.<br \/>\nPas fjal\u00ebve t\u00eb bukura t\u00eb oratorit nga Tuzi, t\u00eb pranish\u00ebmve u drejtua autori i librit Rexhep Lleshi.<br \/>\n-T\u00eb dashur miq! Libri im porsa i botuar, p\u00ebr t\u00eb cilin sonte k\u00ebtu u fol\u00eb e p\u00ebruruar, \u00ebsht\u00eb dokumentar, i shkruar si nj\u00eb ditar. Ai \u00ebsht\u00eb jeta, puna dhe veprimtaria, vendi dhe koha ime.<br \/>\nCil\u00ebsohet me p\u00ebrmbajtje t\u00eb dendur, t\u00eb ilustruar me fakte e d\u00ebshmi. Mban\u00eb titullin simbolik e dom\u00ebth\u00ebn\u00ebs, E V\u00cbRTETA, fjal\u00eb kjo, n\u00eb t\u00eb cil\u00ebn un\u00eb u thirra, si \u00e7do njeri q\u00eb n\u00eb mendje ka e kurdoher\u00eb d\u00ebgjon k\u00ebshilltarin e brendsh\u00ebm, nd\u00ebrgjegj\u00ebn e vet\u00eb. T\u00eb v\u00ebrtet\u00ebn e njoha kaher\u00eb. Me te u udh\u00ebheqa kudo e gjithmon\u00eb. Edhe pse ajo sillte telashe, sinqerisht supozoja, se m\u00eb t\u00eb r\u00ebnda do jen\u00eb ato q\u00eb sjell e kund\u00ebrta e saj, jo e v\u00ebrteta.<br \/>\nLibrin nuk duhet kuptuar si krejt personal, sepse n\u00eb te, nj\u00ebheri paraqitet dhe jeta e puna e t\u00eb af\u00ebrmve e moshatarve, shok\u00ebve e koleg\u00ebve, bashk\u00ebvendasve e bashk\u00ebpun\u00ebtor\u00ebve t\u00eb mi, n\u00eb nj\u00eb periudh\u00eb t\u00eb caktuar. Aty pasqyrohen p\u00ebrpjekjet p\u00ebr ndryshime dhe t\u00eb arriturat n\u00eb zhvillim e p\u00ebrparim t\u00eb p\u00ebrbashk\u00ebt n\u00eb midisin shoq\u00ebror.<br \/>\nLibri p\u00ebrmban sukseset dhe g\u00ebzimet, mundimet dhe d\u00ebshprimet, besimet dhe zhg\u00ebnjimet.<br \/>\nAte duhet kuptuar si got\u00ebn, t\u00eb mbushur me p\u00ebrzierje \u00ebmb\u00ebl &#8211; idh\u00ebt, si n\u00eb poem\u00ebn e shkurt\u00ebr, \u201cTri<br \/>\nGota\u201d, t\u00eb poetit Kosovar, Latif Berisha. Andaj, lexues i nderuar i k\u00ebtij libri, n\u00eb pushime t\u00eb shkurtra, n\u00eb shenj\u00eb mir\u00eb ose keqardhje p\u00ebr autorin, n\u00eb vete t\u00eb thoj\u00eb: \u201dsi e paska pas\u00eb jet\u00ebn\u201d! e jo:\u201dpse ka shkruar k\u00ebshtu\u201d? Un\u00eb nuk munda ti anashkaloja, ti heshti e mos ti p\u00ebrmendi ngjarjet e m\u00ebdha t\u00eb jet\u00ebs, si u shkaktuan e \u00e7far\u00eb gjurme lan\u00eb. Ashtu b\u00ebra vet\u00ebm konstatime, pa vler\u00ebsime, sepse p\u00ebr to, do duhej shkruar edhe nj\u00eb lib\u00ebr tjet\u00ebr.<br \/>\nLibri bazohet n\u00eb t\u00eb dh\u00ebna t\u00eb mir\u00ebfillta, t\u00eb shkruara e v\u00ebrtetuara, d\u00ebshmi gojore t\u00eb besuara, t\u00eb cilat vet\u00eb i mblodha, si dhe n\u00eb ditarin tim dhe kujtes\u00ebn personale. N\u00eb mbledhjen e t\u00eb dh\u00ebnave t\u00eb munguara m\u00eb ndihmuan njer\u00ebzit e mir\u00eb, t\u00eb cil\u00ebt i fal\u00ebnderoj. Fal\u00ebnderimi dhe mir\u00ebnjohja e ve\u00e7ant ju shkon atyre q\u00eb pa rezerv\u00eb kontribuan p\u00ebrfundimin me sukses t\u00eb k\u00ebsaj pune, botimin e librit dhe fjal\u00ebt e bukura t\u00eb folura p\u00ebr te. Ato, q\u00eb me k\u00ebnaq\u00ebsi i kujtoj jan\u00eb:<br \/>\nRedaktori, Prof. Dr. Elez Osmani.<br \/>\nRecensentet: Prof. Dr. L. Ahmetaj e Prof. Dr. S. Kadriu.<br \/>\nLektori dhe Redaktori teknik, Qazim Muja.<br \/>\nP\u00ebrpunuesi kompjuterik, Ilir Lleshi dhe<br \/>\nShtypi, Frano Kulli.<br \/>\nFal\u00ebnderimi i madh juve miq dhe mysafir t\u00eb dashur, q\u00eb duke qen\u00eb k\u00ebtu me ne, na nderuat dhe shtuat k\u00ebnaq\u00ebsin\u00eb e k\u00ebsaj mbr\u00ebmje.<br \/>\nP\u00ebr botimin e k\u00ebtij libri nuk pati donator\u00eb.<br \/>\nMaterialisht nuk u ndihmua nga askush!<br \/>\nN\u00eb fund t\u00eb k\u00ebti p\u00ebrurimi, p\u00ebr t\u00eb pranishmit, u shtru nj\u00eb koktej.<\/p>\n<p>Edmonda Selimi<\/p>\n","protected":false},"excerpt":{"rendered":"<p>Shkruan: EDMONDA SELIMI T\u00eb shtunen n\u00eb mbr\u00ebmje n\u00eb Restaorantin \u201cMontana 2000\u201d n\u00eb Pinjesh-Ulqin, u b\u00eb p\u00ebrurimi i librit \u201cE VERTETA IME\u201d e autorit Rexhep Lleshi. P\u00ebrurimin, me ardhjen e tyre, e nderuan\u00a0 mbi 200 musafir t\u00eb ardhur nga Shqipria, Kosova, Malsia, Tivari, Ulqini e Ana e Malit. Programin e udh\u00ebhoqi moderatorja Edmonda Selimi nga Brajsha-Ulqini, [&hellip;]<\/p>\n","protected":false},"author":1,"featured_media":0,"comment_status":"open","ping_status":"closed","sticky":false,"template":"","format":"standard","meta":{"spay_email":"","jetpack_publicize_message":"","jetpack_is_tweetstorm":false,"jetpack_publicize_feature_enabled":true},"categories":[4],"tags":[21480,15387],"jetpack_publicize_connections":[],"yoast_head":"<!-- This site is optimized with the Yoast SEO plugin v19.1 - https:\/\/yoast.com\/wordpress\/plugins\/seo\/ -->\n<title>Perurimi i librit &quot;E verteta ime&quot; t\u00eb autor Rexhep Lleshit - Lajme nga Ulqini<\/title>\n<meta name=\"description\" content=\"Shkruan: EDMONDA SELIMI T\u00eb shtunen n\u00eb mbr\u00ebmje n\u00eb Restaorantin \u201cMontana 2000\u201d n\u00eb Pinjesh-Ulqin, u b\u00eb p\u00ebrurimi i librit \u201cE VERTETA IME\u201d e autorit Rexhep\" \/>\n<meta name=\"robots\" content=\"index, follow, max-snippet:-1, max-image-preview:large, max-video-preview:-1\" \/>\n<link rel=\"canonical\" href=\"https:\/\/www.visit-ulcinj.com\/blog\/2012\/11\/17\/perurimi-i-librit-e-verteta-ime-te-autor-rexhep-lleshit\/\" \/>\n<meta property=\"og:locale\" content=\"en_US\" \/>\n<meta property=\"og:type\" content=\"article\" \/>\n<meta property=\"og:title\" content=\"Perurimi i librit &quot;E verteta ime&quot; t\u00eb autor Rexhep Lleshit - Lajme nga Ulqini\" \/>\n<meta property=\"og:description\" content=\"Shkruan: EDMONDA SELIMI T\u00eb shtunen n\u00eb mbr\u00ebmje n\u00eb Restaorantin \u201cMontana 2000\u201d n\u00eb Pinjesh-Ulqin, u b\u00eb p\u00ebrurimi i librit \u201cE VERTETA IME\u201d e autorit Rexhep\" \/>\n<meta property=\"og:url\" content=\"https:\/\/www.visit-ulcinj.com\/blog\/2012\/11\/17\/perurimi-i-librit-e-verteta-ime-te-autor-rexhep-lleshit\/\" \/>\n<meta property=\"og:site_name\" content=\"Lajme nga Ulqini\" \/>\n<meta property=\"article:published_time\" content=\"2012-11-17T19:02:15+00:00\" \/>\n<meta property=\"og:image\" content=\"http:\/\/www.visit-ulcinj.com\/blog\/wp-content\/uploads\/2012\/11\/libri-E-verteta-ime-e-autorit-Rexhep-Lleshi.jpg\" \/>\n<meta name=\"twitter:label1\" content=\"Written by\" \/>\n\t<meta name=\"twitter:data1\" content=\"ulqini\" \/>\n\t<meta name=\"twitter:label2\" content=\"Est. reading time\" \/>\n\t<meta name=\"twitter:data2\" content=\"7 minutes\" \/>\n<script type=\"application\/ld+json\" class=\"yoast-schema-graph\">{\"@context\":\"https:\/\/schema.org\",\"@graph\":[{\"@type\":\"WebSite\",\"@id\":\"https:\/\/www.visit-ulcinj.com\/blog\/#website\",\"url\":\"https:\/\/www.visit-ulcinj.com\/blog\/\",\"name\":\"Lajme nga Ulqini\",\"description\":\"Lajme,Vijesti,Ulqini,Ulqin,Crna Gora,Mali i Zi\",\"potentialAction\":[{\"@type\":\"SearchAction\",\"target\":{\"@type\":\"EntryPoint\",\"urlTemplate\":\"https:\/\/www.visit-ulcinj.com\/blog\/?s={search_term_string}\"},\"query-input\":\"required name=search_term_string\"}],\"inLanguage\":\"en-US\"},{\"@type\":\"ImageObject\",\"inLanguage\":\"en-US\",\"@id\":\"https:\/\/www.visit-ulcinj.com\/blog\/2012\/11\/17\/perurimi-i-librit-e-verteta-ime-te-autor-rexhep-lleshit\/#primaryimage\",\"url\":\"https:\/\/www.visit-ulcinj.com\/blog\/wp-content\/uploads\/2012\/11\/libri-E-verteta-ime-e-autorit-Rexhep-Lleshi.jpg\",\"contentUrl\":\"https:\/\/www.visit-ulcinj.com\/blog\/wp-content\/uploads\/2012\/11\/libri-E-verteta-ime-e-autorit-Rexhep-Lleshi.jpg\",\"width\":\"960\",\"height\":\"638\"},{\"@type\":\"WebPage\",\"@id\":\"https:\/\/www.visit-ulcinj.com\/blog\/2012\/11\/17\/perurimi-i-librit-e-verteta-ime-te-autor-rexhep-lleshit\/#webpage\",\"url\":\"https:\/\/www.visit-ulcinj.com\/blog\/2012\/11\/17\/perurimi-i-librit-e-verteta-ime-te-autor-rexhep-lleshit\/\",\"name\":\"Perurimi i librit \\\"E verteta ime\\\" t\u00eb autor Rexhep Lleshit - Lajme nga Ulqini\",\"isPartOf\":{\"@id\":\"https:\/\/www.visit-ulcinj.com\/blog\/#website\"},\"primaryImageOfPage\":{\"@id\":\"https:\/\/www.visit-ulcinj.com\/blog\/2012\/11\/17\/perurimi-i-librit-e-verteta-ime-te-autor-rexhep-lleshit\/#primaryimage\"},\"datePublished\":\"2012-11-17T19:02:15+00:00\",\"dateModified\":\"2012-11-17T19:02:15+00:00\",\"author\":{\"@id\":\"https:\/\/www.visit-ulcinj.com\/blog\/#\/schema\/person\/dcab619c614d3038751c63bc2aadc06d\"},\"description\":\"Shkruan: EDMONDA SELIMI T\u00eb shtunen n\u00eb mbr\u00ebmje n\u00eb Restaorantin \u201cMontana 2000\u201d n\u00eb Pinjesh-Ulqin, u b\u00eb p\u00ebrurimi i librit \u201cE VERTETA IME\u201d e autorit Rexhep\",\"breadcrumb\":{\"@id\":\"https:\/\/www.visit-ulcinj.com\/blog\/2012\/11\/17\/perurimi-i-librit-e-verteta-ime-te-autor-rexhep-lleshit\/#breadcrumb\"},\"inLanguage\":\"en-US\",\"potentialAction\":[{\"@type\":\"ReadAction\",\"target\":[\"https:\/\/www.visit-ulcinj.com\/blog\/2012\/11\/17\/perurimi-i-librit-e-verteta-ime-te-autor-rexhep-lleshit\/\"]}]},{\"@type\":\"BreadcrumbList\",\"@id\":\"https:\/\/www.visit-ulcinj.com\/blog\/2012\/11\/17\/perurimi-i-librit-e-verteta-ime-te-autor-rexhep-lleshit\/#breadcrumb\",\"itemListElement\":[{\"@type\":\"ListItem\",\"position\":1,\"name\":\"Perurimi i librit &#8220;E verteta ime&#8221; t\u00eb autor Rexhep Lleshit\"}]},{\"@type\":\"Person\",\"@id\":\"https:\/\/www.visit-ulcinj.com\/blog\/#\/schema\/person\/dcab619c614d3038751c63bc2aadc06d\",\"name\":\"ulqini\",\"sameAs\":[\"http:\/\/www.visit-ulcinj.com\"],\"url\":\"https:\/\/www.visit-ulcinj.com\/blog\/author\/admin\/\"}]}<\/script>\n<!-- \/ Yoast SEO plugin. -->","yoast_head_json":{"title":"Perurimi i librit \"E verteta ime\" t\u00eb autor Rexhep Lleshit - Lajme nga Ulqini","description":"Shkruan: EDMONDA SELIMI T\u00eb shtunen n\u00eb mbr\u00ebmje n\u00eb Restaorantin \u201cMontana 2000\u201d n\u00eb Pinjesh-Ulqin, u b\u00eb p\u00ebrurimi i librit \u201cE VERTETA IME\u201d e autorit Rexhep","robots":{"index":"index","follow":"follow","max-snippet":"max-snippet:-1","max-image-preview":"max-image-preview:large","max-video-preview":"max-video-preview:-1"},"canonical":"https:\/\/www.visit-ulcinj.com\/blog\/2012\/11\/17\/perurimi-i-librit-e-verteta-ime-te-autor-rexhep-lleshit\/","og_locale":"en_US","og_type":"article","og_title":"Perurimi i librit \"E verteta ime\" t\u00eb autor Rexhep Lleshit - Lajme nga Ulqini","og_description":"Shkruan: EDMONDA SELIMI T\u00eb shtunen n\u00eb mbr\u00ebmje n\u00eb Restaorantin \u201cMontana 2000\u201d n\u00eb Pinjesh-Ulqin, u b\u00eb p\u00ebrurimi i librit \u201cE VERTETA IME\u201d e autorit Rexhep","og_url":"https:\/\/www.visit-ulcinj.com\/blog\/2012\/11\/17\/perurimi-i-librit-e-verteta-ime-te-autor-rexhep-lleshit\/","og_site_name":"Lajme nga Ulqini","article_published_time":"2012-11-17T19:02:15+00:00","og_image":[{"url":"http:\/\/www.visit-ulcinj.com\/blog\/wp-content\/uploads\/2012\/11\/libri-E-verteta-ime-e-autorit-Rexhep-Lleshi.jpg"}],"twitter_misc":{"Written by":"ulqini","Est. reading time":"7 minutes"},"schema":{"@context":"https:\/\/schema.org","@graph":[{"@type":"WebSite","@id":"https:\/\/www.visit-ulcinj.com\/blog\/#website","url":"https:\/\/www.visit-ulcinj.com\/blog\/","name":"Lajme nga Ulqini","description":"Lajme,Vijesti,Ulqini,Ulqin,Crna Gora,Mali i Zi","potentialAction":[{"@type":"SearchAction","target":{"@type":"EntryPoint","urlTemplate":"https:\/\/www.visit-ulcinj.com\/blog\/?s={search_term_string}"},"query-input":"required name=search_term_string"}],"inLanguage":"en-US"},{"@type":"ImageObject","inLanguage":"en-US","@id":"https:\/\/www.visit-ulcinj.com\/blog\/2012\/11\/17\/perurimi-i-librit-e-verteta-ime-te-autor-rexhep-lleshit\/#primaryimage","url":"https:\/\/www.visit-ulcinj.com\/blog\/wp-content\/uploads\/2012\/11\/libri-E-verteta-ime-e-autorit-Rexhep-Lleshi.jpg","contentUrl":"https:\/\/www.visit-ulcinj.com\/blog\/wp-content\/uploads\/2012\/11\/libri-E-verteta-ime-e-autorit-Rexhep-Lleshi.jpg","width":"960","height":"638"},{"@type":"WebPage","@id":"https:\/\/www.visit-ulcinj.com\/blog\/2012\/11\/17\/perurimi-i-librit-e-verteta-ime-te-autor-rexhep-lleshit\/#webpage","url":"https:\/\/www.visit-ulcinj.com\/blog\/2012\/11\/17\/perurimi-i-librit-e-verteta-ime-te-autor-rexhep-lleshit\/","name":"Perurimi i librit \"E verteta ime\" t\u00eb autor Rexhep Lleshit - Lajme nga Ulqini","isPartOf":{"@id":"https:\/\/www.visit-ulcinj.com\/blog\/#website"},"primaryImageOfPage":{"@id":"https:\/\/www.visit-ulcinj.com\/blog\/2012\/11\/17\/perurimi-i-librit-e-verteta-ime-te-autor-rexhep-lleshit\/#primaryimage"},"datePublished":"2012-11-17T19:02:15+00:00","dateModified":"2012-11-17T19:02:15+00:00","author":{"@id":"https:\/\/www.visit-ulcinj.com\/blog\/#\/schema\/person\/dcab619c614d3038751c63bc2aadc06d"},"description":"Shkruan: EDMONDA SELIMI T\u00eb shtunen n\u00eb mbr\u00ebmje n\u00eb Restaorantin \u201cMontana 2000\u201d n\u00eb Pinjesh-Ulqin, u b\u00eb p\u00ebrurimi i librit \u201cE VERTETA IME\u201d e autorit Rexhep","breadcrumb":{"@id":"https:\/\/www.visit-ulcinj.com\/blog\/2012\/11\/17\/perurimi-i-librit-e-verteta-ime-te-autor-rexhep-lleshit\/#breadcrumb"},"inLanguage":"en-US","potentialAction":[{"@type":"ReadAction","target":["https:\/\/www.visit-ulcinj.com\/blog\/2012\/11\/17\/perurimi-i-librit-e-verteta-ime-te-autor-rexhep-lleshit\/"]}]},{"@type":"BreadcrumbList","@id":"https:\/\/www.visit-ulcinj.com\/blog\/2012\/11\/17\/perurimi-i-librit-e-verteta-ime-te-autor-rexhep-lleshit\/#breadcrumb","itemListElement":[{"@type":"ListItem","position":1,"name":"Perurimi i librit &#8220;E verteta ime&#8221; t\u00eb autor Rexhep Lleshit"}]},{"@type":"Person","@id":"https:\/\/www.visit-ulcinj.com\/blog\/#\/schema\/person\/dcab619c614d3038751c63bc2aadc06d","name":"ulqini","sameAs":["http:\/\/www.visit-ulcinj.com"],"url":"https:\/\/www.visit-ulcinj.com\/blog\/author\/admin\/"}]}},"jetpack_featured_media_url":"","jetpack_sharing_enabled":true,"jetpack_shortlink":"https:\/\/wp.me\/pe6lTn-h7C","_links":{"self":[{"href":"https:\/\/www.visit-ulcinj.com\/blog\/wp-json\/wp\/v2\/posts\/65820"}],"collection":[{"href":"https:\/\/www.visit-ulcinj.com\/blog\/wp-json\/wp\/v2\/posts"}],"about":[{"href":"https:\/\/www.visit-ulcinj.com\/blog\/wp-json\/wp\/v2\/types\/post"}],"author":[{"embeddable":true,"href":"https:\/\/www.visit-ulcinj.com\/blog\/wp-json\/wp\/v2\/users\/1"}],"replies":[{"embeddable":true,"href":"https:\/\/www.visit-ulcinj.com\/blog\/wp-json\/wp\/v2\/comments?post=65820"}],"version-history":[{"count":1,"href":"https:\/\/www.visit-ulcinj.com\/blog\/wp-json\/wp\/v2\/posts\/65820\/revisions"}],"predecessor-version":[{"id":65822,"href":"https:\/\/www.visit-ulcinj.com\/blog\/wp-json\/wp\/v2\/posts\/65820\/revisions\/65822"}],"wp:attachment":[{"href":"https:\/\/www.visit-ulcinj.com\/blog\/wp-json\/wp\/v2\/media?parent=65820"}],"wp:term":[{"taxonomy":"category","embeddable":true,"href":"https:\/\/www.visit-ulcinj.com\/blog\/wp-json\/wp\/v2\/categories?post=65820"},{"taxonomy":"post_tag","embeddable":true,"href":"https:\/\/www.visit-ulcinj.com\/blog\/wp-json\/wp\/v2\/tags?post=65820"}],"curies":[{"name":"wp","href":"https:\/\/api.w.org\/{rel}","templated":true}]}}