{"id":65823,"date":"2012-11-18T08:47:21","date_gmt":"2012-11-18T07:47:21","guid":{"rendered":"http:\/\/www.visit-ulcinj.com\/blog\/?p=65823"},"modified":"2012-11-19T17:56:01","modified_gmt":"2012-11-19T16:56:01","slug":"koncert-festiv-ne-katerkolle-me-rastin-e-100-vjetorit","status":"publish","type":"post","link":"https:\/\/www.visit-ulcinj.com\/blog\/2012\/11\/18\/koncert-festiv-ne-katerkolle-me-rastin-e-100-vjetorit\/","title":{"rendered":"Koncert Festiv n\u00eb Katerkoll\u00eb me rastin e 100 vjetorit"},"content":{"rendered":"<p><a href=\"http:\/\/www.visit-ulcinj.com\/blog\/wp-content\/uploads\/2012\/11\/nje-flamur-per-shtepi-100vjetori.gif\"><img loading=\"lazy\" class=\"alignleft\" src=\"http:\/\/www.visit-ulcinj.com\/blog\/wp-content\/uploads\/2012\/11\/nje-flamur-per-shtepi-100vjetori.gif\" alt=\"\" width=\"468\" height=\"60\" \/><\/a><\/p>\n<p><a href=\"http:\/\/www.visit-ulcinj.com\/blog\/wp-content\/uploads\/2012\/11\/Koncert-Festiv-ne-Katerkolle.jpg\"><img loading=\"lazy\" class=\"alignleft  wp-image-65824\" title=\"Koncert Festiv ne Katerkolle\" src=\"http:\/\/www.visit-ulcinj.com\/blog\/wp-content\/uploads\/2012\/11\/Koncert-Festiv-ne-Katerkolle.jpg\" alt=\"\" width=\"508\" height=\"360\" \/><\/a>K\u00ebshilli Nacional i Shqiptar\u00ebve n\u00eb Malin e Zi, filloi parmbr\u00ebm\u00eb n\u00eb Kat\u00ebrkoll\u00eb me maraton\u00ebn e organizimeve t\u00eb Manifestimeve me rastin e 28 N\u00ebntorit &#8211; Fest\u00ebs s\u00eb Flamurit dhe 100 Vjetorit t\u00eb Pavar\u00ebsis\u00eb. Edhe pse ishin b\u00ebr\u00eb t\u00eb gjitha p\u00ebrgatitjet q\u00eb manifestimi t\u00eb mbahet p\u00ebrjashta, kushtet atmosferike na detyruan t\u00eb zhvendosemi n\u00eb rest.,,Diamant&#8221;. N\u00eb pranin\u00eb e nj\u00eb numri t\u00eb madh t\u00eb pjes\u00ebmarr\u00ebsve, filloi programi i pasur artistik, ku p\u00ebrve\u00e7 fjal\u00ebs s\u00eb rastit t\u00eb kryetarit t\u00eb K\u00ebshillit Nacional t\u00eb Shqiptar\u00ebve n\u00eb Malin e Zi, z. Tahir Tahiri, ati edhe pika muzikore dhe recitime. mor\u00ebn pjes\u00eb k\u00ebng\u00ebtar\u00ebt nga Ana e Malit, G\u00ebzim Salaj, Sead Asllani, Ismet Aloshi, Valdet Luka, Samir Veliqi, Ramazan Islami dhe Fadil Zeneli, si dhe Cano Lazoja nga Ulqini. Mysafir\u00eb special t\u00eb k\u00ebsaj mbr\u00ebmjeje festive ishin edhe k\u00ebng\u00ebtarja e mir\u00ebnjohur Vida Kunora dhe k\u00ebng\u00ebtari shum\u00eb i njohur nga Tropoja, Zef Beka. Me duartrokitje t\u00eb ngrohta u p\u00ebrcoll\u00ebn edhe recituesit q\u00eb premtojn\u00eb shum\u00eb, fitues t\u00eb \u00e7mimeve t\u00eb para n\u00eb ,,Garat e recituesve t\u00eb rinj-Ulqin&#8230;&#8221; t\u00eb organizuar nga Fondacioni ,,Studenti&#8221;, t\u00eb rinjt\u00eb Flutur Mustafa, Edis Luka dhe Mbresa Kurti. K\u00ebt\u00eb Manifestim, si dhe t\u00eb tjer\u00ebt n\u00eb vijim, i financoii Fondi p\u00ebr Pakica i Malit t\u00eb Zi. N\u00eb vazhdim mund t\u00eb shikoni edhe fotografi nga ky Manifestim t\u00eb b\u00ebra nga z. Hajredin Zeneli.<br \/>\n<strong>Kryetari i Komisionit p\u00ebr kultur\u00eb, H. Kova\u00e7i.<\/strong><\/p>\n<p><strong><a href=\"https:\/\/www.facebook.com\/media\/set\/?set=a.451392748256199.110495.100001564340764&amp;type=1\" target=\"_blank\">Ana E Malit Tradita Facebook &#8211; Foto Dini Zeneli<\/a><\/strong><\/p>\n<p>\n\t\t<style type=\"text\/css\">\n\t\t\t#gallery-1 {\n\t\t\t\tmargin: auto;\n\t\t\t}\n\t\t\t#gallery-1 .gallery-item {\n\t\t\t\tfloat: left;\n\t\t\t\tmargin-top: 10px;\n\t\t\t\ttext-align: center;\n\t\t\t\twidth: 33%;\n\t\t\t}\n\t\t\t#gallery-1 img {\n\t\t\t\tborder: 2px solid #cfcfcf;\n\t\t\t}\n\t\t\t#gallery-1 .gallery-caption {\n\t\t\t\tmargin-left: 0;\n\t\t\t}\n\t\t\t\/* see gallery_shortcode() in wp-includes\/media.php *\/\n\t\t<\/style>\n\t\t<div id='gallery-1' class='gallery galleryid-65823 gallery-columns-3 gallery-size-thumbnail'><dl class='gallery-item'>\n\t\t\t<dt class='gallery-icon landscape'>\n\t\t\t\t<a href='https:\/\/www.visit-ulcinj.com\/blog\/wp-content\/uploads\/2012\/11\/Koncert-Festiv-ne-Katerkolle.jpg'><img width=\"150\" height=\"150\" src=\"https:\/\/www.visit-ulcinj.com\/blog\/wp-content\/uploads\/2012\/11\/Koncert-Festiv-ne-Katerkolle-150x150.jpg\" class=\"attachment-thumbnail size-thumbnail\" alt=\"\" loading=\"lazy\" \/><\/a>\n\t\t\t<\/dt><\/dl><dl class='gallery-item'>\n\t\t\t<dt class='gallery-icon landscape'>\n\t\t\t\t<a href='https:\/\/www.visit-ulcinj.com\/blog\/wp-content\/uploads\/2012\/11\/Koncert-Festiv-ne-Katerkolle.8.jpg'><img width=\"150\" height=\"150\" src=\"https:\/\/www.visit-ulcinj.com\/blog\/wp-content\/uploads\/2012\/11\/Koncert-Festiv-ne-Katerkolle.8-150x150.jpg\" class=\"attachment-thumbnail size-thumbnail\" alt=\"\" loading=\"lazy\" \/><\/a>\n\t\t\t<\/dt><\/dl><dl class='gallery-item'>\n\t\t\t<dt class='gallery-icon landscape'>\n\t\t\t\t<a href='https:\/\/www.visit-ulcinj.com\/blog\/wp-content\/uploads\/2012\/11\/Koncert-Festiv-ne-Katerkolle.9.jpg'><img width=\"150\" height=\"150\" src=\"https:\/\/www.visit-ulcinj.com\/blog\/wp-content\/uploads\/2012\/11\/Koncert-Festiv-ne-Katerkolle.9-150x150.jpg\" class=\"attachment-thumbnail size-thumbnail\" alt=\"\" loading=\"lazy\" \/><\/a>\n\t\t\t<\/dt><\/dl><br style=\"clear: both\" \/><dl class='gallery-item'>\n\t\t\t<dt class='gallery-icon landscape'>\n\t\t\t\t<a href='https:\/\/www.visit-ulcinj.com\/blog\/wp-content\/uploads\/2012\/11\/Koncert-Festiv-ne-Katerkolle.10.jpg'><img width=\"150\" height=\"150\" src=\"https:\/\/www.visit-ulcinj.com\/blog\/wp-content\/uploads\/2012\/11\/Koncert-Festiv-ne-Katerkolle.10-150x150.jpg\" class=\"attachment-thumbnail size-thumbnail\" alt=\"\" loading=\"lazy\" \/><\/a>\n\t\t\t<\/dt><\/dl><dl class='gallery-item'>\n\t\t\t<dt class='gallery-icon landscape'>\n\t\t\t\t<a href='https:\/\/www.visit-ulcinj.com\/blog\/wp-content\/uploads\/2012\/11\/Koncert-Festiv-ne-Katerkolle.11.jpg'><img width=\"150\" height=\"150\" src=\"https:\/\/www.visit-ulcinj.com\/blog\/wp-content\/uploads\/2012\/11\/Koncert-Festiv-ne-Katerkolle.11-150x150.jpg\" class=\"attachment-thumbnail size-thumbnail\" alt=\"\" loading=\"lazy\" \/><\/a>\n\t\t\t<\/dt><\/dl><dl class='gallery-item'>\n\t\t\t<dt class='gallery-icon landscape'>\n\t\t\t\t<a href='https:\/\/www.visit-ulcinj.com\/blog\/wp-content\/uploads\/2012\/11\/Koncert-Festiv-ne-Katerkolle.1.jpg'><img width=\"150\" height=\"150\" src=\"https:\/\/www.visit-ulcinj.com\/blog\/wp-content\/uploads\/2012\/11\/Koncert-Festiv-ne-Katerkolle.1-150x150.jpg\" class=\"attachment-thumbnail size-thumbnail\" alt=\"\" loading=\"lazy\" \/><\/a>\n\t\t\t<\/dt><\/dl><br style=\"clear: both\" \/><dl class='gallery-item'>\n\t\t\t<dt class='gallery-icon landscape'>\n\t\t\t\t<a href='https:\/\/www.visit-ulcinj.com\/blog\/wp-content\/uploads\/2012\/11\/Koncert-Festiv-ne-Katerkolle.2.jpg'><img width=\"150\" height=\"150\" src=\"https:\/\/www.visit-ulcinj.com\/blog\/wp-content\/uploads\/2012\/11\/Koncert-Festiv-ne-Katerkolle.2-150x150.jpg\" class=\"attachment-thumbnail size-thumbnail\" alt=\"\" loading=\"lazy\" \/><\/a>\n\t\t\t<\/dt><\/dl><dl class='gallery-item'>\n\t\t\t<dt class='gallery-icon landscape'>\n\t\t\t\t<a href='https:\/\/www.visit-ulcinj.com\/blog\/wp-content\/uploads\/2012\/11\/Koncert-Festiv-ne-Katerkolle.3.jpg'><img width=\"150\" height=\"150\" src=\"https:\/\/www.visit-ulcinj.com\/blog\/wp-content\/uploads\/2012\/11\/Koncert-Festiv-ne-Katerkolle.3-150x150.jpg\" class=\"attachment-thumbnail size-thumbnail\" alt=\"\" loading=\"lazy\" \/><\/a>\n\t\t\t<\/dt><\/dl><dl class='gallery-item'>\n\t\t\t<dt class='gallery-icon landscape'>\n\t\t\t\t<a href='https:\/\/www.visit-ulcinj.com\/blog\/wp-content\/uploads\/2012\/11\/Koncert-Festiv-ne-Katerkolle.4.jpg'><img width=\"150\" height=\"150\" src=\"https:\/\/www.visit-ulcinj.com\/blog\/wp-content\/uploads\/2012\/11\/Koncert-Festiv-ne-Katerkolle.4-150x150.jpg\" class=\"attachment-thumbnail size-thumbnail\" alt=\"\" loading=\"lazy\" \/><\/a>\n\t\t\t<\/dt><\/dl><br style=\"clear: both\" \/><dl class='gallery-item'>\n\t\t\t<dt class='gallery-icon portrait'>\n\t\t\t\t<a href='https:\/\/www.visit-ulcinj.com\/blog\/wp-content\/uploads\/2012\/11\/Koncert-Festiv-ne-Katerkolle.5.jpg'><img width=\"150\" height=\"150\" src=\"https:\/\/www.visit-ulcinj.com\/blog\/wp-content\/uploads\/2012\/11\/Koncert-Festiv-ne-Katerkolle.5-150x150.jpg\" class=\"attachment-thumbnail size-thumbnail\" alt=\"\" loading=\"lazy\" \/><\/a>\n\t\t\t<\/dt><\/dl><dl class='gallery-item'>\n\t\t\t<dt class='gallery-icon portrait'>\n\t\t\t\t<a href='https:\/\/www.visit-ulcinj.com\/blog\/wp-content\/uploads\/2012\/11\/Koncert-Festiv-ne-Katerkolle.6.jpg'><img width=\"150\" height=\"150\" src=\"https:\/\/www.visit-ulcinj.com\/blog\/wp-content\/uploads\/2012\/11\/Koncert-Festiv-ne-Katerkolle.6-150x150.jpg\" class=\"attachment-thumbnail size-thumbnail\" alt=\"\" loading=\"lazy\" \/><\/a>\n\t\t\t<\/dt><\/dl><dl class='gallery-item'>\n\t\t\t<dt class='gallery-icon landscape'>\n\t\t\t\t<a href='https:\/\/www.visit-ulcinj.com\/blog\/wp-content\/uploads\/2012\/11\/Koncert-Festiv-ne-Katerkolle.7.jpg'><img width=\"150\" height=\"150\" src=\"https:\/\/www.visit-ulcinj.com\/blog\/wp-content\/uploads\/2012\/11\/Koncert-Festiv-ne-Katerkolle.7-150x150.jpg\" class=\"attachment-thumbnail size-thumbnail\" alt=\"\" loading=\"lazy\" \/><\/a>\n\t\t\t<\/dt><\/dl><br style=\"clear: both\" \/>\n\t\t<\/div>\n<br \/>\n<iframe loading=\"lazy\" src=\"http:\/\/www.youtube.com\/embed\/fvGjNe1asiE?rel=0\" frameborder=\"0\" width=\"508\" height=\"360\"><\/iframe><\/p>\n","protected":false},"excerpt":{"rendered":"<p>K\u00ebshilli Nacional i Shqiptar\u00ebve n\u00eb Malin e Zi, filloi parmbr\u00ebm\u00eb n\u00eb Kat\u00ebrkoll\u00eb me maraton\u00ebn e organizimeve t\u00eb Manifestimeve me rastin e 28 N\u00ebntorit &#8211; Fest\u00ebs s\u00eb Flamurit dhe 100 Vjetorit t\u00eb Pavar\u00ebsis\u00eb. Edhe pse ishin b\u00ebr\u00eb t\u00eb gjitha p\u00ebrgatitjet q\u00eb manifestimi t\u00eb mbahet p\u00ebrjashta, kushtet atmosferike na detyruan t\u00eb zhvendosemi n\u00eb rest.,,Diamant&#8221;. N\u00eb pranin\u00eb e [&hellip;]<\/p>\n","protected":false},"author":1,"featured_media":0,"comment_status":"open","ping_status":"closed","sticky":false,"template":"","format":"standard","meta":{"spay_email":"","jetpack_publicize_message":"","jetpack_is_tweetstorm":false,"jetpack_publicize_feature_enabled":true},"categories":[1,14],"tags":[212,17828,17834,18370,17811,20884,7930,17831,18362,14353,17808,14354,12340,17840,17839,18363,17835,17814,17810,17816,17071,17807,21468,21469,3516,14652,17837,17827,21416,14358,222,17802,17812,17803,17820,17825,4187,17817,17805,3169,305,840,17823,17832,3506,17818,214,17680,14362,14363,18371,8626,3507,730,21471,17800,498,3500,21421,115,14364,21418,17799,3327,17841,17826,15213,18236,3512,17806,18399,11648,18289,17838,95,21427,17813,17804,15141,347,19495,17836,14366,79,17073,18294,318,118,18368,18369,21481,21417,1653,21420,21426,21419,1909,14367,17801,21470,18360,17822,14368,14369,17824,14370,18291,16228,2083,3231,14371,41,3617,3722,14372,17844,17821,18372,17830,17077,18295,14375,17833,17829,899,200,18,17819,17809,4265,14376],"jetpack_publicize_connections":[],"yoast_head":"<!-- This site is optimized with the Yoast SEO plugin v19.1 - https:\/\/yoast.com\/wordpress\/plugins\/seo\/ -->\n<title>Koncert Festiv n\u00eb Katerkoll\u00eb me rastin e 100 vjetorit - Lajme nga Ulqini<\/title>\n<meta name=\"description\" content=\"K\u00ebshilli Nacional i Shqiptar\u00ebve n\u00eb Malin e Zi, filloi parmbr\u00ebm\u00eb n\u00eb Kat\u00ebrkoll\u00eb me maraton\u00ebn e organizimeve t\u00eb Manifestimeve me rastin e 28 N\u00ebntorit -\" \/>\n<meta name=\"robots\" content=\"index, follow, max-snippet:-1, max-image-preview:large, max-video-preview:-1\" \/>\n<link rel=\"canonical\" href=\"https:\/\/www.visit-ulcinj.com\/blog\/2012\/11\/18\/koncert-festiv-ne-katerkolle-me-rastin-e-100-vjetorit\/\" \/>\n<meta property=\"og:locale\" content=\"en_US\" \/>\n<meta property=\"og:type\" content=\"article\" \/>\n<meta property=\"og:title\" content=\"Koncert Festiv n\u00eb Katerkoll\u00eb me rastin e 100 vjetorit - Lajme nga Ulqini\" \/>\n<meta property=\"og:description\" content=\"K\u00ebshilli Nacional i Shqiptar\u00ebve n\u00eb Malin e Zi, filloi parmbr\u00ebm\u00eb n\u00eb Kat\u00ebrkoll\u00eb me maraton\u00ebn e organizimeve t\u00eb Manifestimeve me rastin e 28 N\u00ebntorit -\" \/>\n<meta property=\"og:url\" content=\"https:\/\/www.visit-ulcinj.com\/blog\/2012\/11\/18\/koncert-festiv-ne-katerkolle-me-rastin-e-100-vjetorit\/\" \/>\n<meta property=\"og:site_name\" content=\"Lajme nga Ulqini\" \/>\n<meta property=\"article:published_time\" content=\"2012-11-18T07:47:21+00:00\" \/>\n<meta property=\"article:modified_time\" content=\"2012-11-19T16:56:01+00:00\" \/>\n<meta property=\"og:image\" content=\"https:\/\/www.visit-ulcinj.com\/blog\/wp-content\/uploads\/2012\/11\/Koncert-Festiv-ne-Katerkolle-150x150.jpg\" \/>\n<meta name=\"twitter:label1\" content=\"Written by\" \/>\n\t<meta name=\"twitter:data1\" content=\"ulqini\" \/>\n\t<meta name=\"twitter:label2\" content=\"Est. reading time\" \/>\n\t<meta name=\"twitter:data2\" content=\"1 minute\" \/>\n<script type=\"application\/ld+json\" class=\"yoast-schema-graph\">{\"@context\":\"https:\/\/schema.org\",\"@graph\":[{\"@type\":\"WebSite\",\"@id\":\"https:\/\/www.visit-ulcinj.com\/blog\/#website\",\"url\":\"https:\/\/www.visit-ulcinj.com\/blog\/\",\"name\":\"Lajme nga Ulqini\",\"description\":\"Lajme,Vijesti,Ulqini,Ulqin,Crna Gora,Mali i Zi\",\"potentialAction\":[{\"@type\":\"SearchAction\",\"target\":{\"@type\":\"EntryPoint\",\"urlTemplate\":\"https:\/\/www.visit-ulcinj.com\/blog\/?s={search_term_string}\"},\"query-input\":\"required name=search_term_string\"}],\"inLanguage\":\"en-US\"},{\"@type\":\"ImageObject\",\"inLanguage\":\"en-US\",\"@id\":\"https:\/\/www.visit-ulcinj.com\/blog\/2012\/11\/18\/koncert-festiv-ne-katerkolle-me-rastin-e-100-vjetorit\/#primaryimage\",\"url\":\"https:\/\/www.visit-ulcinj.com\/blog\/wp-content\/uploads\/2012\/11\/nje-flamur-per-shtepi-100vjetori.gif\",\"contentUrl\":\"https:\/\/www.visit-ulcinj.com\/blog\/wp-content\/uploads\/2012\/11\/nje-flamur-per-shtepi-100vjetori.gif\",\"width\":\"468\",\"height\":\"60\"},{\"@type\":\"WebPage\",\"@id\":\"https:\/\/www.visit-ulcinj.com\/blog\/2012\/11\/18\/koncert-festiv-ne-katerkolle-me-rastin-e-100-vjetorit\/#webpage\",\"url\":\"https:\/\/www.visit-ulcinj.com\/blog\/2012\/11\/18\/koncert-festiv-ne-katerkolle-me-rastin-e-100-vjetorit\/\",\"name\":\"Koncert Festiv n\u00eb Katerkoll\u00eb me rastin e 100 vjetorit - Lajme nga Ulqini\",\"isPartOf\":{\"@id\":\"https:\/\/www.visit-ulcinj.com\/blog\/#website\"},\"primaryImageOfPage\":{\"@id\":\"https:\/\/www.visit-ulcinj.com\/blog\/2012\/11\/18\/koncert-festiv-ne-katerkolle-me-rastin-e-100-vjetorit\/#primaryimage\"},\"datePublished\":\"2012-11-18T07:47:21+00:00\",\"dateModified\":\"2012-11-19T16:56:01+00:00\",\"author\":{\"@id\":\"https:\/\/www.visit-ulcinj.com\/blog\/#\/schema\/person\/dcab619c614d3038751c63bc2aadc06d\"},\"description\":\"K\u00ebshilli Nacional i Shqiptar\u00ebve n\u00eb Malin e Zi, filloi parmbr\u00ebm\u00eb n\u00eb Kat\u00ebrkoll\u00eb me maraton\u00ebn e organizimeve t\u00eb Manifestimeve me rastin e 28 N\u00ebntorit -\",\"breadcrumb\":{\"@id\":\"https:\/\/www.visit-ulcinj.com\/blog\/2012\/11\/18\/koncert-festiv-ne-katerkolle-me-rastin-e-100-vjetorit\/#breadcrumb\"},\"inLanguage\":\"en-US\",\"potentialAction\":[{\"@type\":\"ReadAction\",\"target\":[\"https:\/\/www.visit-ulcinj.com\/blog\/2012\/11\/18\/koncert-festiv-ne-katerkolle-me-rastin-e-100-vjetorit\/\"]}]},{\"@type\":\"BreadcrumbList\",\"@id\":\"https:\/\/www.visit-ulcinj.com\/blog\/2012\/11\/18\/koncert-festiv-ne-katerkolle-me-rastin-e-100-vjetorit\/#breadcrumb\",\"itemListElement\":[{\"@type\":\"ListItem\",\"position\":1,\"name\":\"Koncert Festiv n\u00eb Katerkoll\u00eb me rastin e 100 vjetorit\"}]},{\"@type\":\"Person\",\"@id\":\"https:\/\/www.visit-ulcinj.com\/blog\/#\/schema\/person\/dcab619c614d3038751c63bc2aadc06d\",\"name\":\"ulqini\",\"sameAs\":[\"http:\/\/www.visit-ulcinj.com\"],\"url\":\"https:\/\/www.visit-ulcinj.com\/blog\/author\/admin\/\"}]}<\/script>\n<!-- \/ Yoast SEO plugin. -->","yoast_head_json":{"title":"Koncert Festiv n\u00eb Katerkoll\u00eb me rastin e 100 vjetorit - Lajme nga Ulqini","description":"K\u00ebshilli Nacional i Shqiptar\u00ebve n\u00eb Malin e Zi, filloi parmbr\u00ebm\u00eb n\u00eb Kat\u00ebrkoll\u00eb me maraton\u00ebn e organizimeve t\u00eb Manifestimeve me rastin e 28 N\u00ebntorit -","robots":{"index":"index","follow":"follow","max-snippet":"max-snippet:-1","max-image-preview":"max-image-preview:large","max-video-preview":"max-video-preview:-1"},"canonical":"https:\/\/www.visit-ulcinj.com\/blog\/2012\/11\/18\/koncert-festiv-ne-katerkolle-me-rastin-e-100-vjetorit\/","og_locale":"en_US","og_type":"article","og_title":"Koncert Festiv n\u00eb Katerkoll\u00eb me rastin e 100 vjetorit - Lajme nga Ulqini","og_description":"K\u00ebshilli Nacional i Shqiptar\u00ebve n\u00eb Malin e Zi, filloi parmbr\u00ebm\u00eb n\u00eb Kat\u00ebrkoll\u00eb me maraton\u00ebn e organizimeve t\u00eb Manifestimeve me rastin e 28 N\u00ebntorit -","og_url":"https:\/\/www.visit-ulcinj.com\/blog\/2012\/11\/18\/koncert-festiv-ne-katerkolle-me-rastin-e-100-vjetorit\/","og_site_name":"Lajme nga Ulqini","article_published_time":"2012-11-18T07:47:21+00:00","article_modified_time":"2012-11-19T16:56:01+00:00","og_image":[{"url":"https:\/\/www.visit-ulcinj.com\/blog\/wp-content\/uploads\/2012\/11\/Koncert-Festiv-ne-Katerkolle-150x150.jpg"}],"twitter_misc":{"Written by":"ulqini","Est. reading time":"1 minute"},"schema":{"@context":"https:\/\/schema.org","@graph":[{"@type":"WebSite","@id":"https:\/\/www.visit-ulcinj.com\/blog\/#website","url":"https:\/\/www.visit-ulcinj.com\/blog\/","name":"Lajme nga Ulqini","description":"Lajme,Vijesti,Ulqini,Ulqin,Crna Gora,Mali i Zi","potentialAction":[{"@type":"SearchAction","target":{"@type":"EntryPoint","urlTemplate":"https:\/\/www.visit-ulcinj.com\/blog\/?s={search_term_string}"},"query-input":"required name=search_term_string"}],"inLanguage":"en-US"},{"@type":"ImageObject","inLanguage":"en-US","@id":"https:\/\/www.visit-ulcinj.com\/blog\/2012\/11\/18\/koncert-festiv-ne-katerkolle-me-rastin-e-100-vjetorit\/#primaryimage","url":"https:\/\/www.visit-ulcinj.com\/blog\/wp-content\/uploads\/2012\/11\/nje-flamur-per-shtepi-100vjetori.gif","contentUrl":"https:\/\/www.visit-ulcinj.com\/blog\/wp-content\/uploads\/2012\/11\/nje-flamur-per-shtepi-100vjetori.gif","width":"468","height":"60"},{"@type":"WebPage","@id":"https:\/\/www.visit-ulcinj.com\/blog\/2012\/11\/18\/koncert-festiv-ne-katerkolle-me-rastin-e-100-vjetorit\/#webpage","url":"https:\/\/www.visit-ulcinj.com\/blog\/2012\/11\/18\/koncert-festiv-ne-katerkolle-me-rastin-e-100-vjetorit\/","name":"Koncert Festiv n\u00eb Katerkoll\u00eb me rastin e 100 vjetorit - Lajme nga Ulqini","isPartOf":{"@id":"https:\/\/www.visit-ulcinj.com\/blog\/#website"},"primaryImageOfPage":{"@id":"https:\/\/www.visit-ulcinj.com\/blog\/2012\/11\/18\/koncert-festiv-ne-katerkolle-me-rastin-e-100-vjetorit\/#primaryimage"},"datePublished":"2012-11-18T07:47:21+00:00","dateModified":"2012-11-19T16:56:01+00:00","author":{"@id":"https:\/\/www.visit-ulcinj.com\/blog\/#\/schema\/person\/dcab619c614d3038751c63bc2aadc06d"},"description":"K\u00ebshilli Nacional i Shqiptar\u00ebve n\u00eb Malin e Zi, filloi parmbr\u00ebm\u00eb n\u00eb Kat\u00ebrkoll\u00eb me maraton\u00ebn e organizimeve t\u00eb Manifestimeve me rastin e 28 N\u00ebntorit -","breadcrumb":{"@id":"https:\/\/www.visit-ulcinj.com\/blog\/2012\/11\/18\/koncert-festiv-ne-katerkolle-me-rastin-e-100-vjetorit\/#breadcrumb"},"inLanguage":"en-US","potentialAction":[{"@type":"ReadAction","target":["https:\/\/www.visit-ulcinj.com\/blog\/2012\/11\/18\/koncert-festiv-ne-katerkolle-me-rastin-e-100-vjetorit\/"]}]},{"@type":"BreadcrumbList","@id":"https:\/\/www.visit-ulcinj.com\/blog\/2012\/11\/18\/koncert-festiv-ne-katerkolle-me-rastin-e-100-vjetorit\/#breadcrumb","itemListElement":[{"@type":"ListItem","position":1,"name":"Koncert Festiv n\u00eb Katerkoll\u00eb me rastin e 100 vjetorit"}]},{"@type":"Person","@id":"https:\/\/www.visit-ulcinj.com\/blog\/#\/schema\/person\/dcab619c614d3038751c63bc2aadc06d","name":"ulqini","sameAs":["http:\/\/www.visit-ulcinj.com"],"url":"https:\/\/www.visit-ulcinj.com\/blog\/author\/admin\/"}]}},"jetpack_featured_media_url":"","jetpack_sharing_enabled":true,"jetpack_shortlink":"https:\/\/wp.me\/pe6lTn-h7F","_links":{"self":[{"href":"https:\/\/www.visit-ulcinj.com\/blog\/wp-json\/wp\/v2\/posts\/65823"}],"collection":[{"href":"https:\/\/www.visit-ulcinj.com\/blog\/wp-json\/wp\/v2\/posts"}],"about":[{"href":"https:\/\/www.visit-ulcinj.com\/blog\/wp-json\/wp\/v2\/types\/post"}],"author":[{"embeddable":true,"href":"https:\/\/www.visit-ulcinj.com\/blog\/wp-json\/wp\/v2\/users\/1"}],"replies":[{"embeddable":true,"href":"https:\/\/www.visit-ulcinj.com\/blog\/wp-json\/wp\/v2\/comments?post=65823"}],"version-history":[{"count":10,"href":"https:\/\/www.visit-ulcinj.com\/blog\/wp-json\/wp\/v2\/posts\/65823\/revisions"}],"predecessor-version":[{"id":65845,"href":"https:\/\/www.visit-ulcinj.com\/blog\/wp-json\/wp\/v2\/posts\/65823\/revisions\/65845"}],"wp:attachment":[{"href":"https:\/\/www.visit-ulcinj.com\/blog\/wp-json\/wp\/v2\/media?parent=65823"}],"wp:term":[{"taxonomy":"category","embeddable":true,"href":"https:\/\/www.visit-ulcinj.com\/blog\/wp-json\/wp\/v2\/categories?post=65823"},{"taxonomy":"post_tag","embeddable":true,"href":"https:\/\/www.visit-ulcinj.com\/blog\/wp-json\/wp\/v2\/tags?post=65823"}],"curies":[{"name":"wp","href":"https:\/\/api.w.org\/{rel}","templated":true}]}}