{"id":6583,"date":"2008-11-24T11:45:55","date_gmt":"2008-11-24T16:45:55","guid":{"rendered":"http:\/\/www.visit-ulcinj.com\/blog\/?p=6583"},"modified":"2008-11-24T11:45:55","modified_gmt":"2008-11-24T16:45:55","slug":"podgorica-rrezikon-me-kercenimet-franceze","status":"publish","type":"post","link":"https:\/\/www.visit-ulcinj.com\/blog\/2008\/11\/24\/podgorica-rrezikon-me-kercenimet-franceze\/","title":{"rendered":"Podgorica rrezikon me k\u00ebrc\u00ebnimet franceze"},"content":{"rendered":"<p><a href=\"http:\/\/www.visit-ulcinj.com\/blog\/wp-content\/uploads\/2008\/11\/milo-djukanovic.jpg\"><img loading=\"lazy\" class=\"alignleft size-medium wp-image-6584\" title=\"Milo Djukanovic1\" src=\"http:\/\/www.visit-ulcinj.com\/blog\/wp-content\/uploads\/2008\/11\/milo-djukanovic-212x300.jpg\" alt=\"\" width=\"264\" height=\"374\" srcset=\"https:\/\/www.visit-ulcinj.com\/blog\/wp-content\/uploads\/2008\/11\/milo-djukanovic-212x300.jpg 212w, https:\/\/www.visit-ulcinj.com\/blog\/wp-content\/uploads\/2008\/11\/milo-djukanovic.jpg 340w\" sizes=\"(max-width: 264px) 100vw, 264px\" \/><\/a>Lider\u00ebt e Malit t\u00eb Zi thon\u00eb se k\u00ebt\u00eb vit do t\u00eb aplikojn\u00eb p\u00ebr status t\u00eb kandidatit n\u00eb BE, pa marr\u00eb parasysh se entuziazmin e nj\u00ebjt\u00eb nuk e tregon edhe Brukseli, posa\u00e7\u00ebrisht kryesimi francez, q\u00eb edhe duhet ta pranoj\u00eb aplikimin.<br \/>\n\u201cEkzistojn\u00eb shum\u00eb kritere q\u00eb duhet t\u00eb plot\u00ebsohen, e ndoshta Mali i Zi nuk i plot\u00ebson t\u00eb gjitha\u201d, paralajm\u00ebroi para do kohe z\u00ebdh\u00ebn\u00ebsja e presidenc\u00ebs franceze, Marijan de Karne. Sipas saj\u00eb, ekzistojn\u00eb dilema n\u00ebse \u00ebsht\u00eb mir\u00eb t\u00eb aplikohet, kur duket se kjo nuk \u00ebsht\u00eb hapi i v\u00ebrtet\u00eb. Por, shton Karne, p\u00ebr k\u00ebt\u00eb vendos\u00eb Mali i Zi.<br \/>\nPresidenca franceze q\u00eb nga fillimi \u00ebsht\u00eb e sigurt se n\u00ebse nuk ekziston zhvillim pozitiv kundrejt Serbis\u00eb, i t\u00ebr\u00eb Ballkani Per\u00ebndimor\u00eb do t\u00eb mbetet anash gjat\u00eb mandatit t\u00eb tyre, kurse kjo edhe u konfirmua. Diplomat\u00eb n\u00eb BE sqarojn\u00eb se \u201cstagnimi\u201d i Serbis\u00eb n\u00eb procesin e saj\u00eb evropian \u00ebsht\u00eb nj\u00eb nga shkaqet pse Franca \u00ebsht\u00eb aq e \u201cd\u00ebshp\u00ebruar\u201d nga aplikimi i paralajm\u00ebruar malazez.<br \/>\nSerbia e n\u00ebnshkroi Marr\u00ebveshjen p\u00ebr Stabilizim dhe Asocim (MSA) me BE-n\u00eb prill, por disa vende an\u00ebtare ende nuk e kan\u00eb ratifikuar pasi \u00ebsht\u00eb kusht\u00ebzuar me bashk\u00ebpunim t\u00eb plot\u00eb t\u00eb Beogradit me Tribunalin e Hag\u00ebs. Mali i Zi nga ana tjet\u00ebr e n\u00ebnshkroi Marr\u00ebveshjen gati nj\u00eb vit para Serbis\u00eb dhe n\u00eb rrjedh\u00eb \u00ebsht\u00eb procesi p\u00ebr implementimin e saj\u00eb.<br \/>\nBurime n\u00eb Brukseli thon\u00eb se Podgorica haptazi \u00ebsht\u00eb paralajm\u00ebruar q\u00eb t\u00eb mos nd\u00ebrmarr\u00eb nj\u00eb hap t\u00eb till\u00eb n\u00eb periudh\u00ebn e presidenc\u00ebs evropiane.<br \/>\n\u201cParisi nuk e d\u00ebshiron Ballkanin Per\u00ebndimor\u00eb n\u00eb agjend\u00ebn e vet dhe k\u00ebt\u00eb qart\u00eb ua kemi th\u00ebn\u00eb malazez\u00ebve. U tham\u00eb se n\u00ebse nuk e d\u00ebgjojn\u00eb \u2018k\u00ebshill\u00ebn\u2019 ton\u00eb dhe megjithat\u00eb vendosin t\u00eb aplikojn\u00eb, k\u00ebt\u00eb do ta vler\u00ebsojm\u00eb si nj\u00eb lloj shpallje t\u00eb luft\u00ebs\u201d, deklaroi nj\u00eb diplomat francez n\u00eb Bruksel.<br \/>\nBurime n\u00eb Mal t\u00eb Zi e konfirmojn\u00eb k\u00ebt\u00eb version t\u00eb ngjarjeve, por udh\u00ebheq\u00ebsia refuzoi t\u00eb t\u00ebrhiqet, duke e treguar vendosm\u00ebrin\u00eb e vet, posa\u00e7\u00ebrisht gjat\u00eb vizit\u00ebs s\u00eb delegacionit malazez n\u00eb Bruksel, vizit\u00eb t\u00eb cil\u00ebn e vler\u00ebsuan si t\u00eb fundit n\u00eb selin\u00eb e BE-s\u00eb para aplikimit.<br \/>\nMinistrja p\u00ebr eurointegrime Gordana Gjurovi\u00e7 tha se \u201cndihen t\u00eb p\u00ebrgatitur p\u00ebr faz\u00ebn e ardhshme t\u00eb procesit t\u00eb eurointegrimit, aplikim deri n\u00eb fund t\u00eb vitit\u201d. P\u00ebrfaq\u00ebsues i Qeveris\u00eb malazeze konfirmoi se edhe pse Parisi vazhdon ta demotivoj\u00eb p\u00ebrpjekjen e tyre, Podgorica vler\u00ebson se tani \u00ebsht\u00eb momenti i v\u00ebrtet\u00eb, sepse vendi ka plot\u00ebsuar mjaft kushte n\u00eb k\u00ebt\u00eb drejtim.<br \/>\n\u201cAta edhe m\u00eb tej na paralajm\u00ebrojn\u00eb t\u00eb mos marrim guxim t\u00eb aplikojm\u00eb gjat\u00eb presidenc\u00ebs franceze, por p\u00ebrgjigja jon\u00eb \u00ebsht\u00eb gjithnj\u00eb e nj\u00ebjt\u00eb: na pritni n\u00eb dhjetor\u00eb\u201d, thot\u00eb i nj\u00ebjti burim.<br \/>\nPor edhe Parisi ka planet e veta. Duke pasur parasysh festat e K\u00ebrsh\u00ebndellave dhe t\u00eb Vitit t\u00eb Ri, Franca nuk do t\u00eb jet\u00eb e obliguar t\u00eb nd\u00ebrmarr\u00eb ndonj\u00eb hap procedural, p\u00ebrve\u00e7 se dokumentin t\u2019ia dor\u00ebzoj\u00eb presidenc\u00ebs s\u00eb ardhshme \u00e7eke.<br \/>\n\u00c7ek\u00ebt nga ana tjet\u00ebr, jan\u00eb t\u00eb lumtur q\u00eb Ballkani Per\u00ebndimor\u00eb do t\u00eb jet\u00eb n\u00eb mesin e prioriteteve t\u00eb tyre dhe nuk e kund\u00ebrshtojn\u00eb aplikimin malazez, edhe pse jan\u00eb t\u00eb vet\u00ebdijsh\u00ebm se nuk do t\u00eb jet\u00eb leht\u00eb t\u00eb gjendet konsensus p\u00ebr k\u00ebt\u00eb \u00e7\u00ebshtje n\u00eb mesin e 27 vendeve an\u00ebtare.<br \/>\n\u201cP\u00ebr t\u2019i dh\u00ebn\u00eb mandat Komisionit, na nevojitet konsensus. E presim aplikimin, e pastaj do t\u00eb b\u00ebjm\u00eb p\u00ebrpjekje t\u00eb sigurojm\u00eb konsensus\u201d, deklaroi Juri Klasikov, an\u00ebtar\u00eb i misionit \u00c7ek n\u00eb BE.<br \/>\nDiplomat\u00eb per\u00ebndimor\u00eb paralajm\u00ebrojn\u00eb se ato vende q\u00eb nuk e p\u00eblqejn\u00eb iden\u00eb q\u00eb Mali i Zi t\u00eb b\u00ebhet kandidat para Serbis\u00eb, leht\u00eb do t\u00eb gjejn\u00eb shkas p\u00ebr ta prolonguar vendimin. Ata thon\u00eb se shum\u00eb vende si arsyetim do ta shfryt\u00ebzojn\u00eb raportin e fundit t\u00eb KE-s\u00eb n\u00eb t\u00eb cilin q\u00ebndron se Mali i Zi nuk e ka p\u00ebrfunduar implementimin e MSA-s\u00eb.<br \/>\nVendi i vet\u00ebm n\u00eb BE q\u00eb haptazi i p\u00ebrkrah\u00eb aspiratat e Malit t\u00eb Zi \u00ebsht\u00eb Sllovenia.<br \/>\n\u201cSllovenia fuqimisht e p\u00ebrkrah\u00eb Malin e Zi sepse vler\u00ebsojm\u00eb se i t\u00ebr\u00eb Ballkani Per\u00ebndimor\u00eb duhet t\u00eb p\u00ebrparoj\u00eb drejt BE-s\u00eb sa m\u00eb shpejt\u00eb q\u00eb \u00ebsht\u00eb e mundshme\u201d, deklaroi ministri i pun\u00ebve t\u00eb jashtme, Dimitrij Rupel. Megjithat\u00eb, diplomat\u00ebt slloven kan\u00eb frik\u00eb se tani p\u00ebr tani jan\u00eb t\u00eb vetmuar me nj\u00eb q\u00ebndrim t\u00eb till\u00eb. Burime nga Lubjana thon\u00eb se \u201catmosfera nuk \u00ebsht\u00eb shum\u00eb e lakmueshme p\u00ebr Malin e Zi. Do t\u00eb jet\u00eb v\u00ebshtir\u00eb t\u00eb arrihet konsensus 27 vendeve an\u00ebtare p\u00ebr procesuim t\u00eb aplikimit malazez dhe t\u2019i mund\u00ebsohet ecje p\u00ebrpara, deri sa Serbia stagnon&#8221;.<br \/>\nT\u00eb nj\u00ebjtat burime deklarojn\u00eb se ato vende t\u00eb cilat nuk e p\u00eblqejn\u00eb iden\u00eb q\u00eb vende tjera t\u00eb rajonit ta kalojn\u00eb Serbin\u00eb n\u00eb procesin eurointegrues, do t\u00eb gjejn\u00eb arsyetime t\u00eb ndryshme q\u00eb aplikimi t\u00eb mos marr\u00eb p\u00ebrgjigje pozitive. Ato supozojn\u00eb se disa vende do t\u00eb thon\u00eb se Podgorica nuk e ka implementuar n\u00eb t\u00ebr\u00ebsi MSA-n\u00eb, kurse disa do t\u00eb arsyetohen me korniz\u00ebn e pamjaftueshme institucionale p\u00ebr zgjerimin e BE-s\u00eb. Parashikimet e k\u00ebtyre burimeve jan\u00eb se ndonj\u00eb form\u00eb e \u201cmarr\u00ebveshjes s\u00eb kusht\u00ebzuar\u201d \u00ebsht\u00eb maksimumi q\u00eb mundet ta pres\u00eb Mali i Zi n\u00eb vitin 2009.<br \/>\n<strong>Lajmpress<\/strong><\/p>\n","protected":false},"excerpt":{"rendered":"<p>Lider\u00ebt e Malit t\u00eb Zi thon\u00eb se k\u00ebt\u00eb vit do t\u00eb aplikojn\u00eb p\u00ebr status t\u00eb kandidatit n\u00eb BE, pa marr\u00eb parasysh se entuziazmin e nj\u00ebjt\u00eb nuk e tregon edhe Brukseli, posa\u00e7\u00ebrisht kryesimi francez, q\u00eb edhe duhet ta pranoj\u00eb aplikimin. \u201cEkzistojn\u00eb shum\u00eb kritere q\u00eb duhet t\u00eb plot\u00ebsohen, e ndoshta Mali i Zi nuk i plot\u00ebson t\u00eb [&hellip;]<\/p>\n","protected":false},"author":1,"featured_media":0,"comment_status":"open","ping_status":"closed","sticky":false,"template":"","format":"standard","meta":{"spay_email":"","jetpack_publicize_message":"","jetpack_is_tweetstorm":false,"jetpack_publicize_feature_enabled":true},"categories":[1],"tags":[2479,95,2568],"jetpack_publicize_connections":[],"yoast_head":"<!-- This site is optimized with the Yoast SEO plugin v19.1 - https:\/\/yoast.com\/wordpress\/plugins\/seo\/ -->\n<title>Podgorica rrezikon me k\u00ebrc\u00ebnimet franceze - Lajme nga Ulqini<\/title>\n<meta name=\"description\" content=\"Lider\u00ebt e Malit t\u00eb Zi thon\u00eb se k\u00ebt\u00eb vit do t\u00eb aplikojn\u00eb p\u00ebr status t\u00eb kandidatit n\u00eb BE, pa marr\u00eb parasysh se entuziazmin e nj\u00ebjt\u00eb nuk e tregon edhe\" \/>\n<meta name=\"robots\" content=\"index, follow, max-snippet:-1, max-image-preview:large, max-video-preview:-1\" \/>\n<link rel=\"canonical\" href=\"https:\/\/www.visit-ulcinj.com\/blog\/2008\/11\/24\/podgorica-rrezikon-me-kercenimet-franceze\/\" \/>\n<meta property=\"og:locale\" content=\"en_US\" \/>\n<meta property=\"og:type\" content=\"article\" \/>\n<meta property=\"og:title\" content=\"Podgorica rrezikon me k\u00ebrc\u00ebnimet franceze - Lajme nga Ulqini\" \/>\n<meta property=\"og:description\" content=\"Lider\u00ebt e Malit t\u00eb Zi thon\u00eb se k\u00ebt\u00eb vit do t\u00eb aplikojn\u00eb p\u00ebr status t\u00eb kandidatit n\u00eb BE, pa marr\u00eb parasysh se entuziazmin e nj\u00ebjt\u00eb nuk e tregon edhe\" \/>\n<meta property=\"og:url\" content=\"https:\/\/www.visit-ulcinj.com\/blog\/2008\/11\/24\/podgorica-rrezikon-me-kercenimet-franceze\/\" \/>\n<meta property=\"og:site_name\" content=\"Lajme nga Ulqini\" \/>\n<meta property=\"article:published_time\" content=\"2008-11-24T16:45:55+00:00\" \/>\n<meta property=\"og:image\" content=\"http:\/\/www.visit-ulcinj.com\/blog\/wp-content\/uploads\/2008\/11\/milo-djukanovic-212x300.jpg\" \/>\n<meta name=\"twitter:label1\" content=\"Written by\" \/>\n\t<meta name=\"twitter:data1\" content=\"ulqini\" \/>\n\t<meta name=\"twitter:label2\" content=\"Est. reading time\" \/>\n\t<meta name=\"twitter:data2\" content=\"5 minutes\" \/>\n<script type=\"application\/ld+json\" class=\"yoast-schema-graph\">{\"@context\":\"https:\/\/schema.org\",\"@graph\":[{\"@type\":\"WebSite\",\"@id\":\"https:\/\/www.visit-ulcinj.com\/blog\/#website\",\"url\":\"https:\/\/www.visit-ulcinj.com\/blog\/\",\"name\":\"Lajme nga Ulqini\",\"description\":\"Lajme,Vijesti,Ulqini,Ulqin,Crna Gora,Mali i Zi\",\"potentialAction\":[{\"@type\":\"SearchAction\",\"target\":{\"@type\":\"EntryPoint\",\"urlTemplate\":\"https:\/\/www.visit-ulcinj.com\/blog\/?s={search_term_string}\"},\"query-input\":\"required name=search_term_string\"}],\"inLanguage\":\"en-US\"},{\"@type\":\"ImageObject\",\"inLanguage\":\"en-US\",\"@id\":\"https:\/\/www.visit-ulcinj.com\/blog\/2008\/11\/24\/podgorica-rrezikon-me-kercenimet-franceze\/#primaryimage\",\"url\":\"http:\/\/www.visit-ulcinj.com\/blog\/wp-content\/uploads\/2008\/11\/milo-djukanovic-212x300.jpg\",\"contentUrl\":\"http:\/\/www.visit-ulcinj.com\/blog\/wp-content\/uploads\/2008\/11\/milo-djukanovic-212x300.jpg\"},{\"@type\":\"WebPage\",\"@id\":\"https:\/\/www.visit-ulcinj.com\/blog\/2008\/11\/24\/podgorica-rrezikon-me-kercenimet-franceze\/#webpage\",\"url\":\"https:\/\/www.visit-ulcinj.com\/blog\/2008\/11\/24\/podgorica-rrezikon-me-kercenimet-franceze\/\",\"name\":\"Podgorica rrezikon me k\u00ebrc\u00ebnimet franceze - Lajme nga Ulqini\",\"isPartOf\":{\"@id\":\"https:\/\/www.visit-ulcinj.com\/blog\/#website\"},\"primaryImageOfPage\":{\"@id\":\"https:\/\/www.visit-ulcinj.com\/blog\/2008\/11\/24\/podgorica-rrezikon-me-kercenimet-franceze\/#primaryimage\"},\"datePublished\":\"2008-11-24T16:45:55+00:00\",\"dateModified\":\"2008-11-24T16:45:55+00:00\",\"author\":{\"@id\":\"https:\/\/www.visit-ulcinj.com\/blog\/#\/schema\/person\/dcab619c614d3038751c63bc2aadc06d\"},\"description\":\"Lider\u00ebt e Malit t\u00eb Zi thon\u00eb se k\u00ebt\u00eb vit do t\u00eb aplikojn\u00eb p\u00ebr status t\u00eb kandidatit n\u00eb BE, pa marr\u00eb parasysh se entuziazmin e nj\u00ebjt\u00eb nuk e tregon edhe\",\"breadcrumb\":{\"@id\":\"https:\/\/www.visit-ulcinj.com\/blog\/2008\/11\/24\/podgorica-rrezikon-me-kercenimet-franceze\/#breadcrumb\"},\"inLanguage\":\"en-US\",\"potentialAction\":[{\"@type\":\"ReadAction\",\"target\":[\"https:\/\/www.visit-ulcinj.com\/blog\/2008\/11\/24\/podgorica-rrezikon-me-kercenimet-franceze\/\"]}]},{\"@type\":\"BreadcrumbList\",\"@id\":\"https:\/\/www.visit-ulcinj.com\/blog\/2008\/11\/24\/podgorica-rrezikon-me-kercenimet-franceze\/#breadcrumb\",\"itemListElement\":[{\"@type\":\"ListItem\",\"position\":1,\"name\":\"Podgorica rrezikon me k\u00ebrc\u00ebnimet franceze\"}]},{\"@type\":\"Person\",\"@id\":\"https:\/\/www.visit-ulcinj.com\/blog\/#\/schema\/person\/dcab619c614d3038751c63bc2aadc06d\",\"name\":\"ulqini\",\"sameAs\":[\"http:\/\/www.visit-ulcinj.com\"],\"url\":\"https:\/\/www.visit-ulcinj.com\/blog\/author\/admin\/\"}]}<\/script>\n<!-- \/ Yoast SEO plugin. -->","yoast_head_json":{"title":"Podgorica rrezikon me k\u00ebrc\u00ebnimet franceze - Lajme nga Ulqini","description":"Lider\u00ebt e Malit t\u00eb Zi thon\u00eb se k\u00ebt\u00eb vit do t\u00eb aplikojn\u00eb p\u00ebr status t\u00eb kandidatit n\u00eb BE, pa marr\u00eb parasysh se entuziazmin e nj\u00ebjt\u00eb nuk e tregon edhe","robots":{"index":"index","follow":"follow","max-snippet":"max-snippet:-1","max-image-preview":"max-image-preview:large","max-video-preview":"max-video-preview:-1"},"canonical":"https:\/\/www.visit-ulcinj.com\/blog\/2008\/11\/24\/podgorica-rrezikon-me-kercenimet-franceze\/","og_locale":"en_US","og_type":"article","og_title":"Podgorica rrezikon me k\u00ebrc\u00ebnimet franceze - Lajme nga Ulqini","og_description":"Lider\u00ebt e Malit t\u00eb Zi thon\u00eb se k\u00ebt\u00eb vit do t\u00eb aplikojn\u00eb p\u00ebr status t\u00eb kandidatit n\u00eb BE, pa marr\u00eb parasysh se entuziazmin e nj\u00ebjt\u00eb nuk e tregon edhe","og_url":"https:\/\/www.visit-ulcinj.com\/blog\/2008\/11\/24\/podgorica-rrezikon-me-kercenimet-franceze\/","og_site_name":"Lajme nga Ulqini","article_published_time":"2008-11-24T16:45:55+00:00","og_image":[{"url":"http:\/\/www.visit-ulcinj.com\/blog\/wp-content\/uploads\/2008\/11\/milo-djukanovic-212x300.jpg"}],"twitter_misc":{"Written by":"ulqini","Est. reading time":"5 minutes"},"schema":{"@context":"https:\/\/schema.org","@graph":[{"@type":"WebSite","@id":"https:\/\/www.visit-ulcinj.com\/blog\/#website","url":"https:\/\/www.visit-ulcinj.com\/blog\/","name":"Lajme nga Ulqini","description":"Lajme,Vijesti,Ulqini,Ulqin,Crna Gora,Mali i Zi","potentialAction":[{"@type":"SearchAction","target":{"@type":"EntryPoint","urlTemplate":"https:\/\/www.visit-ulcinj.com\/blog\/?s={search_term_string}"},"query-input":"required name=search_term_string"}],"inLanguage":"en-US"},{"@type":"ImageObject","inLanguage":"en-US","@id":"https:\/\/www.visit-ulcinj.com\/blog\/2008\/11\/24\/podgorica-rrezikon-me-kercenimet-franceze\/#primaryimage","url":"http:\/\/www.visit-ulcinj.com\/blog\/wp-content\/uploads\/2008\/11\/milo-djukanovic-212x300.jpg","contentUrl":"http:\/\/www.visit-ulcinj.com\/blog\/wp-content\/uploads\/2008\/11\/milo-djukanovic-212x300.jpg"},{"@type":"WebPage","@id":"https:\/\/www.visit-ulcinj.com\/blog\/2008\/11\/24\/podgorica-rrezikon-me-kercenimet-franceze\/#webpage","url":"https:\/\/www.visit-ulcinj.com\/blog\/2008\/11\/24\/podgorica-rrezikon-me-kercenimet-franceze\/","name":"Podgorica rrezikon me k\u00ebrc\u00ebnimet franceze - Lajme nga Ulqini","isPartOf":{"@id":"https:\/\/www.visit-ulcinj.com\/blog\/#website"},"primaryImageOfPage":{"@id":"https:\/\/www.visit-ulcinj.com\/blog\/2008\/11\/24\/podgorica-rrezikon-me-kercenimet-franceze\/#primaryimage"},"datePublished":"2008-11-24T16:45:55+00:00","dateModified":"2008-11-24T16:45:55+00:00","author":{"@id":"https:\/\/www.visit-ulcinj.com\/blog\/#\/schema\/person\/dcab619c614d3038751c63bc2aadc06d"},"description":"Lider\u00ebt e Malit t\u00eb Zi thon\u00eb se k\u00ebt\u00eb vit do t\u00eb aplikojn\u00eb p\u00ebr status t\u00eb kandidatit n\u00eb BE, pa marr\u00eb parasysh se entuziazmin e nj\u00ebjt\u00eb nuk e tregon edhe","breadcrumb":{"@id":"https:\/\/www.visit-ulcinj.com\/blog\/2008\/11\/24\/podgorica-rrezikon-me-kercenimet-franceze\/#breadcrumb"},"inLanguage":"en-US","potentialAction":[{"@type":"ReadAction","target":["https:\/\/www.visit-ulcinj.com\/blog\/2008\/11\/24\/podgorica-rrezikon-me-kercenimet-franceze\/"]}]},{"@type":"BreadcrumbList","@id":"https:\/\/www.visit-ulcinj.com\/blog\/2008\/11\/24\/podgorica-rrezikon-me-kercenimet-franceze\/#breadcrumb","itemListElement":[{"@type":"ListItem","position":1,"name":"Podgorica rrezikon me k\u00ebrc\u00ebnimet franceze"}]},{"@type":"Person","@id":"https:\/\/www.visit-ulcinj.com\/blog\/#\/schema\/person\/dcab619c614d3038751c63bc2aadc06d","name":"ulqini","sameAs":["http:\/\/www.visit-ulcinj.com"],"url":"https:\/\/www.visit-ulcinj.com\/blog\/author\/admin\/"}]}},"jetpack_featured_media_url":"","jetpack_sharing_enabled":true,"jetpack_shortlink":"https:\/\/wp.me\/pe6lTn-1Ib","_links":{"self":[{"href":"https:\/\/www.visit-ulcinj.com\/blog\/wp-json\/wp\/v2\/posts\/6583"}],"collection":[{"href":"https:\/\/www.visit-ulcinj.com\/blog\/wp-json\/wp\/v2\/posts"}],"about":[{"href":"https:\/\/www.visit-ulcinj.com\/blog\/wp-json\/wp\/v2\/types\/post"}],"author":[{"embeddable":true,"href":"https:\/\/www.visit-ulcinj.com\/blog\/wp-json\/wp\/v2\/users\/1"}],"replies":[{"embeddable":true,"href":"https:\/\/www.visit-ulcinj.com\/blog\/wp-json\/wp\/v2\/comments?post=6583"}],"version-history":[{"count":0,"href":"https:\/\/www.visit-ulcinj.com\/blog\/wp-json\/wp\/v2\/posts\/6583\/revisions"}],"wp:attachment":[{"href":"https:\/\/www.visit-ulcinj.com\/blog\/wp-json\/wp\/v2\/media?parent=6583"}],"wp:term":[{"taxonomy":"category","embeddable":true,"href":"https:\/\/www.visit-ulcinj.com\/blog\/wp-json\/wp\/v2\/categories?post=6583"},{"taxonomy":"post_tag","embeddable":true,"href":"https:\/\/www.visit-ulcinj.com\/blog\/wp-json\/wp\/v2\/tags?post=6583"}],"curies":[{"name":"wp","href":"https:\/\/api.w.org\/{rel}","templated":true}]}}