{"id":65847,"date":"2012-11-18T15:33:51","date_gmt":"2012-11-18T14:33:51","guid":{"rendered":"http:\/\/www.visit-ulcinj.com\/blog\/?p=65847"},"modified":"2012-11-18T15:34:15","modified_gmt":"2012-11-18T14:34:15","slug":"sonte-promovimi-librit-pishtaret-e-lirise-te-autorit-gjylaver-avdiu","status":"publish","type":"post","link":"https:\/\/www.visit-ulcinj.com\/blog\/2012\/11\/18\/sonte-promovimi-librit-pishtaret-e-lirise-te-autorit-gjylaver-avdiu\/","title":{"rendered":"Sonte  promovimi  librit &#8220;Pishtar\u00ebt e Liris\u00eb&#8221; t\u00eb autorit Gjylaver Avdiu"},"content":{"rendered":"<p><a href=\"http:\/\/www.visit-ulcinj.com\/blog\/wp-content\/uploads\/2012\/11\/libri-Pishtar\u00ebt-e-Liris\u00eb-Gjylaver-Avdiu.jpg\"><img loading=\"lazy\" class=\"alignleft  wp-image-65848\" title=\"libri-Pishtar\u00ebt e Liris\u00eb-Gjylaver Avdiu\" src=\"http:\/\/www.visit-ulcinj.com\/blog\/wp-content\/uploads\/2012\/11\/libri-Pishtar\u00ebt-e-Liris\u00eb-Gjylaver-Avdiu.jpg\" alt=\"\" width=\"300\" height=\"350\" \/><\/a>Ftoheni t\u00eb merrni pjes\u00eb n\u00eb promovimin e librit &#8220;Pishtar\u00ebt e Liris\u00eb&#8221; t\u00eb autorit Gjylaver Avdiu.Promovimi do t\u00eb mbahet me dat\u00ebn 18.11.2012 n\u00eb Ostros t\u00eb Kraj\u00ebs n\u00eb ora 12:00 dhe n\u00eb ora 18:00 n\u00eb restorantin Diamant n\u00eb Kat\u00ebrkoll\u00eb.Pas promovimit t\u00eb librit mbr\u00ebmja do t\u00eb vazhdoj\u00eb m\u00eb k\u00ebng\u00eb e valle p\u00ebr nder t\u00eb 100-Vjetorit t\u00eb Pavar\u00ebsis\u00eb s\u00eb Shqip\u00ebris\u00eb.Jeni t\u00eb mir\u00ebseardhur!<\/p>\n<p><strong><a id=\"js_7\" href=\"https:\/\/www.facebook.com\/flower.avdiu\" data-hovercard=\"\/ajax\/hovercard\/user.php?id=100000604003955\">Flower Avdiu<\/a> Facebook<\/strong><\/p>\n<p>Mekanizmat e asaj kohe t\u00eb pakoh\u00eb Gjylaver Avdiun e denuan me 21 gusht 1983 me procedur\u00eb t\u00eb shpejt\u00eb me dy muaj burg, menj\u00ebher\u00eb pas daljes i ngriten padi penale dhe gjygji i qarkut t\u00eb Titogradit e d\u00ebnoi me dy vjet burg n\u00eb burgun<\/p>\n<div>e Spuzhes.Pas lirimit nga burgu n\u00eb vitin 1986 e pa t\u00eb pamundur ekzistencen e tij n\u00eb vendin e lindjes n\u00eb Sukubin\u00eb dhe duke e ditur se nuk e kishte t\u00eb mundur t\u00eb jepte kontribut n\u00eb vendlindje, me 9 maj 1986 m\u00ebrgon p\u00ebr n\u00eb Sh.B.A.N\u00eb Sh.B.A u angazhua n\u00eb klubin &#8220;Jusuf G\u00ebrvalla&#8221;i cili ishte bart\u00ebs i aktiviteteve p\u00ebr \u00e7\u00ebshtjen komb\u00ebtare n\u00eb diasporen e Nju Jorkut.Ka udh\u00ebhequr disa demonstrata t\u00eb cilat n\u00eb at\u00eb koh\u00eb organizoheshin n\u00eb p\u00ebrkrahje t\u00eb k\u00ebrkesave t\u00eb Kosov\u00ebs n\u00eb Nju Jork dhe Washington D.C.Nj\u00eb kontribut i tij \u00ebsht\u00eb edhe d\u00ebshmia q\u00eb dha n\u00eb vitin 1988 para K\u00cbSHILLIT P\u00cbR MBROJTJEN E T\u00cb DREJTAVE T\u00cb NJERIUT t\u00eb Kongresit dhe Senatit Amerikan, ku ishte i ftuar si ish i burgosur politik n\u00eb ish Jugosllavi.<\/div>\n<div><a href=\"http:\/\/www.visit-ulcinj.com\/blog\/wp-content\/uploads\/2012\/11\/Gjylaver-Avdiu.jpg\"><img loading=\"lazy\" class=\"alignleft size-full wp-image-65849\" title=\"Gjylaver Avdiu\" src=\"http:\/\/www.visit-ulcinj.com\/blog\/wp-content\/uploads\/2012\/11\/Gjylaver-Avdiu.jpg\" alt=\"\" width=\"256\" height=\"347\" srcset=\"https:\/\/www.visit-ulcinj.com\/blog\/wp-content\/uploads\/2012\/11\/Gjylaver-Avdiu.jpg 256w, https:\/\/www.visit-ulcinj.com\/blog\/wp-content\/uploads\/2012\/11\/Gjylaver-Avdiu-221x300.jpg 221w\" sizes=\"(max-width: 256px) 100vw, 256px\" \/><\/a>Elaborimi i tij sidomos p\u00ebr keqp\u00ebrdorim t\u00eb nenit 133, p\u00ebr propaganda me goj\u00eb n\u00eb baz\u00eb t\u00eb t\u00eb cilit d\u00ebnoheshin shqiptar\u00ebt n\u00eb ish Jugosllavi b\u00ebri buj\u00eb, dhe si\u00e7 deklaruan disa kongresmen dhe senator ishte nd\u00ebr shkaqet q\u00eb administrata amerikane t\u00eb b\u00ebj\u00eb presion ndaj qarqeve jugosllave, t\u00eb cil\u00ebt pas dy viteve u detzruan ta heqin.Me daljen ne sken\u00eb t\u00eb U\u00c7K-s\u00eb n\u00eb vitin 1998 puna e veprimtar\u00ebve shqiptar\u00eb n\u00eb diaspore u koncentrua kryesisht n\u00eb mbledhjen e ndihmave p\u00ebr p\u00ebrkrahjen e luft\u00ebs s\u00eb U.\u00c7.K-s\u00eb k\u00ebshtu q\u00eb megjithse nuk i donte titujt, e em\u00ebruan sekretar t\u00eb fondit \u201cVendlindja th\u00ebrret\u201d, n\u00eb Queens e Brooklyn, ku si\u00e7 dihet ndihma e k\u00ebti fondi ka qen\u00eb jetike p\u00ebr U.\u00c7.K.-n\u00eb.Pas mbarimit t\u00eb luft\u00ebs n\u00eb Kosov\u00eb, e pasi q\u00eb me ngadh\u00ebnjimin e demokracis\u00eb edhe situata p\u00ebr shqiptar\u00ebt n\u00eb Mal t\u00eb Zi pak a shum\u00eb kishte ndryshuar, me 1 korrik t\u00eb vitit 2000 s\u00ebbashku me familjen u largua nga Amerika dhe u kthye n\u00eb Ulqin.Megjithse sot jo fort i ri n\u00eb mosh\u00eb, \u00ebsht\u00eb i angazhuar p\u00ebr t\u00eb dh\u00ebn\u00eb kontributin n\u00eb vendlindje, sidomos \u00ebsht\u00eb aktiv n\u00eb shoqat\u00ebn e ish t\u00eb burgosurve dhe t\u00eb p\u00ebrndjekurve politik shqiptar n\u00eb Mal t\u00eb Zi.<\/div>\n<div><\/div>\n<div>\n<p><strong><a id=\"js_7\" href=\"https:\/\/www.facebook.com\/flower.avdiu\" data-hovercard=\"\/ajax\/hovercard\/user.php?id=100000604003955\">Flower Avdiu<\/a> Facebook<\/strong><\/p>\n<\/div>\n","protected":false},"excerpt":{"rendered":"<p>Ftoheni t\u00eb merrni pjes\u00eb n\u00eb promovimin e librit &#8220;Pishtar\u00ebt e Liris\u00eb&#8221; t\u00eb autorit Gjylaver Avdiu.Promovimi do t\u00eb mbahet me dat\u00ebn 18.11.2012 n\u00eb Ostros t\u00eb Kraj\u00ebs n\u00eb ora 12:00 dhe n\u00eb ora 18:00 n\u00eb restorantin Diamant n\u00eb Kat\u00ebrkoll\u00eb.Pas promovimit t\u00eb librit mbr\u00ebmja do t\u00eb vazhdoj\u00eb m\u00eb k\u00ebng\u00eb e valle p\u00ebr nder t\u00eb 100-Vjetorit t\u00eb Pavar\u00ebsis\u00eb s\u00eb [&hellip;]<\/p>\n","protected":false},"author":1,"featured_media":0,"comment_status":"open","ping_status":"closed","sticky":false,"template":"","format":"standard","meta":{"spay_email":"","jetpack_publicize_message":"","jetpack_is_tweetstorm":false,"jetpack_publicize_feature_enabled":true},"categories":[4],"tags":[212,17828,17834,18370,17811,20884,7930,17831,18362,14353,17808,14354,12340,17840,17839,18363,17835,17814,17810,17816,17071,17807,21468,21469,3516,14652,17837,17827,21416,14358,222,17802,17812,17803,21482,17820,17825,4187,17817,17805,3169,305,840,17823,17832,3506,17818,214,17680,14362,14363,18371,8626,3507,730,21471,17800,498,3500,21421,115,14364,21418,17799,3327,17841,17826,15213,18236,3512,17806,18399,11648,18289,17838,95,21427,17813,17804,15141,347,19495,17836,14366,79,17073,18294,318,118,18368,18369,21481,21417,1653,21420,21426,21419,1909,21483,14367,17801,21470,18360,21484,21485,17822,14368,14369,17824,14370,18291,16228,2083,3231,14371,41,3617,3722,14372,17844,17821,18372,17830,17077,18295,14375,17833,17829,899,200,18,17819,17809,4265,14376],"jetpack_publicize_connections":[],"yoast_head":"<!-- This site is optimized with the Yoast SEO plugin v19.1 - https:\/\/yoast.com\/wordpress\/plugins\/seo\/ -->\n<title>Sonte promovimi librit &quot;Pishtar\u00ebt e Liris\u00eb&quot; t\u00eb autorit Gjylaver Avdiu - Lajme nga Ulqini<\/title>\n<meta name=\"description\" content=\"Ftoheni t\u00eb merrni pjes\u00eb n\u00eb promovimin e librit &quot;Pishtar\u00ebt e Liris\u00eb&quot; t\u00eb autorit Gjylaver Avdiu.Promovimi do t\u00eb mbahet me dat\u00ebn 18.11.2012 n\u00eb Ostros t\u00eb\" \/>\n<meta name=\"robots\" content=\"index, follow, max-snippet:-1, max-image-preview:large, max-video-preview:-1\" \/>\n<link rel=\"canonical\" href=\"https:\/\/www.visit-ulcinj.com\/blog\/2012\/11\/18\/sonte-promovimi-librit-pishtaret-e-lirise-te-autorit-gjylaver-avdiu\/\" \/>\n<meta property=\"og:locale\" content=\"en_US\" \/>\n<meta property=\"og:type\" content=\"article\" \/>\n<meta property=\"og:title\" content=\"Sonte promovimi librit &quot;Pishtar\u00ebt e Liris\u00eb&quot; t\u00eb autorit Gjylaver Avdiu - Lajme nga Ulqini\" \/>\n<meta property=\"og:description\" content=\"Ftoheni t\u00eb merrni pjes\u00eb n\u00eb promovimin e librit &quot;Pishtar\u00ebt e Liris\u00eb&quot; t\u00eb autorit Gjylaver Avdiu.Promovimi do t\u00eb mbahet me dat\u00ebn 18.11.2012 n\u00eb Ostros t\u00eb\" \/>\n<meta property=\"og:url\" content=\"https:\/\/www.visit-ulcinj.com\/blog\/2012\/11\/18\/sonte-promovimi-librit-pishtaret-e-lirise-te-autorit-gjylaver-avdiu\/\" \/>\n<meta property=\"og:site_name\" content=\"Lajme nga Ulqini\" \/>\n<meta property=\"article:published_time\" content=\"2012-11-18T14:33:51+00:00\" \/>\n<meta property=\"article:modified_time\" content=\"2012-11-18T14:34:15+00:00\" \/>\n<meta property=\"og:image\" content=\"http:\/\/www.visit-ulcinj.com\/blog\/wp-content\/uploads\/2012\/11\/Gjylaver-Avdiu.jpg\" \/>\n<meta name=\"twitter:label1\" content=\"Written by\" \/>\n\t<meta name=\"twitter:data1\" content=\"ulqini\" \/>\n\t<meta name=\"twitter:label2\" content=\"Est. reading time\" \/>\n\t<meta name=\"twitter:data2\" content=\"2 minutes\" \/>\n<script type=\"application\/ld+json\" class=\"yoast-schema-graph\">{\"@context\":\"https:\/\/schema.org\",\"@graph\":[{\"@type\":\"WebSite\",\"@id\":\"https:\/\/www.visit-ulcinj.com\/blog\/#website\",\"url\":\"https:\/\/www.visit-ulcinj.com\/blog\/\",\"name\":\"Lajme nga Ulqini\",\"description\":\"Lajme,Vijesti,Ulqini,Ulqin,Crna Gora,Mali i Zi\",\"potentialAction\":[{\"@type\":\"SearchAction\",\"target\":{\"@type\":\"EntryPoint\",\"urlTemplate\":\"https:\/\/www.visit-ulcinj.com\/blog\/?s={search_term_string}\"},\"query-input\":\"required name=search_term_string\"}],\"inLanguage\":\"en-US\"},{\"@type\":\"ImageObject\",\"inLanguage\":\"en-US\",\"@id\":\"https:\/\/www.visit-ulcinj.com\/blog\/2012\/11\/18\/sonte-promovimi-librit-pishtaret-e-lirise-te-autorit-gjylaver-avdiu\/#primaryimage\",\"url\":\"https:\/\/www.visit-ulcinj.com\/blog\/wp-content\/uploads\/2012\/11\/Gjylaver-Avdiu.jpg\",\"contentUrl\":\"https:\/\/www.visit-ulcinj.com\/blog\/wp-content\/uploads\/2012\/11\/Gjylaver-Avdiu.jpg\",\"width\":\"256\",\"height\":\"347\"},{\"@type\":\"WebPage\",\"@id\":\"https:\/\/www.visit-ulcinj.com\/blog\/2012\/11\/18\/sonte-promovimi-librit-pishtaret-e-lirise-te-autorit-gjylaver-avdiu\/#webpage\",\"url\":\"https:\/\/www.visit-ulcinj.com\/blog\/2012\/11\/18\/sonte-promovimi-librit-pishtaret-e-lirise-te-autorit-gjylaver-avdiu\/\",\"name\":\"Sonte promovimi librit \\\"Pishtar\u00ebt e Liris\u00eb\\\" t\u00eb autorit Gjylaver Avdiu - Lajme nga Ulqini\",\"isPartOf\":{\"@id\":\"https:\/\/www.visit-ulcinj.com\/blog\/#website\"},\"primaryImageOfPage\":{\"@id\":\"https:\/\/www.visit-ulcinj.com\/blog\/2012\/11\/18\/sonte-promovimi-librit-pishtaret-e-lirise-te-autorit-gjylaver-avdiu\/#primaryimage\"},\"datePublished\":\"2012-11-18T14:33:51+00:00\",\"dateModified\":\"2012-11-18T14:34:15+00:00\",\"author\":{\"@id\":\"https:\/\/www.visit-ulcinj.com\/blog\/#\/schema\/person\/dcab619c614d3038751c63bc2aadc06d\"},\"description\":\"Ftoheni t\u00eb merrni pjes\u00eb n\u00eb promovimin e librit \\\"Pishtar\u00ebt e Liris\u00eb\\\" t\u00eb autorit Gjylaver Avdiu.Promovimi do t\u00eb mbahet me dat\u00ebn 18.11.2012 n\u00eb Ostros t\u00eb\",\"breadcrumb\":{\"@id\":\"https:\/\/www.visit-ulcinj.com\/blog\/2012\/11\/18\/sonte-promovimi-librit-pishtaret-e-lirise-te-autorit-gjylaver-avdiu\/#breadcrumb\"},\"inLanguage\":\"en-US\",\"potentialAction\":[{\"@type\":\"ReadAction\",\"target\":[\"https:\/\/www.visit-ulcinj.com\/blog\/2012\/11\/18\/sonte-promovimi-librit-pishtaret-e-lirise-te-autorit-gjylaver-avdiu\/\"]}]},{\"@type\":\"BreadcrumbList\",\"@id\":\"https:\/\/www.visit-ulcinj.com\/blog\/2012\/11\/18\/sonte-promovimi-librit-pishtaret-e-lirise-te-autorit-gjylaver-avdiu\/#breadcrumb\",\"itemListElement\":[{\"@type\":\"ListItem\",\"position\":1,\"name\":\"Sonte promovimi librit &#8220;Pishtar\u00ebt e Liris\u00eb&#8221; t\u00eb autorit Gjylaver Avdiu\"}]},{\"@type\":\"Person\",\"@id\":\"https:\/\/www.visit-ulcinj.com\/blog\/#\/schema\/person\/dcab619c614d3038751c63bc2aadc06d\",\"name\":\"ulqini\",\"sameAs\":[\"http:\/\/www.visit-ulcinj.com\"],\"url\":\"https:\/\/www.visit-ulcinj.com\/blog\/author\/admin\/\"}]}<\/script>\n<!-- \/ Yoast SEO plugin. -->","yoast_head_json":{"title":"Sonte promovimi librit \"Pishtar\u00ebt e Liris\u00eb\" t\u00eb autorit Gjylaver Avdiu - Lajme nga Ulqini","description":"Ftoheni t\u00eb merrni pjes\u00eb n\u00eb promovimin e librit \"Pishtar\u00ebt e Liris\u00eb\" t\u00eb autorit Gjylaver Avdiu.Promovimi do t\u00eb mbahet me dat\u00ebn 18.11.2012 n\u00eb Ostros t\u00eb","robots":{"index":"index","follow":"follow","max-snippet":"max-snippet:-1","max-image-preview":"max-image-preview:large","max-video-preview":"max-video-preview:-1"},"canonical":"https:\/\/www.visit-ulcinj.com\/blog\/2012\/11\/18\/sonte-promovimi-librit-pishtaret-e-lirise-te-autorit-gjylaver-avdiu\/","og_locale":"en_US","og_type":"article","og_title":"Sonte promovimi librit \"Pishtar\u00ebt e Liris\u00eb\" t\u00eb autorit Gjylaver Avdiu - Lajme nga Ulqini","og_description":"Ftoheni t\u00eb merrni pjes\u00eb n\u00eb promovimin e librit \"Pishtar\u00ebt e Liris\u00eb\" t\u00eb autorit Gjylaver Avdiu.Promovimi do t\u00eb mbahet me dat\u00ebn 18.11.2012 n\u00eb Ostros t\u00eb","og_url":"https:\/\/www.visit-ulcinj.com\/blog\/2012\/11\/18\/sonte-promovimi-librit-pishtaret-e-lirise-te-autorit-gjylaver-avdiu\/","og_site_name":"Lajme nga Ulqini","article_published_time":"2012-11-18T14:33:51+00:00","article_modified_time":"2012-11-18T14:34:15+00:00","og_image":[{"url":"http:\/\/www.visit-ulcinj.com\/blog\/wp-content\/uploads\/2012\/11\/Gjylaver-Avdiu.jpg"}],"twitter_misc":{"Written by":"ulqini","Est. reading time":"2 minutes"},"schema":{"@context":"https:\/\/schema.org","@graph":[{"@type":"WebSite","@id":"https:\/\/www.visit-ulcinj.com\/blog\/#website","url":"https:\/\/www.visit-ulcinj.com\/blog\/","name":"Lajme nga Ulqini","description":"Lajme,Vijesti,Ulqini,Ulqin,Crna Gora,Mali i Zi","potentialAction":[{"@type":"SearchAction","target":{"@type":"EntryPoint","urlTemplate":"https:\/\/www.visit-ulcinj.com\/blog\/?s={search_term_string}"},"query-input":"required name=search_term_string"}],"inLanguage":"en-US"},{"@type":"ImageObject","inLanguage":"en-US","@id":"https:\/\/www.visit-ulcinj.com\/blog\/2012\/11\/18\/sonte-promovimi-librit-pishtaret-e-lirise-te-autorit-gjylaver-avdiu\/#primaryimage","url":"https:\/\/www.visit-ulcinj.com\/blog\/wp-content\/uploads\/2012\/11\/Gjylaver-Avdiu.jpg","contentUrl":"https:\/\/www.visit-ulcinj.com\/blog\/wp-content\/uploads\/2012\/11\/Gjylaver-Avdiu.jpg","width":"256","height":"347"},{"@type":"WebPage","@id":"https:\/\/www.visit-ulcinj.com\/blog\/2012\/11\/18\/sonte-promovimi-librit-pishtaret-e-lirise-te-autorit-gjylaver-avdiu\/#webpage","url":"https:\/\/www.visit-ulcinj.com\/blog\/2012\/11\/18\/sonte-promovimi-librit-pishtaret-e-lirise-te-autorit-gjylaver-avdiu\/","name":"Sonte promovimi librit \"Pishtar\u00ebt e Liris\u00eb\" t\u00eb autorit Gjylaver Avdiu - Lajme nga Ulqini","isPartOf":{"@id":"https:\/\/www.visit-ulcinj.com\/blog\/#website"},"primaryImageOfPage":{"@id":"https:\/\/www.visit-ulcinj.com\/blog\/2012\/11\/18\/sonte-promovimi-librit-pishtaret-e-lirise-te-autorit-gjylaver-avdiu\/#primaryimage"},"datePublished":"2012-11-18T14:33:51+00:00","dateModified":"2012-11-18T14:34:15+00:00","author":{"@id":"https:\/\/www.visit-ulcinj.com\/blog\/#\/schema\/person\/dcab619c614d3038751c63bc2aadc06d"},"description":"Ftoheni t\u00eb merrni pjes\u00eb n\u00eb promovimin e librit \"Pishtar\u00ebt e Liris\u00eb\" t\u00eb autorit Gjylaver Avdiu.Promovimi do t\u00eb mbahet me dat\u00ebn 18.11.2012 n\u00eb Ostros t\u00eb","breadcrumb":{"@id":"https:\/\/www.visit-ulcinj.com\/blog\/2012\/11\/18\/sonte-promovimi-librit-pishtaret-e-lirise-te-autorit-gjylaver-avdiu\/#breadcrumb"},"inLanguage":"en-US","potentialAction":[{"@type":"ReadAction","target":["https:\/\/www.visit-ulcinj.com\/blog\/2012\/11\/18\/sonte-promovimi-librit-pishtaret-e-lirise-te-autorit-gjylaver-avdiu\/"]}]},{"@type":"BreadcrumbList","@id":"https:\/\/www.visit-ulcinj.com\/blog\/2012\/11\/18\/sonte-promovimi-librit-pishtaret-e-lirise-te-autorit-gjylaver-avdiu\/#breadcrumb","itemListElement":[{"@type":"ListItem","position":1,"name":"Sonte promovimi librit &#8220;Pishtar\u00ebt e Liris\u00eb&#8221; t\u00eb autorit Gjylaver Avdiu"}]},{"@type":"Person","@id":"https:\/\/www.visit-ulcinj.com\/blog\/#\/schema\/person\/dcab619c614d3038751c63bc2aadc06d","name":"ulqini","sameAs":["http:\/\/www.visit-ulcinj.com"],"url":"https:\/\/www.visit-ulcinj.com\/blog\/author\/admin\/"}]}},"jetpack_featured_media_url":"","jetpack_sharing_enabled":true,"jetpack_shortlink":"https:\/\/wp.me\/pe6lTn-h83","_links":{"self":[{"href":"https:\/\/www.visit-ulcinj.com\/blog\/wp-json\/wp\/v2\/posts\/65847"}],"collection":[{"href":"https:\/\/www.visit-ulcinj.com\/blog\/wp-json\/wp\/v2\/posts"}],"about":[{"href":"https:\/\/www.visit-ulcinj.com\/blog\/wp-json\/wp\/v2\/types\/post"}],"author":[{"embeddable":true,"href":"https:\/\/www.visit-ulcinj.com\/blog\/wp-json\/wp\/v2\/users\/1"}],"replies":[{"embeddable":true,"href":"https:\/\/www.visit-ulcinj.com\/blog\/wp-json\/wp\/v2\/comments?post=65847"}],"version-history":[{"count":3,"href":"https:\/\/www.visit-ulcinj.com\/blog\/wp-json\/wp\/v2\/posts\/65847\/revisions"}],"predecessor-version":[{"id":65852,"href":"https:\/\/www.visit-ulcinj.com\/blog\/wp-json\/wp\/v2\/posts\/65847\/revisions\/65852"}],"wp:attachment":[{"href":"https:\/\/www.visit-ulcinj.com\/blog\/wp-json\/wp\/v2\/media?parent=65847"}],"wp:term":[{"taxonomy":"category","embeddable":true,"href":"https:\/\/www.visit-ulcinj.com\/blog\/wp-json\/wp\/v2\/categories?post=65847"},{"taxonomy":"post_tag","embeddable":true,"href":"https:\/\/www.visit-ulcinj.com\/blog\/wp-json\/wp\/v2\/tags?post=65847"}],"curies":[{"name":"wp","href":"https:\/\/api.w.org\/{rel}","templated":true}]}}