{"id":65853,"date":"2012-11-18T17:49:02","date_gmt":"2012-11-18T16:49:02","guid":{"rendered":"http:\/\/www.visit-ulcinj.com\/blog\/?p=65853"},"modified":"2012-11-18T18:17:04","modified_gmt":"2012-11-18T17:17:04","slug":"demokratski-front-ulcinja-apeluje-prijeti-epidemija","status":"publish","type":"post","link":"https:\/\/www.visit-ulcinj.com\/blog\/2012\/11\/18\/demokratski-front-ulcinja-apeluje-prijeti-epidemija\/","title":{"rendered":"Demokratski Front Ulcinja apeluje: Prijeti epidemija"},"content":{"rendered":"<p><strong><a href=\"http:\/\/www.visit-ulcinj.com\/blog\/wp-content\/uploads\/2012\/11\/DEMOKRATSKI-FRONT-ULCINJA.jpg\"><img loading=\"lazy\" class=\"alignleft  wp-image-65854\" title=\"DEMOKRATSKI FRONT ULCINJA\" src=\"http:\/\/www.visit-ulcinj.com\/blog\/wp-content\/uploads\/2012\/11\/DEMOKRATSKI-FRONT-ULCINJA.jpg\" alt=\"\" width=\"508\" height=\"316\" \/><\/a>Demokratski front ulcinja apeluje na ministarstvo prosvjete da uvede vanredni raspust<\/strong><\/p>\n<p><a href=\"http:\/\/www.visit-ulcinj.com\/blog\/wp-content\/uploads\/2012\/11\/Fatmir-Djeka_Luidj-Skrela-Ulcinj.jpg\"><img loading=\"lazy\" class=\"alignleft  wp-image-65855\" title=\"Fatmir Djeka_Luidj Skrela-Ulcinj\" src=\"http:\/\/www.visit-ulcinj.com\/blog\/wp-content\/uploads\/2012\/11\/Fatmir-Djeka_Luidj-Skrela-Ulcinj.jpg\" alt=\"\" width=\"300\" height=\"350\" \/><\/a>ULCINj \u2013 Demokratski front Ulcinja uputio je ju\u010de apel Ministarstvu prosvjete da u ulcinjske \u0161kole i vrti\u0107e uvede vanredni raspust zbog opasnosti od epidemije usled vi\u0161ednevne nesta\u0161ice vode, koja je uzrokovana isklju\u010denjem struje JP \u201eVodovod\u201d. U saop\u0161tenju za javnost tim povodom navodi se da je u najju\u017enijoj op\u0161tini vanredna situacija ne samo zbog nedostatka vode, ve\u0107 i zbog ugro\u017eenosti zdravstvenog stanja stanovni\u0161tva.<br \/>\n\u2013 Potrebno je zatra\u017eiti epidemiolo\u0161ku procjenu Instituta za javno zdravlje. Treba aktivirati krizni \u0161tab pri op\u0161tini koji \u0107e blagovremeno reagovati na sve posledice koje tek treba da se manifestuju. Predlog Fronta predsjedniku op\u0161tine je da se u svim krajevima ulcinjske op\u0161tine, prema dogovorenom rasporedu, isporu\u010duje tehni\u010dka voda u cisternama i pija\u0107a u kanisterima, jer i tu mo\u017eemo biti suo\u010deni s izbijanjem epidemije, naro\u010dito u kvartovima gdje je vodovodno-kanalizacioni sistem ina\u010de neadekvatan.<\/p>\n<p><a href=\"http:\/\/www.visit-ulcinj.com\/blog\/wp-content\/uploads\/2012\/11\/Zenka-_Luidj-Skrelja.jpg\"><img loading=\"lazy\" class=\"alignleft  wp-image-65861\" title=\"Zenka _Luidj Skrelja\" src=\"http:\/\/www.visit-ulcinj.com\/blog\/wp-content\/uploads\/2012\/11\/Zenka-_Luidj-Skrelja.jpg\" alt=\"\" width=\"300\" height=\"350\" \/><\/a>Preko lokalnih medija treba objaviti na\u010dine u\u0161tede teku\u0107e vode i pravila pona\u0161anja u ovako vanredniim uslovima. Treba podi\u0107i nivo aktivnosti u lokalnom Domu zdravlja i svakodnevno raditi epidemiolo\u0161ke skrininge u gradu, navodi se u saop\u0161tenju DF i dodaje da bi vanrednu situaciju najlak\u0161e bilo rije\u0161iti na na\u010din da se gra\u0111anima obezbijedi pravo da u 21. vijeku imaju teku\u0107u vodu. U Frontu smatraju da je uzrok vi\u0161ednevnog nedostatka vode, osim duga \u201eVodovoda\u201d Elektrodistribuciji (preko 200.000 eura) i obra\u010dun izme\u0111u lokalnih mo\u0107nika, direktora \u201eVodovoda\u201d i Elektrodistribucije.<br \/>\n\u2013 \u0110eka Fatmir, aktulni poslanik i vi\u0111eni budu\u0107i ministar za manjinska prava, trenutno i direktor ulcinjskog \u201eVodovoda\u201d, i nije ba\u0161 zainteresovan za nala\u017eenje novca za pla\u0107anje duga. S druge strane Ljoro Nreki\u0107, predsjednik OO DPS-a, odbornik u Skup\u0161tini op\u0161tine Ulcinj i do\u017eivotni direktor lokalne Elektrodistribucije, a vi\u0111eni budu\u0107i predsjednik op\u0161tine Ulcinj itekako je zainteresovan da postane predsjednik op\u0161tine Ulcinj, a \u0161to se ti\u010de nedostatka vode, jednako je zainteresovan koliko i \u0110eka. Ina\u010de, u krajevima gdje pomenuta gospoda \u017eive voda nije nestajala.<br \/>\n<a href=\"http:\/\/www.visit-ulcinj.com\/blog\/wp-content\/uploads\/2012\/11\/politicari-Ulcinja.2.jpg\"><img loading=\"lazy\" class=\"alignleft  wp-image-65856\" title=\"politicari-Ulcinja.2\" src=\"http:\/\/www.visit-ulcinj.com\/blog\/wp-content\/uploads\/2012\/11\/politicari-Ulcinja.2.jpg\" alt=\"\" width=\"300\" height=\"350\" \/><\/a>No, da bi Ljoro Nreki\u0107 bio izabran za predsjednika u planiranoj prekompoziciji vlasti, potrebna su mu \u010detiri odbornika \u0110ekine partije. Sve je bilo dogovoreno da je DPS, DP, LP koalicija osvijila apsolutnu ve\u0107inu na nedavnim parlamentarnim izborima. Po\u0161to ve\u0107ine nije bilo, u koaliciju su u\u0161le i ostale manjinske partije. Na taj na\u010din je ostala da visi ve\u0107 dogovorena prekompozicija vlasti u Ulcinju i dolazak Nreki\u0107a na funkciju predsjednika. Ni \u201eveliki\u201c DPS ne bi mogao biti toliko neprincipijelan da tra\u017ei od Nazifa Cungua da u\u0111e u vladu, a da ga smijeni na lokalnom nivou. Jedno je sigurno, \u0110eka nema para i zato predla\u017eemo da se u pla\u0107anje duga uklju\u010di vlada i da dug plati iz kasice \u201eeuro po euro\u201c ili kreditom Prve banke, za koji \u0107e upravo vlada dati garanciju. Ovo je poruka i ostalim gradovima gdje nije pobijedila DPS, DP koalicija i njen do\u017eivotni premijer, zaklju\u010duje se u saop\u0161tenju. <strong>M.K.<\/strong><\/p>\n<p><strong>Tarzan platio ratu duga za struju<\/strong><br \/>\nKako \u201eDan\u201c saznaje, predsjednik op\u0161tine Nazifa Cungu i ministar poljoprivrede Tarzan Milo\u0161evi\u0107 dogovorili su ju\u010de da to ministarstvo obezbijedi dio sredstava za pla\u0107anje duga Elektroprivredi.<br \/>\n\u2013 Dogovoreno je da se struja uklju\u010di nakon \u0161to se na ra\u010dun Elektroprivrede uplati rata po osnovu dugovanja. S obzirom na to da mi trenutno nijesmo imali sredstava, obratio sam se resornom ministarstvu i ministar je obe\u0107ao pomo\u0107. Uplatu o\u010dekujemo u toku dana, tako da \u0107e vodosnabdijevanje biti normalizovano &#8211; kazao je Cungu na\u0161em listu.<\/p>\n<p><strong>Voda prokapala sino\u0107<\/strong><br \/>\nUlcinjani su sino\u0107 dobili vodu, nakon \u0161to su predstavnici Elektroprivrede, lokalnog Vodovoda i Op\u0161tine postigli sporazum o naplati duga zbog \u010dega je ve\u0107ina izvori\u0161ta bila isklju\u010dena sa elektromre\u017ee. Portal \u201eVijesti\u201d je objavio da su iz Elektroprivrede zbog gra\u0111ana popustili u pregovorima i, umjesto 63.000 eura, od Vodovoda tra\u017eili pola tog iznosa \u0161to je bio preduslov za zaklju\u010denje novog protokola.<br \/>\n\u2013 Uplatili su nam 25.000 eura i do srijede obe\u0107ali jo\u0161 5.000. Tada \u0107emo se dogovoriti o novom protokolu i dinamici isplate preostalog duga, a da bismo pokazali korektnost ponudi\u0107emo im takozvano beskamatno kreditiranje na 30 mjeseci \u2013 rekli su u Elektroprivredi.<\/p>\n<p><strong>Izvor: DAN<\/strong><\/p>\n","protected":false},"excerpt":{"rendered":"<p>Demokratski front ulcinja apeluje na ministarstvo prosvjete da uvede vanredni raspust ULCINj \u2013 Demokratski front Ulcinja uputio je ju\u010de apel Ministarstvu prosvjete da u ulcinjske \u0161kole i vrti\u0107e uvede vanredni raspust zbog opasnosti od epidemije usled vi\u0161ednevne nesta\u0161ice vode, koja je uzrokovana isklju\u010denjem struje JP \u201eVodovod\u201d. U saop\u0161tenju za javnost tim povodom navodi se da [&hellip;]<\/p>\n","protected":false},"author":1,"featured_media":0,"comment_status":"open","ping_status":"closed","sticky":false,"template":"","format":"standard","meta":{"spay_email":"","jetpack_publicize_message":"","jetpack_is_tweetstorm":false,"jetpack_publicize_feature_enabled":true},"categories":[8337],"tags":[19],"jetpack_publicize_connections":[],"yoast_head":"<!-- This site is optimized with the Yoast SEO plugin v19.1 - https:\/\/yoast.com\/wordpress\/plugins\/seo\/ -->\n<title>Demokratski Front Ulcinja apeluje: Prijeti epidemija - Lajme nga Ulqini<\/title>\n<meta name=\"description\" content=\"Demokratski front ulcinja apeluje na ministarstvo prosvjete da uvede vanredni raspust ULCINj \u2013 Demokratski front Ulcinja uputio je ju\u010de apel Ministarstvu\" \/>\n<meta name=\"robots\" content=\"index, follow, max-snippet:-1, max-image-preview:large, max-video-preview:-1\" \/>\n<link rel=\"canonical\" href=\"https:\/\/www.visit-ulcinj.com\/blog\/2012\/11\/18\/demokratski-front-ulcinja-apeluje-prijeti-epidemija\/\" \/>\n<meta property=\"og:locale\" content=\"en_US\" \/>\n<meta property=\"og:type\" content=\"article\" \/>\n<meta property=\"og:title\" content=\"Demokratski Front Ulcinja apeluje: Prijeti epidemija - Lajme nga Ulqini\" \/>\n<meta property=\"og:description\" content=\"Demokratski front ulcinja apeluje na ministarstvo prosvjete da uvede vanredni raspust ULCINj \u2013 Demokratski front Ulcinja uputio je ju\u010de apel Ministarstvu\" \/>\n<meta property=\"og:url\" content=\"https:\/\/www.visit-ulcinj.com\/blog\/2012\/11\/18\/demokratski-front-ulcinja-apeluje-prijeti-epidemija\/\" \/>\n<meta property=\"og:site_name\" content=\"Lajme nga Ulqini\" \/>\n<meta property=\"article:published_time\" content=\"2012-11-18T16:49:02+00:00\" \/>\n<meta property=\"article:modified_time\" content=\"2012-11-18T17:17:04+00:00\" \/>\n<meta property=\"og:image\" content=\"http:\/\/www.visit-ulcinj.com\/blog\/wp-content\/uploads\/2012\/11\/DEMOKRATSKI-FRONT-ULCINJA.jpg\" \/>\n<meta name=\"twitter:label1\" content=\"Written by\" \/>\n\t<meta name=\"twitter:data1\" content=\"ulqini\" \/>\n\t<meta name=\"twitter:label2\" content=\"Est. reading time\" \/>\n\t<meta name=\"twitter:data2\" content=\"4 minutes\" \/>\n<script type=\"application\/ld+json\" class=\"yoast-schema-graph\">{\"@context\":\"https:\/\/schema.org\",\"@graph\":[{\"@type\":\"WebSite\",\"@id\":\"https:\/\/www.visit-ulcinj.com\/blog\/#website\",\"url\":\"https:\/\/www.visit-ulcinj.com\/blog\/\",\"name\":\"Lajme nga Ulqini\",\"description\":\"Lajme,Vijesti,Ulqini,Ulqin,Crna Gora,Mali i Zi\",\"potentialAction\":[{\"@type\":\"SearchAction\",\"target\":{\"@type\":\"EntryPoint\",\"urlTemplate\":\"https:\/\/www.visit-ulcinj.com\/blog\/?s={search_term_string}\"},\"query-input\":\"required name=search_term_string\"}],\"inLanguage\":\"en-US\"},{\"@type\":\"ImageObject\",\"inLanguage\":\"en-US\",\"@id\":\"https:\/\/www.visit-ulcinj.com\/blog\/2012\/11\/18\/demokratski-front-ulcinja-apeluje-prijeti-epidemija\/#primaryimage\",\"url\":\"https:\/\/www.visit-ulcinj.com\/blog\/wp-content\/uploads\/2012\/11\/DEMOKRATSKI-FRONT-ULCINJA.jpg\",\"contentUrl\":\"https:\/\/www.visit-ulcinj.com\/blog\/wp-content\/uploads\/2012\/11\/DEMOKRATSKI-FRONT-ULCINJA.jpg\",\"width\":\"519\",\"height\":\"316\"},{\"@type\":\"WebPage\",\"@id\":\"https:\/\/www.visit-ulcinj.com\/blog\/2012\/11\/18\/demokratski-front-ulcinja-apeluje-prijeti-epidemija\/#webpage\",\"url\":\"https:\/\/www.visit-ulcinj.com\/blog\/2012\/11\/18\/demokratski-front-ulcinja-apeluje-prijeti-epidemija\/\",\"name\":\"Demokratski Front Ulcinja apeluje: Prijeti epidemija - Lajme nga Ulqini\",\"isPartOf\":{\"@id\":\"https:\/\/www.visit-ulcinj.com\/blog\/#website\"},\"primaryImageOfPage\":{\"@id\":\"https:\/\/www.visit-ulcinj.com\/blog\/2012\/11\/18\/demokratski-front-ulcinja-apeluje-prijeti-epidemija\/#primaryimage\"},\"datePublished\":\"2012-11-18T16:49:02+00:00\",\"dateModified\":\"2012-11-18T17:17:04+00:00\",\"author\":{\"@id\":\"https:\/\/www.visit-ulcinj.com\/blog\/#\/schema\/person\/dcab619c614d3038751c63bc2aadc06d\"},\"description\":\"Demokratski front ulcinja apeluje na ministarstvo prosvjete da uvede vanredni raspust ULCINj \u2013 Demokratski front Ulcinja uputio je ju\u010de apel Ministarstvu\",\"breadcrumb\":{\"@id\":\"https:\/\/www.visit-ulcinj.com\/blog\/2012\/11\/18\/demokratski-front-ulcinja-apeluje-prijeti-epidemija\/#breadcrumb\"},\"inLanguage\":\"en-US\",\"potentialAction\":[{\"@type\":\"ReadAction\",\"target\":[\"https:\/\/www.visit-ulcinj.com\/blog\/2012\/11\/18\/demokratski-front-ulcinja-apeluje-prijeti-epidemija\/\"]}]},{\"@type\":\"BreadcrumbList\",\"@id\":\"https:\/\/www.visit-ulcinj.com\/blog\/2012\/11\/18\/demokratski-front-ulcinja-apeluje-prijeti-epidemija\/#breadcrumb\",\"itemListElement\":[{\"@type\":\"ListItem\",\"position\":1,\"name\":\"Demokratski Front Ulcinja apeluje: Prijeti epidemija\"}]},{\"@type\":\"Person\",\"@id\":\"https:\/\/www.visit-ulcinj.com\/blog\/#\/schema\/person\/dcab619c614d3038751c63bc2aadc06d\",\"name\":\"ulqini\",\"sameAs\":[\"http:\/\/www.visit-ulcinj.com\"],\"url\":\"https:\/\/www.visit-ulcinj.com\/blog\/author\/admin\/\"}]}<\/script>\n<!-- \/ Yoast SEO plugin. -->","yoast_head_json":{"title":"Demokratski Front Ulcinja apeluje: Prijeti epidemija - Lajme nga Ulqini","description":"Demokratski front ulcinja apeluje na ministarstvo prosvjete da uvede vanredni raspust ULCINj \u2013 Demokratski front Ulcinja uputio je ju\u010de apel Ministarstvu","robots":{"index":"index","follow":"follow","max-snippet":"max-snippet:-1","max-image-preview":"max-image-preview:large","max-video-preview":"max-video-preview:-1"},"canonical":"https:\/\/www.visit-ulcinj.com\/blog\/2012\/11\/18\/demokratski-front-ulcinja-apeluje-prijeti-epidemija\/","og_locale":"en_US","og_type":"article","og_title":"Demokratski Front Ulcinja apeluje: Prijeti epidemija - Lajme nga Ulqini","og_description":"Demokratski front ulcinja apeluje na ministarstvo prosvjete da uvede vanredni raspust ULCINj \u2013 Demokratski front Ulcinja uputio je ju\u010de apel Ministarstvu","og_url":"https:\/\/www.visit-ulcinj.com\/blog\/2012\/11\/18\/demokratski-front-ulcinja-apeluje-prijeti-epidemija\/","og_site_name":"Lajme nga Ulqini","article_published_time":"2012-11-18T16:49:02+00:00","article_modified_time":"2012-11-18T17:17:04+00:00","og_image":[{"url":"http:\/\/www.visit-ulcinj.com\/blog\/wp-content\/uploads\/2012\/11\/DEMOKRATSKI-FRONT-ULCINJA.jpg"}],"twitter_misc":{"Written by":"ulqini","Est. reading time":"4 minutes"},"schema":{"@context":"https:\/\/schema.org","@graph":[{"@type":"WebSite","@id":"https:\/\/www.visit-ulcinj.com\/blog\/#website","url":"https:\/\/www.visit-ulcinj.com\/blog\/","name":"Lajme nga Ulqini","description":"Lajme,Vijesti,Ulqini,Ulqin,Crna Gora,Mali i Zi","potentialAction":[{"@type":"SearchAction","target":{"@type":"EntryPoint","urlTemplate":"https:\/\/www.visit-ulcinj.com\/blog\/?s={search_term_string}"},"query-input":"required name=search_term_string"}],"inLanguage":"en-US"},{"@type":"ImageObject","inLanguage":"en-US","@id":"https:\/\/www.visit-ulcinj.com\/blog\/2012\/11\/18\/demokratski-front-ulcinja-apeluje-prijeti-epidemija\/#primaryimage","url":"https:\/\/www.visit-ulcinj.com\/blog\/wp-content\/uploads\/2012\/11\/DEMOKRATSKI-FRONT-ULCINJA.jpg","contentUrl":"https:\/\/www.visit-ulcinj.com\/blog\/wp-content\/uploads\/2012\/11\/DEMOKRATSKI-FRONT-ULCINJA.jpg","width":"519","height":"316"},{"@type":"WebPage","@id":"https:\/\/www.visit-ulcinj.com\/blog\/2012\/11\/18\/demokratski-front-ulcinja-apeluje-prijeti-epidemija\/#webpage","url":"https:\/\/www.visit-ulcinj.com\/blog\/2012\/11\/18\/demokratski-front-ulcinja-apeluje-prijeti-epidemija\/","name":"Demokratski Front Ulcinja apeluje: Prijeti epidemija - Lajme nga Ulqini","isPartOf":{"@id":"https:\/\/www.visit-ulcinj.com\/blog\/#website"},"primaryImageOfPage":{"@id":"https:\/\/www.visit-ulcinj.com\/blog\/2012\/11\/18\/demokratski-front-ulcinja-apeluje-prijeti-epidemija\/#primaryimage"},"datePublished":"2012-11-18T16:49:02+00:00","dateModified":"2012-11-18T17:17:04+00:00","author":{"@id":"https:\/\/www.visit-ulcinj.com\/blog\/#\/schema\/person\/dcab619c614d3038751c63bc2aadc06d"},"description":"Demokratski front ulcinja apeluje na ministarstvo prosvjete da uvede vanredni raspust ULCINj \u2013 Demokratski front Ulcinja uputio je ju\u010de apel Ministarstvu","breadcrumb":{"@id":"https:\/\/www.visit-ulcinj.com\/blog\/2012\/11\/18\/demokratski-front-ulcinja-apeluje-prijeti-epidemija\/#breadcrumb"},"inLanguage":"en-US","potentialAction":[{"@type":"ReadAction","target":["https:\/\/www.visit-ulcinj.com\/blog\/2012\/11\/18\/demokratski-front-ulcinja-apeluje-prijeti-epidemija\/"]}]},{"@type":"BreadcrumbList","@id":"https:\/\/www.visit-ulcinj.com\/blog\/2012\/11\/18\/demokratski-front-ulcinja-apeluje-prijeti-epidemija\/#breadcrumb","itemListElement":[{"@type":"ListItem","position":1,"name":"Demokratski Front Ulcinja apeluje: Prijeti epidemija"}]},{"@type":"Person","@id":"https:\/\/www.visit-ulcinj.com\/blog\/#\/schema\/person\/dcab619c614d3038751c63bc2aadc06d","name":"ulqini","sameAs":["http:\/\/www.visit-ulcinj.com"],"url":"https:\/\/www.visit-ulcinj.com\/blog\/author\/admin\/"}]}},"jetpack_featured_media_url":"","jetpack_sharing_enabled":true,"jetpack_shortlink":"https:\/\/wp.me\/pe6lTn-h89","_links":{"self":[{"href":"https:\/\/www.visit-ulcinj.com\/blog\/wp-json\/wp\/v2\/posts\/65853"}],"collection":[{"href":"https:\/\/www.visit-ulcinj.com\/blog\/wp-json\/wp\/v2\/posts"}],"about":[{"href":"https:\/\/www.visit-ulcinj.com\/blog\/wp-json\/wp\/v2\/types\/post"}],"author":[{"embeddable":true,"href":"https:\/\/www.visit-ulcinj.com\/blog\/wp-json\/wp\/v2\/users\/1"}],"replies":[{"embeddable":true,"href":"https:\/\/www.visit-ulcinj.com\/blog\/wp-json\/wp\/v2\/comments?post=65853"}],"version-history":[{"count":7,"href":"https:\/\/www.visit-ulcinj.com\/blog\/wp-json\/wp\/v2\/posts\/65853\/revisions"}],"predecessor-version":[{"id":65864,"href":"https:\/\/www.visit-ulcinj.com\/blog\/wp-json\/wp\/v2\/posts\/65853\/revisions\/65864"}],"wp:attachment":[{"href":"https:\/\/www.visit-ulcinj.com\/blog\/wp-json\/wp\/v2\/media?parent=65853"}],"wp:term":[{"taxonomy":"category","embeddable":true,"href":"https:\/\/www.visit-ulcinj.com\/blog\/wp-json\/wp\/v2\/categories?post=65853"},{"taxonomy":"post_tag","embeddable":true,"href":"https:\/\/www.visit-ulcinj.com\/blog\/wp-json\/wp\/v2\/tags?post=65853"}],"curies":[{"name":"wp","href":"https:\/\/api.w.org\/{rel}","templated":true}]}}