{"id":65870,"date":"2012-11-19T08:38:52","date_gmt":"2012-11-19T07:38:52","guid":{"rendered":"http:\/\/www.visit-ulcinj.com\/blog\/?p=65870"},"modified":"2012-11-19T08:38:52","modified_gmt":"2012-11-19T07:38:52","slug":"policet-zviceranjane-te-cmendur-mbas-tunes","status":"publish","type":"post","link":"https:\/\/www.visit-ulcinj.com\/blog\/2012\/11\/19\/policet-zviceranjane-te-cmendur-mbas-tunes\/","title":{"rendered":"Polic\u00ebt zviceran,jan\u00eb t\u00eb \u00e7mendur mbas Tunes"},"content":{"rendered":"<p><a href=\"http:\/\/www.visit-ulcinj.com\/blog\/wp-content\/uploads\/2012\/11\/altuna-sejdiu.jpg\"><img loading=\"lazy\" class=\"alignleft  wp-image-65871\" title=\"altuna sejdiu\" src=\"http:\/\/www.visit-ulcinj.com\/blog\/wp-content\/uploads\/2012\/11\/altuna-sejdiu.jpg\" alt=\"\" width=\"508\" height=\"400\" \/><\/a>Dit\u00eb m\u00eb par\u00eb, qyteti i Gjenev\u00ebs ka mbledhur shum\u00eb shqiptar\u00eb, fal\u00eb manifestimit t\u00eb organizuar p\u00ebr nder t\u00eb fest\u00ebs s\u00eb 100 vjetorit t\u00eb pavar\u00ebsis\u00eb s\u00eb Shqip\u00ebris\u00eb.<br \/>\nI gjith\u00eb ky koncert kushtuar pavar\u00ebsis\u00eb s\u00eb Shqip\u00ebris\u00eb ka kushtuar gjys\u00ebm milioni euro, transmetojn\u00eb mediat shqiptare.<\/p>\n<p>Vet\u00ebm salla ku kan\u00eb k\u00ebnduar k\u00ebng\u00ebtar\u00ebt shqiptar\u00eb \u00ebsht\u00eb paguar 60 mij\u00eb franga zvicerane, duke mos p\u00ebrfshir\u00eb fonin\u00eb, ndri\u00e7imin, sigurimin, makina e reporterit, ekipi televiziv, regjisori, plus shpenzimet e dy aeroplan\u00ebve charter nga Prishtina dhe Tirana p\u00ebr artist\u00ebt shqiptar\u00eb dhe t\u00eb ftuarit.<\/p>\n<p><a href=\"http:\/\/www.visit-ulcinj.com\/blog\/wp-content\/uploads\/2012\/11\/altunasejdiu.jpg\"><img loading=\"lazy\" class=\"alignleft  wp-image-65872\" title=\"altunasejdiu\" src=\"http:\/\/www.visit-ulcinj.com\/blog\/wp-content\/uploads\/2012\/11\/altunasejdiu.jpg\" alt=\"\" width=\"508\" height=\"400\" \/><\/a><\/p>\n<p>Sistemimi dhe pritja e k\u00ebng\u00ebtar\u00ebve n\u00eb aeroport ka qen\u00eb nj\u00eb nga detyrat m\u00eb t\u00eb v\u00ebshtira p\u00ebr organizator\u00ebt. \u00cbsht\u00eb nevojitur pritja e k\u00ebng\u00ebtar\u00ebve n\u00eb aeroport dhe p\u00ebrcjellja e tyre p\u00ebrmes zon\u00ebs Vip e pastaj mbartja e tyre n\u00ebp\u00ebr hotele.<\/p>\n<p>Kengetarja q\u00eb ka pasur pritjen m\u00eb spektakolare ka qen\u00eb Tuna Sejdiu, e cila \u00ebsht\u00eb pritur me nj\u00eb makin\u00eb policie direkt n\u00eb pist\u00ebn e aeroportit. Sipas &#8220;Th&amp;Th&#8221;, pas saj jan\u00eb \u00e7mendur edhe polic\u00ebt zviceran, t\u00eb cil\u00ebt kan\u00eb pasur mund\u00ebsin\u00eb t\u00eb fotografohen me t\u00eb. \/Indeksonline\/<\/p>\n<p><iframe loading=\"lazy\" width=\"508\" height=\"360\" src=\"http:\/\/www.youtube.com\/embed\/D3xCOodYsvs?rel=0\" frameborder=\"0\" allowfullscreen><\/iframe><\/p>\n","protected":false},"excerpt":{"rendered":"<p>Dit\u00eb m\u00eb par\u00eb, qyteti i Gjenev\u00ebs ka mbledhur shum\u00eb shqiptar\u00eb, fal\u00eb manifestimit t\u00eb organizuar p\u00ebr nder t\u00eb fest\u00ebs s\u00eb 100 vjetorit t\u00eb pavar\u00ebsis\u00eb s\u00eb Shqip\u00ebris\u00eb. I gjith\u00eb ky koncert kushtuar pavar\u00ebsis\u00eb s\u00eb Shqip\u00ebris\u00eb ka kushtuar gjys\u00ebm milioni euro, transmetojn\u00eb mediat shqiptare. Vet\u00ebm salla ku kan\u00eb k\u00ebnduar k\u00ebng\u00ebtar\u00ebt shqiptar\u00eb \u00ebsht\u00eb paguar 60 mij\u00eb franga zvicerane, duke [&hellip;]<\/p>\n","protected":false},"author":1,"featured_media":0,"comment_status":"open","ping_status":"closed","sticky":false,"template":"","format":"standard","meta":{"spay_email":"","jetpack_publicize_message":"","jetpack_is_tweetstorm":false,"jetpack_publicize_feature_enabled":true},"categories":[1],"tags":[4972],"jetpack_publicize_connections":[],"yoast_head":"<!-- This site is optimized with the Yoast SEO plugin v19.1 - https:\/\/yoast.com\/wordpress\/plugins\/seo\/ -->\n<title>Polic\u00ebt zviceran,jan\u00eb t\u00eb \u00e7mendur mbas Tunes - Lajme nga Ulqini<\/title>\n<meta name=\"description\" content=\"Dit\u00eb m\u00eb par\u00eb, qyteti i Gjenev\u00ebs ka mbledhur shum\u00eb shqiptar\u00eb, fal\u00eb manifestimit t\u00eb organizuar p\u00ebr nder t\u00eb fest\u00ebs s\u00eb 100 vjetorit t\u00eb pavar\u00ebsis\u00eb s\u00eb\" \/>\n<meta name=\"robots\" content=\"index, follow, max-snippet:-1, max-image-preview:large, max-video-preview:-1\" \/>\n<link rel=\"canonical\" href=\"https:\/\/www.visit-ulcinj.com\/blog\/2012\/11\/19\/policet-zviceranjane-te-cmendur-mbas-tunes\/\" \/>\n<meta property=\"og:locale\" content=\"en_US\" \/>\n<meta property=\"og:type\" content=\"article\" \/>\n<meta property=\"og:title\" content=\"Polic\u00ebt zviceran,jan\u00eb t\u00eb \u00e7mendur mbas Tunes - Lajme nga Ulqini\" \/>\n<meta property=\"og:description\" content=\"Dit\u00eb m\u00eb par\u00eb, qyteti i Gjenev\u00ebs ka mbledhur shum\u00eb shqiptar\u00eb, fal\u00eb manifestimit t\u00eb organizuar p\u00ebr nder t\u00eb fest\u00ebs s\u00eb 100 vjetorit t\u00eb pavar\u00ebsis\u00eb s\u00eb\" \/>\n<meta property=\"og:url\" content=\"https:\/\/www.visit-ulcinj.com\/blog\/2012\/11\/19\/policet-zviceranjane-te-cmendur-mbas-tunes\/\" \/>\n<meta property=\"og:site_name\" content=\"Lajme nga Ulqini\" \/>\n<meta property=\"article:published_time\" content=\"2012-11-19T07:38:52+00:00\" \/>\n<meta property=\"og:image\" content=\"http:\/\/www.visit-ulcinj.com\/blog\/wp-content\/uploads\/2012\/11\/altuna-sejdiu.jpg\" \/>\n<meta name=\"twitter:label1\" content=\"Written by\" \/>\n\t<meta name=\"twitter:data1\" content=\"ulqini\" \/>\n\t<meta name=\"twitter:label2\" content=\"Est. reading time\" \/>\n\t<meta name=\"twitter:data2\" content=\"1 minute\" \/>\n<script type=\"application\/ld+json\" class=\"yoast-schema-graph\">{\"@context\":\"https:\/\/schema.org\",\"@graph\":[{\"@type\":\"WebSite\",\"@id\":\"https:\/\/www.visit-ulcinj.com\/blog\/#website\",\"url\":\"https:\/\/www.visit-ulcinj.com\/blog\/\",\"name\":\"Lajme nga Ulqini\",\"description\":\"Lajme,Vijesti,Ulqini,Ulqin,Crna Gora,Mali i Zi\",\"potentialAction\":[{\"@type\":\"SearchAction\",\"target\":{\"@type\":\"EntryPoint\",\"urlTemplate\":\"https:\/\/www.visit-ulcinj.com\/blog\/?s={search_term_string}\"},\"query-input\":\"required name=search_term_string\"}],\"inLanguage\":\"en-US\"},{\"@type\":\"ImageObject\",\"inLanguage\":\"en-US\",\"@id\":\"https:\/\/www.visit-ulcinj.com\/blog\/2012\/11\/19\/policet-zviceranjane-te-cmendur-mbas-tunes\/#primaryimage\",\"url\":\"http:\/\/www.visit-ulcinj.com\/blog\/wp-content\/uploads\/2012\/11\/altuna-sejdiu.jpg\",\"contentUrl\":\"http:\/\/www.visit-ulcinj.com\/blog\/wp-content\/uploads\/2012\/11\/altuna-sejdiu.jpg\"},{\"@type\":\"WebPage\",\"@id\":\"https:\/\/www.visit-ulcinj.com\/blog\/2012\/11\/19\/policet-zviceranjane-te-cmendur-mbas-tunes\/#webpage\",\"url\":\"https:\/\/www.visit-ulcinj.com\/blog\/2012\/11\/19\/policet-zviceranjane-te-cmendur-mbas-tunes\/\",\"name\":\"Polic\u00ebt zviceran,jan\u00eb t\u00eb \u00e7mendur mbas Tunes - Lajme nga Ulqini\",\"isPartOf\":{\"@id\":\"https:\/\/www.visit-ulcinj.com\/blog\/#website\"},\"primaryImageOfPage\":{\"@id\":\"https:\/\/www.visit-ulcinj.com\/blog\/2012\/11\/19\/policet-zviceranjane-te-cmendur-mbas-tunes\/#primaryimage\"},\"datePublished\":\"2012-11-19T07:38:52+00:00\",\"dateModified\":\"2012-11-19T07:38:52+00:00\",\"author\":{\"@id\":\"https:\/\/www.visit-ulcinj.com\/blog\/#\/schema\/person\/dcab619c614d3038751c63bc2aadc06d\"},\"description\":\"Dit\u00eb m\u00eb par\u00eb, qyteti i Gjenev\u00ebs ka mbledhur shum\u00eb shqiptar\u00eb, fal\u00eb manifestimit t\u00eb organizuar p\u00ebr nder t\u00eb fest\u00ebs s\u00eb 100 vjetorit t\u00eb pavar\u00ebsis\u00eb s\u00eb\",\"breadcrumb\":{\"@id\":\"https:\/\/www.visit-ulcinj.com\/blog\/2012\/11\/19\/policet-zviceranjane-te-cmendur-mbas-tunes\/#breadcrumb\"},\"inLanguage\":\"en-US\",\"potentialAction\":[{\"@type\":\"ReadAction\",\"target\":[\"https:\/\/www.visit-ulcinj.com\/blog\/2012\/11\/19\/policet-zviceranjane-te-cmendur-mbas-tunes\/\"]}]},{\"@type\":\"BreadcrumbList\",\"@id\":\"https:\/\/www.visit-ulcinj.com\/blog\/2012\/11\/19\/policet-zviceranjane-te-cmendur-mbas-tunes\/#breadcrumb\",\"itemListElement\":[{\"@type\":\"ListItem\",\"position\":1,\"name\":\"Polic\u00ebt zviceran,jan\u00eb t\u00eb \u00e7mendur mbas Tunes\"}]},{\"@type\":\"Person\",\"@id\":\"https:\/\/www.visit-ulcinj.com\/blog\/#\/schema\/person\/dcab619c614d3038751c63bc2aadc06d\",\"name\":\"ulqini\",\"sameAs\":[\"http:\/\/www.visit-ulcinj.com\"],\"url\":\"https:\/\/www.visit-ulcinj.com\/blog\/author\/admin\/\"}]}<\/script>\n<!-- \/ Yoast SEO plugin. -->","yoast_head_json":{"title":"Polic\u00ebt zviceran,jan\u00eb t\u00eb \u00e7mendur mbas Tunes - Lajme nga Ulqini","description":"Dit\u00eb m\u00eb par\u00eb, qyteti i Gjenev\u00ebs ka mbledhur shum\u00eb shqiptar\u00eb, fal\u00eb manifestimit t\u00eb organizuar p\u00ebr nder t\u00eb fest\u00ebs s\u00eb 100 vjetorit t\u00eb pavar\u00ebsis\u00eb s\u00eb","robots":{"index":"index","follow":"follow","max-snippet":"max-snippet:-1","max-image-preview":"max-image-preview:large","max-video-preview":"max-video-preview:-1"},"canonical":"https:\/\/www.visit-ulcinj.com\/blog\/2012\/11\/19\/policet-zviceranjane-te-cmendur-mbas-tunes\/","og_locale":"en_US","og_type":"article","og_title":"Polic\u00ebt zviceran,jan\u00eb t\u00eb \u00e7mendur mbas Tunes - Lajme nga Ulqini","og_description":"Dit\u00eb m\u00eb par\u00eb, qyteti i Gjenev\u00ebs ka mbledhur shum\u00eb shqiptar\u00eb, fal\u00eb manifestimit t\u00eb organizuar p\u00ebr nder t\u00eb fest\u00ebs s\u00eb 100 vjetorit t\u00eb pavar\u00ebsis\u00eb s\u00eb","og_url":"https:\/\/www.visit-ulcinj.com\/blog\/2012\/11\/19\/policet-zviceranjane-te-cmendur-mbas-tunes\/","og_site_name":"Lajme nga Ulqini","article_published_time":"2012-11-19T07:38:52+00:00","og_image":[{"url":"http:\/\/www.visit-ulcinj.com\/blog\/wp-content\/uploads\/2012\/11\/altuna-sejdiu.jpg"}],"twitter_misc":{"Written by":"ulqini","Est. reading time":"1 minute"},"schema":{"@context":"https:\/\/schema.org","@graph":[{"@type":"WebSite","@id":"https:\/\/www.visit-ulcinj.com\/blog\/#website","url":"https:\/\/www.visit-ulcinj.com\/blog\/","name":"Lajme nga Ulqini","description":"Lajme,Vijesti,Ulqini,Ulqin,Crna Gora,Mali i Zi","potentialAction":[{"@type":"SearchAction","target":{"@type":"EntryPoint","urlTemplate":"https:\/\/www.visit-ulcinj.com\/blog\/?s={search_term_string}"},"query-input":"required name=search_term_string"}],"inLanguage":"en-US"},{"@type":"ImageObject","inLanguage":"en-US","@id":"https:\/\/www.visit-ulcinj.com\/blog\/2012\/11\/19\/policet-zviceranjane-te-cmendur-mbas-tunes\/#primaryimage","url":"http:\/\/www.visit-ulcinj.com\/blog\/wp-content\/uploads\/2012\/11\/altuna-sejdiu.jpg","contentUrl":"http:\/\/www.visit-ulcinj.com\/blog\/wp-content\/uploads\/2012\/11\/altuna-sejdiu.jpg"},{"@type":"WebPage","@id":"https:\/\/www.visit-ulcinj.com\/blog\/2012\/11\/19\/policet-zviceranjane-te-cmendur-mbas-tunes\/#webpage","url":"https:\/\/www.visit-ulcinj.com\/blog\/2012\/11\/19\/policet-zviceranjane-te-cmendur-mbas-tunes\/","name":"Polic\u00ebt zviceran,jan\u00eb t\u00eb \u00e7mendur mbas Tunes - Lajme nga Ulqini","isPartOf":{"@id":"https:\/\/www.visit-ulcinj.com\/blog\/#website"},"primaryImageOfPage":{"@id":"https:\/\/www.visit-ulcinj.com\/blog\/2012\/11\/19\/policet-zviceranjane-te-cmendur-mbas-tunes\/#primaryimage"},"datePublished":"2012-11-19T07:38:52+00:00","dateModified":"2012-11-19T07:38:52+00:00","author":{"@id":"https:\/\/www.visit-ulcinj.com\/blog\/#\/schema\/person\/dcab619c614d3038751c63bc2aadc06d"},"description":"Dit\u00eb m\u00eb par\u00eb, qyteti i Gjenev\u00ebs ka mbledhur shum\u00eb shqiptar\u00eb, fal\u00eb manifestimit t\u00eb organizuar p\u00ebr nder t\u00eb fest\u00ebs s\u00eb 100 vjetorit t\u00eb pavar\u00ebsis\u00eb s\u00eb","breadcrumb":{"@id":"https:\/\/www.visit-ulcinj.com\/blog\/2012\/11\/19\/policet-zviceranjane-te-cmendur-mbas-tunes\/#breadcrumb"},"inLanguage":"en-US","potentialAction":[{"@type":"ReadAction","target":["https:\/\/www.visit-ulcinj.com\/blog\/2012\/11\/19\/policet-zviceranjane-te-cmendur-mbas-tunes\/"]}]},{"@type":"BreadcrumbList","@id":"https:\/\/www.visit-ulcinj.com\/blog\/2012\/11\/19\/policet-zviceranjane-te-cmendur-mbas-tunes\/#breadcrumb","itemListElement":[{"@type":"ListItem","position":1,"name":"Polic\u00ebt zviceran,jan\u00eb t\u00eb \u00e7mendur mbas Tunes"}]},{"@type":"Person","@id":"https:\/\/www.visit-ulcinj.com\/blog\/#\/schema\/person\/dcab619c614d3038751c63bc2aadc06d","name":"ulqini","sameAs":["http:\/\/www.visit-ulcinj.com"],"url":"https:\/\/www.visit-ulcinj.com\/blog\/author\/admin\/"}]}},"jetpack_featured_media_url":"","jetpack_sharing_enabled":true,"jetpack_shortlink":"https:\/\/wp.me\/pe6lTn-h8q","_links":{"self":[{"href":"https:\/\/www.visit-ulcinj.com\/blog\/wp-json\/wp\/v2\/posts\/65870"}],"collection":[{"href":"https:\/\/www.visit-ulcinj.com\/blog\/wp-json\/wp\/v2\/posts"}],"about":[{"href":"https:\/\/www.visit-ulcinj.com\/blog\/wp-json\/wp\/v2\/types\/post"}],"author":[{"embeddable":true,"href":"https:\/\/www.visit-ulcinj.com\/blog\/wp-json\/wp\/v2\/users\/1"}],"replies":[{"embeddable":true,"href":"https:\/\/www.visit-ulcinj.com\/blog\/wp-json\/wp\/v2\/comments?post=65870"}],"version-history":[{"count":1,"href":"https:\/\/www.visit-ulcinj.com\/blog\/wp-json\/wp\/v2\/posts\/65870\/revisions"}],"predecessor-version":[{"id":65873,"href":"https:\/\/www.visit-ulcinj.com\/blog\/wp-json\/wp\/v2\/posts\/65870\/revisions\/65873"}],"wp:attachment":[{"href":"https:\/\/www.visit-ulcinj.com\/blog\/wp-json\/wp\/v2\/media?parent=65870"}],"wp:term":[{"taxonomy":"category","embeddable":true,"href":"https:\/\/www.visit-ulcinj.com\/blog\/wp-json\/wp\/v2\/categories?post=65870"},{"taxonomy":"post_tag","embeddable":true,"href":"https:\/\/www.visit-ulcinj.com\/blog\/wp-json\/wp\/v2\/tags?post=65870"}],"curies":[{"name":"wp","href":"https:\/\/api.w.org\/{rel}","templated":true}]}}