{"id":65876,"date":"2012-11-19T09:07:28","date_gmt":"2012-11-19T08:07:28","guid":{"rendered":"http:\/\/www.visit-ulcinj.com\/blog\/?p=65876"},"modified":"2012-11-19T09:07:28","modified_gmt":"2012-11-19T08:07:28","slug":"rita-ora-ndez-tiranen-me-28-nentor","status":"publish","type":"post","link":"https:\/\/www.visit-ulcinj.com\/blog\/2012\/11\/19\/rita-ora-ndez-tiranen-me-28-nentor\/","title":{"rendered":"Rita Ora ndez Tiran\u00ebn m\u00eb 28 N\u00ebntor"},"content":{"rendered":"<p>Rita Ora do te jete me 28 Nentor ne Tirane, per nje koncert te dedikuar festes se shqiptareve, 100 Vjet Pavaresi. Kjo informate eshte konfirmuar ne emisionin \u201cZone e Lire\u201d te Arian Canit. Mesohet gjithashtu se Rita Ora do te jete kengetarja kryesore, e cila do te cele festen qe do te mbahet ne sheshin kryesor te kryeqytetit te Shqiperise.<br \/>\n<a href=\"http:\/\/www.visit-ulcinj.com\/blog\/wp-content\/uploads\/2012\/11\/ritaoranetirane.jpg\"><img loading=\"lazy\" class=\"alignleft  wp-image-65877\" title=\"ritaoranetirane\" src=\"http:\/\/www.visit-ulcinj.com\/blog\/wp-content\/uploads\/2012\/11\/ritaoranetirane.jpg\" alt=\"\" width=\"508\" height=\"360\" \/><\/a><\/p>\n<p>Festimet e 100 vjetorit te Pavaresise do te kulmojne ne datat 28-29 nentor, nderkohe qe nje nga befasite e festimeve, tashme e bere publike, do te jete ylli britanik me origjine shqiptare, i showbizit boteror, Rita Ora. Mesohet se koncerti i madh festiv\u00a0 do te nise rreth ores 21:00 te dates 28 Nentor dhe pritet te mbaje ndezur atmosferen deri ne oret e para te mengjesit te dates 29 Nentor, duke shenuar nje nder evenimentet me festive sidomos per rinine.<\/p>\n<p>Rita Ora eshte bere vitet e fundit e famshme per kenget e saj dhe bashkepunime me yje te tjere te muzikes boterore. Ajo ftohet dendur ne koncerte ne te gjithe boten dhe turet e saj nuk kane te sosur. Se fundi, Rita Ora ishte edhe ne Kosove ku ndezi Prishtinen me nje koncert qe bashkoi mijera fansa. Turet e metejshme kane perfshire jo vetem ato ne Britanine e Madhe ku jeton, por edhe shume qytete te ndryshme te Europes.<\/p>\n<p>Vipat.info<br \/>\n<iframe loading=\"lazy\" width=\"508\" height=\"360\" src=\"http:\/\/www.youtube.com\/embed\/L1l9WST5lXM?rel=0\" frameborder=\"0\" allowfullscreen><\/iframe><\/p>\n","protected":false},"excerpt":{"rendered":"<p>Rita Ora do te jete me 28 Nentor ne Tirane, per nje koncert te dedikuar festes se shqiptareve, 100 Vjet Pavaresi. Kjo informate eshte konfirmuar ne emisionin \u201cZone e Lire\u201d te Arian Canit. Mesohet gjithashtu se Rita Ora do te jete kengetarja kryesore, e cila do te cele festen qe do te mbahet ne sheshin [&hellip;]<\/p>\n","protected":false},"author":1,"featured_media":0,"comment_status":"open","ping_status":"closed","sticky":false,"template":"","format":"standard","meta":{"spay_email":"","jetpack_publicize_message":"","jetpack_is_tweetstorm":false,"jetpack_publicize_feature_enabled":true},"categories":[1],"tags":[19677,19806,16036,19514,19511,13349,4684,19460],"jetpack_publicize_connections":[],"yoast_head":"<!-- This site is optimized with the Yoast SEO plugin v19.1 - https:\/\/yoast.com\/wordpress\/plugins\/seo\/ -->\n<title>Rita Ora ndez Tiran\u00ebn m\u00eb 28 N\u00ebntor - Lajme nga Ulqini<\/title>\n<meta name=\"description\" content=\"Rita Ora do te jete me 28 Nentor ne Tirane, per nje koncert te dedikuar festes se shqiptareve, 100 Vjet Pavaresi. Kjo informate eshte konfirmuar ne\" \/>\n<meta name=\"robots\" content=\"index, follow, max-snippet:-1, max-image-preview:large, max-video-preview:-1\" \/>\n<link rel=\"canonical\" href=\"https:\/\/www.visit-ulcinj.com\/blog\/2012\/11\/19\/rita-ora-ndez-tiranen-me-28-nentor\/\" \/>\n<meta property=\"og:locale\" content=\"en_US\" \/>\n<meta property=\"og:type\" content=\"article\" \/>\n<meta property=\"og:title\" content=\"Rita Ora ndez Tiran\u00ebn m\u00eb 28 N\u00ebntor - Lajme nga Ulqini\" \/>\n<meta property=\"og:description\" content=\"Rita Ora do te jete me 28 Nentor ne Tirane, per nje koncert te dedikuar festes se shqiptareve, 100 Vjet Pavaresi. Kjo informate eshte konfirmuar ne\" \/>\n<meta property=\"og:url\" content=\"https:\/\/www.visit-ulcinj.com\/blog\/2012\/11\/19\/rita-ora-ndez-tiranen-me-28-nentor\/\" \/>\n<meta property=\"og:site_name\" content=\"Lajme nga Ulqini\" \/>\n<meta property=\"article:published_time\" content=\"2012-11-19T08:07:28+00:00\" \/>\n<meta property=\"og:image\" content=\"http:\/\/www.visit-ulcinj.com\/blog\/wp-content\/uploads\/2012\/11\/ritaoranetirane.jpg\" \/>\n<meta name=\"twitter:label1\" content=\"Written by\" \/>\n\t<meta name=\"twitter:data1\" content=\"ulqini\" \/>\n\t<meta name=\"twitter:label2\" content=\"Est. reading time\" \/>\n\t<meta name=\"twitter:data2\" content=\"1 minute\" \/>\n<script type=\"application\/ld+json\" class=\"yoast-schema-graph\">{\"@context\":\"https:\/\/schema.org\",\"@graph\":[{\"@type\":\"WebSite\",\"@id\":\"https:\/\/www.visit-ulcinj.com\/blog\/#website\",\"url\":\"https:\/\/www.visit-ulcinj.com\/blog\/\",\"name\":\"Lajme nga Ulqini\",\"description\":\"Lajme,Vijesti,Ulqini,Ulqin,Crna Gora,Mali i Zi\",\"potentialAction\":[{\"@type\":\"SearchAction\",\"target\":{\"@type\":\"EntryPoint\",\"urlTemplate\":\"https:\/\/www.visit-ulcinj.com\/blog\/?s={search_term_string}\"},\"query-input\":\"required name=search_term_string\"}],\"inLanguage\":\"en-US\"},{\"@type\":\"ImageObject\",\"inLanguage\":\"en-US\",\"@id\":\"https:\/\/www.visit-ulcinj.com\/blog\/2012\/11\/19\/rita-ora-ndez-tiranen-me-28-nentor\/#primaryimage\",\"url\":\"http:\/\/www.visit-ulcinj.com\/blog\/wp-content\/uploads\/2012\/11\/ritaoranetirane.jpg\",\"contentUrl\":\"http:\/\/www.visit-ulcinj.com\/blog\/wp-content\/uploads\/2012\/11\/ritaoranetirane.jpg\"},{\"@type\":\"WebPage\",\"@id\":\"https:\/\/www.visit-ulcinj.com\/blog\/2012\/11\/19\/rita-ora-ndez-tiranen-me-28-nentor\/#webpage\",\"url\":\"https:\/\/www.visit-ulcinj.com\/blog\/2012\/11\/19\/rita-ora-ndez-tiranen-me-28-nentor\/\",\"name\":\"Rita Ora ndez Tiran\u00ebn m\u00eb 28 N\u00ebntor - Lajme nga Ulqini\",\"isPartOf\":{\"@id\":\"https:\/\/www.visit-ulcinj.com\/blog\/#website\"},\"primaryImageOfPage\":{\"@id\":\"https:\/\/www.visit-ulcinj.com\/blog\/2012\/11\/19\/rita-ora-ndez-tiranen-me-28-nentor\/#primaryimage\"},\"datePublished\":\"2012-11-19T08:07:28+00:00\",\"dateModified\":\"2012-11-19T08:07:28+00:00\",\"author\":{\"@id\":\"https:\/\/www.visit-ulcinj.com\/blog\/#\/schema\/person\/dcab619c614d3038751c63bc2aadc06d\"},\"description\":\"Rita Ora do te jete me 28 Nentor ne Tirane, per nje koncert te dedikuar festes se shqiptareve, 100 Vjet Pavaresi. Kjo informate eshte konfirmuar ne\",\"breadcrumb\":{\"@id\":\"https:\/\/www.visit-ulcinj.com\/blog\/2012\/11\/19\/rita-ora-ndez-tiranen-me-28-nentor\/#breadcrumb\"},\"inLanguage\":\"en-US\",\"potentialAction\":[{\"@type\":\"ReadAction\",\"target\":[\"https:\/\/www.visit-ulcinj.com\/blog\/2012\/11\/19\/rita-ora-ndez-tiranen-me-28-nentor\/\"]}]},{\"@type\":\"BreadcrumbList\",\"@id\":\"https:\/\/www.visit-ulcinj.com\/blog\/2012\/11\/19\/rita-ora-ndez-tiranen-me-28-nentor\/#breadcrumb\",\"itemListElement\":[{\"@type\":\"ListItem\",\"position\":1,\"name\":\"Rita Ora ndez Tiran\u00ebn m\u00eb 28 N\u00ebntor\"}]},{\"@type\":\"Person\",\"@id\":\"https:\/\/www.visit-ulcinj.com\/blog\/#\/schema\/person\/dcab619c614d3038751c63bc2aadc06d\",\"name\":\"ulqini\",\"sameAs\":[\"http:\/\/www.visit-ulcinj.com\"],\"url\":\"https:\/\/www.visit-ulcinj.com\/blog\/author\/admin\/\"}]}<\/script>\n<!-- \/ Yoast SEO plugin. -->","yoast_head_json":{"title":"Rita Ora ndez Tiran\u00ebn m\u00eb 28 N\u00ebntor - Lajme nga Ulqini","description":"Rita Ora do te jete me 28 Nentor ne Tirane, per nje koncert te dedikuar festes se shqiptareve, 100 Vjet Pavaresi. Kjo informate eshte konfirmuar ne","robots":{"index":"index","follow":"follow","max-snippet":"max-snippet:-1","max-image-preview":"max-image-preview:large","max-video-preview":"max-video-preview:-1"},"canonical":"https:\/\/www.visit-ulcinj.com\/blog\/2012\/11\/19\/rita-ora-ndez-tiranen-me-28-nentor\/","og_locale":"en_US","og_type":"article","og_title":"Rita Ora ndez Tiran\u00ebn m\u00eb 28 N\u00ebntor - Lajme nga Ulqini","og_description":"Rita Ora do te jete me 28 Nentor ne Tirane, per nje koncert te dedikuar festes se shqiptareve, 100 Vjet Pavaresi. Kjo informate eshte konfirmuar ne","og_url":"https:\/\/www.visit-ulcinj.com\/blog\/2012\/11\/19\/rita-ora-ndez-tiranen-me-28-nentor\/","og_site_name":"Lajme nga Ulqini","article_published_time":"2012-11-19T08:07:28+00:00","og_image":[{"url":"http:\/\/www.visit-ulcinj.com\/blog\/wp-content\/uploads\/2012\/11\/ritaoranetirane.jpg"}],"twitter_misc":{"Written by":"ulqini","Est. reading time":"1 minute"},"schema":{"@context":"https:\/\/schema.org","@graph":[{"@type":"WebSite","@id":"https:\/\/www.visit-ulcinj.com\/blog\/#website","url":"https:\/\/www.visit-ulcinj.com\/blog\/","name":"Lajme nga Ulqini","description":"Lajme,Vijesti,Ulqini,Ulqin,Crna Gora,Mali i Zi","potentialAction":[{"@type":"SearchAction","target":{"@type":"EntryPoint","urlTemplate":"https:\/\/www.visit-ulcinj.com\/blog\/?s={search_term_string}"},"query-input":"required name=search_term_string"}],"inLanguage":"en-US"},{"@type":"ImageObject","inLanguage":"en-US","@id":"https:\/\/www.visit-ulcinj.com\/blog\/2012\/11\/19\/rita-ora-ndez-tiranen-me-28-nentor\/#primaryimage","url":"http:\/\/www.visit-ulcinj.com\/blog\/wp-content\/uploads\/2012\/11\/ritaoranetirane.jpg","contentUrl":"http:\/\/www.visit-ulcinj.com\/blog\/wp-content\/uploads\/2012\/11\/ritaoranetirane.jpg"},{"@type":"WebPage","@id":"https:\/\/www.visit-ulcinj.com\/blog\/2012\/11\/19\/rita-ora-ndez-tiranen-me-28-nentor\/#webpage","url":"https:\/\/www.visit-ulcinj.com\/blog\/2012\/11\/19\/rita-ora-ndez-tiranen-me-28-nentor\/","name":"Rita Ora ndez Tiran\u00ebn m\u00eb 28 N\u00ebntor - Lajme nga Ulqini","isPartOf":{"@id":"https:\/\/www.visit-ulcinj.com\/blog\/#website"},"primaryImageOfPage":{"@id":"https:\/\/www.visit-ulcinj.com\/blog\/2012\/11\/19\/rita-ora-ndez-tiranen-me-28-nentor\/#primaryimage"},"datePublished":"2012-11-19T08:07:28+00:00","dateModified":"2012-11-19T08:07:28+00:00","author":{"@id":"https:\/\/www.visit-ulcinj.com\/blog\/#\/schema\/person\/dcab619c614d3038751c63bc2aadc06d"},"description":"Rita Ora do te jete me 28 Nentor ne Tirane, per nje koncert te dedikuar festes se shqiptareve, 100 Vjet Pavaresi. Kjo informate eshte konfirmuar ne","breadcrumb":{"@id":"https:\/\/www.visit-ulcinj.com\/blog\/2012\/11\/19\/rita-ora-ndez-tiranen-me-28-nentor\/#breadcrumb"},"inLanguage":"en-US","potentialAction":[{"@type":"ReadAction","target":["https:\/\/www.visit-ulcinj.com\/blog\/2012\/11\/19\/rita-ora-ndez-tiranen-me-28-nentor\/"]}]},{"@type":"BreadcrumbList","@id":"https:\/\/www.visit-ulcinj.com\/blog\/2012\/11\/19\/rita-ora-ndez-tiranen-me-28-nentor\/#breadcrumb","itemListElement":[{"@type":"ListItem","position":1,"name":"Rita Ora ndez Tiran\u00ebn m\u00eb 28 N\u00ebntor"}]},{"@type":"Person","@id":"https:\/\/www.visit-ulcinj.com\/blog\/#\/schema\/person\/dcab619c614d3038751c63bc2aadc06d","name":"ulqini","sameAs":["http:\/\/www.visit-ulcinj.com"],"url":"https:\/\/www.visit-ulcinj.com\/blog\/author\/admin\/"}]}},"jetpack_featured_media_url":"","jetpack_sharing_enabled":true,"jetpack_shortlink":"https:\/\/wp.me\/pe6lTn-h8w","_links":{"self":[{"href":"https:\/\/www.visit-ulcinj.com\/blog\/wp-json\/wp\/v2\/posts\/65876"}],"collection":[{"href":"https:\/\/www.visit-ulcinj.com\/blog\/wp-json\/wp\/v2\/posts"}],"about":[{"href":"https:\/\/www.visit-ulcinj.com\/blog\/wp-json\/wp\/v2\/types\/post"}],"author":[{"embeddable":true,"href":"https:\/\/www.visit-ulcinj.com\/blog\/wp-json\/wp\/v2\/users\/1"}],"replies":[{"embeddable":true,"href":"https:\/\/www.visit-ulcinj.com\/blog\/wp-json\/wp\/v2\/comments?post=65876"}],"version-history":[{"count":1,"href":"https:\/\/www.visit-ulcinj.com\/blog\/wp-json\/wp\/v2\/posts\/65876\/revisions"}],"predecessor-version":[{"id":65878,"href":"https:\/\/www.visit-ulcinj.com\/blog\/wp-json\/wp\/v2\/posts\/65876\/revisions\/65878"}],"wp:attachment":[{"href":"https:\/\/www.visit-ulcinj.com\/blog\/wp-json\/wp\/v2\/media?parent=65876"}],"wp:term":[{"taxonomy":"category","embeddable":true,"href":"https:\/\/www.visit-ulcinj.com\/blog\/wp-json\/wp\/v2\/categories?post=65876"},{"taxonomy":"post_tag","embeddable":true,"href":"https:\/\/www.visit-ulcinj.com\/blog\/wp-json\/wp\/v2\/tags?post=65876"}],"curies":[{"name":"wp","href":"https:\/\/api.w.org\/{rel}","templated":true}]}}