{"id":65880,"date":"2012-11-19T11:07:56","date_gmt":"2012-11-19T10:07:56","guid":{"rendered":"http:\/\/www.visit-ulcinj.com\/blog\/?p=65880"},"modified":"2012-11-19T11:07:56","modified_gmt":"2012-11-19T10:07:56","slug":"vizite-nga-ulqini-mesharit-te-gjon-buzukut-netirane","status":"publish","type":"post","link":"https:\/\/www.visit-ulcinj.com\/blog\/2012\/11\/19\/vizite-nga-ulqini-mesharit-te-gjon-buzukut-netirane\/","title":{"rendered":"Vizite nga Ulqini, Mesharit t\u00eb Gjon Buzukut n\u00ebTirane"},"content":{"rendered":"<p>N\u00eb syt\u00eb e intelektual\u00ebve shqiptar\u00eb\u00a0nga Ulqini shihej qart\u00eb emocioni i takimit me k\u00ebto dokumenta kaq t\u00eb r\u00ebnd\u00ebsish\u00ebm sidomos ai i mesharit t\u00eb Gjon Buzukut, nj\u00eb dokument themltar i cili q\u00ebndron n\u00eb fillesat e shkrimit t\u00eb gjuh\u00ebs shqipe.<br \/>\n<a href=\"http:\/\/www.visit-ulcinj.com\/blog\/wp-content\/uploads\/2012\/11\/Vizite-nga-Ulqini-Mesharit-t\u00eb-Gjon-Buzukut.jpg\"><img loading=\"lazy\" class=\"alignleft  wp-image-65881\" title=\"Vizite nga Ulqini, Mesharit t\u00eb Gjon Buzukut\" src=\"http:\/\/www.visit-ulcinj.com\/blog\/wp-content\/uploads\/2012\/11\/Vizite-nga-Ulqini-Mesharit-t\u00eb-Gjon-Buzukut.jpg\" alt=\"\" width=\"508\" height=\"600\" \/><\/a><\/p>\n<p>Rast\u00ebsia ka sjell\u00eb q\u00eb gjat\u00eb dit\u00ebs Dr.Sim\u00eb Dobreci,Prof.dr.Ruzhdi Ushaku,z.Tahir Tahiri (Kryetari i K\u00ebshillit Nacional t\u00eb Shqiptar\u00ebve n\u00eb Malin Zi),publicisti Ibrahim Berjashi dhe z.Kryetari i Komisionit p\u00ebr kultur\u00eb,Hajredin Kova\u00e7i,\u00a0 kan\u00eb diskutuar rreth p\u00ebrkthimit t\u00eb mesharit t\u00eb ri n\u00eb gjuh\u00ebn shqipe i cili \u00ebsht\u00eb nj\u00eb rishikim i atij t\u00eb p\u00ebrkthyer disa vite m\u00eb par\u00eb. E pik\u00ebrisht n\u00eb k\u00ebt\u00eb dit\u00eb ata vizitojn\u00eb edhe mesharin q\u00eb nj\u00eb parardh\u00ebs i tyre ka shkruar n\u00eb vjetin 1555.<\/p>\n<p>\u201cMeshari\u201d \u00ebsht\u00eb ekspozuar n\u00eb Bibliotek\u00ebn Komb\u00ebtare, p\u00ebrkrah botimeve t\u00eb ndjek\u00ebsve t\u00eb tij, si Matr\u00ebnga, Budi, Bardhi, Bogdani, Kazazi, Variboba, etj. Libri \u00ebsht\u00eb i vendosur n\u00eb nj\u00eb inkubator, i cili plot\u00ebson t\u00eb gjitha kushtet klimatike n\u00eb t\u00eb cilat duhet t\u00eb q\u00ebndroj\u00eb libri. Nj\u00eb korrier nga Biblioteka Apostolike e Vatikanit ka sjell\u00eb librin pasditen e 11 n\u00ebntorit n\u00eb Aeroportin \u201cN\u00ebn\u00eb Tereza\u201d, ku \u00ebsht\u00eb pritur nga p\u00ebrfaq\u00ebsues t\u00eb MTKRS-s\u00eb.<\/p>\n<p>Kopja origjinale e Mesharit\u00a0 e cila daton q\u00eb nga viti 1555 vjen n\u00eb Tiran\u00eb\u00a0 me rastin e 100 vjetorit t\u00eb shpalljes s\u00eb Pavar\u00ebsis\u00eb, nd\u00ebrsa ajo do t\u00eb q\u00ebndroj\u00eb e ekspozuar n\u00eb Bibliotek\u00ebn\u00a0 Komb\u00ebtare gjat\u00eb muajit n\u00ebntor.<br \/>\n<a href=\"http:\/\/www.visit-ulcinj.com\/blog\/wp-content\/uploads\/2012\/11\/Vizite-nga-Ulqini-Mesharit-t\u00eb-Gjon-Buzukut.1.jpg\"><img loading=\"lazy\" class=\"alignleft  wp-image-65882\" title=\"Vizite nga Ulqini, Mesharit t\u00eb Gjon Buzukut.1\" src=\"http:\/\/www.visit-ulcinj.com\/blog\/wp-content\/uploads\/2012\/11\/Vizite-nga-Ulqini-Mesharit-t\u00eb-Gjon-Buzukut.1.jpg\" alt=\"\" width=\"508\" height=\"300\" \/><\/a><\/p>\n<p>Meshari i Gjon Buzukut do t\u00eb ekspozohet\u00a0 n\u00eb Bibliotek\u00ebn Komb\u00ebtare nd\u00ebrsa do t\u00eb q\u00ebndroj\u00eb atje deri m\u00eb dat\u00ebn 28 N\u00ebntor.<\/p>\n<p>Biblioteka Apostolike e Vatikanit pranoi k\u00ebrkes\u00ebn e Shqip\u00ebris\u00eb\u00a0 p\u00ebr t\u00eb ekspozuar vepr\u00ebn m\u00eb t\u00eb lasht\u00eb n\u00eb gjuh\u00ebn shqipe, \u201cMesharin\u201d, n\u00eb Tiran\u00eb.<\/p>\n<p>Q\u00eb nga botimi e deri me 1740, gati dy shekuj, \u201cMeshari\u201d ishte nj\u00eb vep\u00ebr e humbur, nj\u00eb vep\u00ebr e panjohur. M\u00eb 1740 n\u00eb Bibliotek\u00ebn e Propaganda Fides, af\u00ebr Rom\u00ebs, Mesharin e don Gjon Buzukut (1555) e zbuloi ipeshkvi i Shkupit Imzot Gjon Nikoll\u00eb Kazazi nga Gjakova.<\/p>\n<p>Libri mendohet t\u00eb jet\u00eb shtypur n\u00eb Venedik me alfabetin latin, duke shtuar disa shenja cirilike p\u00ebr tingujt n\u00eb shqip. Ky zbulim b\u00ebri buj\u00eb t\u00eb madhe, sepse \u00ebsht\u00eb libri i par\u00eb n\u00eb gjuh\u00ebn shqipe.<\/p>\n<p>Ky zbulim mbeti n\u00eb heshtje p\u00ebr m\u00eb tep\u00ebr se nj\u00eb shekull, deri m\u00eb 1909, kur e rizbuloi arb\u00ebreshi Pal Skiroi, n\u00eb Bibliotek\u00ebn e Vatikanit, ku gjendet edhe sot me sh\u00ebnimin Katalogu: R.G. Liturgia III, 194.<\/p>\n<p><strong>Lajme nga Ulqini<\/strong><\/p>\n<p><a href=\"https:\/\/www.facebook.com\/media\/set\/?set=a.3847757365436.135839.1623256192&amp;type=3\" target=\"_blank\"><strong>Foto nga Tahir Tahiri Facebook<\/strong><\/a><\/p>\n<p>\n\t\t<style type=\"text\/css\">\n\t\t\t#gallery-1 {\n\t\t\t\tmargin: auto;\n\t\t\t}\n\t\t\t#gallery-1 .gallery-item {\n\t\t\t\tfloat: left;\n\t\t\t\tmargin-top: 10px;\n\t\t\t\ttext-align: center;\n\t\t\t\twidth: 33%;\n\t\t\t}\n\t\t\t#gallery-1 img {\n\t\t\t\tborder: 2px solid #cfcfcf;\n\t\t\t}\n\t\t\t#gallery-1 .gallery-caption {\n\t\t\t\tmargin-left: 0;\n\t\t\t}\n\t\t\t\/* see gallery_shortcode() in wp-includes\/media.php *\/\n\t\t<\/style>\n\t\t<div id='gallery-1' class='gallery galleryid-65880 gallery-columns-3 gallery-size-thumbnail'><dl class='gallery-item'>\n\t\t\t<dt class='gallery-icon portrait'>\n\t\t\t\t<a href='https:\/\/www.visit-ulcinj.com\/blog\/wp-content\/uploads\/2012\/11\/Vizite-nga-Ulqini-Mesharit-t\u00eb-Gjon-Buzukut.jpg'><img width=\"150\" height=\"150\" src=\"https:\/\/www.visit-ulcinj.com\/blog\/wp-content\/uploads\/2012\/11\/Vizite-nga-Ulqini-Mesharit-t\u00eb-Gjon-Buzukut-150x150.jpg\" class=\"attachment-thumbnail size-thumbnail\" alt=\"\" loading=\"lazy\" \/><\/a>\n\t\t\t<\/dt><\/dl><dl class='gallery-item'>\n\t\t\t<dt class='gallery-icon landscape'>\n\t\t\t\t<a href='https:\/\/www.visit-ulcinj.com\/blog\/wp-content\/uploads\/2012\/11\/Vizite-nga-Ulqini-Mesharit-t\u00eb-Gjon-Buzukut.1.jpg'><img width=\"150\" height=\"150\" src=\"https:\/\/www.visit-ulcinj.com\/blog\/wp-content\/uploads\/2012\/11\/Vizite-nga-Ulqini-Mesharit-t\u00eb-Gjon-Buzukut.1-150x150.jpg\" class=\"attachment-thumbnail size-thumbnail\" alt=\"\" loading=\"lazy\" \/><\/a>\n\t\t\t<\/dt><\/dl><dl class='gallery-item'>\n\t\t\t<dt class='gallery-icon landscape'>\n\t\t\t\t<a href='https:\/\/www.visit-ulcinj.com\/blog\/wp-content\/uploads\/2012\/11\/Vizite-nga-Ulqini-Mesharit-t\u00eb-Gjon-Buzukut.2.jpg'><img width=\"150\" height=\"150\" src=\"https:\/\/www.visit-ulcinj.com\/blog\/wp-content\/uploads\/2012\/11\/Vizite-nga-Ulqini-Mesharit-t\u00eb-Gjon-Buzukut.2-150x150.jpg\" class=\"attachment-thumbnail size-thumbnail\" alt=\"\" loading=\"lazy\" \/><\/a>\n\t\t\t<\/dt><\/dl><br style=\"clear: both\" \/><dl class='gallery-item'>\n\t\t\t<dt class='gallery-icon landscape'>\n\t\t\t\t<a href='https:\/\/www.visit-ulcinj.com\/blog\/wp-content\/uploads\/2012\/11\/Vizite-nga-Ulqini-Mesharit-t\u00eb-Gjon-Buzukut.3.jpg'><img width=\"150\" height=\"150\" src=\"https:\/\/www.visit-ulcinj.com\/blog\/wp-content\/uploads\/2012\/11\/Vizite-nga-Ulqini-Mesharit-t\u00eb-Gjon-Buzukut.3-150x150.jpg\" class=\"attachment-thumbnail size-thumbnail\" alt=\"\" loading=\"lazy\" \/><\/a>\n\t\t\t<\/dt><\/dl><dl class='gallery-item'>\n\t\t\t<dt class='gallery-icon landscape'>\n\t\t\t\t<a href='https:\/\/www.visit-ulcinj.com\/blog\/wp-content\/uploads\/2012\/11\/Vizite-nga-Ulqini-Mesharit-t\u00eb-Gjon-Buzukut.4.jpg'><img width=\"150\" height=\"150\" src=\"https:\/\/www.visit-ulcinj.com\/blog\/wp-content\/uploads\/2012\/11\/Vizite-nga-Ulqini-Mesharit-t\u00eb-Gjon-Buzukut.4-150x150.jpg\" class=\"attachment-thumbnail size-thumbnail\" alt=\"\" loading=\"lazy\" \/><\/a>\n\t\t\t<\/dt><\/dl><dl class='gallery-item'>\n\t\t\t<dt class='gallery-icon landscape'>\n\t\t\t\t<a href='https:\/\/www.visit-ulcinj.com\/blog\/wp-content\/uploads\/2012\/11\/Vizite-nga-Ulqini-Mesharit-t\u00eb-Gjon-Buzukut.5.jpg'><img width=\"150\" height=\"150\" src=\"https:\/\/www.visit-ulcinj.com\/blog\/wp-content\/uploads\/2012\/11\/Vizite-nga-Ulqini-Mesharit-t\u00eb-Gjon-Buzukut.5-150x150.jpg\" class=\"attachment-thumbnail size-thumbnail\" alt=\"\" loading=\"lazy\" \/><\/a>\n\t\t\t<\/dt><\/dl><br style=\"clear: both\" \/><dl class='gallery-item'>\n\t\t\t<dt class='gallery-icon landscape'>\n\t\t\t\t<a href='https:\/\/www.visit-ulcinj.com\/blog\/wp-content\/uploads\/2012\/11\/Vizite-nga-Ulqini-Mesharit-t\u00eb-Gjon-Buzukut.6.jpg'><img width=\"150\" height=\"150\" src=\"https:\/\/www.visit-ulcinj.com\/blog\/wp-content\/uploads\/2012\/11\/Vizite-nga-Ulqini-Mesharit-t\u00eb-Gjon-Buzukut.6-150x150.jpg\" class=\"attachment-thumbnail size-thumbnail\" alt=\"\" loading=\"lazy\" \/><\/a>\n\t\t\t<\/dt><\/dl><dl class='gallery-item'>\n\t\t\t<dt class='gallery-icon landscape'>\n\t\t\t\t<a href='https:\/\/www.visit-ulcinj.com\/blog\/wp-content\/uploads\/2012\/11\/Vizite-nga-Ulqini-Mesharit-t\u00eb-Gjon-Buzukut.7.jpg'><img width=\"150\" height=\"150\" src=\"https:\/\/www.visit-ulcinj.com\/blog\/wp-content\/uploads\/2012\/11\/Vizite-nga-Ulqini-Mesharit-t\u00eb-Gjon-Buzukut.7-150x150.jpg\" class=\"attachment-thumbnail size-thumbnail\" alt=\"\" loading=\"lazy\" \/><\/a>\n\t\t\t<\/dt><\/dl><dl class='gallery-item'>\n\t\t\t<dt class='gallery-icon portrait'>\n\t\t\t\t<a href='https:\/\/www.visit-ulcinj.com\/blog\/wp-content\/uploads\/2012\/11\/Vizite-nga-Ulqini-Mesharit-t\u00eb-Gjon-Buzukut.8.jpg'><img width=\"150\" height=\"150\" src=\"https:\/\/www.visit-ulcinj.com\/blog\/wp-content\/uploads\/2012\/11\/Vizite-nga-Ulqini-Mesharit-t\u00eb-Gjon-Buzukut.8-150x150.jpg\" class=\"attachment-thumbnail size-thumbnail\" alt=\"\" loading=\"lazy\" \/><\/a>\n\t\t\t<\/dt><\/dl><br style=\"clear: both\" \/>\n\t\t<\/div>\n<br \/>\n<iframe loading=\"lazy\" src=\"http:\/\/www.youtube.com\/embed\/fvGjNe1asiE?rel=0\" frameborder=\"0\" width=\"508\" height=\"360\"><\/iframe><\/p>\n","protected":false},"excerpt":{"rendered":"<p>N\u00eb syt\u00eb e intelektual\u00ebve shqiptar\u00eb\u00a0nga Ulqini shihej qart\u00eb emocioni i takimit me k\u00ebto dokumenta kaq t\u00eb r\u00ebnd\u00ebsish\u00ebm sidomos ai i mesharit t\u00eb Gjon Buzukut, nj\u00eb dokument themltar i cili q\u00ebndron n\u00eb fillesat e shkrimit t\u00eb gjuh\u00ebs shqipe. Rast\u00ebsia ka sjell\u00eb q\u00eb gjat\u00eb dit\u00ebs Dr.Sim\u00eb Dobreci,Prof.dr.Ruzhdi Ushaku,z.Tahir Tahiri (Kryetari i K\u00ebshillit Nacional t\u00eb Shqiptar\u00ebve n\u00eb Malin [&hellip;]<\/p>\n","protected":false},"author":1,"featured_media":0,"comment_status":"open","ping_status":"closed","sticky":false,"template":"","format":"standard","meta":{"spay_email":"","jetpack_publicize_message":"","jetpack_is_tweetstorm":false,"jetpack_publicize_feature_enabled":true},"categories":[4],"tags":[49,21449,354,3583,18],"jetpack_publicize_connections":[],"yoast_head":"<!-- This site is optimized with the Yoast SEO plugin v19.1 - https:\/\/yoast.com\/wordpress\/plugins\/seo\/ -->\n<title>Vizite nga Ulqini, Mesharit t\u00eb Gjon Buzukut n\u00ebTirane - Lajme nga Ulqini<\/title>\n<meta name=\"description\" content=\"N\u00eb syt\u00eb e intelektual\u00ebve shqiptar\u00eb\u00a0nga Ulqini shihej qart\u00eb emocioni i takimit me k\u00ebto dokumenta kaq t\u00eb r\u00ebnd\u00ebsish\u00ebm sidomos ai i mesharit t\u00eb Gjon Buzukut,\" \/>\n<meta name=\"robots\" content=\"index, follow, max-snippet:-1, max-image-preview:large, max-video-preview:-1\" \/>\n<link rel=\"canonical\" href=\"https:\/\/www.visit-ulcinj.com\/blog\/2012\/11\/19\/vizite-nga-ulqini-mesharit-te-gjon-buzukut-netirane\/\" \/>\n<meta property=\"og:locale\" content=\"en_US\" \/>\n<meta property=\"og:type\" content=\"article\" \/>\n<meta property=\"og:title\" content=\"Vizite nga Ulqini, Mesharit t\u00eb Gjon Buzukut n\u00ebTirane - Lajme nga Ulqini\" \/>\n<meta property=\"og:description\" content=\"N\u00eb syt\u00eb e intelektual\u00ebve shqiptar\u00eb\u00a0nga Ulqini shihej qart\u00eb emocioni i takimit me k\u00ebto dokumenta kaq t\u00eb r\u00ebnd\u00ebsish\u00ebm sidomos ai i mesharit t\u00eb Gjon Buzukut,\" \/>\n<meta property=\"og:url\" content=\"https:\/\/www.visit-ulcinj.com\/blog\/2012\/11\/19\/vizite-nga-ulqini-mesharit-te-gjon-buzukut-netirane\/\" \/>\n<meta property=\"og:site_name\" content=\"Lajme nga Ulqini\" \/>\n<meta property=\"article:published_time\" content=\"2012-11-19T10:07:56+00:00\" \/>\n<meta property=\"og:image\" content=\"https:\/\/www.visit-ulcinj.com\/blog\/wp-content\/uploads\/2012\/11\/Vizite-nga-Ulqini-Mesharit-t\u00eb-Gjon-Buzukut-150x150.jpg\" \/>\n<meta name=\"twitter:label1\" content=\"Written by\" \/>\n\t<meta name=\"twitter:data1\" content=\"ulqini\" \/>\n\t<meta name=\"twitter:label2\" content=\"Est. reading time\" \/>\n\t<meta name=\"twitter:data2\" content=\"2 minutes\" \/>\n<script type=\"application\/ld+json\" class=\"yoast-schema-graph\">{\"@context\":\"https:\/\/schema.org\",\"@graph\":[{\"@type\":\"WebSite\",\"@id\":\"https:\/\/www.visit-ulcinj.com\/blog\/#website\",\"url\":\"https:\/\/www.visit-ulcinj.com\/blog\/\",\"name\":\"Lajme nga Ulqini\",\"description\":\"Lajme,Vijesti,Ulqini,Ulqin,Crna Gora,Mali i Zi\",\"potentialAction\":[{\"@type\":\"SearchAction\",\"target\":{\"@type\":\"EntryPoint\",\"urlTemplate\":\"https:\/\/www.visit-ulcinj.com\/blog\/?s={search_term_string}\"},\"query-input\":\"required name=search_term_string\"}],\"inLanguage\":\"en-US\"},{\"@type\":\"WebPage\",\"@id\":\"https:\/\/www.visit-ulcinj.com\/blog\/2012\/11\/19\/vizite-nga-ulqini-mesharit-te-gjon-buzukut-netirane\/#webpage\",\"url\":\"https:\/\/www.visit-ulcinj.com\/blog\/2012\/11\/19\/vizite-nga-ulqini-mesharit-te-gjon-buzukut-netirane\/\",\"name\":\"Vizite nga Ulqini, Mesharit t\u00eb Gjon Buzukut n\u00ebTirane - Lajme nga Ulqini\",\"isPartOf\":{\"@id\":\"https:\/\/www.visit-ulcinj.com\/blog\/#website\"},\"datePublished\":\"2012-11-19T10:07:56+00:00\",\"dateModified\":\"2012-11-19T10:07:56+00:00\",\"author\":{\"@id\":\"https:\/\/www.visit-ulcinj.com\/blog\/#\/schema\/person\/dcab619c614d3038751c63bc2aadc06d\"},\"description\":\"N\u00eb syt\u00eb e intelektual\u00ebve shqiptar\u00eb\u00a0nga Ulqini shihej qart\u00eb emocioni i takimit me k\u00ebto dokumenta kaq t\u00eb r\u00ebnd\u00ebsish\u00ebm sidomos ai i mesharit t\u00eb Gjon Buzukut,\",\"breadcrumb\":{\"@id\":\"https:\/\/www.visit-ulcinj.com\/blog\/2012\/11\/19\/vizite-nga-ulqini-mesharit-te-gjon-buzukut-netirane\/#breadcrumb\"},\"inLanguage\":\"en-US\",\"potentialAction\":[{\"@type\":\"ReadAction\",\"target\":[\"https:\/\/www.visit-ulcinj.com\/blog\/2012\/11\/19\/vizite-nga-ulqini-mesharit-te-gjon-buzukut-netirane\/\"]}]},{\"@type\":\"BreadcrumbList\",\"@id\":\"https:\/\/www.visit-ulcinj.com\/blog\/2012\/11\/19\/vizite-nga-ulqini-mesharit-te-gjon-buzukut-netirane\/#breadcrumb\",\"itemListElement\":[{\"@type\":\"ListItem\",\"position\":1,\"name\":\"Vizite nga Ulqini, Mesharit t\u00eb Gjon Buzukut n\u00ebTirane\"}]},{\"@type\":\"Person\",\"@id\":\"https:\/\/www.visit-ulcinj.com\/blog\/#\/schema\/person\/dcab619c614d3038751c63bc2aadc06d\",\"name\":\"ulqini\",\"sameAs\":[\"http:\/\/www.visit-ulcinj.com\"],\"url\":\"https:\/\/www.visit-ulcinj.com\/blog\/author\/admin\/\"}]}<\/script>\n<!-- \/ Yoast SEO plugin. -->","yoast_head_json":{"title":"Vizite nga Ulqini, Mesharit t\u00eb Gjon Buzukut n\u00ebTirane - Lajme nga Ulqini","description":"N\u00eb syt\u00eb e intelektual\u00ebve shqiptar\u00eb\u00a0nga Ulqini shihej qart\u00eb emocioni i takimit me k\u00ebto dokumenta kaq t\u00eb r\u00ebnd\u00ebsish\u00ebm sidomos ai i mesharit t\u00eb Gjon Buzukut,","robots":{"index":"index","follow":"follow","max-snippet":"max-snippet:-1","max-image-preview":"max-image-preview:large","max-video-preview":"max-video-preview:-1"},"canonical":"https:\/\/www.visit-ulcinj.com\/blog\/2012\/11\/19\/vizite-nga-ulqini-mesharit-te-gjon-buzukut-netirane\/","og_locale":"en_US","og_type":"article","og_title":"Vizite nga Ulqini, Mesharit t\u00eb Gjon Buzukut n\u00ebTirane - Lajme nga Ulqini","og_description":"N\u00eb syt\u00eb e intelektual\u00ebve shqiptar\u00eb\u00a0nga Ulqini shihej qart\u00eb emocioni i takimit me k\u00ebto dokumenta kaq t\u00eb r\u00ebnd\u00ebsish\u00ebm sidomos ai i mesharit t\u00eb Gjon Buzukut,","og_url":"https:\/\/www.visit-ulcinj.com\/blog\/2012\/11\/19\/vizite-nga-ulqini-mesharit-te-gjon-buzukut-netirane\/","og_site_name":"Lajme nga Ulqini","article_published_time":"2012-11-19T10:07:56+00:00","og_image":[{"url":"https:\/\/www.visit-ulcinj.com\/blog\/wp-content\/uploads\/2012\/11\/Vizite-nga-Ulqini-Mesharit-t\u00eb-Gjon-Buzukut-150x150.jpg"}],"twitter_misc":{"Written by":"ulqini","Est. reading time":"2 minutes"},"schema":{"@context":"https:\/\/schema.org","@graph":[{"@type":"WebSite","@id":"https:\/\/www.visit-ulcinj.com\/blog\/#website","url":"https:\/\/www.visit-ulcinj.com\/blog\/","name":"Lajme nga Ulqini","description":"Lajme,Vijesti,Ulqini,Ulqin,Crna Gora,Mali i Zi","potentialAction":[{"@type":"SearchAction","target":{"@type":"EntryPoint","urlTemplate":"https:\/\/www.visit-ulcinj.com\/blog\/?s={search_term_string}"},"query-input":"required name=search_term_string"}],"inLanguage":"en-US"},{"@type":"WebPage","@id":"https:\/\/www.visit-ulcinj.com\/blog\/2012\/11\/19\/vizite-nga-ulqini-mesharit-te-gjon-buzukut-netirane\/#webpage","url":"https:\/\/www.visit-ulcinj.com\/blog\/2012\/11\/19\/vizite-nga-ulqini-mesharit-te-gjon-buzukut-netirane\/","name":"Vizite nga Ulqini, Mesharit t\u00eb Gjon Buzukut n\u00ebTirane - Lajme nga Ulqini","isPartOf":{"@id":"https:\/\/www.visit-ulcinj.com\/blog\/#website"},"datePublished":"2012-11-19T10:07:56+00:00","dateModified":"2012-11-19T10:07:56+00:00","author":{"@id":"https:\/\/www.visit-ulcinj.com\/blog\/#\/schema\/person\/dcab619c614d3038751c63bc2aadc06d"},"description":"N\u00eb syt\u00eb e intelektual\u00ebve shqiptar\u00eb\u00a0nga Ulqini shihej qart\u00eb emocioni i takimit me k\u00ebto dokumenta kaq t\u00eb r\u00ebnd\u00ebsish\u00ebm sidomos ai i mesharit t\u00eb Gjon Buzukut,","breadcrumb":{"@id":"https:\/\/www.visit-ulcinj.com\/blog\/2012\/11\/19\/vizite-nga-ulqini-mesharit-te-gjon-buzukut-netirane\/#breadcrumb"},"inLanguage":"en-US","potentialAction":[{"@type":"ReadAction","target":["https:\/\/www.visit-ulcinj.com\/blog\/2012\/11\/19\/vizite-nga-ulqini-mesharit-te-gjon-buzukut-netirane\/"]}]},{"@type":"BreadcrumbList","@id":"https:\/\/www.visit-ulcinj.com\/blog\/2012\/11\/19\/vizite-nga-ulqini-mesharit-te-gjon-buzukut-netirane\/#breadcrumb","itemListElement":[{"@type":"ListItem","position":1,"name":"Vizite nga Ulqini, Mesharit t\u00eb Gjon Buzukut n\u00ebTirane"}]},{"@type":"Person","@id":"https:\/\/www.visit-ulcinj.com\/blog\/#\/schema\/person\/dcab619c614d3038751c63bc2aadc06d","name":"ulqini","sameAs":["http:\/\/www.visit-ulcinj.com"],"url":"https:\/\/www.visit-ulcinj.com\/blog\/author\/admin\/"}]}},"jetpack_featured_media_url":"","jetpack_sharing_enabled":true,"jetpack_shortlink":"https:\/\/wp.me\/pe6lTn-h8A","_links":{"self":[{"href":"https:\/\/www.visit-ulcinj.com\/blog\/wp-json\/wp\/v2\/posts\/65880"}],"collection":[{"href":"https:\/\/www.visit-ulcinj.com\/blog\/wp-json\/wp\/v2\/posts"}],"about":[{"href":"https:\/\/www.visit-ulcinj.com\/blog\/wp-json\/wp\/v2\/types\/post"}],"author":[{"embeddable":true,"href":"https:\/\/www.visit-ulcinj.com\/blog\/wp-json\/wp\/v2\/users\/1"}],"replies":[{"embeddable":true,"href":"https:\/\/www.visit-ulcinj.com\/blog\/wp-json\/wp\/v2\/comments?post=65880"}],"version-history":[{"count":1,"href":"https:\/\/www.visit-ulcinj.com\/blog\/wp-json\/wp\/v2\/posts\/65880\/revisions"}],"predecessor-version":[{"id":65891,"href":"https:\/\/www.visit-ulcinj.com\/blog\/wp-json\/wp\/v2\/posts\/65880\/revisions\/65891"}],"wp:attachment":[{"href":"https:\/\/www.visit-ulcinj.com\/blog\/wp-json\/wp\/v2\/media?parent=65880"}],"wp:term":[{"taxonomy":"category","embeddable":true,"href":"https:\/\/www.visit-ulcinj.com\/blog\/wp-json\/wp\/v2\/categories?post=65880"},{"taxonomy":"post_tag","embeddable":true,"href":"https:\/\/www.visit-ulcinj.com\/blog\/wp-json\/wp\/v2\/tags?post=65880"}],"curies":[{"name":"wp","href":"https:\/\/api.w.org\/{rel}","templated":true}]}}