{"id":65892,"date":"2012-11-19T11:22:13","date_gmt":"2012-11-19T10:22:13","guid":{"rendered":"http:\/\/www.visit-ulcinj.com\/blog\/?p=65892"},"modified":"2012-11-19T17:55:19","modified_gmt":"2012-11-19T16:55:19","slug":"nazif-cungu-u-takua-me-z-dejan-llukovcin","status":"publish","type":"post","link":"https:\/\/www.visit-ulcinj.com\/blog\/2012\/11\/19\/nazif-cungu-u-takua-me-z-dejan-llukovcin\/","title":{"rendered":"Nazif Cungu u takua me Z.Dejan Llukovcin"},"content":{"rendered":"<p><strong>Kryetari Cungu u takua me Dejan Llukovcin me q\u00ebllim t\u00eb themelimit t\u00eb K\u00ebshillit komunal p\u00ebr zhvillim t\u00eb q\u00ebndruesh\u00ebm n\u00eb Komun\u00ebn e Ulqinit<br \/>\n<a href=\"http:\/\/www.visit-ulcinj.com\/blog\/wp-content\/uploads\/2012\/11\/Nazif-Cungu_Dejan-Lukovac1.jpg\"><img loading=\"lazy\" class=\"alignleft  wp-image-65893\" title=\"Nazif-Cungu_Dejan-Lukovac\" src=\"http:\/\/www.visit-ulcinj.com\/blog\/wp-content\/uploads\/2012\/11\/Nazif-Cungu_Dejan-Lukovac1.jpg\" alt=\"\" width=\"508\" height=\"360\" \/><\/a><br \/>\n<\/strong><\/p>\n<p>Sot Kryetari i Komun\u00ebs s\u00eb Ulqinit Z. Nazif Cungu u takua me Z.Dejan Llukovc, p\u00ebrfaqsues i T\u00eb gjelb\u00ebrtve n\u00eb Malin e Zi. Q\u00ebllimi i k\u00ebtij takimi ishte formimi i K\u00ebshillit komunal p\u00ebr zhvillim t\u00eb q\u00ebndruesh\u00ebm n\u00eb Komun\u00eb t\u00eb Ulqinit.<br \/>\nZ .Llukovac i njoftoj t\u00eb pranishmit me procesin dhe q\u00ebllimin e themelimit t\u00eb K\u00ebshillit Nacional p\u00ebr zhvillim t\u00eb q\u00ebndruesh\u00ebm n\u00eb Mal t\u00eb Zi i themeluar n\u00eb vitin 1992, si fillim p\u00ebr realizimin e kapaciteteve organizuese t\u00eb Malit t\u00eb Zi p\u00ebr p\u00ebrcjelljen e asaj q\u00eb \u00ebsht\u00eb prioritet bot\u00ebror, filozofis\u00eb s\u00eb zhvillimit t\u00eb q\u00ebndruesh\u00ebm.<\/p>\n<p>Ai theksoj q\u00eb zhvillimi i cili nuk \u00ebsht\u00eb i lidhur me mbrojtjen e mjedisit dhe nevojat shoq\u00ebrore e sociale \u00ebsht\u00eb zhvillim me defekte dhe p\u00ebr k\u00ebt\u00eb filozofija e zhvillimit t\u00eb q\u00ebndrueshem tashm\u00eb \u00ebsht\u00eb filozofi bot\u00ebrore. P\u00ebr funksionim m\u00eb t\u00eb mir\u00eb u konstatua nevoja e formimit t\u00eb k\u00ebshilleve t\u00eb tilla n\u00eb komunat ku edhe gjinden potencialet, resurset dhe problemet. Formimi i K\u00ebshilleve Komunale n\u00ebnkupton hartimin e planit dhe strategjis\u00eb p\u00ebr zhvillim t\u00eb q\u00ebndruesh\u00ebm n\u00eb vet\u00eb komunat.<br \/>\nKryetari Cungu, p\u00ebrshendeti iniciativ\u00ebn e T\u00eb gjelberve p\u00ebr themelimin e nj\u00eb K\u00ebshilli t\u00eb till\u00eb n\u00eb Ulqin Ai vler\u00ebsoi q\u00eb meq\u00eb Komuna e Ulqinit ndodhet n\u00eb faz\u00ebn e hartimit te Planit hapsinor, urbanistik dhe Planit strategjik t\u00eb zhvillimit, k\u00ebto jan\u00eb rrethana t\u00eb favorsh\u00ebme p\u00ebr realizimin e nj\u00eb projekti t\u00eb till\u00eb meq\u00eb k\u00ebto jan\u00eb dokumente t\u00eb r\u00ebnd\u00ebsish\u00ebm n\u00eb faz\u00ebn kur do t\u00eb punohet n\u00eb studimin e dokumenteve, vler\u00ebsimin e gjendjes dhe sjelljen e planeve lidhur me zhvillimin e q\u00ebndruesh\u00ebm t\u00eb Komun\u00ebs s\u00eb Ulqinit.<br \/>\nP\u00ebrvec Komun\u00ebs s\u00eb Ulqinit , p\u00ebr formimin e K\u00ebshillit Komunal pozitivisht jan\u00eb deklaruar edhe pes\u00eb komuna t\u00eb tjera n\u00eb Mal t\u00eb Zi Cetinja, Bjello Pole, Plevla, Tivati dhe Kollashini.<br \/>\nDeri m\u00eb tani K\u00ebshilli komunal p\u00ebr zhvillim t\u00eb qendrueshem ekziston vetem n\u00eb Danillograd.<\/p>\n<p><strong>Op\u0161tina Ulcinj \/ Komuna e Ulqinit<\/strong><br \/>\nTel: +382 30 412 050<br \/>\nFax: +382 30 412 413<br \/>\nAdresa: Bul. Skenderbeu bb, 85360 Ulcinj, MNE<\/p>\n","protected":false},"excerpt":{"rendered":"<p>Kryetari Cungu u takua me Dejan Llukovcin me q\u00ebllim t\u00eb themelimit t\u00eb K\u00ebshillit komunal p\u00ebr zhvillim t\u00eb q\u00ebndruesh\u00ebm n\u00eb Komun\u00ebn e Ulqinit Sot Kryetari i Komun\u00ebs s\u00eb Ulqinit Z. Nazif Cungu u takua me Z.Dejan Llukovc, p\u00ebrfaqsues i T\u00eb gjelb\u00ebrtve n\u00eb Malin e Zi. Q\u00ebllimi i k\u00ebtij takimi ishte formimi i K\u00ebshillit komunal p\u00ebr zhvillim [&hellip;]<\/p>\n","protected":false},"author":1,"featured_media":0,"comment_status":"open","ping_status":"closed","sticky":false,"template":"","format":"standard","meta":{"spay_email":"","jetpack_publicize_message":"","jetpack_is_tweetstorm":false,"jetpack_publicize_feature_enabled":true},"categories":[6950],"tags":[118,200,18],"jetpack_publicize_connections":[],"yoast_head":"<!-- This site is optimized with the Yoast SEO plugin v19.1 - https:\/\/yoast.com\/wordpress\/plugins\/seo\/ -->\n<title>Nazif Cungu u takua me Z.Dejan Llukovcin - Lajme nga Ulqini<\/title>\n<meta name=\"description\" content=\"Kryetari Cungu u takua me Dejan Llukovcin me q\u00ebllim t\u00eb themelimit t\u00eb K\u00ebshillit komunal p\u00ebr zhvillim t\u00eb q\u00ebndruesh\u00ebm n\u00eb Komun\u00ebn e Ulqinit Sot Kryetari i\" \/>\n<meta name=\"robots\" content=\"index, follow, max-snippet:-1, max-image-preview:large, max-video-preview:-1\" \/>\n<link rel=\"canonical\" href=\"https:\/\/www.visit-ulcinj.com\/blog\/2012\/11\/19\/nazif-cungu-u-takua-me-z-dejan-llukovcin\/\" \/>\n<meta property=\"og:locale\" content=\"en_US\" \/>\n<meta property=\"og:type\" content=\"article\" \/>\n<meta property=\"og:title\" content=\"Nazif Cungu u takua me Z.Dejan Llukovcin - Lajme nga Ulqini\" \/>\n<meta property=\"og:description\" content=\"Kryetari Cungu u takua me Dejan Llukovcin me q\u00ebllim t\u00eb themelimit t\u00eb K\u00ebshillit komunal p\u00ebr zhvillim t\u00eb q\u00ebndruesh\u00ebm n\u00eb Komun\u00ebn e Ulqinit Sot Kryetari i\" \/>\n<meta property=\"og:url\" content=\"https:\/\/www.visit-ulcinj.com\/blog\/2012\/11\/19\/nazif-cungu-u-takua-me-z-dejan-llukovcin\/\" \/>\n<meta property=\"og:site_name\" content=\"Lajme nga Ulqini\" \/>\n<meta property=\"article:published_time\" content=\"2012-11-19T10:22:13+00:00\" \/>\n<meta property=\"article:modified_time\" content=\"2012-11-19T16:55:19+00:00\" \/>\n<meta property=\"og:image\" content=\"http:\/\/www.visit-ulcinj.com\/blog\/wp-content\/uploads\/2012\/11\/Nazif-Cungu_Dejan-Lukovac1.jpg\" \/>\n<meta name=\"twitter:label1\" content=\"Written by\" \/>\n\t<meta name=\"twitter:data1\" content=\"ulqini\" \/>\n\t<meta name=\"twitter:label2\" content=\"Est. reading time\" \/>\n\t<meta name=\"twitter:data2\" content=\"2 minutes\" \/>\n<script type=\"application\/ld+json\" class=\"yoast-schema-graph\">{\"@context\":\"https:\/\/schema.org\",\"@graph\":[{\"@type\":\"WebSite\",\"@id\":\"https:\/\/www.visit-ulcinj.com\/blog\/#website\",\"url\":\"https:\/\/www.visit-ulcinj.com\/blog\/\",\"name\":\"Lajme nga Ulqini\",\"description\":\"Lajme,Vijesti,Ulqini,Ulqin,Crna Gora,Mali i Zi\",\"potentialAction\":[{\"@type\":\"SearchAction\",\"target\":{\"@type\":\"EntryPoint\",\"urlTemplate\":\"https:\/\/www.visit-ulcinj.com\/blog\/?s={search_term_string}\"},\"query-input\":\"required name=search_term_string\"}],\"inLanguage\":\"en-US\"},{\"@type\":\"ImageObject\",\"inLanguage\":\"en-US\",\"@id\":\"https:\/\/www.visit-ulcinj.com\/blog\/2012\/11\/19\/nazif-cungu-u-takua-me-z-dejan-llukovcin\/#primaryimage\",\"url\":\"https:\/\/www.visit-ulcinj.com\/blog\/wp-content\/uploads\/2012\/11\/Nazif-Cungu_Dejan-Lukovac1.jpg\",\"contentUrl\":\"https:\/\/www.visit-ulcinj.com\/blog\/wp-content\/uploads\/2012\/11\/Nazif-Cungu_Dejan-Lukovac1.jpg\",\"width\":\"640\",\"height\":\"424\"},{\"@type\":\"WebPage\",\"@id\":\"https:\/\/www.visit-ulcinj.com\/blog\/2012\/11\/19\/nazif-cungu-u-takua-me-z-dejan-llukovcin\/#webpage\",\"url\":\"https:\/\/www.visit-ulcinj.com\/blog\/2012\/11\/19\/nazif-cungu-u-takua-me-z-dejan-llukovcin\/\",\"name\":\"Nazif Cungu u takua me Z.Dejan Llukovcin - Lajme nga Ulqini\",\"isPartOf\":{\"@id\":\"https:\/\/www.visit-ulcinj.com\/blog\/#website\"},\"primaryImageOfPage\":{\"@id\":\"https:\/\/www.visit-ulcinj.com\/blog\/2012\/11\/19\/nazif-cungu-u-takua-me-z-dejan-llukovcin\/#primaryimage\"},\"datePublished\":\"2012-11-19T10:22:13+00:00\",\"dateModified\":\"2012-11-19T16:55:19+00:00\",\"author\":{\"@id\":\"https:\/\/www.visit-ulcinj.com\/blog\/#\/schema\/person\/dcab619c614d3038751c63bc2aadc06d\"},\"description\":\"Kryetari Cungu u takua me Dejan Llukovcin me q\u00ebllim t\u00eb themelimit t\u00eb K\u00ebshillit komunal p\u00ebr zhvillim t\u00eb q\u00ebndruesh\u00ebm n\u00eb Komun\u00ebn e Ulqinit Sot Kryetari i\",\"breadcrumb\":{\"@id\":\"https:\/\/www.visit-ulcinj.com\/blog\/2012\/11\/19\/nazif-cungu-u-takua-me-z-dejan-llukovcin\/#breadcrumb\"},\"inLanguage\":\"en-US\",\"potentialAction\":[{\"@type\":\"ReadAction\",\"target\":[\"https:\/\/www.visit-ulcinj.com\/blog\/2012\/11\/19\/nazif-cungu-u-takua-me-z-dejan-llukovcin\/\"]}]},{\"@type\":\"BreadcrumbList\",\"@id\":\"https:\/\/www.visit-ulcinj.com\/blog\/2012\/11\/19\/nazif-cungu-u-takua-me-z-dejan-llukovcin\/#breadcrumb\",\"itemListElement\":[{\"@type\":\"ListItem\",\"position\":1,\"name\":\"Nazif Cungu u takua me Z.Dejan Llukovcin\"}]},{\"@type\":\"Person\",\"@id\":\"https:\/\/www.visit-ulcinj.com\/blog\/#\/schema\/person\/dcab619c614d3038751c63bc2aadc06d\",\"name\":\"ulqini\",\"sameAs\":[\"http:\/\/www.visit-ulcinj.com\"],\"url\":\"https:\/\/www.visit-ulcinj.com\/blog\/author\/admin\/\"}]}<\/script>\n<!-- \/ Yoast SEO plugin. -->","yoast_head_json":{"title":"Nazif Cungu u takua me Z.Dejan Llukovcin - Lajme nga Ulqini","description":"Kryetari Cungu u takua me Dejan Llukovcin me q\u00ebllim t\u00eb themelimit t\u00eb K\u00ebshillit komunal p\u00ebr zhvillim t\u00eb q\u00ebndruesh\u00ebm n\u00eb Komun\u00ebn e Ulqinit Sot Kryetari i","robots":{"index":"index","follow":"follow","max-snippet":"max-snippet:-1","max-image-preview":"max-image-preview:large","max-video-preview":"max-video-preview:-1"},"canonical":"https:\/\/www.visit-ulcinj.com\/blog\/2012\/11\/19\/nazif-cungu-u-takua-me-z-dejan-llukovcin\/","og_locale":"en_US","og_type":"article","og_title":"Nazif Cungu u takua me Z.Dejan Llukovcin - Lajme nga Ulqini","og_description":"Kryetari Cungu u takua me Dejan Llukovcin me q\u00ebllim t\u00eb themelimit t\u00eb K\u00ebshillit komunal p\u00ebr zhvillim t\u00eb q\u00ebndruesh\u00ebm n\u00eb Komun\u00ebn e Ulqinit Sot Kryetari i","og_url":"https:\/\/www.visit-ulcinj.com\/blog\/2012\/11\/19\/nazif-cungu-u-takua-me-z-dejan-llukovcin\/","og_site_name":"Lajme nga Ulqini","article_published_time":"2012-11-19T10:22:13+00:00","article_modified_time":"2012-11-19T16:55:19+00:00","og_image":[{"url":"http:\/\/www.visit-ulcinj.com\/blog\/wp-content\/uploads\/2012\/11\/Nazif-Cungu_Dejan-Lukovac1.jpg"}],"twitter_misc":{"Written by":"ulqini","Est. reading time":"2 minutes"},"schema":{"@context":"https:\/\/schema.org","@graph":[{"@type":"WebSite","@id":"https:\/\/www.visit-ulcinj.com\/blog\/#website","url":"https:\/\/www.visit-ulcinj.com\/blog\/","name":"Lajme nga Ulqini","description":"Lajme,Vijesti,Ulqini,Ulqin,Crna Gora,Mali i Zi","potentialAction":[{"@type":"SearchAction","target":{"@type":"EntryPoint","urlTemplate":"https:\/\/www.visit-ulcinj.com\/blog\/?s={search_term_string}"},"query-input":"required name=search_term_string"}],"inLanguage":"en-US"},{"@type":"ImageObject","inLanguage":"en-US","@id":"https:\/\/www.visit-ulcinj.com\/blog\/2012\/11\/19\/nazif-cungu-u-takua-me-z-dejan-llukovcin\/#primaryimage","url":"https:\/\/www.visit-ulcinj.com\/blog\/wp-content\/uploads\/2012\/11\/Nazif-Cungu_Dejan-Lukovac1.jpg","contentUrl":"https:\/\/www.visit-ulcinj.com\/blog\/wp-content\/uploads\/2012\/11\/Nazif-Cungu_Dejan-Lukovac1.jpg","width":"640","height":"424"},{"@type":"WebPage","@id":"https:\/\/www.visit-ulcinj.com\/blog\/2012\/11\/19\/nazif-cungu-u-takua-me-z-dejan-llukovcin\/#webpage","url":"https:\/\/www.visit-ulcinj.com\/blog\/2012\/11\/19\/nazif-cungu-u-takua-me-z-dejan-llukovcin\/","name":"Nazif Cungu u takua me Z.Dejan Llukovcin - Lajme nga Ulqini","isPartOf":{"@id":"https:\/\/www.visit-ulcinj.com\/blog\/#website"},"primaryImageOfPage":{"@id":"https:\/\/www.visit-ulcinj.com\/blog\/2012\/11\/19\/nazif-cungu-u-takua-me-z-dejan-llukovcin\/#primaryimage"},"datePublished":"2012-11-19T10:22:13+00:00","dateModified":"2012-11-19T16:55:19+00:00","author":{"@id":"https:\/\/www.visit-ulcinj.com\/blog\/#\/schema\/person\/dcab619c614d3038751c63bc2aadc06d"},"description":"Kryetari Cungu u takua me Dejan Llukovcin me q\u00ebllim t\u00eb themelimit t\u00eb K\u00ebshillit komunal p\u00ebr zhvillim t\u00eb q\u00ebndruesh\u00ebm n\u00eb Komun\u00ebn e Ulqinit Sot Kryetari i","breadcrumb":{"@id":"https:\/\/www.visit-ulcinj.com\/blog\/2012\/11\/19\/nazif-cungu-u-takua-me-z-dejan-llukovcin\/#breadcrumb"},"inLanguage":"en-US","potentialAction":[{"@type":"ReadAction","target":["https:\/\/www.visit-ulcinj.com\/blog\/2012\/11\/19\/nazif-cungu-u-takua-me-z-dejan-llukovcin\/"]}]},{"@type":"BreadcrumbList","@id":"https:\/\/www.visit-ulcinj.com\/blog\/2012\/11\/19\/nazif-cungu-u-takua-me-z-dejan-llukovcin\/#breadcrumb","itemListElement":[{"@type":"ListItem","position":1,"name":"Nazif Cungu u takua me Z.Dejan Llukovcin"}]},{"@type":"Person","@id":"https:\/\/www.visit-ulcinj.com\/blog\/#\/schema\/person\/dcab619c614d3038751c63bc2aadc06d","name":"ulqini","sameAs":["http:\/\/www.visit-ulcinj.com"],"url":"https:\/\/www.visit-ulcinj.com\/blog\/author\/admin\/"}]}},"jetpack_featured_media_url":"","jetpack_sharing_enabled":true,"jetpack_shortlink":"https:\/\/wp.me\/pe6lTn-h8M","_links":{"self":[{"href":"https:\/\/www.visit-ulcinj.com\/blog\/wp-json\/wp\/v2\/posts\/65892"}],"collection":[{"href":"https:\/\/www.visit-ulcinj.com\/blog\/wp-json\/wp\/v2\/posts"}],"about":[{"href":"https:\/\/www.visit-ulcinj.com\/blog\/wp-json\/wp\/v2\/types\/post"}],"author":[{"embeddable":true,"href":"https:\/\/www.visit-ulcinj.com\/blog\/wp-json\/wp\/v2\/users\/1"}],"replies":[{"embeddable":true,"href":"https:\/\/www.visit-ulcinj.com\/blog\/wp-json\/wp\/v2\/comments?post=65892"}],"version-history":[{"count":2,"href":"https:\/\/www.visit-ulcinj.com\/blog\/wp-json\/wp\/v2\/posts\/65892\/revisions"}],"predecessor-version":[{"id":65905,"href":"https:\/\/www.visit-ulcinj.com\/blog\/wp-json\/wp\/v2\/posts\/65892\/revisions\/65905"}],"wp:attachment":[{"href":"https:\/\/www.visit-ulcinj.com\/blog\/wp-json\/wp\/v2\/media?parent=65892"}],"wp:term":[{"taxonomy":"category","embeddable":true,"href":"https:\/\/www.visit-ulcinj.com\/blog\/wp-json\/wp\/v2\/categories?post=65892"},{"taxonomy":"post_tag","embeddable":true,"href":"https:\/\/www.visit-ulcinj.com\/blog\/wp-json\/wp\/v2\/tags?post=65892"}],"curies":[{"name":"wp","href":"https:\/\/api.w.org\/{rel}","templated":true}]}}