{"id":65907,"date":"2012-11-19T18:03:58","date_gmt":"2012-11-19T17:03:58","guid":{"rendered":"http:\/\/www.visit-ulcinj.com\/blog\/?p=65907"},"modified":"2012-11-19T18:04:28","modified_gmt":"2012-11-19T17:04:28","slug":"rikthehen-ne-atdhe-shpata-dhe-perkrenarja-e-skenderbeut","status":"publish","type":"post","link":"https:\/\/www.visit-ulcinj.com\/blog\/2012\/11\/19\/rikthehen-ne-atdhe-shpata-dhe-perkrenarja-e-skenderbeut\/","title":{"rendered":"Rikthehen n\u00eb Atdhe shpata dhe p\u00ebrkrenarja e Sk\u00ebnderbeut"},"content":{"rendered":"<p><a href=\"http:\/\/www.visit-ulcinj.com\/blog\/wp-content\/uploads\/2012\/11\/shpata-dhe-p\u00ebrkrenarja-e-Sk\u00ebnderbeut.jpg\"><img loading=\"lazy\" class=\"alignleft  wp-image-65908\" title=\"shpata dhe p\u00ebrkrenarja e Sk\u00ebnderbeut\" src=\"http:\/\/www.visit-ulcinj.com\/blog\/wp-content\/uploads\/2012\/11\/shpata-dhe-p\u00ebrkrenarja-e-Sk\u00ebnderbeut.jpg\" alt=\"\" width=\"508\" height=\"360\" \/><\/a>Mb\u00ebrrijn\u00eb nga Austria shpata dhe p\u00ebrkrenarja e heroit ton\u00eb komb\u00ebtar Gjergj Kastriot Sk\u00ebnderbeu.<\/p>\n<p>Arm\u00ebt e Heroit ton\u00eb Komb\u00ebtar kan\u00eb mb\u00ebrritur n\u00ebn masa t\u00eb rrepta sigurie n\u00eb Portin e Durr\u00ebsit nd\u00ebrsa m\u00eb pas do t\u00eb transportohen drejt Muzeut Historik Komb\u00ebtar.<\/p>\n<p>Shpata dhe p\u00ebrkrenarja e Sk\u00ebnderbeut do t\u00eb ekspozohen n\u00eb Pavionin e Mesjet\u00ebs ku do t\u00eb ruhen nga Garda gjat\u00eb koh\u00ebs q\u00eb do t\u00eb ekspozohen p\u00ebr publikun me rastin e 100-vjetorit t\u00eb Pavar\u00ebsis\u00eb s\u00eb Shqip\u00ebris\u00eb.<\/p>\n<p>Dy objektet mbaheshin n\u00eb nj\u00eb muze n\u00eb Vjen\u00eb, nd\u00ebrsa kthimi i tyre n\u00eb Shqip\u00ebri \u00ebsht\u00eb b\u00ebr\u00eb i mundur nga nj\u00eb marr\u00ebveshje mes autoriteteve shqiptare dhe austriake.<\/p>\n<p>P\u00ebrkrenarja dhe shpata e Sk\u00ebnderbeut ruhen n\u00eb Kunst Historisches Museum n\u00eb Vjen\u00eb, Austri, n\u00eb sall\u00ebn e \u201cMaksimilianit\u201d (XXV).<\/p>\n<p>P\u00ebrkrenarja p\u00ebrb\u00ebhet prej \u00e7eliku dhe rrethohet nga nj\u00eb rrip i lar\u00eb me ar. N\u00eb maj\u00eb t\u00eb saj \u00ebsht\u00eb vendosur si simbol koka e dhis\u00eb me brir\u00eb. N\u00eb pjes\u00ebn e poshtme t\u00eb saj, p\u00ebrkrenarja qarkohet nga nj\u00eb rreth bakri, ku \u00ebsht\u00eb gdhendur nj\u00eb mbishkrim prej dy shkronjash \u00e7ift, q\u00eb ndahen midis tyre me rozeta IM*PE*RA*TO*RE*BT (*Jhezus Nazarenus*Principi Emathiae*Regi Albaniae* Terrori Osmanorum *Benedictat Te (Jezuj i Nazaretit t\u00eb beton ty Sk\u00ebnderbej, princ i Matit, Mbret i Shqip\u00ebris\u00eb, Tmerri i osmanllinjve, Mbret i Epirit).<\/p>\n<p>Sipas specialist\u00ebve, ky rreth qarkues mund t\u00eb jet\u00eb v\u00ebn\u00eb m\u00eb von\u00eb n\u00eb p\u00ebrkrenare nga pasardh\u00ebsit e Heroit. Me porosi t\u00eb qeveris\u00eb shqiptare t\u00eb Paraluft\u00ebs, nj\u00eb kopje identike e p\u00ebrkrenares s\u00eb Sk\u00ebnderbeut, punuar m\u00eb 1937-n nga nj\u00eb mjesht\u00ebr i talentuar austriak, ndodhet n\u00eb Muzeun Historik t\u00eb Tiran\u00ebs.<\/p>\n<p>Sipas dokumenteve t\u00eb pakta q\u00eb na vijn\u00eb deri n\u00eb dit\u00ebt tona, Papa Pali II i dhuroi Sk\u00ebnderbeut n\u00eb nat\u00ebn e Krishtlindjes s\u00eb vitit 1466 nj\u00eb shpat\u00eb dhe nj\u00eb k\u00ebsul\u00eb.<\/p>\n<p>Boss<\/p>\n<p><iframe loading=\"lazy\" width=\"508\" height=\"360\" src=\"http:\/\/www.youtube.com\/embed\/ehUGK--D-xo?rel=0\" frameborder=\"0\" allowfullscreen><\/iframe><\/p>\n","protected":false},"excerpt":{"rendered":"<p>Mb\u00ebrrijn\u00eb nga Austria shpata dhe p\u00ebrkrenarja e heroit ton\u00eb komb\u00ebtar Gjergj Kastriot Sk\u00ebnderbeu. Arm\u00ebt e Heroit ton\u00eb Komb\u00ebtar kan\u00eb mb\u00ebrritur n\u00ebn masa t\u00eb rrepta sigurie n\u00eb Portin e Durr\u00ebsit nd\u00ebrsa m\u00eb pas do t\u00eb transportohen drejt Muzeut Historik Komb\u00ebtar. Shpata dhe p\u00ebrkrenarja e Sk\u00ebnderbeut do t\u00eb ekspozohen n\u00eb Pavionin e Mesjet\u00ebs ku do t\u00eb ruhen [&hellip;]<\/p>\n","protected":false},"author":1,"featured_media":0,"comment_status":"open","ping_status":"closed","sticky":false,"template":"","format":"standard","meta":{"spay_email":"","jetpack_publicize_message":"","jetpack_is_tweetstorm":false,"jetpack_publicize_feature_enabled":true},"categories":[7],"tags":[21489],"jetpack_publicize_connections":[],"yoast_head":"<!-- This site is optimized with the Yoast SEO plugin v19.1 - https:\/\/yoast.com\/wordpress\/plugins\/seo\/ -->\n<title>Rikthehen n\u00eb Atdhe shpata dhe p\u00ebrkrenarja e Sk\u00ebnderbeut - Lajme nga Ulqini<\/title>\n<meta name=\"description\" content=\"Mb\u00ebrrijn\u00eb nga Austria shpata dhe p\u00ebrkrenarja e heroit ton\u00eb komb\u00ebtar Gjergj Kastriot Sk\u00ebnderbeu. Arm\u00ebt e Heroit ton\u00eb Komb\u00ebtar kan\u00eb mb\u00ebrritur n\u00ebn masa t\u00eb\" \/>\n<meta name=\"robots\" content=\"index, follow, max-snippet:-1, max-image-preview:large, max-video-preview:-1\" \/>\n<link rel=\"canonical\" href=\"https:\/\/www.visit-ulcinj.com\/blog\/2012\/11\/19\/rikthehen-ne-atdhe-shpata-dhe-perkrenarja-e-skenderbeut\/\" \/>\n<meta property=\"og:locale\" content=\"en_US\" \/>\n<meta property=\"og:type\" content=\"article\" \/>\n<meta property=\"og:title\" content=\"Rikthehen n\u00eb Atdhe shpata dhe p\u00ebrkrenarja e Sk\u00ebnderbeut - Lajme nga Ulqini\" \/>\n<meta property=\"og:description\" content=\"Mb\u00ebrrijn\u00eb nga Austria shpata dhe p\u00ebrkrenarja e heroit ton\u00eb komb\u00ebtar Gjergj Kastriot Sk\u00ebnderbeu. Arm\u00ebt e Heroit ton\u00eb Komb\u00ebtar kan\u00eb mb\u00ebrritur n\u00ebn masa t\u00eb\" \/>\n<meta property=\"og:url\" content=\"https:\/\/www.visit-ulcinj.com\/blog\/2012\/11\/19\/rikthehen-ne-atdhe-shpata-dhe-perkrenarja-e-skenderbeut\/\" \/>\n<meta property=\"og:site_name\" content=\"Lajme nga Ulqini\" \/>\n<meta property=\"article:published_time\" content=\"2012-11-19T17:03:58+00:00\" \/>\n<meta property=\"article:modified_time\" content=\"2012-11-19T17:04:28+00:00\" \/>\n<meta name=\"twitter:label1\" content=\"Written by\" \/>\n\t<meta name=\"twitter:data1\" content=\"ulqini\" \/>\n\t<meta name=\"twitter:label2\" content=\"Est. reading time\" \/>\n\t<meta name=\"twitter:data2\" content=\"2 minutes\" \/>\n<script type=\"application\/ld+json\" class=\"yoast-schema-graph\">{\"@context\":\"https:\/\/schema.org\",\"@graph\":[{\"@type\":\"WebSite\",\"@id\":\"https:\/\/www.visit-ulcinj.com\/blog\/#website\",\"url\":\"https:\/\/www.visit-ulcinj.com\/blog\/\",\"name\":\"Lajme nga Ulqini\",\"description\":\"Lajme,Vijesti,Ulqini,Ulqin,Crna Gora,Mali i Zi\",\"potentialAction\":[{\"@type\":\"SearchAction\",\"target\":{\"@type\":\"EntryPoint\",\"urlTemplate\":\"https:\/\/www.visit-ulcinj.com\/blog\/?s={search_term_string}\"},\"query-input\":\"required name=search_term_string\"}],\"inLanguage\":\"en-US\"},{\"@type\":\"WebPage\",\"@id\":\"https:\/\/www.visit-ulcinj.com\/blog\/2012\/11\/19\/rikthehen-ne-atdhe-shpata-dhe-perkrenarja-e-skenderbeut\/#webpage\",\"url\":\"https:\/\/www.visit-ulcinj.com\/blog\/2012\/11\/19\/rikthehen-ne-atdhe-shpata-dhe-perkrenarja-e-skenderbeut\/\",\"name\":\"Rikthehen n\u00eb Atdhe shpata dhe p\u00ebrkrenarja e Sk\u00ebnderbeut - Lajme nga Ulqini\",\"isPartOf\":{\"@id\":\"https:\/\/www.visit-ulcinj.com\/blog\/#website\"},\"datePublished\":\"2012-11-19T17:03:58+00:00\",\"dateModified\":\"2012-11-19T17:04:28+00:00\",\"author\":{\"@id\":\"https:\/\/www.visit-ulcinj.com\/blog\/#\/schema\/person\/dcab619c614d3038751c63bc2aadc06d\"},\"description\":\"Mb\u00ebrrijn\u00eb nga Austria shpata dhe p\u00ebrkrenarja e heroit ton\u00eb komb\u00ebtar Gjergj Kastriot Sk\u00ebnderbeu. Arm\u00ebt e Heroit ton\u00eb Komb\u00ebtar kan\u00eb mb\u00ebrritur n\u00ebn masa t\u00eb\",\"breadcrumb\":{\"@id\":\"https:\/\/www.visit-ulcinj.com\/blog\/2012\/11\/19\/rikthehen-ne-atdhe-shpata-dhe-perkrenarja-e-skenderbeut\/#breadcrumb\"},\"inLanguage\":\"en-US\",\"potentialAction\":[{\"@type\":\"ReadAction\",\"target\":[\"https:\/\/www.visit-ulcinj.com\/blog\/2012\/11\/19\/rikthehen-ne-atdhe-shpata-dhe-perkrenarja-e-skenderbeut\/\"]}]},{\"@type\":\"BreadcrumbList\",\"@id\":\"https:\/\/www.visit-ulcinj.com\/blog\/2012\/11\/19\/rikthehen-ne-atdhe-shpata-dhe-perkrenarja-e-skenderbeut\/#breadcrumb\",\"itemListElement\":[{\"@type\":\"ListItem\",\"position\":1,\"name\":\"Rikthehen n\u00eb Atdhe shpata dhe p\u00ebrkrenarja e Sk\u00ebnderbeut\"}]},{\"@type\":\"Person\",\"@id\":\"https:\/\/www.visit-ulcinj.com\/blog\/#\/schema\/person\/dcab619c614d3038751c63bc2aadc06d\",\"name\":\"ulqini\",\"sameAs\":[\"http:\/\/www.visit-ulcinj.com\"],\"url\":\"https:\/\/www.visit-ulcinj.com\/blog\/author\/admin\/\"}]}<\/script>\n<!-- \/ Yoast SEO plugin. -->","yoast_head_json":{"title":"Rikthehen n\u00eb Atdhe shpata dhe p\u00ebrkrenarja e Sk\u00ebnderbeut - Lajme nga Ulqini","description":"Mb\u00ebrrijn\u00eb nga Austria shpata dhe p\u00ebrkrenarja e heroit ton\u00eb komb\u00ebtar Gjergj Kastriot Sk\u00ebnderbeu. Arm\u00ebt e Heroit ton\u00eb Komb\u00ebtar kan\u00eb mb\u00ebrritur n\u00ebn masa t\u00eb","robots":{"index":"index","follow":"follow","max-snippet":"max-snippet:-1","max-image-preview":"max-image-preview:large","max-video-preview":"max-video-preview:-1"},"canonical":"https:\/\/www.visit-ulcinj.com\/blog\/2012\/11\/19\/rikthehen-ne-atdhe-shpata-dhe-perkrenarja-e-skenderbeut\/","og_locale":"en_US","og_type":"article","og_title":"Rikthehen n\u00eb Atdhe shpata dhe p\u00ebrkrenarja e Sk\u00ebnderbeut - Lajme nga Ulqini","og_description":"Mb\u00ebrrijn\u00eb nga Austria shpata dhe p\u00ebrkrenarja e heroit ton\u00eb komb\u00ebtar Gjergj Kastriot Sk\u00ebnderbeu. Arm\u00ebt e Heroit ton\u00eb Komb\u00ebtar kan\u00eb mb\u00ebrritur n\u00ebn masa t\u00eb","og_url":"https:\/\/www.visit-ulcinj.com\/blog\/2012\/11\/19\/rikthehen-ne-atdhe-shpata-dhe-perkrenarja-e-skenderbeut\/","og_site_name":"Lajme nga Ulqini","article_published_time":"2012-11-19T17:03:58+00:00","article_modified_time":"2012-11-19T17:04:28+00:00","twitter_misc":{"Written by":"ulqini","Est. reading time":"2 minutes"},"schema":{"@context":"https:\/\/schema.org","@graph":[{"@type":"WebSite","@id":"https:\/\/www.visit-ulcinj.com\/blog\/#website","url":"https:\/\/www.visit-ulcinj.com\/blog\/","name":"Lajme nga Ulqini","description":"Lajme,Vijesti,Ulqini,Ulqin,Crna Gora,Mali i Zi","potentialAction":[{"@type":"SearchAction","target":{"@type":"EntryPoint","urlTemplate":"https:\/\/www.visit-ulcinj.com\/blog\/?s={search_term_string}"},"query-input":"required name=search_term_string"}],"inLanguage":"en-US"},{"@type":"WebPage","@id":"https:\/\/www.visit-ulcinj.com\/blog\/2012\/11\/19\/rikthehen-ne-atdhe-shpata-dhe-perkrenarja-e-skenderbeut\/#webpage","url":"https:\/\/www.visit-ulcinj.com\/blog\/2012\/11\/19\/rikthehen-ne-atdhe-shpata-dhe-perkrenarja-e-skenderbeut\/","name":"Rikthehen n\u00eb Atdhe shpata dhe p\u00ebrkrenarja e Sk\u00ebnderbeut - Lajme nga Ulqini","isPartOf":{"@id":"https:\/\/www.visit-ulcinj.com\/blog\/#website"},"datePublished":"2012-11-19T17:03:58+00:00","dateModified":"2012-11-19T17:04:28+00:00","author":{"@id":"https:\/\/www.visit-ulcinj.com\/blog\/#\/schema\/person\/dcab619c614d3038751c63bc2aadc06d"},"description":"Mb\u00ebrrijn\u00eb nga Austria shpata dhe p\u00ebrkrenarja e heroit ton\u00eb komb\u00ebtar Gjergj Kastriot Sk\u00ebnderbeu. Arm\u00ebt e Heroit ton\u00eb Komb\u00ebtar kan\u00eb mb\u00ebrritur n\u00ebn masa t\u00eb","breadcrumb":{"@id":"https:\/\/www.visit-ulcinj.com\/blog\/2012\/11\/19\/rikthehen-ne-atdhe-shpata-dhe-perkrenarja-e-skenderbeut\/#breadcrumb"},"inLanguage":"en-US","potentialAction":[{"@type":"ReadAction","target":["https:\/\/www.visit-ulcinj.com\/blog\/2012\/11\/19\/rikthehen-ne-atdhe-shpata-dhe-perkrenarja-e-skenderbeut\/"]}]},{"@type":"BreadcrumbList","@id":"https:\/\/www.visit-ulcinj.com\/blog\/2012\/11\/19\/rikthehen-ne-atdhe-shpata-dhe-perkrenarja-e-skenderbeut\/#breadcrumb","itemListElement":[{"@type":"ListItem","position":1,"name":"Rikthehen n\u00eb Atdhe shpata dhe p\u00ebrkrenarja e Sk\u00ebnderbeut"}]},{"@type":"Person","@id":"https:\/\/www.visit-ulcinj.com\/blog\/#\/schema\/person\/dcab619c614d3038751c63bc2aadc06d","name":"ulqini","sameAs":["http:\/\/www.visit-ulcinj.com"],"url":"https:\/\/www.visit-ulcinj.com\/blog\/author\/admin\/"}]}},"jetpack_featured_media_url":"","jetpack_sharing_enabled":true,"jetpack_shortlink":"https:\/\/wp.me\/pe6lTn-h91","_links":{"self":[{"href":"https:\/\/www.visit-ulcinj.com\/blog\/wp-json\/wp\/v2\/posts\/65907"}],"collection":[{"href":"https:\/\/www.visit-ulcinj.com\/blog\/wp-json\/wp\/v2\/posts"}],"about":[{"href":"https:\/\/www.visit-ulcinj.com\/blog\/wp-json\/wp\/v2\/types\/post"}],"author":[{"embeddable":true,"href":"https:\/\/www.visit-ulcinj.com\/blog\/wp-json\/wp\/v2\/users\/1"}],"replies":[{"embeddable":true,"href":"https:\/\/www.visit-ulcinj.com\/blog\/wp-json\/wp\/v2\/comments?post=65907"}],"version-history":[{"count":3,"href":"https:\/\/www.visit-ulcinj.com\/blog\/wp-json\/wp\/v2\/posts\/65907\/revisions"}],"predecessor-version":[{"id":65910,"href":"https:\/\/www.visit-ulcinj.com\/blog\/wp-json\/wp\/v2\/posts\/65907\/revisions\/65910"}],"wp:attachment":[{"href":"https:\/\/www.visit-ulcinj.com\/blog\/wp-json\/wp\/v2\/media?parent=65907"}],"wp:term":[{"taxonomy":"category","embeddable":true,"href":"https:\/\/www.visit-ulcinj.com\/blog\/wp-json\/wp\/v2\/categories?post=65907"},{"taxonomy":"post_tag","embeddable":true,"href":"https:\/\/www.visit-ulcinj.com\/blog\/wp-json\/wp\/v2\/tags?post=65907"}],"curies":[{"name":"wp","href":"https:\/\/api.w.org\/{rel}","templated":true}]}}