{"id":65912,"date":"2012-11-19T19:38:18","date_gmt":"2012-11-19T18:38:18","guid":{"rendered":"http:\/\/www.visit-ulcinj.com\/blog\/?p=65912"},"modified":"2012-11-19T19:38:18","modified_gmt":"2012-11-19T18:38:18","slug":"kupa-ushtria-2012-ne-karate-per-femijeturneu-mbarekombetar-video","status":"publish","type":"post","link":"https:\/\/www.visit-ulcinj.com\/blog\/2012\/11\/19\/kupa-ushtria-2012-ne-karate-per-femijeturneu-mbarekombetar-video\/","title":{"rendered":"Kupa Ushtria 2012 n\u00eb Karate p\u00ebr F\u00ebmij\u00eb,turneu mbar\u00ebkomb\u00ebtar &#8211; Video"},"content":{"rendered":"<p><strong><a href=\"http:\/\/www.visit-ulcinj.com\/blog\/wp-content\/uploads\/2012\/11\/Kupa-e-Ushtris\u00eb-2012-Turneu-mbar\u00ebkomb\u00ebtar-i-karates\u00eb.jpg\"><img loading=\"lazy\" class=\"alignleft  wp-image-65913\" title=\"Kupa e Ushtris\u00eb 2012 - Turneu mbar\u00ebkomb\u00ebtar i karates\u00eb\" src=\"http:\/\/www.visit-ulcinj.com\/blog\/wp-content\/uploads\/2012\/11\/Kupa-e-Ushtris\u00eb-2012-Turneu-mbar\u00ebkomb\u00ebtar-i-karates\u00eb.jpg\" alt=\"\" width=\"508\" height=\"360\" \/><\/a>FESTUAM S\u00cb BASHKU &#8211; T\u00cb GJITH\u00cb FITUES<\/strong><\/p>\n<p>P\u00ebrfaq\u00ebsuesja e Karateist\u00ebve Shqiptar\u00eb nga Mali i Zi, e p\u00ebrb\u00ebr\u00eb nga KK \u201cUlqini\u201ddhe KK \u201cAlbulena\u201d,t\u00eb shtun\u00ebn, m\u00eb 17 n\u00ebntor 2012 n\u00eb Tiran\u00eb mori pjes\u00eb n\u00eb Turneun mbar\u00ebkomb\u00ebtar t\u00eb karates\u00eb \u201cKupa e Ushtris\u00eb 2012\u201d, q\u00eb u organizua n\u00eb kuad\u00ebr t\u00eb festimeve t\u00eb 100 vjetorit t\u00eb Pavar\u00ebsis\u00eb s\u00eb shtetit shqiptar nga Ministria e Mbrojtjes s\u00eb Shqip\u00ebris\u00eb n\u00eb krye me ministrin z. Arben Imamin dhe Federata e Karates\u00eb s\u00eb Shqip\u00ebris\u00eb.<\/p>\n<p>Garuesit e P\u00ebrfaq\u00ebsueses t\u00eb Karateist\u00ebve Shqiptar\u00eb nga Mali i Zi arrit\u00ebn t\u00eb fitojn\u00eb 29 medalje n\u00eb disiplinat ekipore dhe individuale: 8 medalje t\u00eb arta &#8211; 6 n\u00eb disiplinat individuale dhe 2 n\u00eb disiplinat ekipore, 8 t\u00eb argjendta dhe13 t\u00eb bronzta. Ky ishte nj\u00eb sukses i madh, pasi q\u00eb n\u00eb k\u00ebt\u00eb gar\u00eb mor\u00ebn pjes\u00eb garues elitar\u00eb nga mbar\u00eb trojet shqiptare. Po ashtu, suksesi ishte edhe m\u00eb i madh kur kemi parasysh fajtin se p\u00ebrfaq\u00ebsueset tjera jan\u00eb p\u00ebrfaq\u00ebsuese t\u00eb p\u00ebrb\u00ebra nga shum\u00eb klube t\u00eb fuqishme t\u00eb Shqip\u00ebris\u00eb, Kosov\u00ebs dhe t\u00eb Akademis\u00eb s\u00eb Karateist\u00ebve Shqiptar\u00eb t\u00eb Maqedonis\u00eb.<\/p>\n<p>-P\u00ebrfaq\u00ebsuesja e Karateist\u00ebve Shqiptar\u00eb nga Mali i Zi ishte n\u00eb hap me t\u00eb gjitha p\u00ebrfaq\u00ebsueset e tjera dhe t\u00eb gjith\u00eb u shpall\u00ebm kampion\u00eb. N\u00eb k\u00ebt\u00eb turne nuk pati humb\u00ebs dhe t\u00eb gjith\u00eb s\u00eb bashku festuam 100 vjetorin e Pavar\u00ebsis\u00eb. Edhe nj\u00ebher\u00eb p\u00ebrg\u00ebzojm\u00eb t\u00eb gjith\u00eb pjes\u00ebmarr\u00ebsit p\u00ebr sukseset e tyre dhe ua urojm\u00eb t\u00eb gjith\u00eb shqiptar\u00ebve k\u00ebt\u00eb fest\u00eb t\u00eb madhe komb\u00ebtare, 100 vjetorin e Pavar\u00ebsis\u00eb, &#8211; shprehen udh\u00ebheq\u00ebsit e P\u00ebrfaq\u00ebsueses s\u00eb Karateist\u00ebve Shqiptar\u00eb nga Mali i Zi, t\u00eb cil\u00ebt ishin t\u00eb pranish\u00ebm n\u00eb k\u00ebt\u00eb turne mbar\u00ebkomb\u00ebtar. \u2013 Po ashtu, n\u00eb em\u00ebr t\u00eb P\u00ebrfaq\u00ebsueses son\u00eb t\u00eb pranish\u00ebmve iu drejtua an\u00ebtari i delegacionit ton\u00eb Skender Tahiri, i cili p\u00ebrsh\u00ebndeti t\u00eb gjith\u00eb t\u00eb pranishmit, n\u00eb ve\u00e7anti Ministrin e Mbrojtjes s\u00eb Shqip\u00ebris\u00eb, z. Arben Imamin, dhe t\u00eb gjith\u00ebve ua p\u00ebrcolli mesazhin e urimit p\u00ebr 100 vjetorin e Pavar\u00ebsis\u00eb s\u00eb shtetit am\u00eb Shqip\u00ebris\u00eb nga shqiptar\u00ebt q\u00eb jetojn\u00eb n\u00eb Malin e Zi.<\/p>\n<p>P\u00ebrfaq\u00ebsuesja jon\u00eb n\u00eb k\u00ebt\u00eb turne mori pjes\u00eb me 25 garues t\u00eb gjeneratave t\u00eb reja.<br \/>\nNga radh\u00ebt e P\u00ebrfaq\u00ebsueses n\u00eb disiplinat individuale u kuror\u00ebzuan me medalje t\u00eb arta dhe u shpall\u00ebn kampion\u00eb t\u00eb Turneut k\u00ebta garues: Eliza Salihi, Diell\u00ebza Rama, Albulena Ujkashi, Lejla Lihari, Gabriell Bytyqi, Albert Rudoviq dhe Nderim Cuca. N\u00eb disiplin\u00ebn ekipore n\u00eb kata djemt\u00eb dhe vajzat u shpall\u00ebn kampion\u00eb dhe u kuror\u00ebzuan me medaljen e art\u00eb. Ekipet ishin t\u00eb p\u00ebrb\u00ebra nga k\u00ebta garues: ekipi i vajzave &#8211; Diell\u00ebza Rama, Gabriella Junkoviq dhe Eliza Salihi, nd\u00ebrsa ekipi i djemve ishte n\u00eb k\u00ebt\u00eb p\u00ebrb\u00ebrje: Ensar Marshiq, Pjeter Hota dhe Gabriell Bytyqi.<br \/>\nP\u00ebrve\u00e7 k\u00ebtyre medaljeve k\u00ebta garues u kuror\u00ebzuan edhe me medalje t\u00eb tjera.<\/p>\n<p>Me nga disa medalje t\u00eb tjera u shp\u00ebrblyen: Liridona Ceka, Emro Bajrami, Faruk Hasanaga, Basro Sadiku, Ronald Jacoviq, Maksut Peku, Kristian Junkoviq, Christopher Rudoviq, Bylbyl Rexhepi, Maliq Mullabeqiri, Adnan Kuqi, Nermin Suma, Marko Daboviq, Arben Elezi dhe Ibrahim Zogaj.<\/p>\n<p><strong>Sh\u00ebrbimi informativ i P\u00ebrfaq\u00ebsueses s\u00eb Karateist\u00ebve Shqiptar\u00eb nga Mali i Zi<\/strong><\/p>\n<p>\n\t\t<style type=\"text\/css\">\n\t\t\t#gallery-1 {\n\t\t\t\tmargin: auto;\n\t\t\t}\n\t\t\t#gallery-1 .gallery-item {\n\t\t\t\tfloat: left;\n\t\t\t\tmargin-top: 10px;\n\t\t\t\ttext-align: center;\n\t\t\t\twidth: 33%;\n\t\t\t}\n\t\t\t#gallery-1 img {\n\t\t\t\tborder: 2px solid #cfcfcf;\n\t\t\t}\n\t\t\t#gallery-1 .gallery-caption {\n\t\t\t\tmargin-left: 0;\n\t\t\t}\n\t\t\t\/* see gallery_shortcode() in wp-includes\/media.php *\/\n\t\t<\/style>\n\t\t<div id='gallery-1' class='gallery galleryid-65912 gallery-columns-3 gallery-size-thumbnail'><dl class='gallery-item'>\n\t\t\t<dt class='gallery-icon landscape'>\n\t\t\t\t<a href='https:\/\/www.visit-ulcinj.com\/blog\/wp-content\/uploads\/2012\/11\/Kupa-e-Ushtris\u00eb-2012-Turneu-mbar\u00ebkomb\u00ebtar-i-karates\u00eb.jpg'><img width=\"150\" height=\"150\" src=\"https:\/\/www.visit-ulcinj.com\/blog\/wp-content\/uploads\/2012\/11\/Kupa-e-Ushtris\u00eb-2012-Turneu-mbar\u00ebkomb\u00ebtar-i-karates\u00eb-150x150.jpg\" class=\"attachment-thumbnail size-thumbnail\" alt=\"\" loading=\"lazy\" \/><\/a>\n\t\t\t<\/dt><\/dl><dl class='gallery-item'>\n\t\t\t<dt class='gallery-icon landscape'>\n\t\t\t\t<a href='https:\/\/www.visit-ulcinj.com\/blog\/wp-content\/uploads\/2012\/11\/Kupa-e-Ushtris\u00eb-2012-Turneu-mbar\u00ebkomb\u00ebtar-i-karates\u00eb.1.jpg'><img width=\"150\" height=\"150\" src=\"https:\/\/www.visit-ulcinj.com\/blog\/wp-content\/uploads\/2012\/11\/Kupa-e-Ushtris\u00eb-2012-Turneu-mbar\u00ebkomb\u00ebtar-i-karates\u00eb.1-150x150.jpg\" class=\"attachment-thumbnail size-thumbnail\" alt=\"\" loading=\"lazy\" \/><\/a>\n\t\t\t<\/dt><\/dl><dl class='gallery-item'>\n\t\t\t<dt class='gallery-icon landscape'>\n\t\t\t\t<a href='https:\/\/www.visit-ulcinj.com\/blog\/wp-content\/uploads\/2012\/11\/Kupa-e-Ushtris\u00eb-2012-Turneu-mbar\u00ebkomb\u00ebtar-i-karates\u00eb.2.jpg'><img width=\"150\" height=\"150\" src=\"https:\/\/www.visit-ulcinj.com\/blog\/wp-content\/uploads\/2012\/11\/Kupa-e-Ushtris\u00eb-2012-Turneu-mbar\u00ebkomb\u00ebtar-i-karates\u00eb.2-150x150.jpg\" class=\"attachment-thumbnail size-thumbnail\" alt=\"\" loading=\"lazy\" \/><\/a>\n\t\t\t<\/dt><\/dl><br style=\"clear: both\" \/><dl class='gallery-item'>\n\t\t\t<dt class='gallery-icon landscape'>\n\t\t\t\t<a href='https:\/\/www.visit-ulcinj.com\/blog\/wp-content\/uploads\/2012\/11\/Kupa-e-Ushtris\u00eb-2012-Turneu-mbar\u00ebkomb\u00ebtar-i-karates\u00eb.3.jpg'><img width=\"150\" height=\"150\" src=\"https:\/\/www.visit-ulcinj.com\/blog\/wp-content\/uploads\/2012\/11\/Kupa-e-Ushtris\u00eb-2012-Turneu-mbar\u00ebkomb\u00ebtar-i-karates\u00eb.3-150x150.jpg\" class=\"attachment-thumbnail size-thumbnail\" alt=\"\" loading=\"lazy\" \/><\/a>\n\t\t\t<\/dt><\/dl><dl class='gallery-item'>\n\t\t\t<dt class='gallery-icon portrait'>\n\t\t\t\t<a href='https:\/\/www.visit-ulcinj.com\/blog\/wp-content\/uploads\/2012\/11\/Kupa-e-Ushtris\u00eb-2012-Turneu-mbar\u00ebkomb\u00ebtar-i-karates\u00eb.4.jpg'><img width=\"150\" height=\"150\" src=\"https:\/\/www.visit-ulcinj.com\/blog\/wp-content\/uploads\/2012\/11\/Kupa-e-Ushtris\u00eb-2012-Turneu-mbar\u00ebkomb\u00ebtar-i-karates\u00eb.4-150x150.jpg\" class=\"attachment-thumbnail size-thumbnail\" alt=\"\" loading=\"lazy\" \/><\/a>\n\t\t\t<\/dt><\/dl><dl class='gallery-item'>\n\t\t\t<dt class='gallery-icon landscape'>\n\t\t\t\t<a href='https:\/\/www.visit-ulcinj.com\/blog\/wp-content\/uploads\/2012\/11\/Kupa-e-Ushtris\u00eb-2012-Turneu-mbar\u00ebkomb\u00ebtar-i-karates\u00eb.5.jpg'><img width=\"150\" height=\"150\" src=\"https:\/\/www.visit-ulcinj.com\/blog\/wp-content\/uploads\/2012\/11\/Kupa-e-Ushtris\u00eb-2012-Turneu-mbar\u00ebkomb\u00ebtar-i-karates\u00eb.5-150x150.jpg\" class=\"attachment-thumbnail size-thumbnail\" alt=\"\" loading=\"lazy\" \/><\/a>\n\t\t\t<\/dt><\/dl><br style=\"clear: both\" \/>\n\t\t<\/div>\n<br \/>\n<iframe loading=\"lazy\" width=\"508\" height=\"360\" src=\"http:\/\/www.youtube.com\/embed\/HG7WQb2l4Fs?rel=0\" frameborder=\"0\" allowfullscreen><\/iframe><\/p>\n","protected":false},"excerpt":{"rendered":"<p>FESTUAM S\u00cb BASHKU &#8211; T\u00cb GJITH\u00cb FITUES P\u00ebrfaq\u00ebsuesja e Karateist\u00ebve Shqiptar\u00eb nga Mali i Zi, e p\u00ebrb\u00ebr\u00eb nga KK \u201cUlqini\u201ddhe KK \u201cAlbulena\u201d,t\u00eb shtun\u00ebn, m\u00eb 17 n\u00ebntor 2012 n\u00eb Tiran\u00eb mori pjes\u00eb n\u00eb Turneun mbar\u00ebkomb\u00ebtar t\u00eb karates\u00eb \u201cKupa e Ushtris\u00eb 2012\u201d, q\u00eb u organizua n\u00eb kuad\u00ebr t\u00eb festimeve t\u00eb 100 vjetorit t\u00eb Pavar\u00ebsis\u00eb s\u00eb shtetit shqiptar [&hellip;]<\/p>\n","protected":false},"author":1,"featured_media":0,"comment_status":"open","ping_status":"closed","sticky":false,"template":"","format":"standard","meta":{"spay_email":"","jetpack_publicize_message":"","jetpack_is_tweetstorm":false,"jetpack_publicize_feature_enabled":true},"categories":[3],"tags":[20144],"jetpack_publicize_connections":[],"yoast_head":"<!-- This site is optimized with the Yoast SEO plugin v19.1 - https:\/\/yoast.com\/wordpress\/plugins\/seo\/ -->\n<title>Kupa Ushtria 2012 n\u00eb Karate p\u00ebr F\u00ebmij\u00eb,turneu mbar\u00ebkomb\u00ebtar - Video - Lajme nga Ulqini<\/title>\n<meta name=\"description\" content=\"FESTUAM S\u00cb BASHKU - T\u00cb GJITH\u00cb FITUES P\u00ebrfaq\u00ebsuesja e Karateist\u00ebve Shqiptar\u00eb nga Mali i Zi, e p\u00ebrb\u00ebr\u00eb nga KK \u201cUlqini\u201ddhe KK \u201cAlbulena\u201d,t\u00eb shtun\u00ebn, m\u00eb 17\" \/>\n<meta name=\"robots\" content=\"index, follow, max-snippet:-1, max-image-preview:large, max-video-preview:-1\" \/>\n<link rel=\"canonical\" href=\"https:\/\/www.visit-ulcinj.com\/blog\/2012\/11\/19\/kupa-ushtria-2012-ne-karate-per-femijeturneu-mbarekombetar-video\/\" \/>\n<meta property=\"og:locale\" content=\"en_US\" \/>\n<meta property=\"og:type\" content=\"article\" \/>\n<meta property=\"og:title\" content=\"Kupa Ushtria 2012 n\u00eb Karate p\u00ebr F\u00ebmij\u00eb,turneu mbar\u00ebkomb\u00ebtar - Video - Lajme nga Ulqini\" \/>\n<meta property=\"og:description\" content=\"FESTUAM S\u00cb BASHKU - T\u00cb GJITH\u00cb FITUES P\u00ebrfaq\u00ebsuesja e Karateist\u00ebve Shqiptar\u00eb nga Mali i Zi, e p\u00ebrb\u00ebr\u00eb nga KK \u201cUlqini\u201ddhe KK \u201cAlbulena\u201d,t\u00eb shtun\u00ebn, m\u00eb 17\" \/>\n<meta property=\"og:url\" content=\"https:\/\/www.visit-ulcinj.com\/blog\/2012\/11\/19\/kupa-ushtria-2012-ne-karate-per-femijeturneu-mbarekombetar-video\/\" \/>\n<meta property=\"og:site_name\" content=\"Lajme nga Ulqini\" \/>\n<meta property=\"article:published_time\" content=\"2012-11-19T18:38:18+00:00\" \/>\n<meta property=\"og:image\" content=\"https:\/\/www.visit-ulcinj.com\/blog\/wp-content\/uploads\/2012\/11\/Kupa-e-Ushtris\u00eb-2012-Turneu-mbar\u00ebkomb\u00ebtar-i-karates\u00eb-150x150.jpg\" \/>\n<meta name=\"twitter:label1\" content=\"Written by\" \/>\n\t<meta name=\"twitter:data1\" content=\"ulqini\" \/>\n\t<meta name=\"twitter:label2\" content=\"Est. reading time\" \/>\n\t<meta name=\"twitter:data2\" content=\"3 minutes\" \/>\n<script type=\"application\/ld+json\" class=\"yoast-schema-graph\">{\"@context\":\"https:\/\/schema.org\",\"@graph\":[{\"@type\":\"WebSite\",\"@id\":\"https:\/\/www.visit-ulcinj.com\/blog\/#website\",\"url\":\"https:\/\/www.visit-ulcinj.com\/blog\/\",\"name\":\"Lajme nga Ulqini\",\"description\":\"Lajme,Vijesti,Ulqini,Ulqin,Crna Gora,Mali i Zi\",\"potentialAction\":[{\"@type\":\"SearchAction\",\"target\":{\"@type\":\"EntryPoint\",\"urlTemplate\":\"https:\/\/www.visit-ulcinj.com\/blog\/?s={search_term_string}\"},\"query-input\":\"required name=search_term_string\"}],\"inLanguage\":\"en-US\"},{\"@type\":\"WebPage\",\"@id\":\"https:\/\/www.visit-ulcinj.com\/blog\/2012\/11\/19\/kupa-ushtria-2012-ne-karate-per-femijeturneu-mbarekombetar-video\/#webpage\",\"url\":\"https:\/\/www.visit-ulcinj.com\/blog\/2012\/11\/19\/kupa-ushtria-2012-ne-karate-per-femijeturneu-mbarekombetar-video\/\",\"name\":\"Kupa Ushtria 2012 n\u00eb Karate p\u00ebr F\u00ebmij\u00eb,turneu mbar\u00ebkomb\u00ebtar - Video - Lajme nga Ulqini\",\"isPartOf\":{\"@id\":\"https:\/\/www.visit-ulcinj.com\/blog\/#website\"},\"datePublished\":\"2012-11-19T18:38:18+00:00\",\"dateModified\":\"2012-11-19T18:38:18+00:00\",\"author\":{\"@id\":\"https:\/\/www.visit-ulcinj.com\/blog\/#\/schema\/person\/dcab619c614d3038751c63bc2aadc06d\"},\"description\":\"FESTUAM S\u00cb BASHKU - T\u00cb GJITH\u00cb FITUES P\u00ebrfaq\u00ebsuesja e Karateist\u00ebve Shqiptar\u00eb nga Mali i Zi, e p\u00ebrb\u00ebr\u00eb nga KK \u201cUlqini\u201ddhe KK \u201cAlbulena\u201d,t\u00eb shtun\u00ebn, m\u00eb 17\",\"breadcrumb\":{\"@id\":\"https:\/\/www.visit-ulcinj.com\/blog\/2012\/11\/19\/kupa-ushtria-2012-ne-karate-per-femijeturneu-mbarekombetar-video\/#breadcrumb\"},\"inLanguage\":\"en-US\",\"potentialAction\":[{\"@type\":\"ReadAction\",\"target\":[\"https:\/\/www.visit-ulcinj.com\/blog\/2012\/11\/19\/kupa-ushtria-2012-ne-karate-per-femijeturneu-mbarekombetar-video\/\"]}]},{\"@type\":\"BreadcrumbList\",\"@id\":\"https:\/\/www.visit-ulcinj.com\/blog\/2012\/11\/19\/kupa-ushtria-2012-ne-karate-per-femijeturneu-mbarekombetar-video\/#breadcrumb\",\"itemListElement\":[{\"@type\":\"ListItem\",\"position\":1,\"name\":\"Kupa Ushtria 2012 n\u00eb Karate p\u00ebr F\u00ebmij\u00eb,turneu mbar\u00ebkomb\u00ebtar &#8211; Video\"}]},{\"@type\":\"Person\",\"@id\":\"https:\/\/www.visit-ulcinj.com\/blog\/#\/schema\/person\/dcab619c614d3038751c63bc2aadc06d\",\"name\":\"ulqini\",\"sameAs\":[\"http:\/\/www.visit-ulcinj.com\"],\"url\":\"https:\/\/www.visit-ulcinj.com\/blog\/author\/admin\/\"}]}<\/script>\n<!-- \/ Yoast SEO plugin. -->","yoast_head_json":{"title":"Kupa Ushtria 2012 n\u00eb Karate p\u00ebr F\u00ebmij\u00eb,turneu mbar\u00ebkomb\u00ebtar - Video - Lajme nga Ulqini","description":"FESTUAM S\u00cb BASHKU - T\u00cb GJITH\u00cb FITUES P\u00ebrfaq\u00ebsuesja e Karateist\u00ebve Shqiptar\u00eb nga Mali i Zi, e p\u00ebrb\u00ebr\u00eb nga KK \u201cUlqini\u201ddhe KK \u201cAlbulena\u201d,t\u00eb shtun\u00ebn, m\u00eb 17","robots":{"index":"index","follow":"follow","max-snippet":"max-snippet:-1","max-image-preview":"max-image-preview:large","max-video-preview":"max-video-preview:-1"},"canonical":"https:\/\/www.visit-ulcinj.com\/blog\/2012\/11\/19\/kupa-ushtria-2012-ne-karate-per-femijeturneu-mbarekombetar-video\/","og_locale":"en_US","og_type":"article","og_title":"Kupa Ushtria 2012 n\u00eb Karate p\u00ebr F\u00ebmij\u00eb,turneu mbar\u00ebkomb\u00ebtar - Video - Lajme nga Ulqini","og_description":"FESTUAM S\u00cb BASHKU - T\u00cb GJITH\u00cb FITUES P\u00ebrfaq\u00ebsuesja e Karateist\u00ebve Shqiptar\u00eb nga Mali i Zi, e p\u00ebrb\u00ebr\u00eb nga KK \u201cUlqini\u201ddhe KK \u201cAlbulena\u201d,t\u00eb shtun\u00ebn, m\u00eb 17","og_url":"https:\/\/www.visit-ulcinj.com\/blog\/2012\/11\/19\/kupa-ushtria-2012-ne-karate-per-femijeturneu-mbarekombetar-video\/","og_site_name":"Lajme nga Ulqini","article_published_time":"2012-11-19T18:38:18+00:00","og_image":[{"url":"https:\/\/www.visit-ulcinj.com\/blog\/wp-content\/uploads\/2012\/11\/Kupa-e-Ushtris\u00eb-2012-Turneu-mbar\u00ebkomb\u00ebtar-i-karates\u00eb-150x150.jpg"}],"twitter_misc":{"Written by":"ulqini","Est. reading time":"3 minutes"},"schema":{"@context":"https:\/\/schema.org","@graph":[{"@type":"WebSite","@id":"https:\/\/www.visit-ulcinj.com\/blog\/#website","url":"https:\/\/www.visit-ulcinj.com\/blog\/","name":"Lajme nga Ulqini","description":"Lajme,Vijesti,Ulqini,Ulqin,Crna Gora,Mali i Zi","potentialAction":[{"@type":"SearchAction","target":{"@type":"EntryPoint","urlTemplate":"https:\/\/www.visit-ulcinj.com\/blog\/?s={search_term_string}"},"query-input":"required name=search_term_string"}],"inLanguage":"en-US"},{"@type":"WebPage","@id":"https:\/\/www.visit-ulcinj.com\/blog\/2012\/11\/19\/kupa-ushtria-2012-ne-karate-per-femijeturneu-mbarekombetar-video\/#webpage","url":"https:\/\/www.visit-ulcinj.com\/blog\/2012\/11\/19\/kupa-ushtria-2012-ne-karate-per-femijeturneu-mbarekombetar-video\/","name":"Kupa Ushtria 2012 n\u00eb Karate p\u00ebr F\u00ebmij\u00eb,turneu mbar\u00ebkomb\u00ebtar - Video - Lajme nga Ulqini","isPartOf":{"@id":"https:\/\/www.visit-ulcinj.com\/blog\/#website"},"datePublished":"2012-11-19T18:38:18+00:00","dateModified":"2012-11-19T18:38:18+00:00","author":{"@id":"https:\/\/www.visit-ulcinj.com\/blog\/#\/schema\/person\/dcab619c614d3038751c63bc2aadc06d"},"description":"FESTUAM S\u00cb BASHKU - T\u00cb GJITH\u00cb FITUES P\u00ebrfaq\u00ebsuesja e Karateist\u00ebve Shqiptar\u00eb nga Mali i Zi, e p\u00ebrb\u00ebr\u00eb nga KK \u201cUlqini\u201ddhe KK \u201cAlbulena\u201d,t\u00eb shtun\u00ebn, m\u00eb 17","breadcrumb":{"@id":"https:\/\/www.visit-ulcinj.com\/blog\/2012\/11\/19\/kupa-ushtria-2012-ne-karate-per-femijeturneu-mbarekombetar-video\/#breadcrumb"},"inLanguage":"en-US","potentialAction":[{"@type":"ReadAction","target":["https:\/\/www.visit-ulcinj.com\/blog\/2012\/11\/19\/kupa-ushtria-2012-ne-karate-per-femijeturneu-mbarekombetar-video\/"]}]},{"@type":"BreadcrumbList","@id":"https:\/\/www.visit-ulcinj.com\/blog\/2012\/11\/19\/kupa-ushtria-2012-ne-karate-per-femijeturneu-mbarekombetar-video\/#breadcrumb","itemListElement":[{"@type":"ListItem","position":1,"name":"Kupa Ushtria 2012 n\u00eb Karate p\u00ebr F\u00ebmij\u00eb,turneu mbar\u00ebkomb\u00ebtar &#8211; Video"}]},{"@type":"Person","@id":"https:\/\/www.visit-ulcinj.com\/blog\/#\/schema\/person\/dcab619c614d3038751c63bc2aadc06d","name":"ulqini","sameAs":["http:\/\/www.visit-ulcinj.com"],"url":"https:\/\/www.visit-ulcinj.com\/blog\/author\/admin\/"}]}},"jetpack_featured_media_url":"","jetpack_sharing_enabled":true,"jetpack_shortlink":"https:\/\/wp.me\/pe6lTn-h96","_links":{"self":[{"href":"https:\/\/www.visit-ulcinj.com\/blog\/wp-json\/wp\/v2\/posts\/65912"}],"collection":[{"href":"https:\/\/www.visit-ulcinj.com\/blog\/wp-json\/wp\/v2\/posts"}],"about":[{"href":"https:\/\/www.visit-ulcinj.com\/blog\/wp-json\/wp\/v2\/types\/post"}],"author":[{"embeddable":true,"href":"https:\/\/www.visit-ulcinj.com\/blog\/wp-json\/wp\/v2\/users\/1"}],"replies":[{"embeddable":true,"href":"https:\/\/www.visit-ulcinj.com\/blog\/wp-json\/wp\/v2\/comments?post=65912"}],"version-history":[{"count":1,"href":"https:\/\/www.visit-ulcinj.com\/blog\/wp-json\/wp\/v2\/posts\/65912\/revisions"}],"predecessor-version":[{"id":65919,"href":"https:\/\/www.visit-ulcinj.com\/blog\/wp-json\/wp\/v2\/posts\/65912\/revisions\/65919"}],"wp:attachment":[{"href":"https:\/\/www.visit-ulcinj.com\/blog\/wp-json\/wp\/v2\/media?parent=65912"}],"wp:term":[{"taxonomy":"category","embeddable":true,"href":"https:\/\/www.visit-ulcinj.com\/blog\/wp-json\/wp\/v2\/categories?post=65912"},{"taxonomy":"post_tag","embeddable":true,"href":"https:\/\/www.visit-ulcinj.com\/blog\/wp-json\/wp\/v2\/tags?post=65912"}],"curies":[{"name":"wp","href":"https:\/\/api.w.org\/{rel}","templated":true}]}}