{"id":65920,"date":"2012-11-19T23:19:19","date_gmt":"2012-11-19T22:19:19","guid":{"rendered":"http:\/\/www.visit-ulcinj.com\/blog\/?p=65920"},"modified":"2012-11-20T19:51:09","modified_gmt":"2012-11-20T18:51:09","slug":"termet-i-fuqise-se-lehte-ka-goditur-ulqinin","status":"publish","type":"post","link":"https:\/\/www.visit-ulcinj.com\/blog\/2012\/11\/19\/termet-i-fuqise-se-lehte-ka-goditur-ulqinin\/","title":{"rendered":"Termet i fuqis\u00eb s\u00eb leht\u00eb ka goditur Ulqinin"},"content":{"rendered":"<p><a href=\"http:\/\/www.visit-ulcinj.com\/blog\/wp-content\/uploads\/2012\/11\/Termeti-ne-Ulqin_Ulqini_Ulcinj.gif.png\"><img loading=\"lazy\" class=\"alignleft  wp-image-65921\" title=\"Termeti-ne-Ulqin_Ulqini_Ulcinj.gif\" src=\"http:\/\/www.visit-ulcinj.com\/blog\/wp-content\/uploads\/2012\/11\/Termeti-ne-Ulqin_Ulqini_Ulcinj.gif.png\" alt=\"\" width=\"508\" height=\"360\" \/><\/a>Nj\u00eb termet i fuqis\u00eb s\u00eb leht\u00eb ka goditur sonte komun\u00ebn e Ulqinit, nd\u00ebrsa nga Instituti Sizmologjik i Mali t\u00eb Zi kan\u00eb th\u00ebn\u00eb se termet nuk ka shkaktuar d\u00ebme materiale.<\/p>\n<p>T\u00ebrmeti \u00ebsht\u00eb ndjer\u00eb rreth or\u00ebs\u00a0 18:41, 11 kilometra n\u00eb juglindje nga Ulqini, nd\u00ebrsa fuqia e tij ka qen\u00eb 2.5 shkall\u00eb sipas Rihterit.<\/p>\n<p>Thell\u00ebsia e t\u00ebrmetit \u00ebsht\u00eb lokalizuar n\u00eb thell\u00ebsin\u00eb prej 13 kilometrash.<\/p>\n<p>Nga Instituti Sizmologjik theksojn\u00eb se n\u00eb baz\u00eb t\u00eb modelit numerik t\u00eb ndryshimit t\u00eb intensitetit, magintud\u00ebs dhe thell\u00ebsis\u00eb, t\u00ebrmeti nuk ka mundur t\u00eb shkaktoj d\u00ebme materiale, raportojn\u00eb mediat malazeze.<\/p>\n","protected":false},"excerpt":{"rendered":"<p>Nj\u00eb termet i fuqis\u00eb s\u00eb leht\u00eb ka goditur sonte komun\u00ebn e Ulqinit, nd\u00ebrsa nga Instituti Sizmologjik i Mali t\u00eb Zi kan\u00eb th\u00ebn\u00eb se termet nuk ka shkaktuar d\u00ebme materiale. T\u00ebrmeti \u00ebsht\u00eb ndjer\u00eb rreth or\u00ebs\u00a0 18:41, 11 kilometra n\u00eb juglindje nga Ulqini, nd\u00ebrsa fuqia e tij ka qen\u00eb 2.5 shkall\u00eb sipas Rihterit. Thell\u00ebsia e t\u00ebrmetit \u00ebsht\u00eb [&hellip;]<\/p>\n","protected":false},"author":1,"featured_media":0,"comment_status":"open","ping_status":"closed","sticky":false,"template":"","format":"standard","meta":{"spay_email":"","jetpack_publicize_message":"","jetpack_is_tweetstorm":false,"jetpack_publicize_feature_enabled":true},"categories":[1,12],"tags":[12286,21490],"jetpack_publicize_connections":[],"yoast_head":"<!-- This site is optimized with the Yoast SEO plugin v19.1 - https:\/\/yoast.com\/wordpress\/plugins\/seo\/ -->\n<title>Termet i fuqis\u00eb s\u00eb leht\u00eb ka goditur Ulqinin - Lajme nga Ulqini<\/title>\n<meta name=\"description\" content=\"Nj\u00eb termet i fuqis\u00eb s\u00eb leht\u00eb ka goditur sonte komun\u00ebn e Ulqinit, nd\u00ebrsa nga Instituti Sizmologjik i Mali t\u00eb Zi kan\u00eb th\u00ebn\u00eb se termet nuk ka shkaktuar d\u00ebme\" \/>\n<meta name=\"robots\" content=\"index, follow, max-snippet:-1, max-image-preview:large, max-video-preview:-1\" \/>\n<link rel=\"canonical\" href=\"https:\/\/www.visit-ulcinj.com\/blog\/2012\/11\/19\/termet-i-fuqise-se-lehte-ka-goditur-ulqinin\/\" \/>\n<meta property=\"og:locale\" content=\"en_US\" \/>\n<meta property=\"og:type\" content=\"article\" \/>\n<meta property=\"og:title\" content=\"Termet i fuqis\u00eb s\u00eb leht\u00eb ka goditur Ulqinin - Lajme nga Ulqini\" \/>\n<meta property=\"og:description\" content=\"Nj\u00eb termet i fuqis\u00eb s\u00eb leht\u00eb ka goditur sonte komun\u00ebn e Ulqinit, nd\u00ebrsa nga Instituti Sizmologjik i Mali t\u00eb Zi kan\u00eb th\u00ebn\u00eb se termet nuk ka shkaktuar d\u00ebme\" \/>\n<meta property=\"og:url\" content=\"https:\/\/www.visit-ulcinj.com\/blog\/2012\/11\/19\/termet-i-fuqise-se-lehte-ka-goditur-ulqinin\/\" \/>\n<meta property=\"og:site_name\" content=\"Lajme nga Ulqini\" \/>\n<meta property=\"article:published_time\" content=\"2012-11-19T22:19:19+00:00\" \/>\n<meta property=\"article:modified_time\" content=\"2012-11-20T18:51:09+00:00\" \/>\n<meta property=\"og:image\" content=\"http:\/\/www.visit-ulcinj.com\/blog\/wp-content\/uploads\/2012\/11\/Termeti-ne-Ulqin_Ulqini_Ulcinj.gif.png\" \/>\n<meta name=\"twitter:label1\" content=\"Written by\" \/>\n\t<meta name=\"twitter:data1\" content=\"ulqini\" \/>\n<script type=\"application\/ld+json\" class=\"yoast-schema-graph\">{\"@context\":\"https:\/\/schema.org\",\"@graph\":[{\"@type\":\"WebSite\",\"@id\":\"https:\/\/www.visit-ulcinj.com\/blog\/#website\",\"url\":\"https:\/\/www.visit-ulcinj.com\/blog\/\",\"name\":\"Lajme nga Ulqini\",\"description\":\"Lajme,Vijesti,Ulqini,Ulqin,Crna Gora,Mali i Zi\",\"potentialAction\":[{\"@type\":\"SearchAction\",\"target\":{\"@type\":\"EntryPoint\",\"urlTemplate\":\"https:\/\/www.visit-ulcinj.com\/blog\/?s={search_term_string}\"},\"query-input\":\"required name=search_term_string\"}],\"inLanguage\":\"en-US\"},{\"@type\":\"ImageObject\",\"inLanguage\":\"en-US\",\"@id\":\"https:\/\/www.visit-ulcinj.com\/blog\/2012\/11\/19\/termet-i-fuqise-se-lehte-ka-goditur-ulqinin\/#primaryimage\",\"url\":\"https:\/\/www.visit-ulcinj.com\/blog\/wp-content\/uploads\/2012\/11\/Termeti-ne-Ulqin_Ulqini_Ulcinj.gif.png\",\"contentUrl\":\"https:\/\/www.visit-ulcinj.com\/blog\/wp-content\/uploads\/2012\/11\/Termeti-ne-Ulqin_Ulqini_Ulcinj.gif.png\",\"width\":\"952\",\"height\":\"541\"},{\"@type\":\"WebPage\",\"@id\":\"https:\/\/www.visit-ulcinj.com\/blog\/2012\/11\/19\/termet-i-fuqise-se-lehte-ka-goditur-ulqinin\/#webpage\",\"url\":\"https:\/\/www.visit-ulcinj.com\/blog\/2012\/11\/19\/termet-i-fuqise-se-lehte-ka-goditur-ulqinin\/\",\"name\":\"Termet i fuqis\u00eb s\u00eb leht\u00eb ka goditur Ulqinin - Lajme nga Ulqini\",\"isPartOf\":{\"@id\":\"https:\/\/www.visit-ulcinj.com\/blog\/#website\"},\"primaryImageOfPage\":{\"@id\":\"https:\/\/www.visit-ulcinj.com\/blog\/2012\/11\/19\/termet-i-fuqise-se-lehte-ka-goditur-ulqinin\/#primaryimage\"},\"datePublished\":\"2012-11-19T22:19:19+00:00\",\"dateModified\":\"2012-11-20T18:51:09+00:00\",\"author\":{\"@id\":\"https:\/\/www.visit-ulcinj.com\/blog\/#\/schema\/person\/dcab619c614d3038751c63bc2aadc06d\"},\"description\":\"Nj\u00eb termet i fuqis\u00eb s\u00eb leht\u00eb ka goditur sonte komun\u00ebn e Ulqinit, nd\u00ebrsa nga Instituti Sizmologjik i Mali t\u00eb Zi kan\u00eb th\u00ebn\u00eb se termet nuk ka shkaktuar d\u00ebme\",\"breadcrumb\":{\"@id\":\"https:\/\/www.visit-ulcinj.com\/blog\/2012\/11\/19\/termet-i-fuqise-se-lehte-ka-goditur-ulqinin\/#breadcrumb\"},\"inLanguage\":\"en-US\",\"potentialAction\":[{\"@type\":\"ReadAction\",\"target\":[\"https:\/\/www.visit-ulcinj.com\/blog\/2012\/11\/19\/termet-i-fuqise-se-lehte-ka-goditur-ulqinin\/\"]}]},{\"@type\":\"BreadcrumbList\",\"@id\":\"https:\/\/www.visit-ulcinj.com\/blog\/2012\/11\/19\/termet-i-fuqise-se-lehte-ka-goditur-ulqinin\/#breadcrumb\",\"itemListElement\":[{\"@type\":\"ListItem\",\"position\":1,\"name\":\"Termet i fuqis\u00eb s\u00eb leht\u00eb ka goditur Ulqinin\"}]},{\"@type\":\"Person\",\"@id\":\"https:\/\/www.visit-ulcinj.com\/blog\/#\/schema\/person\/dcab619c614d3038751c63bc2aadc06d\",\"name\":\"ulqini\",\"sameAs\":[\"http:\/\/www.visit-ulcinj.com\"],\"url\":\"https:\/\/www.visit-ulcinj.com\/blog\/author\/admin\/\"}]}<\/script>\n<!-- \/ Yoast SEO plugin. -->","yoast_head_json":{"title":"Termet i fuqis\u00eb s\u00eb leht\u00eb ka goditur Ulqinin - Lajme nga Ulqini","description":"Nj\u00eb termet i fuqis\u00eb s\u00eb leht\u00eb ka goditur sonte komun\u00ebn e Ulqinit, nd\u00ebrsa nga Instituti Sizmologjik i Mali t\u00eb Zi kan\u00eb th\u00ebn\u00eb se termet nuk ka shkaktuar d\u00ebme","robots":{"index":"index","follow":"follow","max-snippet":"max-snippet:-1","max-image-preview":"max-image-preview:large","max-video-preview":"max-video-preview:-1"},"canonical":"https:\/\/www.visit-ulcinj.com\/blog\/2012\/11\/19\/termet-i-fuqise-se-lehte-ka-goditur-ulqinin\/","og_locale":"en_US","og_type":"article","og_title":"Termet i fuqis\u00eb s\u00eb leht\u00eb ka goditur Ulqinin - Lajme nga Ulqini","og_description":"Nj\u00eb termet i fuqis\u00eb s\u00eb leht\u00eb ka goditur sonte komun\u00ebn e Ulqinit, nd\u00ebrsa nga Instituti Sizmologjik i Mali t\u00eb Zi kan\u00eb th\u00ebn\u00eb se termet nuk ka shkaktuar d\u00ebme","og_url":"https:\/\/www.visit-ulcinj.com\/blog\/2012\/11\/19\/termet-i-fuqise-se-lehte-ka-goditur-ulqinin\/","og_site_name":"Lajme nga Ulqini","article_published_time":"2012-11-19T22:19:19+00:00","article_modified_time":"2012-11-20T18:51:09+00:00","og_image":[{"url":"http:\/\/www.visit-ulcinj.com\/blog\/wp-content\/uploads\/2012\/11\/Termeti-ne-Ulqin_Ulqini_Ulcinj.gif.png"}],"twitter_misc":{"Written by":"ulqini"},"schema":{"@context":"https:\/\/schema.org","@graph":[{"@type":"WebSite","@id":"https:\/\/www.visit-ulcinj.com\/blog\/#website","url":"https:\/\/www.visit-ulcinj.com\/blog\/","name":"Lajme nga Ulqini","description":"Lajme,Vijesti,Ulqini,Ulqin,Crna Gora,Mali i Zi","potentialAction":[{"@type":"SearchAction","target":{"@type":"EntryPoint","urlTemplate":"https:\/\/www.visit-ulcinj.com\/blog\/?s={search_term_string}"},"query-input":"required name=search_term_string"}],"inLanguage":"en-US"},{"@type":"ImageObject","inLanguage":"en-US","@id":"https:\/\/www.visit-ulcinj.com\/blog\/2012\/11\/19\/termet-i-fuqise-se-lehte-ka-goditur-ulqinin\/#primaryimage","url":"https:\/\/www.visit-ulcinj.com\/blog\/wp-content\/uploads\/2012\/11\/Termeti-ne-Ulqin_Ulqini_Ulcinj.gif.png","contentUrl":"https:\/\/www.visit-ulcinj.com\/blog\/wp-content\/uploads\/2012\/11\/Termeti-ne-Ulqin_Ulqini_Ulcinj.gif.png","width":"952","height":"541"},{"@type":"WebPage","@id":"https:\/\/www.visit-ulcinj.com\/blog\/2012\/11\/19\/termet-i-fuqise-se-lehte-ka-goditur-ulqinin\/#webpage","url":"https:\/\/www.visit-ulcinj.com\/blog\/2012\/11\/19\/termet-i-fuqise-se-lehte-ka-goditur-ulqinin\/","name":"Termet i fuqis\u00eb s\u00eb leht\u00eb ka goditur Ulqinin - Lajme nga Ulqini","isPartOf":{"@id":"https:\/\/www.visit-ulcinj.com\/blog\/#website"},"primaryImageOfPage":{"@id":"https:\/\/www.visit-ulcinj.com\/blog\/2012\/11\/19\/termet-i-fuqise-se-lehte-ka-goditur-ulqinin\/#primaryimage"},"datePublished":"2012-11-19T22:19:19+00:00","dateModified":"2012-11-20T18:51:09+00:00","author":{"@id":"https:\/\/www.visit-ulcinj.com\/blog\/#\/schema\/person\/dcab619c614d3038751c63bc2aadc06d"},"description":"Nj\u00eb termet i fuqis\u00eb s\u00eb leht\u00eb ka goditur sonte komun\u00ebn e Ulqinit, nd\u00ebrsa nga Instituti Sizmologjik i Mali t\u00eb Zi kan\u00eb th\u00ebn\u00eb se termet nuk ka shkaktuar d\u00ebme","breadcrumb":{"@id":"https:\/\/www.visit-ulcinj.com\/blog\/2012\/11\/19\/termet-i-fuqise-se-lehte-ka-goditur-ulqinin\/#breadcrumb"},"inLanguage":"en-US","potentialAction":[{"@type":"ReadAction","target":["https:\/\/www.visit-ulcinj.com\/blog\/2012\/11\/19\/termet-i-fuqise-se-lehte-ka-goditur-ulqinin\/"]}]},{"@type":"BreadcrumbList","@id":"https:\/\/www.visit-ulcinj.com\/blog\/2012\/11\/19\/termet-i-fuqise-se-lehte-ka-goditur-ulqinin\/#breadcrumb","itemListElement":[{"@type":"ListItem","position":1,"name":"Termet i fuqis\u00eb s\u00eb leht\u00eb ka goditur Ulqinin"}]},{"@type":"Person","@id":"https:\/\/www.visit-ulcinj.com\/blog\/#\/schema\/person\/dcab619c614d3038751c63bc2aadc06d","name":"ulqini","sameAs":["http:\/\/www.visit-ulcinj.com"],"url":"https:\/\/www.visit-ulcinj.com\/blog\/author\/admin\/"}]}},"jetpack_featured_media_url":"","jetpack_sharing_enabled":true,"jetpack_shortlink":"https:\/\/wp.me\/pe6lTn-h9e","_links":{"self":[{"href":"https:\/\/www.visit-ulcinj.com\/blog\/wp-json\/wp\/v2\/posts\/65920"}],"collection":[{"href":"https:\/\/www.visit-ulcinj.com\/blog\/wp-json\/wp\/v2\/posts"}],"about":[{"href":"https:\/\/www.visit-ulcinj.com\/blog\/wp-json\/wp\/v2\/types\/post"}],"author":[{"embeddable":true,"href":"https:\/\/www.visit-ulcinj.com\/blog\/wp-json\/wp\/v2\/users\/1"}],"replies":[{"embeddable":true,"href":"https:\/\/www.visit-ulcinj.com\/blog\/wp-json\/wp\/v2\/comments?post=65920"}],"version-history":[{"count":2,"href":"https:\/\/www.visit-ulcinj.com\/blog\/wp-json\/wp\/v2\/posts\/65920\/revisions"}],"predecessor-version":[{"id":65952,"href":"https:\/\/www.visit-ulcinj.com\/blog\/wp-json\/wp\/v2\/posts\/65920\/revisions\/65952"}],"wp:attachment":[{"href":"https:\/\/www.visit-ulcinj.com\/blog\/wp-json\/wp\/v2\/media?parent=65920"}],"wp:term":[{"taxonomy":"category","embeddable":true,"href":"https:\/\/www.visit-ulcinj.com\/blog\/wp-json\/wp\/v2\/categories?post=65920"},{"taxonomy":"post_tag","embeddable":true,"href":"https:\/\/www.visit-ulcinj.com\/blog\/wp-json\/wp\/v2\/tags?post=65920"}],"curies":[{"name":"wp","href":"https:\/\/api.w.org\/{rel}","templated":true}]}}