{"id":65924,"date":"2012-11-20T08:04:03","date_gmt":"2012-11-20T07:04:03","guid":{"rendered":"http:\/\/www.visit-ulcinj.com\/blog\/?p=65924"},"modified":"2012-11-20T16:41:10","modified_gmt":"2012-11-20T15:41:10","slug":"abazovic-krivokapic-odan-samo-koaliciji-sa-dps-om","status":"publish","type":"post","link":"https:\/\/www.visit-ulcinj.com\/blog\/2012\/11\/20\/abazovic-krivokapic-odan-samo-koaliciji-sa-dps-om\/","title":{"rendered":"Abazovi\u0107: Krivokapi\u0107 odan samo koaliciji sa DPS-om &#8211; Video"},"content":{"rendered":"<p>On je kazao da su u pregovorima o formiranju vlasti u Nik\u0161i\u0107u \u201eprincipi poga\u017eeni, i radi se samo o goloj raspodjeli mjesta\u201c<\/p>\n<p>Lider Socijaldemokratske partije (SDP) Ranko krivokapi\u0107 odan je samo jednom principu \u2013 koaliciji sa Demokratskom partijom socijalista (DPS) po svaku cijenu, jer mu to omogu\u0107ava da opstane na politi\u010dkoj sceni, ocijenjeno je ve\u010deras iz Pozitivne Crne Gore.<\/p>\n<p><a href=\"http:\/\/www.visit-ulcinj.com\/blog\/wp-content\/uploads\/2012\/11\/Dritan-Abazovic1.jpg\"><img loading=\"lazy\" class=\"alignleft  wp-image-65925\" title=\"Dritan Abazovic\" src=\"http:\/\/www.visit-ulcinj.com\/blog\/wp-content\/uploads\/2012\/11\/Dritan-Abazovic1.jpg\" alt=\"\" width=\"508\" height=\"360\" \/><\/a><\/p>\n<p>Komentari\u0161u\u0107i pregovore opozicije u Nik\u0161i\u0107u, Krivokapi\u0107 je rekao da ga ta situacija podsje\u0107a na stav ameri\u010dkog komi\u010dara, koji tvrdi da ima principe \u201ea ako nijesu prihvatljivi, ima i druge\u201c. On je kazao da su u pregovorima o formiranju vlasti u Nik\u0161i\u0107u \u201eprincipi poga\u017eeni, i radi se samo o goloj raspodjeli mjesta\u201c.<\/p>\n<p>Funkcioner Pozitivne Drtan Abazovi\u0107 ocijenio je da \u201ekada Krivokapi\u0107 govori i principijelnosti, to je kao kada \u010dovjek u pustinji govori o polarnom ledu \u2013 svi\u0111a mu se, ali mu je nedosti\u017eno\u201c.<\/p>\n<p>\u201eKrivokapi\u0107 je govorio o principima kritikuju\u0107i Pozitivnu Crnu Goru i optu\u017euju\u0107i za neprincipijelnost i trgovinu foteljama, a njegovoj partiji je trebalo 20-tak dana da obezbijedi par fotelja u Kotoru\u201c, naveo je Abazovi\u0107 u reagovanju dostavljenom agenciji MINA.<\/p>\n<p>Prema njegovim rije\u010dima, Krivokapi\u0107 se tako principijelno bavio Kombinatom aluminijuma Podgorica, rasprodajom nacionalnih resursa, a isto je tako principijelno bio protiv \u201etrulih dasaka u sudstvu\u201c.<\/p>\n<p>\u201eU stvari, jedini princip kome je Krivokapi\u0107 odan jeste koalicija sa DPS-om po svaku cijenu, pa i po cijenu dr\u017eavnog bankrota, jer mu to omogu\u0107ava da opstane na politi\u010dkom nebu, odnosno u udobnoj fotelji\u201c, tvrdi Abazovi\u0107.<\/p>\n<p>Zato, kako je naveo, Krivokapi\u0107 sve i gleda kroz prizmu fotelja.<\/p>\n<p>\u201eI ne razumije da kada idete putem principa, taj put nije brz, kao \u0161to je brz put SDP-a u stranku bez bira\u010dkog tijela koja, koriste\u0107i resurse DPS-a, opstaje na politi\u010dkoj sceni Crne Gore, iako su\u0161tinski ne postoji. To odli\u010dno razumiju i njegovi ve\u0107i koalicioni partneri\u201c, smatra Abazovi\u0107.<\/p>\n<p>On je ponovio da se u Nik\u0161i\u0107u vlast ne mo\u017ee i ne\u0107e formirati ako se ne budu po\u0161tovali dr\u017eavni simboli, i da Pozitivna insistira da svako kadrovsko rje\u0161enje bude u funkciji gra\u0111ana Nik\u0161i\u0107a.<\/p>\n<p>\u201eOvaj princip je Krivokapi\u0107u posebno te\u0161ko razumljiv, jer SDP jedino interesuju fotelje. I stoga mi razumijemo njegovo nerazumijevanje\u201c, zaklju\u010dio je Abazovi\u0107.<\/p>\n<p><strong>Mina<\/strong><br \/>\n<strong><a href=\"http:\/\/www.vijesti.me\/\">Vijesti online<\/a><\/strong><br \/>\n<iframe loading=\"lazy\" width=\"508\" height=\"360\" src=\"http:\/\/www.youtube.com\/embed\/f9TEFRb8imA\" frameborder=\"0\" allowfullscreen><\/iframe><\/p>\n","protected":false},"excerpt":{"rendered":"<p>On je kazao da su u pregovorima o formiranju vlasti u Nik\u0161i\u0107u \u201eprincipi poga\u017eeni, i radi se samo o goloj raspodjeli mjesta\u201c Lider Socijaldemokratske partije (SDP) Ranko krivokapi\u0107 odan je samo jednom principu \u2013 koaliciji sa Demokratskom partijom socijalista (DPS) po svaku cijenu, jer mu to omogu\u0107ava da opstane na politi\u010dkoj sceni, ocijenjeno je ve\u010deras [&hellip;]<\/p>\n","protected":false},"author":1,"featured_media":0,"comment_status":"open","ping_status":"closed","sticky":false,"template":"","format":"standard","meta":{"spay_email":"","jetpack_publicize_message":"","jetpack_is_tweetstorm":false,"jetpack_publicize_feature_enabled":true},"categories":[8337],"tags":[13184,19],"jetpack_publicize_connections":[],"yoast_head":"<!-- This site is optimized with the Yoast SEO plugin v19.1 - https:\/\/yoast.com\/wordpress\/plugins\/seo\/ -->\n<title>Abazovi\u0107: Krivokapi\u0107 odan samo koaliciji sa DPS-om - Video - Lajme nga Ulqini<\/title>\n<meta name=\"description\" content=\"On je kazao da su u pregovorima o formiranju vlasti u Nik\u0161i\u0107u \u201eprincipi poga\u017eeni, i radi se samo o goloj raspodjeli mjesta\u201c Lider Socijaldemokratske\" \/>\n<meta name=\"robots\" content=\"index, follow, max-snippet:-1, max-image-preview:large, max-video-preview:-1\" \/>\n<link rel=\"canonical\" href=\"https:\/\/www.visit-ulcinj.com\/blog\/2012\/11\/20\/abazovic-krivokapic-odan-samo-koaliciji-sa-dps-om\/\" \/>\n<meta property=\"og:locale\" content=\"en_US\" \/>\n<meta property=\"og:type\" content=\"article\" \/>\n<meta property=\"og:title\" content=\"Abazovi\u0107: Krivokapi\u0107 odan samo koaliciji sa DPS-om - Video - Lajme nga Ulqini\" \/>\n<meta property=\"og:description\" content=\"On je kazao da su u pregovorima o formiranju vlasti u Nik\u0161i\u0107u \u201eprincipi poga\u017eeni, i radi se samo o goloj raspodjeli mjesta\u201c Lider Socijaldemokratske\" \/>\n<meta property=\"og:url\" content=\"https:\/\/www.visit-ulcinj.com\/blog\/2012\/11\/20\/abazovic-krivokapic-odan-samo-koaliciji-sa-dps-om\/\" \/>\n<meta property=\"og:site_name\" content=\"Lajme nga Ulqini\" \/>\n<meta property=\"article:published_time\" content=\"2012-11-20T07:04:03+00:00\" \/>\n<meta property=\"article:modified_time\" content=\"2012-11-20T15:41:10+00:00\" \/>\n<meta property=\"og:image\" content=\"http:\/\/www.visit-ulcinj.com\/blog\/wp-content\/uploads\/2012\/11\/Dritan-Abazovic1.jpg\" \/>\n<meta name=\"twitter:label1\" content=\"Written by\" \/>\n\t<meta name=\"twitter:data1\" content=\"ulqini\" \/>\n\t<meta name=\"twitter:label2\" content=\"Est. reading time\" \/>\n\t<meta name=\"twitter:data2\" content=\"2 minutes\" \/>\n<script type=\"application\/ld+json\" class=\"yoast-schema-graph\">{\"@context\":\"https:\/\/schema.org\",\"@graph\":[{\"@type\":\"WebSite\",\"@id\":\"https:\/\/www.visit-ulcinj.com\/blog\/#website\",\"url\":\"https:\/\/www.visit-ulcinj.com\/blog\/\",\"name\":\"Lajme nga Ulqini\",\"description\":\"Lajme,Vijesti,Ulqini,Ulqin,Crna Gora,Mali i Zi\",\"potentialAction\":[{\"@type\":\"SearchAction\",\"target\":{\"@type\":\"EntryPoint\",\"urlTemplate\":\"https:\/\/www.visit-ulcinj.com\/blog\/?s={search_term_string}\"},\"query-input\":\"required name=search_term_string\"}],\"inLanguage\":\"en-US\"},{\"@type\":\"ImageObject\",\"inLanguage\":\"en-US\",\"@id\":\"https:\/\/www.visit-ulcinj.com\/blog\/2012\/11\/20\/abazovic-krivokapic-odan-samo-koaliciji-sa-dps-om\/#primaryimage\",\"url\":\"https:\/\/www.visit-ulcinj.com\/blog\/wp-content\/uploads\/2012\/11\/Dritan-Abazovic1.jpg\",\"contentUrl\":\"https:\/\/www.visit-ulcinj.com\/blog\/wp-content\/uploads\/2012\/11\/Dritan-Abazovic1.jpg\",\"width\":\"960\",\"height\":\"637\"},{\"@type\":\"WebPage\",\"@id\":\"https:\/\/www.visit-ulcinj.com\/blog\/2012\/11\/20\/abazovic-krivokapic-odan-samo-koaliciji-sa-dps-om\/#webpage\",\"url\":\"https:\/\/www.visit-ulcinj.com\/blog\/2012\/11\/20\/abazovic-krivokapic-odan-samo-koaliciji-sa-dps-om\/\",\"name\":\"Abazovi\u0107: Krivokapi\u0107 odan samo koaliciji sa DPS-om - Video - Lajme nga Ulqini\",\"isPartOf\":{\"@id\":\"https:\/\/www.visit-ulcinj.com\/blog\/#website\"},\"primaryImageOfPage\":{\"@id\":\"https:\/\/www.visit-ulcinj.com\/blog\/2012\/11\/20\/abazovic-krivokapic-odan-samo-koaliciji-sa-dps-om\/#primaryimage\"},\"datePublished\":\"2012-11-20T07:04:03+00:00\",\"dateModified\":\"2012-11-20T15:41:10+00:00\",\"author\":{\"@id\":\"https:\/\/www.visit-ulcinj.com\/blog\/#\/schema\/person\/dcab619c614d3038751c63bc2aadc06d\"},\"description\":\"On je kazao da su u pregovorima o formiranju vlasti u Nik\u0161i\u0107u \u201eprincipi poga\u017eeni, i radi se samo o goloj raspodjeli mjesta\u201c Lider Socijaldemokratske\",\"breadcrumb\":{\"@id\":\"https:\/\/www.visit-ulcinj.com\/blog\/2012\/11\/20\/abazovic-krivokapic-odan-samo-koaliciji-sa-dps-om\/#breadcrumb\"},\"inLanguage\":\"en-US\",\"potentialAction\":[{\"@type\":\"ReadAction\",\"target\":[\"https:\/\/www.visit-ulcinj.com\/blog\/2012\/11\/20\/abazovic-krivokapic-odan-samo-koaliciji-sa-dps-om\/\"]}]},{\"@type\":\"BreadcrumbList\",\"@id\":\"https:\/\/www.visit-ulcinj.com\/blog\/2012\/11\/20\/abazovic-krivokapic-odan-samo-koaliciji-sa-dps-om\/#breadcrumb\",\"itemListElement\":[{\"@type\":\"ListItem\",\"position\":1,\"name\":\"Abazovi\u0107: Krivokapi\u0107 odan samo koaliciji sa DPS-om &#8211; Video\"}]},{\"@type\":\"Person\",\"@id\":\"https:\/\/www.visit-ulcinj.com\/blog\/#\/schema\/person\/dcab619c614d3038751c63bc2aadc06d\",\"name\":\"ulqini\",\"sameAs\":[\"http:\/\/www.visit-ulcinj.com\"],\"url\":\"https:\/\/www.visit-ulcinj.com\/blog\/author\/admin\/\"}]}<\/script>\n<!-- \/ Yoast SEO plugin. -->","yoast_head_json":{"title":"Abazovi\u0107: Krivokapi\u0107 odan samo koaliciji sa DPS-om - Video - Lajme nga Ulqini","description":"On je kazao da su u pregovorima o formiranju vlasti u Nik\u0161i\u0107u \u201eprincipi poga\u017eeni, i radi se samo o goloj raspodjeli mjesta\u201c Lider Socijaldemokratske","robots":{"index":"index","follow":"follow","max-snippet":"max-snippet:-1","max-image-preview":"max-image-preview:large","max-video-preview":"max-video-preview:-1"},"canonical":"https:\/\/www.visit-ulcinj.com\/blog\/2012\/11\/20\/abazovic-krivokapic-odan-samo-koaliciji-sa-dps-om\/","og_locale":"en_US","og_type":"article","og_title":"Abazovi\u0107: Krivokapi\u0107 odan samo koaliciji sa DPS-om - Video - Lajme nga Ulqini","og_description":"On je kazao da su u pregovorima o formiranju vlasti u Nik\u0161i\u0107u \u201eprincipi poga\u017eeni, i radi se samo o goloj raspodjeli mjesta\u201c Lider Socijaldemokratske","og_url":"https:\/\/www.visit-ulcinj.com\/blog\/2012\/11\/20\/abazovic-krivokapic-odan-samo-koaliciji-sa-dps-om\/","og_site_name":"Lajme nga Ulqini","article_published_time":"2012-11-20T07:04:03+00:00","article_modified_time":"2012-11-20T15:41:10+00:00","og_image":[{"url":"http:\/\/www.visit-ulcinj.com\/blog\/wp-content\/uploads\/2012\/11\/Dritan-Abazovic1.jpg"}],"twitter_misc":{"Written by":"ulqini","Est. reading time":"2 minutes"},"schema":{"@context":"https:\/\/schema.org","@graph":[{"@type":"WebSite","@id":"https:\/\/www.visit-ulcinj.com\/blog\/#website","url":"https:\/\/www.visit-ulcinj.com\/blog\/","name":"Lajme nga Ulqini","description":"Lajme,Vijesti,Ulqini,Ulqin,Crna Gora,Mali i Zi","potentialAction":[{"@type":"SearchAction","target":{"@type":"EntryPoint","urlTemplate":"https:\/\/www.visit-ulcinj.com\/blog\/?s={search_term_string}"},"query-input":"required name=search_term_string"}],"inLanguage":"en-US"},{"@type":"ImageObject","inLanguage":"en-US","@id":"https:\/\/www.visit-ulcinj.com\/blog\/2012\/11\/20\/abazovic-krivokapic-odan-samo-koaliciji-sa-dps-om\/#primaryimage","url":"https:\/\/www.visit-ulcinj.com\/blog\/wp-content\/uploads\/2012\/11\/Dritan-Abazovic1.jpg","contentUrl":"https:\/\/www.visit-ulcinj.com\/blog\/wp-content\/uploads\/2012\/11\/Dritan-Abazovic1.jpg","width":"960","height":"637"},{"@type":"WebPage","@id":"https:\/\/www.visit-ulcinj.com\/blog\/2012\/11\/20\/abazovic-krivokapic-odan-samo-koaliciji-sa-dps-om\/#webpage","url":"https:\/\/www.visit-ulcinj.com\/blog\/2012\/11\/20\/abazovic-krivokapic-odan-samo-koaliciji-sa-dps-om\/","name":"Abazovi\u0107: Krivokapi\u0107 odan samo koaliciji sa DPS-om - Video - Lajme nga Ulqini","isPartOf":{"@id":"https:\/\/www.visit-ulcinj.com\/blog\/#website"},"primaryImageOfPage":{"@id":"https:\/\/www.visit-ulcinj.com\/blog\/2012\/11\/20\/abazovic-krivokapic-odan-samo-koaliciji-sa-dps-om\/#primaryimage"},"datePublished":"2012-11-20T07:04:03+00:00","dateModified":"2012-11-20T15:41:10+00:00","author":{"@id":"https:\/\/www.visit-ulcinj.com\/blog\/#\/schema\/person\/dcab619c614d3038751c63bc2aadc06d"},"description":"On je kazao da su u pregovorima o formiranju vlasti u Nik\u0161i\u0107u \u201eprincipi poga\u017eeni, i radi se samo o goloj raspodjeli mjesta\u201c Lider Socijaldemokratske","breadcrumb":{"@id":"https:\/\/www.visit-ulcinj.com\/blog\/2012\/11\/20\/abazovic-krivokapic-odan-samo-koaliciji-sa-dps-om\/#breadcrumb"},"inLanguage":"en-US","potentialAction":[{"@type":"ReadAction","target":["https:\/\/www.visit-ulcinj.com\/blog\/2012\/11\/20\/abazovic-krivokapic-odan-samo-koaliciji-sa-dps-om\/"]}]},{"@type":"BreadcrumbList","@id":"https:\/\/www.visit-ulcinj.com\/blog\/2012\/11\/20\/abazovic-krivokapic-odan-samo-koaliciji-sa-dps-om\/#breadcrumb","itemListElement":[{"@type":"ListItem","position":1,"name":"Abazovi\u0107: Krivokapi\u0107 odan samo koaliciji sa DPS-om &#8211; Video"}]},{"@type":"Person","@id":"https:\/\/www.visit-ulcinj.com\/blog\/#\/schema\/person\/dcab619c614d3038751c63bc2aadc06d","name":"ulqini","sameAs":["http:\/\/www.visit-ulcinj.com"],"url":"https:\/\/www.visit-ulcinj.com\/blog\/author\/admin\/"}]}},"jetpack_featured_media_url":"","jetpack_sharing_enabled":true,"jetpack_shortlink":"https:\/\/wp.me\/pe6lTn-h9i","_links":{"self":[{"href":"https:\/\/www.visit-ulcinj.com\/blog\/wp-json\/wp\/v2\/posts\/65924"}],"collection":[{"href":"https:\/\/www.visit-ulcinj.com\/blog\/wp-json\/wp\/v2\/posts"}],"about":[{"href":"https:\/\/www.visit-ulcinj.com\/blog\/wp-json\/wp\/v2\/types\/post"}],"author":[{"embeddable":true,"href":"https:\/\/www.visit-ulcinj.com\/blog\/wp-json\/wp\/v2\/users\/1"}],"replies":[{"embeddable":true,"href":"https:\/\/www.visit-ulcinj.com\/blog\/wp-json\/wp\/v2\/comments?post=65924"}],"version-history":[{"count":2,"href":"https:\/\/www.visit-ulcinj.com\/blog\/wp-json\/wp\/v2\/posts\/65924\/revisions"}],"predecessor-version":[{"id":65939,"href":"https:\/\/www.visit-ulcinj.com\/blog\/wp-json\/wp\/v2\/posts\/65924\/revisions\/65939"}],"wp:attachment":[{"href":"https:\/\/www.visit-ulcinj.com\/blog\/wp-json\/wp\/v2\/media?parent=65924"}],"wp:term":[{"taxonomy":"category","embeddable":true,"href":"https:\/\/www.visit-ulcinj.com\/blog\/wp-json\/wp\/v2\/categories?post=65924"},{"taxonomy":"post_tag","embeddable":true,"href":"https:\/\/www.visit-ulcinj.com\/blog\/wp-json\/wp\/v2\/tags?post=65924"}],"curies":[{"name":"wp","href":"https:\/\/api.w.org\/{rel}","templated":true}]}}