{"id":65943,"date":"2012-11-20T18:07:05","date_gmt":"2012-11-20T17:07:05","guid":{"rendered":"http:\/\/www.visit-ulcinj.com\/blog\/?p=65943"},"modified":"2012-11-20T18:09:20","modified_gmt":"2012-11-20T17:09:20","slug":"formohet-klubi-i-ri-i-deputeteve-ne-krye-me-fatmir-gjeken","status":"publish","type":"post","link":"https:\/\/www.visit-ulcinj.com\/blog\/2012\/11\/20\/formohet-klubi-i-ri-i-deputeteve-ne-krye-me-fatmir-gjeken\/","title":{"rendered":"Formohet klubi i ri i deputet\u00ebve n\u00eb krye me Fatmir Gjek\u00ebn"},"content":{"rendered":"<p><a href=\"http:\/\/www.visit-ulcinj.com\/blog\/wp-content\/uploads\/2012\/11\/Fatmir-GJeka-LIDERI-I-PARTIS-DEMOKRATIKE.jpg\"><img loading=\"lazy\" class=\"alignleft  wp-image-65944\" title=\"Fatmir-GJeka-LIDERI I PARTIS DEMOKRATIKE\" src=\"http:\/\/www.visit-ulcinj.com\/blog\/wp-content\/uploads\/2012\/11\/Fatmir-GJeka-LIDERI-I-PARTIS-DEMOKRATIKE.jpg\" alt=\"\" width=\"508\" height=\"360\" \/><\/a>Forca dhe Partia Demokratike, Iniciativa Qytetare Kroate dhe Partia Liberale formuan klubin e p\u00ebrbashk\u00ebt t\u00eb deputet\u00ebve n\u00eb p\u00ebrb\u00ebrjen e re t\u00eb parlamentit. Klubin e p\u00ebrb\u00ebjn\u00eb deputetet e Genci Nimanbegu, Fatmir Gjeka, Lerka Dragi\u00e7eviq dhe Andrija Popoviq.<\/p>\n<p>Ky klub e ka njoftuar kryetarin e parlamentit, Ranko Krivokapiq se ata \u00e7do tet\u00eb muaj me rrall\u00eb do t\u00eb ushtrojn\u00eb funksionin e kryetarit t\u00eb klubit, kurse i pari n\u00eb k\u00ebt\u00eb pozit\u00eb do t\u00eb jet\u00eb, Fatmir Gjeka.<\/p>\n<p>TVCG<\/p>\n","protected":false},"excerpt":{"rendered":"<p>Forca dhe Partia Demokratike, Iniciativa Qytetare Kroate dhe Partia Liberale formuan klubin e p\u00ebrbashk\u00ebt t\u00eb deputet\u00ebve n\u00eb p\u00ebrb\u00ebrjen e re t\u00eb parlamentit. Klubin e p\u00ebrb\u00ebjn\u00eb deputetet e Genci Nimanbegu, Fatmir Gjeka, Lerka Dragi\u00e7eviq dhe Andrija Popoviq. Ky klub e ka njoftuar kryetarin e parlamentit, Ranko Krivokapiq se ata \u00e7do tet\u00eb muaj me rrall\u00eb do t\u00eb [&hellip;]<\/p>\n","protected":false},"author":1,"featured_media":0,"comment_status":"open","ping_status":"closed","sticky":false,"template":"","format":"standard","meta":{"spay_email":"","jetpack_publicize_message":"","jetpack_is_tweetstorm":false,"jetpack_publicize_feature_enabled":true},"categories":[6],"tags":[4607],"jetpack_publicize_connections":[],"yoast_head":"<!-- This site is optimized with the Yoast SEO plugin v19.1 - https:\/\/yoast.com\/wordpress\/plugins\/seo\/ -->\n<title>Formohet klubi i ri i deputet\u00ebve n\u00eb krye me Fatmir Gjek\u00ebn - Lajme nga Ulqini<\/title>\n<meta name=\"description\" content=\"Forca dhe Partia Demokratike, Iniciativa Qytetare Kroate dhe Partia Liberale formuan klubin e p\u00ebrbashk\u00ebt t\u00eb deputet\u00ebve n\u00eb p\u00ebrb\u00ebrjen e re t\u00eb parlamentit.\" \/>\n<meta name=\"robots\" content=\"index, follow, max-snippet:-1, max-image-preview:large, max-video-preview:-1\" \/>\n<link rel=\"canonical\" href=\"https:\/\/www.visit-ulcinj.com\/blog\/2012\/11\/20\/formohet-klubi-i-ri-i-deputeteve-ne-krye-me-fatmir-gjeken\/\" \/>\n<meta property=\"og:locale\" content=\"en_US\" \/>\n<meta property=\"og:type\" content=\"article\" \/>\n<meta property=\"og:title\" content=\"Formohet klubi i ri i deputet\u00ebve n\u00eb krye me Fatmir Gjek\u00ebn - Lajme nga Ulqini\" \/>\n<meta property=\"og:description\" content=\"Forca dhe Partia Demokratike, Iniciativa Qytetare Kroate dhe Partia Liberale formuan klubin e p\u00ebrbashk\u00ebt t\u00eb deputet\u00ebve n\u00eb p\u00ebrb\u00ebrjen e re t\u00eb parlamentit.\" \/>\n<meta property=\"og:url\" content=\"https:\/\/www.visit-ulcinj.com\/blog\/2012\/11\/20\/formohet-klubi-i-ri-i-deputeteve-ne-krye-me-fatmir-gjeken\/\" \/>\n<meta property=\"og:site_name\" content=\"Lajme nga Ulqini\" \/>\n<meta property=\"article:published_time\" content=\"2012-11-20T17:07:05+00:00\" \/>\n<meta property=\"article:modified_time\" content=\"2012-11-20T17:09:20+00:00\" \/>\n<meta property=\"og:image\" content=\"http:\/\/www.visit-ulcinj.com\/blog\/wp-content\/uploads\/2012\/11\/Fatmir-GJeka-LIDERI-I-PARTIS-DEMOKRATIKE.jpg\" \/>\n<meta name=\"twitter:label1\" content=\"Written by\" \/>\n\t<meta name=\"twitter:data1\" content=\"ulqini\" \/>\n<script type=\"application\/ld+json\" class=\"yoast-schema-graph\">{\"@context\":\"https:\/\/schema.org\",\"@graph\":[{\"@type\":\"WebSite\",\"@id\":\"https:\/\/www.visit-ulcinj.com\/blog\/#website\",\"url\":\"https:\/\/www.visit-ulcinj.com\/blog\/\",\"name\":\"Lajme nga Ulqini\",\"description\":\"Lajme,Vijesti,Ulqini,Ulqin,Crna Gora,Mali i Zi\",\"potentialAction\":[{\"@type\":\"SearchAction\",\"target\":{\"@type\":\"EntryPoint\",\"urlTemplate\":\"https:\/\/www.visit-ulcinj.com\/blog\/?s={search_term_string}\"},\"query-input\":\"required name=search_term_string\"}],\"inLanguage\":\"en-US\"},{\"@type\":\"ImageObject\",\"inLanguage\":\"en-US\",\"@id\":\"https:\/\/www.visit-ulcinj.com\/blog\/2012\/11\/20\/formohet-klubi-i-ri-i-deputeteve-ne-krye-me-fatmir-gjeken\/#primaryimage\",\"url\":\"https:\/\/www.visit-ulcinj.com\/blog\/wp-content\/uploads\/2012\/11\/Fatmir-GJeka-LIDERI-I-PARTIS-DEMOKRATIKE.jpg\",\"contentUrl\":\"https:\/\/www.visit-ulcinj.com\/blog\/wp-content\/uploads\/2012\/11\/Fatmir-GJeka-LIDERI-I-PARTIS-DEMOKRATIKE.jpg\",\"width\":\"800\",\"height\":\"533\"},{\"@type\":\"WebPage\",\"@id\":\"https:\/\/www.visit-ulcinj.com\/blog\/2012\/11\/20\/formohet-klubi-i-ri-i-deputeteve-ne-krye-me-fatmir-gjeken\/#webpage\",\"url\":\"https:\/\/www.visit-ulcinj.com\/blog\/2012\/11\/20\/formohet-klubi-i-ri-i-deputeteve-ne-krye-me-fatmir-gjeken\/\",\"name\":\"Formohet klubi i ri i deputet\u00ebve n\u00eb krye me Fatmir Gjek\u00ebn - Lajme nga Ulqini\",\"isPartOf\":{\"@id\":\"https:\/\/www.visit-ulcinj.com\/blog\/#website\"},\"primaryImageOfPage\":{\"@id\":\"https:\/\/www.visit-ulcinj.com\/blog\/2012\/11\/20\/formohet-klubi-i-ri-i-deputeteve-ne-krye-me-fatmir-gjeken\/#primaryimage\"},\"datePublished\":\"2012-11-20T17:07:05+00:00\",\"dateModified\":\"2012-11-20T17:09:20+00:00\",\"author\":{\"@id\":\"https:\/\/www.visit-ulcinj.com\/blog\/#\/schema\/person\/dcab619c614d3038751c63bc2aadc06d\"},\"description\":\"Forca dhe Partia Demokratike, Iniciativa Qytetare Kroate dhe Partia Liberale formuan klubin e p\u00ebrbashk\u00ebt t\u00eb deputet\u00ebve n\u00eb p\u00ebrb\u00ebrjen e re t\u00eb parlamentit.\",\"breadcrumb\":{\"@id\":\"https:\/\/www.visit-ulcinj.com\/blog\/2012\/11\/20\/formohet-klubi-i-ri-i-deputeteve-ne-krye-me-fatmir-gjeken\/#breadcrumb\"},\"inLanguage\":\"en-US\",\"potentialAction\":[{\"@type\":\"ReadAction\",\"target\":[\"https:\/\/www.visit-ulcinj.com\/blog\/2012\/11\/20\/formohet-klubi-i-ri-i-deputeteve-ne-krye-me-fatmir-gjeken\/\"]}]},{\"@type\":\"BreadcrumbList\",\"@id\":\"https:\/\/www.visit-ulcinj.com\/blog\/2012\/11\/20\/formohet-klubi-i-ri-i-deputeteve-ne-krye-me-fatmir-gjeken\/#breadcrumb\",\"itemListElement\":[{\"@type\":\"ListItem\",\"position\":1,\"name\":\"Formohet klubi i ri i deputet\u00ebve n\u00eb krye me Fatmir Gjek\u00ebn\"}]},{\"@type\":\"Person\",\"@id\":\"https:\/\/www.visit-ulcinj.com\/blog\/#\/schema\/person\/dcab619c614d3038751c63bc2aadc06d\",\"name\":\"ulqini\",\"sameAs\":[\"http:\/\/www.visit-ulcinj.com\"],\"url\":\"https:\/\/www.visit-ulcinj.com\/blog\/author\/admin\/\"}]}<\/script>\n<!-- \/ Yoast SEO plugin. -->","yoast_head_json":{"title":"Formohet klubi i ri i deputet\u00ebve n\u00eb krye me Fatmir Gjek\u00ebn - Lajme nga Ulqini","description":"Forca dhe Partia Demokratike, Iniciativa Qytetare Kroate dhe Partia Liberale formuan klubin e p\u00ebrbashk\u00ebt t\u00eb deputet\u00ebve n\u00eb p\u00ebrb\u00ebrjen e re t\u00eb parlamentit.","robots":{"index":"index","follow":"follow","max-snippet":"max-snippet:-1","max-image-preview":"max-image-preview:large","max-video-preview":"max-video-preview:-1"},"canonical":"https:\/\/www.visit-ulcinj.com\/blog\/2012\/11\/20\/formohet-klubi-i-ri-i-deputeteve-ne-krye-me-fatmir-gjeken\/","og_locale":"en_US","og_type":"article","og_title":"Formohet klubi i ri i deputet\u00ebve n\u00eb krye me Fatmir Gjek\u00ebn - Lajme nga Ulqini","og_description":"Forca dhe Partia Demokratike, Iniciativa Qytetare Kroate dhe Partia Liberale formuan klubin e p\u00ebrbashk\u00ebt t\u00eb deputet\u00ebve n\u00eb p\u00ebrb\u00ebrjen e re t\u00eb parlamentit.","og_url":"https:\/\/www.visit-ulcinj.com\/blog\/2012\/11\/20\/formohet-klubi-i-ri-i-deputeteve-ne-krye-me-fatmir-gjeken\/","og_site_name":"Lajme nga Ulqini","article_published_time":"2012-11-20T17:07:05+00:00","article_modified_time":"2012-11-20T17:09:20+00:00","og_image":[{"url":"http:\/\/www.visit-ulcinj.com\/blog\/wp-content\/uploads\/2012\/11\/Fatmir-GJeka-LIDERI-I-PARTIS-DEMOKRATIKE.jpg"}],"twitter_misc":{"Written by":"ulqini"},"schema":{"@context":"https:\/\/schema.org","@graph":[{"@type":"WebSite","@id":"https:\/\/www.visit-ulcinj.com\/blog\/#website","url":"https:\/\/www.visit-ulcinj.com\/blog\/","name":"Lajme nga Ulqini","description":"Lajme,Vijesti,Ulqini,Ulqin,Crna Gora,Mali i Zi","potentialAction":[{"@type":"SearchAction","target":{"@type":"EntryPoint","urlTemplate":"https:\/\/www.visit-ulcinj.com\/blog\/?s={search_term_string}"},"query-input":"required name=search_term_string"}],"inLanguage":"en-US"},{"@type":"ImageObject","inLanguage":"en-US","@id":"https:\/\/www.visit-ulcinj.com\/blog\/2012\/11\/20\/formohet-klubi-i-ri-i-deputeteve-ne-krye-me-fatmir-gjeken\/#primaryimage","url":"https:\/\/www.visit-ulcinj.com\/blog\/wp-content\/uploads\/2012\/11\/Fatmir-GJeka-LIDERI-I-PARTIS-DEMOKRATIKE.jpg","contentUrl":"https:\/\/www.visit-ulcinj.com\/blog\/wp-content\/uploads\/2012\/11\/Fatmir-GJeka-LIDERI-I-PARTIS-DEMOKRATIKE.jpg","width":"800","height":"533"},{"@type":"WebPage","@id":"https:\/\/www.visit-ulcinj.com\/blog\/2012\/11\/20\/formohet-klubi-i-ri-i-deputeteve-ne-krye-me-fatmir-gjeken\/#webpage","url":"https:\/\/www.visit-ulcinj.com\/blog\/2012\/11\/20\/formohet-klubi-i-ri-i-deputeteve-ne-krye-me-fatmir-gjeken\/","name":"Formohet klubi i ri i deputet\u00ebve n\u00eb krye me Fatmir Gjek\u00ebn - Lajme nga Ulqini","isPartOf":{"@id":"https:\/\/www.visit-ulcinj.com\/blog\/#website"},"primaryImageOfPage":{"@id":"https:\/\/www.visit-ulcinj.com\/blog\/2012\/11\/20\/formohet-klubi-i-ri-i-deputeteve-ne-krye-me-fatmir-gjeken\/#primaryimage"},"datePublished":"2012-11-20T17:07:05+00:00","dateModified":"2012-11-20T17:09:20+00:00","author":{"@id":"https:\/\/www.visit-ulcinj.com\/blog\/#\/schema\/person\/dcab619c614d3038751c63bc2aadc06d"},"description":"Forca dhe Partia Demokratike, Iniciativa Qytetare Kroate dhe Partia Liberale formuan klubin e p\u00ebrbashk\u00ebt t\u00eb deputet\u00ebve n\u00eb p\u00ebrb\u00ebrjen e re t\u00eb parlamentit.","breadcrumb":{"@id":"https:\/\/www.visit-ulcinj.com\/blog\/2012\/11\/20\/formohet-klubi-i-ri-i-deputeteve-ne-krye-me-fatmir-gjeken\/#breadcrumb"},"inLanguage":"en-US","potentialAction":[{"@type":"ReadAction","target":["https:\/\/www.visit-ulcinj.com\/blog\/2012\/11\/20\/formohet-klubi-i-ri-i-deputeteve-ne-krye-me-fatmir-gjeken\/"]}]},{"@type":"BreadcrumbList","@id":"https:\/\/www.visit-ulcinj.com\/blog\/2012\/11\/20\/formohet-klubi-i-ri-i-deputeteve-ne-krye-me-fatmir-gjeken\/#breadcrumb","itemListElement":[{"@type":"ListItem","position":1,"name":"Formohet klubi i ri i deputet\u00ebve n\u00eb krye me Fatmir Gjek\u00ebn"}]},{"@type":"Person","@id":"https:\/\/www.visit-ulcinj.com\/blog\/#\/schema\/person\/dcab619c614d3038751c63bc2aadc06d","name":"ulqini","sameAs":["http:\/\/www.visit-ulcinj.com"],"url":"https:\/\/www.visit-ulcinj.com\/blog\/author\/admin\/"}]}},"jetpack_featured_media_url":"","jetpack_sharing_enabled":true,"jetpack_shortlink":"https:\/\/wp.me\/pe6lTn-h9B","_links":{"self":[{"href":"https:\/\/www.visit-ulcinj.com\/blog\/wp-json\/wp\/v2\/posts\/65943"}],"collection":[{"href":"https:\/\/www.visit-ulcinj.com\/blog\/wp-json\/wp\/v2\/posts"}],"about":[{"href":"https:\/\/www.visit-ulcinj.com\/blog\/wp-json\/wp\/v2\/types\/post"}],"author":[{"embeddable":true,"href":"https:\/\/www.visit-ulcinj.com\/blog\/wp-json\/wp\/v2\/users\/1"}],"replies":[{"embeddable":true,"href":"https:\/\/www.visit-ulcinj.com\/blog\/wp-json\/wp\/v2\/comments?post=65943"}],"version-history":[{"count":3,"href":"https:\/\/www.visit-ulcinj.com\/blog\/wp-json\/wp\/v2\/posts\/65943\/revisions"}],"predecessor-version":[{"id":65946,"href":"https:\/\/www.visit-ulcinj.com\/blog\/wp-json\/wp\/v2\/posts\/65943\/revisions\/65946"}],"wp:attachment":[{"href":"https:\/\/www.visit-ulcinj.com\/blog\/wp-json\/wp\/v2\/media?parent=65943"}],"wp:term":[{"taxonomy":"category","embeddable":true,"href":"https:\/\/www.visit-ulcinj.com\/blog\/wp-json\/wp\/v2\/categories?post=65943"},{"taxonomy":"post_tag","embeddable":true,"href":"https:\/\/www.visit-ulcinj.com\/blog\/wp-json\/wp\/v2\/tags?post=65943"}],"curies":[{"name":"wp","href":"https:\/\/api.w.org\/{rel}","templated":true}]}}