{"id":65948,"date":"2012-11-20T18:52:44","date_gmt":"2012-11-20T17:52:44","guid":{"rendered":"http:\/\/www.visit-ulcinj.com\/blog\/?p=65948"},"modified":"2012-11-21T08:39:27","modified_gmt":"2012-11-21T07:39:27","slug":"kongresi-i-vi-mbarekombetare-i-gruas-shqiptare-ne-ulqin-me-21-22-nentor-2012","status":"publish","type":"post","link":"https:\/\/www.visit-ulcinj.com\/blog\/2012\/11\/20\/kongresi-i-vi-mbarekombetare-i-gruas-shqiptare-ne-ulqin-me-21-22-nentor-2012\/","title":{"rendered":"Kongresi i VI Mbarekombetare i Gruas Shqiptare n\u00eb Ulqin me 21-22 N\u00ebntor 2012"},"content":{"rendered":"<p><strong><a href=\"http:\/\/www.visit-ulcinj.com\/blog\/wp-content\/uploads\/2012\/11\/Kongresi-i-VI-Mbarekombetare-i-Gruas-Shqiptare-ULQIN.jpg\"><img loading=\"lazy\" class=\"alignleft  wp-image-65949\" title=\"Kongresi i VI Mbarekombetare i Gruas Shqiptare - ULQIN\" src=\"http:\/\/www.visit-ulcinj.com\/blog\/wp-content\/uploads\/2012\/11\/Kongresi-i-VI-Mbarekombetare-i-Gruas-Shqiptare-ULQIN-1024x816.jpg\" alt=\"\" width=\"508\" height=\"400\" \/><\/a>Gruaja Shqiptare per Zhvillim Ekonomik, Paqe dhe Prosperitet!<\/strong><\/p>\n<p><strong> Rrjeti Global i Gruas Shqiptare, n\u0451 vazhdim\u0451si t\u0451 nism\u0451s madhore dhe komb\u0451tare historike te ndermarre per fuqizimin e gruas Shqiptare, po mban Kongresin e Gjashte Mbarekomb\u00ebtare t\u00eb Gruas Shqiptare n\u0451 Ulqin me 21-22 N\u00ebntor 2012. <\/strong><\/p>\n<p><strong> Do ishte nder t\u00eb kishim prezenc\u00ebn tuaj.<a href=\"http:\/\/www.albwnet.org\" target=\"_blank\"><br \/>\n<\/a><\/strong><\/p>\n<div>Qellimet kryesore te Kongresit jane: Fuqizimi i Gruas Shqiptare dhe fuqizimi i bashk\u00ebpunimit mbar\u00ebkomb\u00ebtare dhe nder-rajonal, ketu p\u00ebrfshire dhe Diaspor\u00ebn Shqiptare, p\u00ebr zhvillim ekonomik, integrim, paqe dhe prosperitet.Kjo do jete platforma juaj per te ngritur zerin dhe per tu bere pjese e levizjes historike mbarekombetare te gruas shqiptare.Do t\u00eb ket\u00eb pjesmarrje mjaft t\u00eb gj\u00ebr\u00eb nga Trevat Shqiptare n\u00eb Mal t\u00eb Zi (nga shoq\u00ebria civile, Biznese, OJQ dhe Parti Politike Shqiptare), nga \u00c7am\u00ebria, Kosova, Lugina e Preshev\u00ebs, Maqedonia, Shqip\u00ebria, si dhe nga Diaspora Shqiptare.<\/p>\n<p>Nje permbledhje e aktiviteteve te Kongresit t\u00eb Prishtin\u00ebs jan\u0451:<br \/>\n\u2022 Me 21 N\u00ebntor 2012, 19.00-22.30<br \/>\no Ekspozite bisnesesh, krijimtarish\u0451 artizanale dhe letrare;<br \/>\no Takim \u201cRrjet Biznesi dhe njohje (Biznes\/networking event)\u201c<br \/>\no Seminar nga biznesmenja angleze Sue Tonk: Si te ndertojme biznese dhe rrjete njohje per fuqizim biznesi<\/p>\n<p>\u2022 Me 22 N\u00ebntor 2012, nga 10.00 -17.30 &#8211; Kongresi me fjalime, prezantime dhe diskutime.<\/p>\n<p>Per tu regjistruar dhe n\u00ebse keni nevoj\u00eb p\u00ebr m\u00eb shum\u00eb informacion, ju lutemi kontaktoni ne e-mail : <strong><a href=\"mailto: admin@albwnet.org\" target=\"_blank\">admin@albwnet.org<\/a>.<\/strong><\/p>\n<p>Ju mirepresim !<\/p>\n<p>Me Respekt,<br \/>\nGrupi i Pun\u00ebs s\u00eb Kongresit t\u00eb Gjasht\u00eb t\u00eb AWN n\u00eb Ulqin.<br \/>\nShefika Gjoni, Kryetare e AWN n\u0451 Ulqin;<br \/>\nCan Tahiri, Ambasador i Paqes Globale;<br \/>\nEmine Kica, Event Manager e AWN, Tirane;<br \/>\nLida Rragami, Presidente dhe Themeluese e \u2018Albanian Women Network- AWN\u2019 \u2013 <strong><a href=\"http:\/\/www.albwnet.org\/\" rel=\"nofollow nofollow\" target=\"_blank\">www.albwnet.org<\/a> <\/strong><\/p>\n<\/div>\n<div><\/div>\n<h4><a href=\"https:\/\/www.facebook.com\/events\/413709498695624\/\" target=\"_blank\"><strong>D\u00ebshironi t\u00eb participoni &#8211; Kongresi i VI Mbarekombetare i Gruas Shqiptare n\u00eb Ulqin me 21-22 N\u00ebntor 2012 &#8211; Facebook<\/strong><\/a><\/h4>\n<p><strong><a href=\"http:\/\/www.albwnet.org\" target=\"_blank\"><br \/>\n<\/a><\/strong><\/p>\n","protected":false},"excerpt":{"rendered":"<p>Gruaja Shqiptare per Zhvillim Ekonomik, Paqe dhe Prosperitet! Rrjeti Global i Gruas Shqiptare, n\u0451 vazhdim\u0451si t\u0451 nism\u0451s madhore dhe komb\u0451tare historike te ndermarre per fuqizimin e gruas Shqiptare, po mban Kongresin e Gjashte Mbarekomb\u00ebtare t\u00eb Gruas Shqiptare n\u0451 Ulqin me 21-22 N\u00ebntor 2012. Do ishte nder t\u00eb kishim prezenc\u00ebn tuaj. Qellimet kryesore te Kongresit jane: [&hellip;]<\/p>\n","protected":false},"author":1,"featured_media":0,"comment_status":"open","ping_status":"closed","sticky":false,"template":"","format":"standard","meta":{"spay_email":"","jetpack_publicize_message":"","jetpack_is_tweetstorm":false,"jetpack_publicize_feature_enabled":true},"categories":[1,6950],"tags":[212,17828,17834,18370,17811,20884,7930,17831,18362,14353,17808,14354,12340,17840,17839,18363,18532,17835,17814,17810,17816,17071,17807,21468,21469,3516,14652,17837,17827,21416,21494,2338,14358,222,17802,17812,17803,2323,17820,17825,17817,17805,3169,305,840,17823,17832,3506,17818,214,17680,14362,14363,18371,21493,3507,730,21471,17800,498,3500,21421,115,14364,21418,17799,3327,17841,17826,15213,18236,3512,17806,18399,11648,18289,17838,95,2348,21427,17813,17804,15141,347,19495,17836,14366,79,17073,18294,318,118,18368,18369,21417,1653,21420,21426,21419,2304,1909,14367,2354,17801,2306,21470,18360,17822,14368,14369,21492,17824,14370,18291,16228,2083,3231,14371,41,3617,5040,2350,3722,14372,17844,17821,18372,17830,17077,18295,14375,17833,17829,899,3797,200,18,17819,4243,17809,4265,14376],"jetpack_publicize_connections":[],"yoast_head":"<!-- This site is optimized with the Yoast SEO plugin v19.1 - https:\/\/yoast.com\/wordpress\/plugins\/seo\/ -->\n<title>Kongresi i VI Mbarekombetare i Gruas Shqiptare n\u00eb Ulqin me 21-22 N\u00ebntor 2012 - Lajme nga Ulqini<\/title>\n<meta name=\"description\" content=\"Gruaja Shqiptare per Zhvillim Ekonomik, Paqe dhe Prosperitet! Rrjeti Global i Gruas Shqiptare, n\u0451 vazhdim\u0451si t\u0451 nism\u0451s madhore dhe komb\u0451tare historike te\" \/>\n<meta name=\"robots\" content=\"index, follow, max-snippet:-1, max-image-preview:large, max-video-preview:-1\" \/>\n<link rel=\"canonical\" href=\"https:\/\/www.visit-ulcinj.com\/blog\/2012\/11\/20\/kongresi-i-vi-mbarekombetare-i-gruas-shqiptare-ne-ulqin-me-21-22-nentor-2012\/\" \/>\n<meta property=\"og:locale\" content=\"en_US\" \/>\n<meta property=\"og:type\" content=\"article\" \/>\n<meta property=\"og:title\" content=\"Kongresi i VI Mbarekombetare i Gruas Shqiptare n\u00eb Ulqin me 21-22 N\u00ebntor 2012 - Lajme nga Ulqini\" \/>\n<meta property=\"og:description\" content=\"Gruaja Shqiptare per Zhvillim Ekonomik, Paqe dhe Prosperitet! Rrjeti Global i Gruas Shqiptare, n\u0451 vazhdim\u0451si t\u0451 nism\u0451s madhore dhe komb\u0451tare historike te\" \/>\n<meta property=\"og:url\" content=\"https:\/\/www.visit-ulcinj.com\/blog\/2012\/11\/20\/kongresi-i-vi-mbarekombetare-i-gruas-shqiptare-ne-ulqin-me-21-22-nentor-2012\/\" \/>\n<meta property=\"og:site_name\" content=\"Lajme nga Ulqini\" \/>\n<meta property=\"article:published_time\" content=\"2012-11-20T17:52:44+00:00\" \/>\n<meta property=\"article:modified_time\" content=\"2012-11-21T07:39:27+00:00\" \/>\n<meta property=\"og:image\" content=\"http:\/\/www.visit-ulcinj.com\/blog\/wp-content\/uploads\/2012\/11\/Kongresi-i-VI-Mbarekombetare-i-Gruas-Shqiptare-ULQIN-1024x816.jpg\" \/>\n<meta name=\"twitter:label1\" content=\"Written by\" \/>\n\t<meta name=\"twitter:data1\" content=\"ulqini\" \/>\n\t<meta name=\"twitter:label2\" content=\"Est. reading time\" \/>\n\t<meta name=\"twitter:data2\" content=\"2 minutes\" \/>\n<script type=\"application\/ld+json\" class=\"yoast-schema-graph\">{\"@context\":\"https:\/\/schema.org\",\"@graph\":[{\"@type\":\"WebSite\",\"@id\":\"https:\/\/www.visit-ulcinj.com\/blog\/#website\",\"url\":\"https:\/\/www.visit-ulcinj.com\/blog\/\",\"name\":\"Lajme nga Ulqini\",\"description\":\"Lajme,Vijesti,Ulqini,Ulqin,Crna Gora,Mali i Zi\",\"potentialAction\":[{\"@type\":\"SearchAction\",\"target\":{\"@type\":\"EntryPoint\",\"urlTemplate\":\"https:\/\/www.visit-ulcinj.com\/blog\/?s={search_term_string}\"},\"query-input\":\"required name=search_term_string\"}],\"inLanguage\":\"en-US\"},{\"@type\":\"ImageObject\",\"inLanguage\":\"en-US\",\"@id\":\"https:\/\/www.visit-ulcinj.com\/blog\/2012\/11\/20\/kongresi-i-vi-mbarekombetare-i-gruas-shqiptare-ne-ulqin-me-21-22-nentor-2012\/#primaryimage\",\"url\":\"https:\/\/www.visit-ulcinj.com\/blog\/wp-content\/uploads\/2012\/11\/Kongresi-i-VI-Mbarekombetare-i-Gruas-Shqiptare-ULQIN.jpg\",\"contentUrl\":\"https:\/\/www.visit-ulcinj.com\/blog\/wp-content\/uploads\/2012\/11\/Kongresi-i-VI-Mbarekombetare-i-Gruas-Shqiptare-ULQIN.jpg\",\"width\":\"1280\",\"height\":\"1020\"},{\"@type\":\"WebPage\",\"@id\":\"https:\/\/www.visit-ulcinj.com\/blog\/2012\/11\/20\/kongresi-i-vi-mbarekombetare-i-gruas-shqiptare-ne-ulqin-me-21-22-nentor-2012\/#webpage\",\"url\":\"https:\/\/www.visit-ulcinj.com\/blog\/2012\/11\/20\/kongresi-i-vi-mbarekombetare-i-gruas-shqiptare-ne-ulqin-me-21-22-nentor-2012\/\",\"name\":\"Kongresi i VI Mbarekombetare i Gruas Shqiptare n\u00eb Ulqin me 21-22 N\u00ebntor 2012 - Lajme nga Ulqini\",\"isPartOf\":{\"@id\":\"https:\/\/www.visit-ulcinj.com\/blog\/#website\"},\"primaryImageOfPage\":{\"@id\":\"https:\/\/www.visit-ulcinj.com\/blog\/2012\/11\/20\/kongresi-i-vi-mbarekombetare-i-gruas-shqiptare-ne-ulqin-me-21-22-nentor-2012\/#primaryimage\"},\"datePublished\":\"2012-11-20T17:52:44+00:00\",\"dateModified\":\"2012-11-21T07:39:27+00:00\",\"author\":{\"@id\":\"https:\/\/www.visit-ulcinj.com\/blog\/#\/schema\/person\/dcab619c614d3038751c63bc2aadc06d\"},\"description\":\"Gruaja Shqiptare per Zhvillim Ekonomik, Paqe dhe Prosperitet! Rrjeti Global i Gruas Shqiptare, n\u0451 vazhdim\u0451si t\u0451 nism\u0451s madhore dhe komb\u0451tare historike te\",\"breadcrumb\":{\"@id\":\"https:\/\/www.visit-ulcinj.com\/blog\/2012\/11\/20\/kongresi-i-vi-mbarekombetare-i-gruas-shqiptare-ne-ulqin-me-21-22-nentor-2012\/#breadcrumb\"},\"inLanguage\":\"en-US\",\"potentialAction\":[{\"@type\":\"ReadAction\",\"target\":[\"https:\/\/www.visit-ulcinj.com\/blog\/2012\/11\/20\/kongresi-i-vi-mbarekombetare-i-gruas-shqiptare-ne-ulqin-me-21-22-nentor-2012\/\"]}]},{\"@type\":\"BreadcrumbList\",\"@id\":\"https:\/\/www.visit-ulcinj.com\/blog\/2012\/11\/20\/kongresi-i-vi-mbarekombetare-i-gruas-shqiptare-ne-ulqin-me-21-22-nentor-2012\/#breadcrumb\",\"itemListElement\":[{\"@type\":\"ListItem\",\"position\":1,\"name\":\"Kongresi i VI Mbarekombetare i Gruas Shqiptare n\u00eb Ulqin me 21-22 N\u00ebntor 2012\"}]},{\"@type\":\"Person\",\"@id\":\"https:\/\/www.visit-ulcinj.com\/blog\/#\/schema\/person\/dcab619c614d3038751c63bc2aadc06d\",\"name\":\"ulqini\",\"sameAs\":[\"http:\/\/www.visit-ulcinj.com\"],\"url\":\"https:\/\/www.visit-ulcinj.com\/blog\/author\/admin\/\"}]}<\/script>\n<!-- \/ Yoast SEO plugin. -->","yoast_head_json":{"title":"Kongresi i VI Mbarekombetare i Gruas Shqiptare n\u00eb Ulqin me 21-22 N\u00ebntor 2012 - Lajme nga Ulqini","description":"Gruaja Shqiptare per Zhvillim Ekonomik, Paqe dhe Prosperitet! Rrjeti Global i Gruas Shqiptare, n\u0451 vazhdim\u0451si t\u0451 nism\u0451s madhore dhe komb\u0451tare historike te","robots":{"index":"index","follow":"follow","max-snippet":"max-snippet:-1","max-image-preview":"max-image-preview:large","max-video-preview":"max-video-preview:-1"},"canonical":"https:\/\/www.visit-ulcinj.com\/blog\/2012\/11\/20\/kongresi-i-vi-mbarekombetare-i-gruas-shqiptare-ne-ulqin-me-21-22-nentor-2012\/","og_locale":"en_US","og_type":"article","og_title":"Kongresi i VI Mbarekombetare i Gruas Shqiptare n\u00eb Ulqin me 21-22 N\u00ebntor 2012 - Lajme nga Ulqini","og_description":"Gruaja Shqiptare per Zhvillim Ekonomik, Paqe dhe Prosperitet! Rrjeti Global i Gruas Shqiptare, n\u0451 vazhdim\u0451si t\u0451 nism\u0451s madhore dhe komb\u0451tare historike te","og_url":"https:\/\/www.visit-ulcinj.com\/blog\/2012\/11\/20\/kongresi-i-vi-mbarekombetare-i-gruas-shqiptare-ne-ulqin-me-21-22-nentor-2012\/","og_site_name":"Lajme nga Ulqini","article_published_time":"2012-11-20T17:52:44+00:00","article_modified_time":"2012-11-21T07:39:27+00:00","og_image":[{"url":"http:\/\/www.visit-ulcinj.com\/blog\/wp-content\/uploads\/2012\/11\/Kongresi-i-VI-Mbarekombetare-i-Gruas-Shqiptare-ULQIN-1024x816.jpg"}],"twitter_misc":{"Written by":"ulqini","Est. reading time":"2 minutes"},"schema":{"@context":"https:\/\/schema.org","@graph":[{"@type":"WebSite","@id":"https:\/\/www.visit-ulcinj.com\/blog\/#website","url":"https:\/\/www.visit-ulcinj.com\/blog\/","name":"Lajme nga Ulqini","description":"Lajme,Vijesti,Ulqini,Ulqin,Crna Gora,Mali i Zi","potentialAction":[{"@type":"SearchAction","target":{"@type":"EntryPoint","urlTemplate":"https:\/\/www.visit-ulcinj.com\/blog\/?s={search_term_string}"},"query-input":"required name=search_term_string"}],"inLanguage":"en-US"},{"@type":"ImageObject","inLanguage":"en-US","@id":"https:\/\/www.visit-ulcinj.com\/blog\/2012\/11\/20\/kongresi-i-vi-mbarekombetare-i-gruas-shqiptare-ne-ulqin-me-21-22-nentor-2012\/#primaryimage","url":"https:\/\/www.visit-ulcinj.com\/blog\/wp-content\/uploads\/2012\/11\/Kongresi-i-VI-Mbarekombetare-i-Gruas-Shqiptare-ULQIN.jpg","contentUrl":"https:\/\/www.visit-ulcinj.com\/blog\/wp-content\/uploads\/2012\/11\/Kongresi-i-VI-Mbarekombetare-i-Gruas-Shqiptare-ULQIN.jpg","width":"1280","height":"1020"},{"@type":"WebPage","@id":"https:\/\/www.visit-ulcinj.com\/blog\/2012\/11\/20\/kongresi-i-vi-mbarekombetare-i-gruas-shqiptare-ne-ulqin-me-21-22-nentor-2012\/#webpage","url":"https:\/\/www.visit-ulcinj.com\/blog\/2012\/11\/20\/kongresi-i-vi-mbarekombetare-i-gruas-shqiptare-ne-ulqin-me-21-22-nentor-2012\/","name":"Kongresi i VI Mbarekombetare i Gruas Shqiptare n\u00eb Ulqin me 21-22 N\u00ebntor 2012 - Lajme nga Ulqini","isPartOf":{"@id":"https:\/\/www.visit-ulcinj.com\/blog\/#website"},"primaryImageOfPage":{"@id":"https:\/\/www.visit-ulcinj.com\/blog\/2012\/11\/20\/kongresi-i-vi-mbarekombetare-i-gruas-shqiptare-ne-ulqin-me-21-22-nentor-2012\/#primaryimage"},"datePublished":"2012-11-20T17:52:44+00:00","dateModified":"2012-11-21T07:39:27+00:00","author":{"@id":"https:\/\/www.visit-ulcinj.com\/blog\/#\/schema\/person\/dcab619c614d3038751c63bc2aadc06d"},"description":"Gruaja Shqiptare per Zhvillim Ekonomik, Paqe dhe Prosperitet! Rrjeti Global i Gruas Shqiptare, n\u0451 vazhdim\u0451si t\u0451 nism\u0451s madhore dhe komb\u0451tare historike te","breadcrumb":{"@id":"https:\/\/www.visit-ulcinj.com\/blog\/2012\/11\/20\/kongresi-i-vi-mbarekombetare-i-gruas-shqiptare-ne-ulqin-me-21-22-nentor-2012\/#breadcrumb"},"inLanguage":"en-US","potentialAction":[{"@type":"ReadAction","target":["https:\/\/www.visit-ulcinj.com\/blog\/2012\/11\/20\/kongresi-i-vi-mbarekombetare-i-gruas-shqiptare-ne-ulqin-me-21-22-nentor-2012\/"]}]},{"@type":"BreadcrumbList","@id":"https:\/\/www.visit-ulcinj.com\/blog\/2012\/11\/20\/kongresi-i-vi-mbarekombetare-i-gruas-shqiptare-ne-ulqin-me-21-22-nentor-2012\/#breadcrumb","itemListElement":[{"@type":"ListItem","position":1,"name":"Kongresi i VI Mbarekombetare i Gruas Shqiptare n\u00eb Ulqin me 21-22 N\u00ebntor 2012"}]},{"@type":"Person","@id":"https:\/\/www.visit-ulcinj.com\/blog\/#\/schema\/person\/dcab619c614d3038751c63bc2aadc06d","name":"ulqini","sameAs":["http:\/\/www.visit-ulcinj.com"],"url":"https:\/\/www.visit-ulcinj.com\/blog\/author\/admin\/"}]}},"jetpack_featured_media_url":"","jetpack_sharing_enabled":true,"jetpack_shortlink":"https:\/\/wp.me\/pe6lTn-h9G","_links":{"self":[{"href":"https:\/\/www.visit-ulcinj.com\/blog\/wp-json\/wp\/v2\/posts\/65948"}],"collection":[{"href":"https:\/\/www.visit-ulcinj.com\/blog\/wp-json\/wp\/v2\/posts"}],"about":[{"href":"https:\/\/www.visit-ulcinj.com\/blog\/wp-json\/wp\/v2\/types\/post"}],"author":[{"embeddable":true,"href":"https:\/\/www.visit-ulcinj.com\/blog\/wp-json\/wp\/v2\/users\/1"}],"replies":[{"embeddable":true,"href":"https:\/\/www.visit-ulcinj.com\/blog\/wp-json\/wp\/v2\/comments?post=65948"}],"version-history":[{"count":4,"href":"https:\/\/www.visit-ulcinj.com\/blog\/wp-json\/wp\/v2\/posts\/65948\/revisions"}],"predecessor-version":[{"id":65972,"href":"https:\/\/www.visit-ulcinj.com\/blog\/wp-json\/wp\/v2\/posts\/65948\/revisions\/65972"}],"wp:attachment":[{"href":"https:\/\/www.visit-ulcinj.com\/blog\/wp-json\/wp\/v2\/media?parent=65948"}],"wp:term":[{"taxonomy":"category","embeddable":true,"href":"https:\/\/www.visit-ulcinj.com\/blog\/wp-json\/wp\/v2\/categories?post=65948"},{"taxonomy":"post_tag","embeddable":true,"href":"https:\/\/www.visit-ulcinj.com\/blog\/wp-json\/wp\/v2\/tags?post=65948"}],"curies":[{"name":"wp","href":"https:\/\/api.w.org\/{rel}","templated":true}]}}