{"id":65957,"date":"2012-11-21T08:15:24","date_gmt":"2012-11-21T07:15:24","guid":{"rendered":"http:\/\/www.visit-ulcinj.com\/blog\/?p=65957"},"modified":"2012-11-21T08:16:30","modified_gmt":"2012-11-21T07:16:30","slug":"marko-borovic-jedne-noci-uz-gitaru-u-dvoru-balsica","status":"publish","type":"post","link":"https:\/\/www.visit-ulcinj.com\/blog\/2012\/11\/21\/marko-borovic-jedne-noci-uz-gitaru-u-dvoru-balsica\/","title":{"rendered":"Marko  Borovi\u0107  jedne no\u0107i uz gitaru u Dvoru Bal\u0161i\u0107a"},"content":{"rendered":"<p><a href=\"http:\/\/www.visit-ulcinj.com\/blog\/wp-content\/uploads\/2012\/11\/Marko-Borovic-sampion.jpg\"><img loading=\"lazy\" class=\"alignleft  wp-image-65959\" title=\"Marko  Borovic sampion\" src=\"http:\/\/www.visit-ulcinj.com\/blog\/wp-content\/uploads\/2012\/11\/Marko-Borovic-sampion.jpg\" alt=\"\" width=\"350\" height=\"400\" \/><\/a>Marko Borovi\u0107 je izutetan \u010dovjek, i rekao bih izuzetna li\u010dnost na\u0161eg grada. Ve\u0107 dugo godina \u017eivi i radi u Ulcinju i pravi je kosmopolita, tako da se veoma brzo uklopio u na\u0161u multikonfesionalnu i multietni\u010dku sredinu. Marko je dugo godina \u017eivio i radio u Splitu, i za taj grad ga ve\u017eu mnoge uspomene.<\/p>\n<p>Jo\u0161 dok je \u017eivio i radio u Splitu sprijateljio se sa puno ljudi iz Ulcinja sa kojima je odr\u017eavao veze, tako da je dolaskom u Ulcinj to prijateljstvo jo\u0161 vi\u0161e do\u0161lo do izra\u017eaja. Zaista danas gospodin Marko Borovi\u0107 ima puno pravih prijatelja u Ulcinju. Voli more i zbog toga je i izgradio ku\u0107u na samoj pjeni od mora. Danas \u017eivi u svojoj predivnoj ku\u0107i na Limanu na samoj pjeni od mora ,.. Ja bih jo\u0161 dodao, da je to \u010dovjek koji je \u017eivio na svim meridijanima.. Stigao je \u010dak i do Kine ..Ovaj tihi, skromni i nenametliv \u010dovjek je izuzetno na\u010ditan, i mislim da se sa njime mo\u017ee o svemu diskutovati i razgovarati. Me\u0111utim, njegova strast je bio i ostao boks, ali onaj pravi zbog koje je i dobio ime \u201eplemenita vje\u0161tina\u201c Marko je vrstan poznavalac upravo te &#8220;Plemenite vje\u0161tine&#8221; dakle boksa, u pravom smislu te rije\u010di&#8230;Prijatelj je velikih svjetskih \u0161ampiona iz svijeta boksa, od I. Holifilda pa do danas neprikosovenih bra\u0107e Kli\u010dkov ..Sa velikom nostalgijjom govori o na\u0161im velikim \u0161ampionima, iz one biv\u0161e i lijepe nam Yugoslavije, M. Parlovu i M. Bene\u0161u.. Bene\u0161a je doveo \u010dak i u Ulcinj, tako da sam i ja imao \u010dast da ga sretnem i da se upoznam sa ovim velikim \u010dovjekom i \u0161ampionom, &#8230;iz one biv\u0161e nam, velike i lijepe zemlje&#8230;Moram priznati da je na mene ostavio izuzetan uisak.<\/p>\n<p>Pro\u0161la su ta vremena, ka\u017ee Marko sa sjetom, me\u0111utim, poznavaju\u0107i njegov entuzijazam, strast, i nadasve neuni\u0161tiv optimizam i nadu za bolje sjutra, vjerujem u njegov neuni\u0161tiv duh, i divim mu se. Zaista je Marko B. neuni\u0161tiv, i zbog toga svjestan sam i znam da sanja i ma\u0161ta o starim dobrim vremenima, te zato sam ubije\u0111en da se on nada da \u0107e se kad, kao kakav \u201cfenix\u201dsve ponovo vratiti. Njegovo je geslo da \u010dovjek mora u \u017eivotu biti optimista i da se nikada ni smije predavati.<\/p>\n<p>Ponekad navrati do nas do Starog grada kod Pepa i Ru\u017eda, svojih starih prijatelja, a onda svrati i do Rezidencije Bal\u0161i\u0107a, me\u0111u drevne zidine Starog grada, gdje dovodi svoje drage prijatelje iz svijeta sporta.<\/p>\n<p><a href=\"http:\/\/www.visit-ulcinj.com\/blog\/wp-content\/uploads\/2012\/11\/Marko-Borovic-hoce-ga-riba.jpg\"><img loading=\"lazy\" class=\"alignleft  wp-image-65960\" title=\"Marko  Borovic hoce ga riba\" src=\"http:\/\/www.visit-ulcinj.com\/blog\/wp-content\/uploads\/2012\/11\/Marko-Borovic-hoce-ga-riba.jpg\" alt=\"\" width=\"508\" height=\"300\" \/><\/a><\/p>\n<p>Nedavno je bio sponzor i organizator saradnje i posjete delegacije grada Splita Ulcinju. Bio je to nesvakida\u0161nji doga\u0111aj koji je imao veliki odjek u regionu. Bila je klapa iz Splita, kao i mnogi poznati ljudi iz umjetnosti i kulture i sporta, iz ove sredine koja je tako bliska na\u0161em mentalitetu i na\u0161em na\u010dinu \u017eivota. More, brodovi, fudbalski klub Hajduk i mnogo \u0161to\u0161ta drugoga je vezivalo na\u0161e gradove. Tih dana je bilo puno dru\u017eenja, puno starih pjesama, puno pri\u010da o moru, ribarenju i mnogo \u0161to\u0161ta koje je vezivalo i koje i danas ve\u017ee more. Bili su to nezaboravni trenuci i sje\u0107anja. \u010cak sam i ja imao \u010dast da se dru\u017eim sa njima i da \u010dak budem i doma\u0107in tim divnim ljudima kroz Stari grad. Ali, Marko Borovi\u0107 nije samo obo\u017eavalac boksa i jedan od rijetkih poznavalca i prijatelja ovog sporta, ve\u0107 je on i jedan od najpoznatijih ribara na ovom dijelu Jadrana. Sa svojim bratom Perom skoro svakodnevno baca Parangale, tu povrh &#8220;Velikog kr\u0161a&#8221; od Limana, i uvijek ulovi ribu. Ho\u0107e ga riba.<\/p>\n<p><a href=\"http:\/\/www.visit-ulcinj.com\/blog\/wp-content\/uploads\/2012\/11\/Marko-Borovic-uz-gitaru-u-Dvoru-Balsica-Ulcinj.jpg\"><img loading=\"lazy\" class=\"alignleft  wp-image-65958\" title=\"Marko  Borovic uz gitaru u Dvoru Balsica Ulcinj\" src=\"http:\/\/www.visit-ulcinj.com\/blog\/wp-content\/uploads\/2012\/11\/Marko-Borovic-uz-gitaru-u-Dvoru-Balsica-Ulcinj.jpg\" alt=\"\" width=\"508\" height=\"300\" \/><\/a><\/p>\n<p>Me\u0111utim moje iznena\u0111enje, i ne samo moje, bilo je veliko kada je jedne no\u0107i u rezidenciji ili Dvorima Bal\u0161i\u0107a, kako danas nazivaju ovo predivno zdanje uzeo gitaru i uz pratnju profesionalnog muzi\u010dara na klaviru, zapjevao &#8220;O sole mio&#8221;. Naravno, slijedilo je jo\u0161 puno dalmatinskih pjesama, i to sve do duboko u no\u0107. Za sve nas prisutne bio je to izuzetno prijatan doga\u0111aj i mora se priznati, pravo iznena\u0111enje. Ja se nadam da \u0107emo jo\u0161 puno godina u\u017eivati u njegovom dru\u0161tvu.<\/p>\n<p>Ulcinj, juni 2012<\/p>\n<p>Ismet KARAMANAGA<\/p>\n","protected":false},"excerpt":{"rendered":"<p>Marko Borovi\u0107 je izutetan \u010dovjek, i rekao bih izuzetna li\u010dnost na\u0161eg grada. Ve\u0107 dugo godina \u017eivi i radi u Ulcinju i pravi je kosmopolita, tako da se veoma brzo uklopio u na\u0161u multikonfesionalnu i multietni\u010dku sredinu. Marko je dugo godina \u017eivio i radio u Splitu, i za taj grad ga ve\u017eu mnoge uspomene. Jo\u0161 dok [&hellip;]<\/p>\n","protected":false},"author":1,"featured_media":0,"comment_status":"open","ping_status":"closed","sticky":false,"template":"","format":"standard","meta":{"spay_email":"","jetpack_publicize_message":"","jetpack_is_tweetstorm":false,"jetpack_publicize_feature_enabled":true},"categories":[8337],"tags":[21500,21499,850,19],"jetpack_publicize_connections":[],"yoast_head":"<!-- This site is optimized with the Yoast SEO plugin v19.1 - https:\/\/yoast.com\/wordpress\/plugins\/seo\/ -->\n<title>Marko Borovi\u0107 jedne no\u0107i uz gitaru u Dvoru Bal\u0161i\u0107a - Lajme nga Ulqini<\/title>\n<meta name=\"description\" content=\"Marko Borovi\u0107 je izutetan \u010dovjek, i rekao bih izuzetna li\u010dnost na\u0161eg grada. Ve\u0107 dugo godina \u017eivi i radi u Ulcinju i pravi je kosmopolita, tako da se veoma\" \/>\n<meta name=\"robots\" content=\"index, follow, max-snippet:-1, max-image-preview:large, max-video-preview:-1\" \/>\n<link rel=\"canonical\" href=\"https:\/\/www.visit-ulcinj.com\/blog\/2012\/11\/21\/marko-borovic-jedne-noci-uz-gitaru-u-dvoru-balsica\/\" \/>\n<meta property=\"og:locale\" content=\"en_US\" \/>\n<meta property=\"og:type\" content=\"article\" \/>\n<meta property=\"og:title\" content=\"Marko Borovi\u0107 jedne no\u0107i uz gitaru u Dvoru Bal\u0161i\u0107a - Lajme nga Ulqini\" \/>\n<meta property=\"og:description\" content=\"Marko Borovi\u0107 je izutetan \u010dovjek, i rekao bih izuzetna li\u010dnost na\u0161eg grada. Ve\u0107 dugo godina \u017eivi i radi u Ulcinju i pravi je kosmopolita, tako da se veoma\" \/>\n<meta property=\"og:url\" content=\"https:\/\/www.visit-ulcinj.com\/blog\/2012\/11\/21\/marko-borovic-jedne-noci-uz-gitaru-u-dvoru-balsica\/\" \/>\n<meta property=\"og:site_name\" content=\"Lajme nga Ulqini\" \/>\n<meta property=\"article:published_time\" content=\"2012-11-21T07:15:24+00:00\" \/>\n<meta property=\"article:modified_time\" content=\"2012-11-21T07:16:30+00:00\" \/>\n<meta property=\"og:image\" content=\"http:\/\/www.visit-ulcinj.com\/blog\/wp-content\/uploads\/2012\/11\/Marko-Borovic-sampion.jpg\" \/>\n<meta name=\"twitter:label1\" content=\"Written by\" \/>\n\t<meta name=\"twitter:data1\" content=\"ulqini\" \/>\n\t<meta name=\"twitter:label2\" content=\"Est. reading time\" \/>\n\t<meta name=\"twitter:data2\" content=\"4 minutes\" \/>\n<script type=\"application\/ld+json\" class=\"yoast-schema-graph\">{\"@context\":\"https:\/\/schema.org\",\"@graph\":[{\"@type\":\"WebSite\",\"@id\":\"https:\/\/www.visit-ulcinj.com\/blog\/#website\",\"url\":\"https:\/\/www.visit-ulcinj.com\/blog\/\",\"name\":\"Lajme nga Ulqini\",\"description\":\"Lajme,Vijesti,Ulqini,Ulqin,Crna Gora,Mali i Zi\",\"potentialAction\":[{\"@type\":\"SearchAction\",\"target\":{\"@type\":\"EntryPoint\",\"urlTemplate\":\"https:\/\/www.visit-ulcinj.com\/blog\/?s={search_term_string}\"},\"query-input\":\"required name=search_term_string\"}],\"inLanguage\":\"en-US\"},{\"@type\":\"ImageObject\",\"inLanguage\":\"en-US\",\"@id\":\"https:\/\/www.visit-ulcinj.com\/blog\/2012\/11\/21\/marko-borovic-jedne-noci-uz-gitaru-u-dvoru-balsica\/#primaryimage\",\"url\":\"https:\/\/www.visit-ulcinj.com\/blog\/wp-content\/uploads\/2012\/11\/Marko-Borovic-sampion.jpg\",\"contentUrl\":\"https:\/\/www.visit-ulcinj.com\/blog\/wp-content\/uploads\/2012\/11\/Marko-Borovic-sampion.jpg\",\"width\":\"540\",\"height\":\"720\"},{\"@type\":\"WebPage\",\"@id\":\"https:\/\/www.visit-ulcinj.com\/blog\/2012\/11\/21\/marko-borovic-jedne-noci-uz-gitaru-u-dvoru-balsica\/#webpage\",\"url\":\"https:\/\/www.visit-ulcinj.com\/blog\/2012\/11\/21\/marko-borovic-jedne-noci-uz-gitaru-u-dvoru-balsica\/\",\"name\":\"Marko Borovi\u0107 jedne no\u0107i uz gitaru u Dvoru Bal\u0161i\u0107a - Lajme nga Ulqini\",\"isPartOf\":{\"@id\":\"https:\/\/www.visit-ulcinj.com\/blog\/#website\"},\"primaryImageOfPage\":{\"@id\":\"https:\/\/www.visit-ulcinj.com\/blog\/2012\/11\/21\/marko-borovic-jedne-noci-uz-gitaru-u-dvoru-balsica\/#primaryimage\"},\"datePublished\":\"2012-11-21T07:15:24+00:00\",\"dateModified\":\"2012-11-21T07:16:30+00:00\",\"author\":{\"@id\":\"https:\/\/www.visit-ulcinj.com\/blog\/#\/schema\/person\/dcab619c614d3038751c63bc2aadc06d\"},\"description\":\"Marko Borovi\u0107 je izutetan \u010dovjek, i rekao bih izuzetna li\u010dnost na\u0161eg grada. Ve\u0107 dugo godina \u017eivi i radi u Ulcinju i pravi je kosmopolita, tako da se veoma\",\"breadcrumb\":{\"@id\":\"https:\/\/www.visit-ulcinj.com\/blog\/2012\/11\/21\/marko-borovic-jedne-noci-uz-gitaru-u-dvoru-balsica\/#breadcrumb\"},\"inLanguage\":\"en-US\",\"potentialAction\":[{\"@type\":\"ReadAction\",\"target\":[\"https:\/\/www.visit-ulcinj.com\/blog\/2012\/11\/21\/marko-borovic-jedne-noci-uz-gitaru-u-dvoru-balsica\/\"]}]},{\"@type\":\"BreadcrumbList\",\"@id\":\"https:\/\/www.visit-ulcinj.com\/blog\/2012\/11\/21\/marko-borovic-jedne-noci-uz-gitaru-u-dvoru-balsica\/#breadcrumb\",\"itemListElement\":[{\"@type\":\"ListItem\",\"position\":1,\"name\":\"Marko Borovi\u0107 jedne no\u0107i uz gitaru u Dvoru Bal\u0161i\u0107a\"}]},{\"@type\":\"Person\",\"@id\":\"https:\/\/www.visit-ulcinj.com\/blog\/#\/schema\/person\/dcab619c614d3038751c63bc2aadc06d\",\"name\":\"ulqini\",\"sameAs\":[\"http:\/\/www.visit-ulcinj.com\"],\"url\":\"https:\/\/www.visit-ulcinj.com\/blog\/author\/admin\/\"}]}<\/script>\n<!-- \/ Yoast SEO plugin. -->","yoast_head_json":{"title":"Marko Borovi\u0107 jedne no\u0107i uz gitaru u Dvoru Bal\u0161i\u0107a - Lajme nga Ulqini","description":"Marko Borovi\u0107 je izutetan \u010dovjek, i rekao bih izuzetna li\u010dnost na\u0161eg grada. Ve\u0107 dugo godina \u017eivi i radi u Ulcinju i pravi je kosmopolita, tako da se veoma","robots":{"index":"index","follow":"follow","max-snippet":"max-snippet:-1","max-image-preview":"max-image-preview:large","max-video-preview":"max-video-preview:-1"},"canonical":"https:\/\/www.visit-ulcinj.com\/blog\/2012\/11\/21\/marko-borovic-jedne-noci-uz-gitaru-u-dvoru-balsica\/","og_locale":"en_US","og_type":"article","og_title":"Marko Borovi\u0107 jedne no\u0107i uz gitaru u Dvoru Bal\u0161i\u0107a - Lajme nga Ulqini","og_description":"Marko Borovi\u0107 je izutetan \u010dovjek, i rekao bih izuzetna li\u010dnost na\u0161eg grada. Ve\u0107 dugo godina \u017eivi i radi u Ulcinju i pravi je kosmopolita, tako da se veoma","og_url":"https:\/\/www.visit-ulcinj.com\/blog\/2012\/11\/21\/marko-borovic-jedne-noci-uz-gitaru-u-dvoru-balsica\/","og_site_name":"Lajme nga Ulqini","article_published_time":"2012-11-21T07:15:24+00:00","article_modified_time":"2012-11-21T07:16:30+00:00","og_image":[{"url":"http:\/\/www.visit-ulcinj.com\/blog\/wp-content\/uploads\/2012\/11\/Marko-Borovic-sampion.jpg"}],"twitter_misc":{"Written by":"ulqini","Est. reading time":"4 minutes"},"schema":{"@context":"https:\/\/schema.org","@graph":[{"@type":"WebSite","@id":"https:\/\/www.visit-ulcinj.com\/blog\/#website","url":"https:\/\/www.visit-ulcinj.com\/blog\/","name":"Lajme nga Ulqini","description":"Lajme,Vijesti,Ulqini,Ulqin,Crna Gora,Mali i Zi","potentialAction":[{"@type":"SearchAction","target":{"@type":"EntryPoint","urlTemplate":"https:\/\/www.visit-ulcinj.com\/blog\/?s={search_term_string}"},"query-input":"required name=search_term_string"}],"inLanguage":"en-US"},{"@type":"ImageObject","inLanguage":"en-US","@id":"https:\/\/www.visit-ulcinj.com\/blog\/2012\/11\/21\/marko-borovic-jedne-noci-uz-gitaru-u-dvoru-balsica\/#primaryimage","url":"https:\/\/www.visit-ulcinj.com\/blog\/wp-content\/uploads\/2012\/11\/Marko-Borovic-sampion.jpg","contentUrl":"https:\/\/www.visit-ulcinj.com\/blog\/wp-content\/uploads\/2012\/11\/Marko-Borovic-sampion.jpg","width":"540","height":"720"},{"@type":"WebPage","@id":"https:\/\/www.visit-ulcinj.com\/blog\/2012\/11\/21\/marko-borovic-jedne-noci-uz-gitaru-u-dvoru-balsica\/#webpage","url":"https:\/\/www.visit-ulcinj.com\/blog\/2012\/11\/21\/marko-borovic-jedne-noci-uz-gitaru-u-dvoru-balsica\/","name":"Marko Borovi\u0107 jedne no\u0107i uz gitaru u Dvoru Bal\u0161i\u0107a - Lajme nga Ulqini","isPartOf":{"@id":"https:\/\/www.visit-ulcinj.com\/blog\/#website"},"primaryImageOfPage":{"@id":"https:\/\/www.visit-ulcinj.com\/blog\/2012\/11\/21\/marko-borovic-jedne-noci-uz-gitaru-u-dvoru-balsica\/#primaryimage"},"datePublished":"2012-11-21T07:15:24+00:00","dateModified":"2012-11-21T07:16:30+00:00","author":{"@id":"https:\/\/www.visit-ulcinj.com\/blog\/#\/schema\/person\/dcab619c614d3038751c63bc2aadc06d"},"description":"Marko Borovi\u0107 je izutetan \u010dovjek, i rekao bih izuzetna li\u010dnost na\u0161eg grada. Ve\u0107 dugo godina \u017eivi i radi u Ulcinju i pravi je kosmopolita, tako da se veoma","breadcrumb":{"@id":"https:\/\/www.visit-ulcinj.com\/blog\/2012\/11\/21\/marko-borovic-jedne-noci-uz-gitaru-u-dvoru-balsica\/#breadcrumb"},"inLanguage":"en-US","potentialAction":[{"@type":"ReadAction","target":["https:\/\/www.visit-ulcinj.com\/blog\/2012\/11\/21\/marko-borovic-jedne-noci-uz-gitaru-u-dvoru-balsica\/"]}]},{"@type":"BreadcrumbList","@id":"https:\/\/www.visit-ulcinj.com\/blog\/2012\/11\/21\/marko-borovic-jedne-noci-uz-gitaru-u-dvoru-balsica\/#breadcrumb","itemListElement":[{"@type":"ListItem","position":1,"name":"Marko Borovi\u0107 jedne no\u0107i uz gitaru u Dvoru Bal\u0161i\u0107a"}]},{"@type":"Person","@id":"https:\/\/www.visit-ulcinj.com\/blog\/#\/schema\/person\/dcab619c614d3038751c63bc2aadc06d","name":"ulqini","sameAs":["http:\/\/www.visit-ulcinj.com"],"url":"https:\/\/www.visit-ulcinj.com\/blog\/author\/admin\/"}]}},"jetpack_featured_media_url":"","jetpack_sharing_enabled":true,"jetpack_shortlink":"https:\/\/wp.me\/pe6lTn-h9P","_links":{"self":[{"href":"https:\/\/www.visit-ulcinj.com\/blog\/wp-json\/wp\/v2\/posts\/65957"}],"collection":[{"href":"https:\/\/www.visit-ulcinj.com\/blog\/wp-json\/wp\/v2\/posts"}],"about":[{"href":"https:\/\/www.visit-ulcinj.com\/blog\/wp-json\/wp\/v2\/types\/post"}],"author":[{"embeddable":true,"href":"https:\/\/www.visit-ulcinj.com\/blog\/wp-json\/wp\/v2\/users\/1"}],"replies":[{"embeddable":true,"href":"https:\/\/www.visit-ulcinj.com\/blog\/wp-json\/wp\/v2\/comments?post=65957"}],"version-history":[{"count":2,"href":"https:\/\/www.visit-ulcinj.com\/blog\/wp-json\/wp\/v2\/posts\/65957\/revisions"}],"predecessor-version":[{"id":65962,"href":"https:\/\/www.visit-ulcinj.com\/blog\/wp-json\/wp\/v2\/posts\/65957\/revisions\/65962"}],"wp:attachment":[{"href":"https:\/\/www.visit-ulcinj.com\/blog\/wp-json\/wp\/v2\/media?parent=65957"}],"wp:term":[{"taxonomy":"category","embeddable":true,"href":"https:\/\/www.visit-ulcinj.com\/blog\/wp-json\/wp\/v2\/categories?post=65957"},{"taxonomy":"post_tag","embeddable":true,"href":"https:\/\/www.visit-ulcinj.com\/blog\/wp-json\/wp\/v2\/tags?post=65957"}],"curies":[{"name":"wp","href":"https:\/\/api.w.org\/{rel}","templated":true}]}}