{"id":65973,"date":"2012-11-21T17:55:06","date_gmt":"2012-11-21T16:55:06","guid":{"rendered":"http:\/\/www.visit-ulcinj.com\/blog\/?p=65973"},"modified":"2012-12-25T19:35:46","modified_gmt":"2012-12-25T18:35:46","slug":"per-nder-te-100-vjetorit-te-pavaresise-se-shqiperise-nga-flutur-mustafa","status":"publish","type":"post","link":"https:\/\/www.visit-ulcinj.com\/blog\/2012\/11\/21\/per-nder-te-100-vjetorit-te-pavaresise-se-shqiperise-nga-flutur-mustafa\/","title":{"rendered":"P\u00ebr nder t\u00eb 100 Vjetorit t\u00eb Pavar\u00ebsis\u00eb s\u00eb Shqip\u00ebris\u00eb nga Flutur Mustafa"},"content":{"rendered":"<p style=\"text-align: center;\"><strong>&#8216;Rrefim i nje biri&#8217;<\/strong><\/p>\n<p><strong>Nga Flutur Mostafa<\/strong><\/p>\n<p>Mir\u00ebmbr\u00ebma n\u00ebn\u00eb &#8230; kerkoj ndjes\u00eb q\u00eb po t\u00eb shqet\u00ebsoj kaq von\u00eb , por ti gjithmon\u00eb m\u00eb ke th\u00ebn\u00eb se kur t\u00eb m\u00eb shterojn\u00eb fuqit\u00eb te trokas ne der\u00ebn t\u00ebnde e ti do m\u00eb degjosh . . .<\/p>\n<p>M\u00eb di kush jam ? M\u00eb njeh ?<\/p>\n<p>N\u00ebn\u00eb , jam Ulqini yt. Jam Ulqini 2000 vjecar , krenar q\u00eb jam i biri i Shqip\u00ebris\u00eb. N\u00eb Berlin me larguan nga gjiri yt , sa kisha mesuar te hidhja hapat e par\u00eb. Shkela ne d\u00ebrras\u00eb te kalbur , kisha pas lind\u00eb n\u00eb or\u00eb te lig\u00eb. N\u00ebn\u00eb , hapma deren, e di se po m\u00eb d\u00ebgjon. Mund ta ndjej vajin t\u00ebnd. Jam akoma biri yt , apo jo ?! po ulem k\u00ebtu ne prag te der\u00ebs , e atyre q\u00eb nuk e din\u00eb po ua rr\u00ebfej historin\u00eb time. Po edhe atyre q\u00eb e din\u00eb,dua t\u2019ua kujtoj se e kan\u00eb harruar. \u00c7do nat\u00eb e kam \u00ebnd\u00ebrruar se p\u00ebr dit\u00eblindjen e nj\u00ebqindt\u00eb t\u00eb n\u00ebn\u00ebs sime,do jem n\u00eb prehrin e saj,cdo m\u00ebngjes kam shpresuar se kur do zgjohesha,n\u00ebna ime , buz\u00ebqeshja e saj do ishte gj\u00ebja e par\u00eb q\u00eb do shihja. T\u00ebr\u00eb k\u00ebt\u00eb jet\u00eb e cova duke ngr\u00ebn\u00eb th\u00ebrrimet q\u00eb linin t\u00eb tjer\u00ebt me \u00ebndje kujtoja qumshtin e gjirit t\u00ebnd e me iluzione ngopesha , ngopem edhe sot , ai iluzion ma mban frymen gjall\u00eb. Jam veshur me gjurm\u00ebt e k\u00ebmb\u00ebve t\u00eb huaja q\u00eb shkelnin mbi shpin\u00ebn time , mbr\u00ebmjeve jam mbuluar me kujtimin e n\u00ebn\u00ebs e krenar ne breg t\u00eb detit q\u00ebndrova. Num\u00ebroja yjet e cdonj\u00ebrin me bukurin\u00eb t\u00ebnde e krahasoja. Aq shum\u00eb t\u00eb l\u00ebvdoja saq\u00eb H\u00ebna filloi t\u00eb t\u00eb xhelozonte. N\u00ebn\u00eb , si biri yt gjithmon\u00eb fola Shqip dhe kurr\u00eb nuk e mohova Flamurin t\u00ebnd. U rrita jetim, e f\u00ebmij\u00ebt e mi , kurr\u00eb nuk e njoh\u00ebn gjyshen e tyre. I rrita bijt\u00eb e mi n\u00eb frym\u00ebn e Shqiptarizmit , i pag\u00ebzova me emrin Shqip\u00ebtar por nuk e di ku gabova. Disa po m\u00eb injorojn\u00eb , disa t\u00eb tjer\u00eb me flasin me tjeter gjuh\u00eb , po p\u00ebrkrahin ca pseudo patriot\u00eb e fjal\u00ebt e mia po bijn\u00eb n\u00eb vesh te shurdh\u00ebt. M\u00eb fal per lotet , po mundohem te behem burre ashtu sic ti me ke mesuar , por s\u2019po mundem dot. M\u00eb kan\u00eb th\u00ebn\u00eb se kur do vdes do m\u00eb mb\u00ebshtjellin me nj\u00eb leck\u00eb te vjeter ,te kuqe me thane , te qendisur me ar , Bunes time blu do ia veshin nje fustan te kalter te zbehte, mbi varrin tim do mbjellin gjemba te bardhe e si gote te fundit do pi nga nje vere e kuqe e prishur. Roje kockave do iu beje nje shpend i bardhe qe t\u00ebr\u00eb jet\u00ebn ma ka ng\u00ebn\u00eb mishin. Esht\u00eb i bardh\u00eb por nuk \u00ebsht\u00eb p\u00ebllumb. E di sepse p\u00ebllumbat rriten vet\u00ebm ne prehrin t\u00ebnd. Ja pse nuk dua t\u00eb vdes. Dua t\u00eb jetoj , ta shoh fytyr\u00ebn t\u00ebnde, t\u00eb buzeqesh ne prehrin t\u00ebnd , p\u00ebrs\u00ebri si at\u00ebher\u00eb kur isha f\u00ebmij\u00eb.<\/p>\n<p>Po cmendem nga malli p\u00ebr v\u00ebllezit e motrat e mia , vecan\u00ebrisht p\u00ebr motren time t\u00eb madhe , Shkodr\u00ebn, e cila akoma sot qan\u00eb p\u00ebr v\u00ebllan\u00eb e vog\u00ebl. Ka ca vite q\u00eb takohemi por vet\u00ebm kaq , nj\u00eb takim disa or\u00ebsh dhe duhet te kthehem. Ai kufi po me bren cdo dit\u00eb e m\u00eb shum\u00eb. N\u00ebn\u00eb kurr\u00eb nuk t\u00eb kam pyetur pse fuqit\u00eb e medha me larguan nga ti. E di qe as ti nuk e di por prap po mundohem ta gjej nje pergjigje sado absurde qofte. Un\u00eb jam Ulqini , ujku i detit , trim. Burrerine e kam marre nga Skenderbeu, fuqine nga krahu i Mujit ,Zemerbardhesine nga Ibrahim RUGOVA me kete emer me pagezoi ILIRIA , stergjyshja ime. Momentalisht i pastrehe , jetim . . . bijte e mi po me braktisin dalengadale gjithesecili , pasuria po i verbon e zemren shqiptare po e kaplon erresira. Gjuhen akoma e flas , por nuk e di edhe per sa &#8230; N\u00ebn\u00eb, po mendoja si ndihesh pa mua dhe vellezerit e mi ne kete shekull ? a te mungon Kosova , Shkupi , Tetova , Gostavari , a te mungoj une Ulqini, Tivari , Plava e Gucia , me thuaj nene a te mungon Cameria ? mos qaj nene , mua me ke sa afer aq dhe larg, me mendjen gjithmon\u00eb tek ti. Ti me mbush me shpres\u00eb e gjuha shqipe me jep jete, energji. ne cdo fjale betohem per emrin tend qe kur ti me dhe jete e me pagezove me kete emer.<\/p>\n<p>&#8211; Dua ta jetoj endrren time e ate enderr dua ta bej realitet e ne syte e botes te them jam Shqiptar e krenar. Ne syte e Armiqve te qesh e uleras se vendin tim , token time, Flamurin e gjuhen sma merr njeri, Une linda bir i Shqipes e i tille do vdes. \u201cRreth Flamurit te perbashkuar me nje deshire dhe nje qellim,te gjithe atje duke u betuar ta lidhim besen per shpetim. Zoti vet e tha me goje ,se kombet shuhen permbi dhe , por Shqiperia do te rroje se per te luftojme ne.<\/p>\n<p><strong>Flutur Mustafa<\/strong><\/p>\n<p>&nbsp;<\/p>\n","protected":false},"excerpt":{"rendered":"<p>&#8216;Rrefim i nje biri&#8217; Nga Flutur Mostafa Mir\u00ebmbr\u00ebma n\u00ebn\u00eb &#8230; kerkoj ndjes\u00eb q\u00eb po t\u00eb shqet\u00ebsoj kaq von\u00eb , por ti gjithmon\u00eb m\u00eb ke th\u00ebn\u00eb se kur t\u00eb m\u00eb shterojn\u00eb fuqit\u00eb te trokas ne der\u00ebn t\u00ebnde e ti do m\u00eb degjosh . . . M\u00eb di kush jam ? M\u00eb njeh ? N\u00ebn\u00eb , jam [&hellip;]<\/p>\n","protected":false},"author":1,"featured_media":0,"comment_status":"open","ping_status":"closed","sticky":false,"template":"","format":"standard","meta":{"spay_email":"","jetpack_publicize_message":"","jetpack_is_tweetstorm":false,"jetpack_publicize_feature_enabled":true},"categories":[5],"tags":[20985,212,17828,17834,18370,17811,20884,7930,17831,18362,14353,17808,14354,12340,17840,17839,18363,18532,17835,17814,17810,17816,17071,17807,21468,21469,3516,14652,17837,17827,21416,21494,2338,21501,14358,222,17802,17812,17803,2323,17820,17825,17817,17805,3169,305,840,17823,17832,3506,17818,214,17680,14362,14363,18371,21493,3507,730,21471,17800,498,3500,21421,115,14364,21418,17799,3327,17841,17826,15213,18236,3512,17806,18399,11648,18289,17838,95,2348,21427,17813,17804,15141,347,19495,17836,14366,79,17073,18294,318,118,18368,18369,21417,1653,21420,21426,21419,2304,1909,14367,2354,17801,2306,21470,18360,17822,14368,14369,21492,17824,14370,18291,16228,2083,3231,14371,41,3617,5040,2350,3722,14372,17844,17821,18372,17830,17077,18295,14375,17833,17829,899,3797,200,18,17819,4243,17809,4265,14376],"jetpack_publicize_connections":[],"yoast_head":"<!-- This site is optimized with the Yoast SEO plugin v19.1 - https:\/\/yoast.com\/wordpress\/plugins\/seo\/ -->\n<title>P\u00ebr nder t\u00eb 100 Vjetorit t\u00eb Pavar\u00ebsis\u00eb s\u00eb Shqip\u00ebris\u00eb nga Flutur Mustafa - Lajme nga Ulqini<\/title>\n<meta name=\"description\" content=\"&#039;Rrefim i nje biri&#039; Nga Flutur Mostafa Mir\u00ebmbr\u00ebma n\u00ebn\u00eb ... kerkoj ndjes\u00eb q\u00eb po t\u00eb shqet\u00ebsoj kaq von\u00eb , por ti gjithmon\u00eb m\u00eb ke th\u00ebn\u00eb se kur t\u00eb m\u00eb shterojn\u00eb\" \/>\n<meta name=\"robots\" content=\"index, follow, max-snippet:-1, max-image-preview:large, max-video-preview:-1\" \/>\n<link rel=\"canonical\" href=\"https:\/\/www.visit-ulcinj.com\/blog\/2012\/11\/21\/per-nder-te-100-vjetorit-te-pavaresise-se-shqiperise-nga-flutur-mustafa\/\" \/>\n<meta property=\"og:locale\" content=\"en_US\" \/>\n<meta property=\"og:type\" content=\"article\" \/>\n<meta property=\"og:title\" content=\"P\u00ebr nder t\u00eb 100 Vjetorit t\u00eb Pavar\u00ebsis\u00eb s\u00eb Shqip\u00ebris\u00eb nga Flutur Mustafa - Lajme nga Ulqini\" \/>\n<meta property=\"og:description\" content=\"&#039;Rrefim i nje biri&#039; Nga Flutur Mostafa Mir\u00ebmbr\u00ebma n\u00ebn\u00eb ... kerkoj ndjes\u00eb q\u00eb po t\u00eb shqet\u00ebsoj kaq von\u00eb , por ti gjithmon\u00eb m\u00eb ke th\u00ebn\u00eb se kur t\u00eb m\u00eb shterojn\u00eb\" \/>\n<meta property=\"og:url\" content=\"https:\/\/www.visit-ulcinj.com\/blog\/2012\/11\/21\/per-nder-te-100-vjetorit-te-pavaresise-se-shqiperise-nga-flutur-mustafa\/\" \/>\n<meta property=\"og:site_name\" content=\"Lajme nga Ulqini\" \/>\n<meta property=\"article:published_time\" content=\"2012-11-21T16:55:06+00:00\" \/>\n<meta property=\"article:modified_time\" content=\"2012-12-25T18:35:46+00:00\" \/>\n<meta name=\"twitter:label1\" content=\"Written by\" \/>\n\t<meta name=\"twitter:data1\" content=\"ulqini\" \/>\n\t<meta name=\"twitter:label2\" content=\"Est. reading time\" \/>\n\t<meta name=\"twitter:data2\" content=\"4 minutes\" \/>\n<script type=\"application\/ld+json\" class=\"yoast-schema-graph\">{\"@context\":\"https:\/\/schema.org\",\"@graph\":[{\"@type\":\"WebSite\",\"@id\":\"https:\/\/www.visit-ulcinj.com\/blog\/#website\",\"url\":\"https:\/\/www.visit-ulcinj.com\/blog\/\",\"name\":\"Lajme nga Ulqini\",\"description\":\"Lajme,Vijesti,Ulqini,Ulqin,Crna Gora,Mali i Zi\",\"potentialAction\":[{\"@type\":\"SearchAction\",\"target\":{\"@type\":\"EntryPoint\",\"urlTemplate\":\"https:\/\/www.visit-ulcinj.com\/blog\/?s={search_term_string}\"},\"query-input\":\"required name=search_term_string\"}],\"inLanguage\":\"en-US\"},{\"@type\":\"WebPage\",\"@id\":\"https:\/\/www.visit-ulcinj.com\/blog\/2012\/11\/21\/per-nder-te-100-vjetorit-te-pavaresise-se-shqiperise-nga-flutur-mustafa\/#webpage\",\"url\":\"https:\/\/www.visit-ulcinj.com\/blog\/2012\/11\/21\/per-nder-te-100-vjetorit-te-pavaresise-se-shqiperise-nga-flutur-mustafa\/\",\"name\":\"P\u00ebr nder t\u00eb 100 Vjetorit t\u00eb Pavar\u00ebsis\u00eb s\u00eb Shqip\u00ebris\u00eb nga Flutur Mustafa - Lajme nga Ulqini\",\"isPartOf\":{\"@id\":\"https:\/\/www.visit-ulcinj.com\/blog\/#website\"},\"datePublished\":\"2012-11-21T16:55:06+00:00\",\"dateModified\":\"2012-12-25T18:35:46+00:00\",\"author\":{\"@id\":\"https:\/\/www.visit-ulcinj.com\/blog\/#\/schema\/person\/dcab619c614d3038751c63bc2aadc06d\"},\"description\":\"'Rrefim i nje biri' Nga Flutur Mostafa Mir\u00ebmbr\u00ebma n\u00ebn\u00eb ... kerkoj ndjes\u00eb q\u00eb po t\u00eb shqet\u00ebsoj kaq von\u00eb , por ti gjithmon\u00eb m\u00eb ke th\u00ebn\u00eb se kur t\u00eb m\u00eb shterojn\u00eb\",\"breadcrumb\":{\"@id\":\"https:\/\/www.visit-ulcinj.com\/blog\/2012\/11\/21\/per-nder-te-100-vjetorit-te-pavaresise-se-shqiperise-nga-flutur-mustafa\/#breadcrumb\"},\"inLanguage\":\"en-US\",\"potentialAction\":[{\"@type\":\"ReadAction\",\"target\":[\"https:\/\/www.visit-ulcinj.com\/blog\/2012\/11\/21\/per-nder-te-100-vjetorit-te-pavaresise-se-shqiperise-nga-flutur-mustafa\/\"]}]},{\"@type\":\"BreadcrumbList\",\"@id\":\"https:\/\/www.visit-ulcinj.com\/blog\/2012\/11\/21\/per-nder-te-100-vjetorit-te-pavaresise-se-shqiperise-nga-flutur-mustafa\/#breadcrumb\",\"itemListElement\":[{\"@type\":\"ListItem\",\"position\":1,\"name\":\"P\u00ebr nder t\u00eb 100 Vjetorit t\u00eb Pavar\u00ebsis\u00eb s\u00eb Shqip\u00ebris\u00eb nga Flutur Mustafa\"}]},{\"@type\":\"Person\",\"@id\":\"https:\/\/www.visit-ulcinj.com\/blog\/#\/schema\/person\/dcab619c614d3038751c63bc2aadc06d\",\"name\":\"ulqini\",\"sameAs\":[\"http:\/\/www.visit-ulcinj.com\"],\"url\":\"https:\/\/www.visit-ulcinj.com\/blog\/author\/admin\/\"}]}<\/script>\n<!-- \/ Yoast SEO plugin. -->","yoast_head_json":{"title":"P\u00ebr nder t\u00eb 100 Vjetorit t\u00eb Pavar\u00ebsis\u00eb s\u00eb Shqip\u00ebris\u00eb nga Flutur Mustafa - Lajme nga Ulqini","description":"'Rrefim i nje biri' Nga Flutur Mostafa Mir\u00ebmbr\u00ebma n\u00ebn\u00eb ... kerkoj ndjes\u00eb q\u00eb po t\u00eb shqet\u00ebsoj kaq von\u00eb , por ti gjithmon\u00eb m\u00eb ke th\u00ebn\u00eb se kur t\u00eb m\u00eb shterojn\u00eb","robots":{"index":"index","follow":"follow","max-snippet":"max-snippet:-1","max-image-preview":"max-image-preview:large","max-video-preview":"max-video-preview:-1"},"canonical":"https:\/\/www.visit-ulcinj.com\/blog\/2012\/11\/21\/per-nder-te-100-vjetorit-te-pavaresise-se-shqiperise-nga-flutur-mustafa\/","og_locale":"en_US","og_type":"article","og_title":"P\u00ebr nder t\u00eb 100 Vjetorit t\u00eb Pavar\u00ebsis\u00eb s\u00eb Shqip\u00ebris\u00eb nga Flutur Mustafa - Lajme nga Ulqini","og_description":"'Rrefim i nje biri' Nga Flutur Mostafa Mir\u00ebmbr\u00ebma n\u00ebn\u00eb ... kerkoj ndjes\u00eb q\u00eb po t\u00eb shqet\u00ebsoj kaq von\u00eb , por ti gjithmon\u00eb m\u00eb ke th\u00ebn\u00eb se kur t\u00eb m\u00eb shterojn\u00eb","og_url":"https:\/\/www.visit-ulcinj.com\/blog\/2012\/11\/21\/per-nder-te-100-vjetorit-te-pavaresise-se-shqiperise-nga-flutur-mustafa\/","og_site_name":"Lajme nga Ulqini","article_published_time":"2012-11-21T16:55:06+00:00","article_modified_time":"2012-12-25T18:35:46+00:00","twitter_misc":{"Written by":"ulqini","Est. reading time":"4 minutes"},"schema":{"@context":"https:\/\/schema.org","@graph":[{"@type":"WebSite","@id":"https:\/\/www.visit-ulcinj.com\/blog\/#website","url":"https:\/\/www.visit-ulcinj.com\/blog\/","name":"Lajme nga Ulqini","description":"Lajme,Vijesti,Ulqini,Ulqin,Crna Gora,Mali i Zi","potentialAction":[{"@type":"SearchAction","target":{"@type":"EntryPoint","urlTemplate":"https:\/\/www.visit-ulcinj.com\/blog\/?s={search_term_string}"},"query-input":"required name=search_term_string"}],"inLanguage":"en-US"},{"@type":"WebPage","@id":"https:\/\/www.visit-ulcinj.com\/blog\/2012\/11\/21\/per-nder-te-100-vjetorit-te-pavaresise-se-shqiperise-nga-flutur-mustafa\/#webpage","url":"https:\/\/www.visit-ulcinj.com\/blog\/2012\/11\/21\/per-nder-te-100-vjetorit-te-pavaresise-se-shqiperise-nga-flutur-mustafa\/","name":"P\u00ebr nder t\u00eb 100 Vjetorit t\u00eb Pavar\u00ebsis\u00eb s\u00eb Shqip\u00ebris\u00eb nga Flutur Mustafa - Lajme nga Ulqini","isPartOf":{"@id":"https:\/\/www.visit-ulcinj.com\/blog\/#website"},"datePublished":"2012-11-21T16:55:06+00:00","dateModified":"2012-12-25T18:35:46+00:00","author":{"@id":"https:\/\/www.visit-ulcinj.com\/blog\/#\/schema\/person\/dcab619c614d3038751c63bc2aadc06d"},"description":"'Rrefim i nje biri' Nga Flutur Mostafa Mir\u00ebmbr\u00ebma n\u00ebn\u00eb ... kerkoj ndjes\u00eb q\u00eb po t\u00eb shqet\u00ebsoj kaq von\u00eb , por ti gjithmon\u00eb m\u00eb ke th\u00ebn\u00eb se kur t\u00eb m\u00eb shterojn\u00eb","breadcrumb":{"@id":"https:\/\/www.visit-ulcinj.com\/blog\/2012\/11\/21\/per-nder-te-100-vjetorit-te-pavaresise-se-shqiperise-nga-flutur-mustafa\/#breadcrumb"},"inLanguage":"en-US","potentialAction":[{"@type":"ReadAction","target":["https:\/\/www.visit-ulcinj.com\/blog\/2012\/11\/21\/per-nder-te-100-vjetorit-te-pavaresise-se-shqiperise-nga-flutur-mustafa\/"]}]},{"@type":"BreadcrumbList","@id":"https:\/\/www.visit-ulcinj.com\/blog\/2012\/11\/21\/per-nder-te-100-vjetorit-te-pavaresise-se-shqiperise-nga-flutur-mustafa\/#breadcrumb","itemListElement":[{"@type":"ListItem","position":1,"name":"P\u00ebr nder t\u00eb 100 Vjetorit t\u00eb Pavar\u00ebsis\u00eb s\u00eb Shqip\u00ebris\u00eb nga Flutur Mustafa"}]},{"@type":"Person","@id":"https:\/\/www.visit-ulcinj.com\/blog\/#\/schema\/person\/dcab619c614d3038751c63bc2aadc06d","name":"ulqini","sameAs":["http:\/\/www.visit-ulcinj.com"],"url":"https:\/\/www.visit-ulcinj.com\/blog\/author\/admin\/"}]}},"jetpack_featured_media_url":"","jetpack_sharing_enabled":true,"jetpack_shortlink":"https:\/\/wp.me\/pe6lTn-ha5","_links":{"self":[{"href":"https:\/\/www.visit-ulcinj.com\/blog\/wp-json\/wp\/v2\/posts\/65973"}],"collection":[{"href":"https:\/\/www.visit-ulcinj.com\/blog\/wp-json\/wp\/v2\/posts"}],"about":[{"href":"https:\/\/www.visit-ulcinj.com\/blog\/wp-json\/wp\/v2\/types\/post"}],"author":[{"embeddable":true,"href":"https:\/\/www.visit-ulcinj.com\/blog\/wp-json\/wp\/v2\/users\/1"}],"replies":[{"embeddable":true,"href":"https:\/\/www.visit-ulcinj.com\/blog\/wp-json\/wp\/v2\/comments?post=65973"}],"version-history":[{"count":4,"href":"https:\/\/www.visit-ulcinj.com\/blog\/wp-json\/wp\/v2\/posts\/65973\/revisions"}],"predecessor-version":[{"id":67142,"href":"https:\/\/www.visit-ulcinj.com\/blog\/wp-json\/wp\/v2\/posts\/65973\/revisions\/67142"}],"wp:attachment":[{"href":"https:\/\/www.visit-ulcinj.com\/blog\/wp-json\/wp\/v2\/media?parent=65973"}],"wp:term":[{"taxonomy":"category","embeddable":true,"href":"https:\/\/www.visit-ulcinj.com\/blog\/wp-json\/wp\/v2\/categories?post=65973"},{"taxonomy":"post_tag","embeddable":true,"href":"https:\/\/www.visit-ulcinj.com\/blog\/wp-json\/wp\/v2\/tags?post=65973"}],"curies":[{"name":"wp","href":"https:\/\/api.w.org\/{rel}","templated":true}]}}