{"id":65979,"date":"2012-11-21T18:49:27","date_gmt":"2012-11-21T17:49:27","guid":{"rendered":"http:\/\/www.visit-ulcinj.com\/blog\/?p=65979"},"modified":"2012-11-21T18:49:27","modified_gmt":"2012-11-21T17:49:27","slug":"barikade-na-arheoloskom-lokalitetu-svac","status":"publish","type":"post","link":"https:\/\/www.visit-ulcinj.com\/blog\/2012\/11\/21\/barikade-na-arheoloskom-lokalitetu-svac\/","title":{"rendered":"Barikade na arheolo\u0161kom lokalitetu Sva\u010d"},"content":{"rendered":"<p><strong>ULCINJ \u2013 Ekipa arheologa koji u starom gradu Sva\u010du rade ve\u0107 60 dana jutros (subota) je barikadama koje su postavljene na lokalnom drumu sprije\u010dena da nesmetano do\u0111e na lokalitet i nastavi istra\u017eivanja.<\/strong><\/p>\n<p><a href=\"http:\/\/www.visit-ulcinj.com\/blog\/wp-content\/uploads\/2012\/11\/Barikade-na-lokalitetu-Svac-Ulcinj.jpg\"><img loading=\"lazy\" class=\"alignleft  wp-image-65980\" title=\"Barikade na  lokalitetu Svac - Ulcinj\" src=\"http:\/\/www.visit-ulcinj.com\/blog\/wp-content\/uploads\/2012\/11\/Barikade-na-lokalitetu-Svac-Ulcinj.jpg\" alt=\"\" width=\"508\" height=\"360\" \/><\/a><\/p>\n<p>&#8211; S obzirom na to da je na\u0161 boravak organizovan u jednoj\u00a0 ku\u0107i u selu \u0160as, na oko dva kilometra od lokaliteta, moramo i\u0107i kolima, zbog crte\u017ea, sitnog alata i vrijednih elektronskih stvari. Nijesmo mogli da zamislimo da \u0107e nas do\u010dekati prave barikade \u2013 kazao je za Pobjedu rukovodilac istra\u017eivanja Mladen Zagar\u010danin.<\/p>\n<p><strong>Gromade na drumu<\/strong><\/p>\n<p>Na putu do kontejnera u kom arheolozi ostavljaju alat i pribor neko je postavio kamene gromade.<\/p>\n<p>&#8211; Shvatili smo to kao nedobrodo\u0161licu u jednoj sredini koja nas je u po\u010detku odbijala, a onda bila veoma uz nas i na\u0161a istra\u017eivanja koja se ti\u010du arheologije Crne Gore. Uostalom, nije to samo arheologija Crne Gore, nego i regiona, i mnogo dublje prodire u slojeve ljudskog bitisanja na ovom prostoru \u2013 istakao je Zagar\u010danin.<\/p>\n<p><strong>Opstrukcija<\/strong><\/p>\n<p>Vidno rezigniran on je kazao da ne zna\u00a0 kome smeta prisustvo arheologa i istra\u017eivanje Sva\u010da.<\/p>\n<p>&#8211; Za postavljanje velikih gromada na sred puta bilo je potrebno nekoliko jakih momaka i zlomisao\u2026 Su\u0161tina na\u0161eg posla nije mr\u017enja nego nauka. Na terenu rade 12 ljudi albanske nacionalnosti i na\u0161e dru\u017eenje je izvanredno. Zajedni\u010dki smo u ovom velikom poduhvatu koji valorizuje ogromno kulturno naslje\u0111e, koje se naslojavalo preko 2.500 godina. Narod u Vladimiru je dobronamjeran i miran, prevashodno dobar i po\u0161ten. I mi se pitamo za\u0161to nas neko permanentno opstruira. Obijaju nam vrata gdje je smje\u0161ten alat i drugo, pi\u0161u ru\u017ene parole, dolaze da nam prijete, govore da to nije Crna Gora itd.- svjedo\u010di Zagar\u010danin.<\/p>\n<p><strong>Pri\u010da za sve nas<\/strong><\/p>\n<p>Mladen Zagar\u010danin je podsjetio da je Sva\u010d \u201eprvenstveno pri\u010da dr\u017eave Crne Gore, ali i pri\u010da svih koji \u017eive na tom mjestu\u201c.<\/p>\n<p>&#8211; To je pri\u010da su\u017eivota ljudi koji imaju veliko utemeljenje u svakom kamenu. Nadam se da \u0107e nadle\u017eni reagovati, da \u0107e kazati stanovnicima da radimo u dobrobit svih. Ako se ne desi pomak, i pojedinci se ne izoluju, na\u0161 strah od boravka ovdje se pove\u0107ava. \u0160ta poslije obijanja vrata, \u0161ta poslije metal-detekrora\u0161a koji rovu po na\u0161im iskopavanjima, \u0161ta poslije stotinu kila te\u0161kog kamenja na putu koji vodi do lokaliteta prve kategorije\u2026 \u2013 zapitao se Zagar\u010danin.<\/p>\n<p>Sva\u010d (grad crkava) pripada kulturno-istorijskim spomenicima prve kategorije i mada je prema predanju imao 365 crkava, za svaki dan u godini po jednu, u ru\u0161evinama ovog srednjovjekovnog grada naziru se temelji samo njih osam. Ovo malo utvr\u0111enje udaljeno je 25 kilometara sjeveroisto\u010dno od Ulcinja, a tokom vi\u0161evjekovnog postojanja bilo je izazovno mnogim osvaja\u010dima, putopiscima, arheolozima i sve\u0161tenicima.<\/p>\n<p>&nbsp;<\/p>\n<p><strong>Pavle Pejovi\u0107: Nije u redu da se ovo de\u0161ava<\/strong><\/p>\n<p>Istra\u017eivanja arheolo\u0161kog lokaliteta Sva\u010d dio su projekta \u201ePutevi kontinuiteta\u201c \u010diji je nosilac Ministarstvo kulture, a realizator Narodni muzej Crne Gore. Nakon \u0161to je obavije\u0161ten o zbivanjima u starom gradu Sva\u010du, direktor Narodnog muzeja Crne Gore Pavle Pejovi\u0107 upoznao je sa problemom predstavnike lokalne uprave u Ulcinju. Kako je kazao, odgovorni ljudi najavili su brzu reakciju komunalne policije.<\/p>\n<p>&#8211; Nije u redu da se ovo de\u0161ava i da se ljudi ometaju da obavljaju posao za koji ih je dr\u017eava delegirala. Nije to dobro \u2013 kazao je Pejovi\u0107 za Pobjedu.<\/p>\n<p><a href=\"http:\/\/www.pobjeda.me\/2012\/11\/17\/barikade-na-arheoloskom-lokalitetu-svac\/\" target=\"_blank\"><strong>V. Simunovi\u0107<\/strong><\/a><br \/>\n<a href=\"http:\/\/www.pobjeda.me\/2012\/11\/17\/barikade-na-arheoloskom-lokalitetu-svac\/\" target=\"_blank\"><strong>Izvor: Pobjeda<\/strong><\/a><\/p>\n","protected":false},"excerpt":{"rendered":"<p>ULCINJ \u2013 Ekipa arheologa koji u starom gradu Sva\u010du rade ve\u0107 60 dana jutros (subota) je barikadama koje su postavljene na lokalnom drumu sprije\u010dena da nesmetano do\u0111e na lokalitet i nastavi istra\u017eivanja. &#8211; S obzirom na to da je na\u0161 boravak organizovan u jednoj\u00a0 ku\u0107i u selu \u0160as, na oko dva kilometra od lokaliteta, moramo [&hellip;]<\/p>\n","protected":false},"author":1,"featured_media":0,"comment_status":"open","ping_status":"closed","sticky":false,"template":"","format":"standard","meta":{"spay_email":"","jetpack_publicize_message":"","jetpack_is_tweetstorm":false,"jetpack_publicize_feature_enabled":true},"categories":[6950],"tags":[212,2081,19],"jetpack_publicize_connections":[],"yoast_head":"<!-- This site is optimized with the Yoast SEO plugin v19.1 - https:\/\/yoast.com\/wordpress\/plugins\/seo\/ -->\n<title>Barikade na arheolo\u0161kom lokalitetu Sva\u010d - Lajme nga Ulqini<\/title>\n<meta name=\"description\" content=\"ULCINJ \u2013 Ekipa arheologa koji u starom gradu Sva\u010du rade ve\u0107 60 dana jutros (subota) je barikadama koje su postavljene na lokalnom drumu sprije\u010dena da\" \/>\n<meta name=\"robots\" content=\"index, follow, max-snippet:-1, max-image-preview:large, max-video-preview:-1\" \/>\n<link rel=\"canonical\" href=\"https:\/\/www.visit-ulcinj.com\/blog\/2012\/11\/21\/barikade-na-arheoloskom-lokalitetu-svac\/\" \/>\n<meta property=\"og:locale\" content=\"en_US\" \/>\n<meta property=\"og:type\" content=\"article\" \/>\n<meta property=\"og:title\" content=\"Barikade na arheolo\u0161kom lokalitetu Sva\u010d - Lajme nga Ulqini\" \/>\n<meta property=\"og:description\" content=\"ULCINJ \u2013 Ekipa arheologa koji u starom gradu Sva\u010du rade ve\u0107 60 dana jutros (subota) je barikadama koje su postavljene na lokalnom drumu sprije\u010dena da\" \/>\n<meta property=\"og:url\" content=\"https:\/\/www.visit-ulcinj.com\/blog\/2012\/11\/21\/barikade-na-arheoloskom-lokalitetu-svac\/\" \/>\n<meta property=\"og:site_name\" content=\"Lajme nga Ulqini\" \/>\n<meta property=\"article:published_time\" content=\"2012-11-21T17:49:27+00:00\" \/>\n<meta property=\"og:image\" content=\"http:\/\/www.visit-ulcinj.com\/blog\/wp-content\/uploads\/2012\/11\/Barikade-na-lokalitetu-Svac-Ulcinj.jpg\" \/>\n<meta name=\"twitter:label1\" content=\"Written by\" \/>\n\t<meta name=\"twitter:data1\" content=\"ulqini\" \/>\n\t<meta name=\"twitter:label2\" content=\"Est. reading time\" \/>\n\t<meta name=\"twitter:data2\" content=\"3 minutes\" \/>\n<script type=\"application\/ld+json\" class=\"yoast-schema-graph\">{\"@context\":\"https:\/\/schema.org\",\"@graph\":[{\"@type\":\"WebSite\",\"@id\":\"https:\/\/www.visit-ulcinj.com\/blog\/#website\",\"url\":\"https:\/\/www.visit-ulcinj.com\/blog\/\",\"name\":\"Lajme nga Ulqini\",\"description\":\"Lajme,Vijesti,Ulqini,Ulqin,Crna Gora,Mali i Zi\",\"potentialAction\":[{\"@type\":\"SearchAction\",\"target\":{\"@type\":\"EntryPoint\",\"urlTemplate\":\"https:\/\/www.visit-ulcinj.com\/blog\/?s={search_term_string}\"},\"query-input\":\"required name=search_term_string\"}],\"inLanguage\":\"en-US\"},{\"@type\":\"ImageObject\",\"inLanguage\":\"en-US\",\"@id\":\"https:\/\/www.visit-ulcinj.com\/blog\/2012\/11\/21\/barikade-na-arheoloskom-lokalitetu-svac\/#primaryimage\",\"url\":\"https:\/\/www.visit-ulcinj.com\/blog\/wp-content\/uploads\/2012\/11\/Barikade-na-lokalitetu-Svac-Ulcinj.jpg\",\"contentUrl\":\"https:\/\/www.visit-ulcinj.com\/blog\/wp-content\/uploads\/2012\/11\/Barikade-na-lokalitetu-Svac-Ulcinj.jpg\",\"width\":\"900\",\"height\":\"600\"},{\"@type\":\"WebPage\",\"@id\":\"https:\/\/www.visit-ulcinj.com\/blog\/2012\/11\/21\/barikade-na-arheoloskom-lokalitetu-svac\/#webpage\",\"url\":\"https:\/\/www.visit-ulcinj.com\/blog\/2012\/11\/21\/barikade-na-arheoloskom-lokalitetu-svac\/\",\"name\":\"Barikade na arheolo\u0161kom lokalitetu Sva\u010d - Lajme nga Ulqini\",\"isPartOf\":{\"@id\":\"https:\/\/www.visit-ulcinj.com\/blog\/#website\"},\"primaryImageOfPage\":{\"@id\":\"https:\/\/www.visit-ulcinj.com\/blog\/2012\/11\/21\/barikade-na-arheoloskom-lokalitetu-svac\/#primaryimage\"},\"datePublished\":\"2012-11-21T17:49:27+00:00\",\"dateModified\":\"2012-11-21T17:49:27+00:00\",\"author\":{\"@id\":\"https:\/\/www.visit-ulcinj.com\/blog\/#\/schema\/person\/dcab619c614d3038751c63bc2aadc06d\"},\"description\":\"ULCINJ \u2013 Ekipa arheologa koji u starom gradu Sva\u010du rade ve\u0107 60 dana jutros (subota) je barikadama koje su postavljene na lokalnom drumu sprije\u010dena da\",\"breadcrumb\":{\"@id\":\"https:\/\/www.visit-ulcinj.com\/blog\/2012\/11\/21\/barikade-na-arheoloskom-lokalitetu-svac\/#breadcrumb\"},\"inLanguage\":\"en-US\",\"potentialAction\":[{\"@type\":\"ReadAction\",\"target\":[\"https:\/\/www.visit-ulcinj.com\/blog\/2012\/11\/21\/barikade-na-arheoloskom-lokalitetu-svac\/\"]}]},{\"@type\":\"BreadcrumbList\",\"@id\":\"https:\/\/www.visit-ulcinj.com\/blog\/2012\/11\/21\/barikade-na-arheoloskom-lokalitetu-svac\/#breadcrumb\",\"itemListElement\":[{\"@type\":\"ListItem\",\"position\":1,\"name\":\"Barikade na arheolo\u0161kom lokalitetu Sva\u010d\"}]},{\"@type\":\"Person\",\"@id\":\"https:\/\/www.visit-ulcinj.com\/blog\/#\/schema\/person\/dcab619c614d3038751c63bc2aadc06d\",\"name\":\"ulqini\",\"sameAs\":[\"http:\/\/www.visit-ulcinj.com\"],\"url\":\"https:\/\/www.visit-ulcinj.com\/blog\/author\/admin\/\"}]}<\/script>\n<!-- \/ Yoast SEO plugin. -->","yoast_head_json":{"title":"Barikade na arheolo\u0161kom lokalitetu Sva\u010d - Lajme nga Ulqini","description":"ULCINJ \u2013 Ekipa arheologa koji u starom gradu Sva\u010du rade ve\u0107 60 dana jutros (subota) je barikadama koje su postavljene na lokalnom drumu sprije\u010dena da","robots":{"index":"index","follow":"follow","max-snippet":"max-snippet:-1","max-image-preview":"max-image-preview:large","max-video-preview":"max-video-preview:-1"},"canonical":"https:\/\/www.visit-ulcinj.com\/blog\/2012\/11\/21\/barikade-na-arheoloskom-lokalitetu-svac\/","og_locale":"en_US","og_type":"article","og_title":"Barikade na arheolo\u0161kom lokalitetu Sva\u010d - Lajme nga Ulqini","og_description":"ULCINJ \u2013 Ekipa arheologa koji u starom gradu Sva\u010du rade ve\u0107 60 dana jutros (subota) je barikadama koje su postavljene na lokalnom drumu sprije\u010dena da","og_url":"https:\/\/www.visit-ulcinj.com\/blog\/2012\/11\/21\/barikade-na-arheoloskom-lokalitetu-svac\/","og_site_name":"Lajme nga Ulqini","article_published_time":"2012-11-21T17:49:27+00:00","og_image":[{"url":"http:\/\/www.visit-ulcinj.com\/blog\/wp-content\/uploads\/2012\/11\/Barikade-na-lokalitetu-Svac-Ulcinj.jpg"}],"twitter_misc":{"Written by":"ulqini","Est. reading time":"3 minutes"},"schema":{"@context":"https:\/\/schema.org","@graph":[{"@type":"WebSite","@id":"https:\/\/www.visit-ulcinj.com\/blog\/#website","url":"https:\/\/www.visit-ulcinj.com\/blog\/","name":"Lajme nga Ulqini","description":"Lajme,Vijesti,Ulqini,Ulqin,Crna Gora,Mali i Zi","potentialAction":[{"@type":"SearchAction","target":{"@type":"EntryPoint","urlTemplate":"https:\/\/www.visit-ulcinj.com\/blog\/?s={search_term_string}"},"query-input":"required name=search_term_string"}],"inLanguage":"en-US"},{"@type":"ImageObject","inLanguage":"en-US","@id":"https:\/\/www.visit-ulcinj.com\/blog\/2012\/11\/21\/barikade-na-arheoloskom-lokalitetu-svac\/#primaryimage","url":"https:\/\/www.visit-ulcinj.com\/blog\/wp-content\/uploads\/2012\/11\/Barikade-na-lokalitetu-Svac-Ulcinj.jpg","contentUrl":"https:\/\/www.visit-ulcinj.com\/blog\/wp-content\/uploads\/2012\/11\/Barikade-na-lokalitetu-Svac-Ulcinj.jpg","width":"900","height":"600"},{"@type":"WebPage","@id":"https:\/\/www.visit-ulcinj.com\/blog\/2012\/11\/21\/barikade-na-arheoloskom-lokalitetu-svac\/#webpage","url":"https:\/\/www.visit-ulcinj.com\/blog\/2012\/11\/21\/barikade-na-arheoloskom-lokalitetu-svac\/","name":"Barikade na arheolo\u0161kom lokalitetu Sva\u010d - Lajme nga Ulqini","isPartOf":{"@id":"https:\/\/www.visit-ulcinj.com\/blog\/#website"},"primaryImageOfPage":{"@id":"https:\/\/www.visit-ulcinj.com\/blog\/2012\/11\/21\/barikade-na-arheoloskom-lokalitetu-svac\/#primaryimage"},"datePublished":"2012-11-21T17:49:27+00:00","dateModified":"2012-11-21T17:49:27+00:00","author":{"@id":"https:\/\/www.visit-ulcinj.com\/blog\/#\/schema\/person\/dcab619c614d3038751c63bc2aadc06d"},"description":"ULCINJ \u2013 Ekipa arheologa koji u starom gradu Sva\u010du rade ve\u0107 60 dana jutros (subota) je barikadama koje su postavljene na lokalnom drumu sprije\u010dena da","breadcrumb":{"@id":"https:\/\/www.visit-ulcinj.com\/blog\/2012\/11\/21\/barikade-na-arheoloskom-lokalitetu-svac\/#breadcrumb"},"inLanguage":"en-US","potentialAction":[{"@type":"ReadAction","target":["https:\/\/www.visit-ulcinj.com\/blog\/2012\/11\/21\/barikade-na-arheoloskom-lokalitetu-svac\/"]}]},{"@type":"BreadcrumbList","@id":"https:\/\/www.visit-ulcinj.com\/blog\/2012\/11\/21\/barikade-na-arheoloskom-lokalitetu-svac\/#breadcrumb","itemListElement":[{"@type":"ListItem","position":1,"name":"Barikade na arheolo\u0161kom lokalitetu Sva\u010d"}]},{"@type":"Person","@id":"https:\/\/www.visit-ulcinj.com\/blog\/#\/schema\/person\/dcab619c614d3038751c63bc2aadc06d","name":"ulqini","sameAs":["http:\/\/www.visit-ulcinj.com"],"url":"https:\/\/www.visit-ulcinj.com\/blog\/author\/admin\/"}]}},"jetpack_featured_media_url":"","jetpack_sharing_enabled":true,"jetpack_shortlink":"https:\/\/wp.me\/pe6lTn-hab","_links":{"self":[{"href":"https:\/\/www.visit-ulcinj.com\/blog\/wp-json\/wp\/v2\/posts\/65979"}],"collection":[{"href":"https:\/\/www.visit-ulcinj.com\/blog\/wp-json\/wp\/v2\/posts"}],"about":[{"href":"https:\/\/www.visit-ulcinj.com\/blog\/wp-json\/wp\/v2\/types\/post"}],"author":[{"embeddable":true,"href":"https:\/\/www.visit-ulcinj.com\/blog\/wp-json\/wp\/v2\/users\/1"}],"replies":[{"embeddable":true,"href":"https:\/\/www.visit-ulcinj.com\/blog\/wp-json\/wp\/v2\/comments?post=65979"}],"version-history":[{"count":1,"href":"https:\/\/www.visit-ulcinj.com\/blog\/wp-json\/wp\/v2\/posts\/65979\/revisions"}],"predecessor-version":[{"id":65981,"href":"https:\/\/www.visit-ulcinj.com\/blog\/wp-json\/wp\/v2\/posts\/65979\/revisions\/65981"}],"wp:attachment":[{"href":"https:\/\/www.visit-ulcinj.com\/blog\/wp-json\/wp\/v2\/media?parent=65979"}],"wp:term":[{"taxonomy":"category","embeddable":true,"href":"https:\/\/www.visit-ulcinj.com\/blog\/wp-json\/wp\/v2\/categories?post=65979"},{"taxonomy":"post_tag","embeddable":true,"href":"https:\/\/www.visit-ulcinj.com\/blog\/wp-json\/wp\/v2\/tags?post=65979"}],"curies":[{"name":"wp","href":"https:\/\/api.w.org\/{rel}","templated":true}]}}