{"id":65982,"date":"2012-11-21T19:33:50","date_gmt":"2012-11-21T18:33:50","guid":{"rendered":"http:\/\/www.visit-ulcinj.com\/blog\/?p=65982"},"modified":"2012-11-24T07:49:19","modified_gmt":"2012-11-24T06:49:19","slug":"nora-istrefi-pendohet-qe-ka-rruar-koken","status":"publish","type":"post","link":"https:\/\/www.visit-ulcinj.com\/blog\/2012\/11\/21\/nora-istrefi-pendohet-qe-ka-rruar-koken\/","title":{"rendered":"Nora Istrefi pendohet q\u00eb ka rruar kok\u00ebn"},"content":{"rendered":"<p><a href=\"http:\/\/www.visit-ulcinj.com\/blog\/wp-content\/uploads\/2012\/11\/Nora-pendohet-q\u00eb-ka-rruar-koken.jpg\"><img loading=\"lazy\" class=\"alignleft size-full wp-image-65983\" title=\"Nora  pendohet q\u00eb ka rruar koken\" src=\"http:\/\/www.visit-ulcinj.com\/blog\/wp-content\/uploads\/2012\/11\/Nora-pendohet-q\u00eb-ka-rruar-koken.jpg\" alt=\"\" width=\"274\" height=\"206\" \/><\/a>Koh\u00ebt e fundit, k\u00ebng\u00ebtarja 26-vje\u00e7are Nora Istrefi, ka filluar t\u00eb postoj foto n\u00eb rrjetin social, t\u00eb mosh\u00ebs s\u00eb saj m\u00eb t\u00eb re. \u201dDuke shfletuar disa foto t\u00eb vjetra\u201d, ka shkruar k\u00ebng\u00ebtarja n\u00eb T\u00ebitter.<br \/>\nAjo n\u00eb koh\u00ebn e sotme, ka krijuar nj\u00eb pamje t\u00eb re t\u00eb nj\u00eb vajze \u201dgangsta\u201d me flok\u00eb t\u00eb rruara dhe trupin me \u201dpiercing\u201d, derisa dikur ishte nj\u00eb fem\u00ebr me bukuri t\u00eb \u201dvirgj\u00ebr\u201d.<br \/>\nNdoshta, k\u00ebng\u00ebtarja nuk \u00ebsht\u00eb edhe aq e k\u00ebnaqur me look-un e saj q\u00eb ka krijuar sot, dhe e ka kapur nostalgjia p\u00ebr koh\u00ebrat e hershme. S\u00eb fundmi ka postuar nj\u00eb foto t\u00eb saj n\u00eb mosh\u00ebn 19 vje\u00e7are, ku ajo shihet si nj\u00eb fem\u00ebr seksipile me t\u00ebr\u00eb sharmin dhe bukurin\u00eb natyrore q\u00eb kishte.<br \/>\n\u201dNora nuk o nisoj\u201d, k\u00ebndoi ajo dikur, por nuk e dim\u00eb n\u00ebse ndryshimet ia kan\u00eb vlejtur.<\/p>\n<p><strong>LajmiFundit<\/strong><br \/>\n<iframe loading=\"lazy\" src=\"http:\/\/www.youtube.com\/embed\/UJ0pRSzBb-w?rel=0\" frameborder=\"0\" width=\"508\" height=\"360\"><\/iframe><\/p>\n","protected":false},"excerpt":{"rendered":"<p>Koh\u00ebt e fundit, k\u00ebng\u00ebtarja 26-vje\u00e7are Nora Istrefi, ka filluar t\u00eb postoj foto n\u00eb rrjetin social, t\u00eb mosh\u00ebs s\u00eb saj m\u00eb t\u00eb re. \u201dDuke shfletuar disa foto t\u00eb vjetra\u201d, ka shkruar k\u00ebng\u00ebtarja n\u00eb T\u00ebitter. Ajo n\u00eb koh\u00ebn e sotme, ka krijuar nj\u00eb pamje t\u00eb re t\u00eb nj\u00eb vajze \u201dgangsta\u201d me flok\u00eb t\u00eb rruara dhe trupin me [&hellip;]<\/p>\n","protected":false},"author":1,"featured_media":0,"comment_status":"open","ping_status":"closed","sticky":false,"template":"","format":"standard","meta":{"spay_email":"","jetpack_publicize_message":"","jetpack_is_tweetstorm":false,"jetpack_publicize_feature_enabled":true},"categories":[13],"tags":[4939],"jetpack_publicize_connections":[],"yoast_head":"<!-- This site is optimized with the Yoast SEO plugin v19.1 - https:\/\/yoast.com\/wordpress\/plugins\/seo\/ -->\n<title>Nora Istrefi pendohet q\u00eb ka rruar kok\u00ebn - Lajme nga Ulqini<\/title>\n<meta name=\"description\" content=\"Koh\u00ebt e fundit, k\u00ebng\u00ebtarja 26-vje\u00e7are Nora Istrefi, ka filluar t\u00eb postoj foto n\u00eb rrjetin social, t\u00eb mosh\u00ebs s\u00eb saj m\u00eb t\u00eb re. \u201dDuke shfletuar disa foto t\u00eb\" \/>\n<meta name=\"robots\" content=\"index, follow, max-snippet:-1, max-image-preview:large, max-video-preview:-1\" \/>\n<link rel=\"canonical\" href=\"https:\/\/www.visit-ulcinj.com\/blog\/2012\/11\/21\/nora-istrefi-pendohet-qe-ka-rruar-koken\/\" \/>\n<meta property=\"og:locale\" content=\"en_US\" \/>\n<meta property=\"og:type\" content=\"article\" \/>\n<meta property=\"og:title\" content=\"Nora Istrefi pendohet q\u00eb ka rruar kok\u00ebn - Lajme nga Ulqini\" \/>\n<meta property=\"og:description\" content=\"Koh\u00ebt e fundit, k\u00ebng\u00ebtarja 26-vje\u00e7are Nora Istrefi, ka filluar t\u00eb postoj foto n\u00eb rrjetin social, t\u00eb mosh\u00ebs s\u00eb saj m\u00eb t\u00eb re. \u201dDuke shfletuar disa foto t\u00eb\" \/>\n<meta property=\"og:url\" content=\"https:\/\/www.visit-ulcinj.com\/blog\/2012\/11\/21\/nora-istrefi-pendohet-qe-ka-rruar-koken\/\" \/>\n<meta property=\"og:site_name\" content=\"Lajme nga Ulqini\" \/>\n<meta property=\"article:published_time\" content=\"2012-11-21T18:33:50+00:00\" \/>\n<meta property=\"article:modified_time\" content=\"2012-11-24T06:49:19+00:00\" \/>\n<meta name=\"twitter:label1\" content=\"Written by\" \/>\n\t<meta name=\"twitter:data1\" content=\"ulqini\" \/>\n\t<meta name=\"twitter:label2\" content=\"Est. reading time\" \/>\n\t<meta name=\"twitter:data2\" content=\"1 minute\" \/>\n<script type=\"application\/ld+json\" class=\"yoast-schema-graph\">{\"@context\":\"https:\/\/schema.org\",\"@graph\":[{\"@type\":\"WebSite\",\"@id\":\"https:\/\/www.visit-ulcinj.com\/blog\/#website\",\"url\":\"https:\/\/www.visit-ulcinj.com\/blog\/\",\"name\":\"Lajme nga Ulqini\",\"description\":\"Lajme,Vijesti,Ulqini,Ulqin,Crna Gora,Mali i Zi\",\"potentialAction\":[{\"@type\":\"SearchAction\",\"target\":{\"@type\":\"EntryPoint\",\"urlTemplate\":\"https:\/\/www.visit-ulcinj.com\/blog\/?s={search_term_string}\"},\"query-input\":\"required name=search_term_string\"}],\"inLanguage\":\"en-US\"},{\"@type\":\"WebPage\",\"@id\":\"https:\/\/www.visit-ulcinj.com\/blog\/2012\/11\/21\/nora-istrefi-pendohet-qe-ka-rruar-koken\/#webpage\",\"url\":\"https:\/\/www.visit-ulcinj.com\/blog\/2012\/11\/21\/nora-istrefi-pendohet-qe-ka-rruar-koken\/\",\"name\":\"Nora Istrefi pendohet q\u00eb ka rruar kok\u00ebn - Lajme nga Ulqini\",\"isPartOf\":{\"@id\":\"https:\/\/www.visit-ulcinj.com\/blog\/#website\"},\"datePublished\":\"2012-11-21T18:33:50+00:00\",\"dateModified\":\"2012-11-24T06:49:19+00:00\",\"author\":{\"@id\":\"https:\/\/www.visit-ulcinj.com\/blog\/#\/schema\/person\/dcab619c614d3038751c63bc2aadc06d\"},\"description\":\"Koh\u00ebt e fundit, k\u00ebng\u00ebtarja 26-vje\u00e7are Nora Istrefi, ka filluar t\u00eb postoj foto n\u00eb rrjetin social, t\u00eb mosh\u00ebs s\u00eb saj m\u00eb t\u00eb re. \u201dDuke shfletuar disa foto t\u00eb\",\"breadcrumb\":{\"@id\":\"https:\/\/www.visit-ulcinj.com\/blog\/2012\/11\/21\/nora-istrefi-pendohet-qe-ka-rruar-koken\/#breadcrumb\"},\"inLanguage\":\"en-US\",\"potentialAction\":[{\"@type\":\"ReadAction\",\"target\":[\"https:\/\/www.visit-ulcinj.com\/blog\/2012\/11\/21\/nora-istrefi-pendohet-qe-ka-rruar-koken\/\"]}]},{\"@type\":\"BreadcrumbList\",\"@id\":\"https:\/\/www.visit-ulcinj.com\/blog\/2012\/11\/21\/nora-istrefi-pendohet-qe-ka-rruar-koken\/#breadcrumb\",\"itemListElement\":[{\"@type\":\"ListItem\",\"position\":1,\"name\":\"Nora Istrefi pendohet q\u00eb ka rruar kok\u00ebn\"}]},{\"@type\":\"Person\",\"@id\":\"https:\/\/www.visit-ulcinj.com\/blog\/#\/schema\/person\/dcab619c614d3038751c63bc2aadc06d\",\"name\":\"ulqini\",\"sameAs\":[\"http:\/\/www.visit-ulcinj.com\"],\"url\":\"https:\/\/www.visit-ulcinj.com\/blog\/author\/admin\/\"}]}<\/script>\n<!-- \/ Yoast SEO plugin. -->","yoast_head_json":{"title":"Nora Istrefi pendohet q\u00eb ka rruar kok\u00ebn - Lajme nga Ulqini","description":"Koh\u00ebt e fundit, k\u00ebng\u00ebtarja 26-vje\u00e7are Nora Istrefi, ka filluar t\u00eb postoj foto n\u00eb rrjetin social, t\u00eb mosh\u00ebs s\u00eb saj m\u00eb t\u00eb re. \u201dDuke shfletuar disa foto t\u00eb","robots":{"index":"index","follow":"follow","max-snippet":"max-snippet:-1","max-image-preview":"max-image-preview:large","max-video-preview":"max-video-preview:-1"},"canonical":"https:\/\/www.visit-ulcinj.com\/blog\/2012\/11\/21\/nora-istrefi-pendohet-qe-ka-rruar-koken\/","og_locale":"en_US","og_type":"article","og_title":"Nora Istrefi pendohet q\u00eb ka rruar kok\u00ebn - Lajme nga Ulqini","og_description":"Koh\u00ebt e fundit, k\u00ebng\u00ebtarja 26-vje\u00e7are Nora Istrefi, ka filluar t\u00eb postoj foto n\u00eb rrjetin social, t\u00eb mosh\u00ebs s\u00eb saj m\u00eb t\u00eb re. \u201dDuke shfletuar disa foto t\u00eb","og_url":"https:\/\/www.visit-ulcinj.com\/blog\/2012\/11\/21\/nora-istrefi-pendohet-qe-ka-rruar-koken\/","og_site_name":"Lajme nga Ulqini","article_published_time":"2012-11-21T18:33:50+00:00","article_modified_time":"2012-11-24T06:49:19+00:00","twitter_misc":{"Written by":"ulqini","Est. reading time":"1 minute"},"schema":{"@context":"https:\/\/schema.org","@graph":[{"@type":"WebSite","@id":"https:\/\/www.visit-ulcinj.com\/blog\/#website","url":"https:\/\/www.visit-ulcinj.com\/blog\/","name":"Lajme nga Ulqini","description":"Lajme,Vijesti,Ulqini,Ulqin,Crna Gora,Mali i Zi","potentialAction":[{"@type":"SearchAction","target":{"@type":"EntryPoint","urlTemplate":"https:\/\/www.visit-ulcinj.com\/blog\/?s={search_term_string}"},"query-input":"required name=search_term_string"}],"inLanguage":"en-US"},{"@type":"WebPage","@id":"https:\/\/www.visit-ulcinj.com\/blog\/2012\/11\/21\/nora-istrefi-pendohet-qe-ka-rruar-koken\/#webpage","url":"https:\/\/www.visit-ulcinj.com\/blog\/2012\/11\/21\/nora-istrefi-pendohet-qe-ka-rruar-koken\/","name":"Nora Istrefi pendohet q\u00eb ka rruar kok\u00ebn - Lajme nga Ulqini","isPartOf":{"@id":"https:\/\/www.visit-ulcinj.com\/blog\/#website"},"datePublished":"2012-11-21T18:33:50+00:00","dateModified":"2012-11-24T06:49:19+00:00","author":{"@id":"https:\/\/www.visit-ulcinj.com\/blog\/#\/schema\/person\/dcab619c614d3038751c63bc2aadc06d"},"description":"Koh\u00ebt e fundit, k\u00ebng\u00ebtarja 26-vje\u00e7are Nora Istrefi, ka filluar t\u00eb postoj foto n\u00eb rrjetin social, t\u00eb mosh\u00ebs s\u00eb saj m\u00eb t\u00eb re. \u201dDuke shfletuar disa foto t\u00eb","breadcrumb":{"@id":"https:\/\/www.visit-ulcinj.com\/blog\/2012\/11\/21\/nora-istrefi-pendohet-qe-ka-rruar-koken\/#breadcrumb"},"inLanguage":"en-US","potentialAction":[{"@type":"ReadAction","target":["https:\/\/www.visit-ulcinj.com\/blog\/2012\/11\/21\/nora-istrefi-pendohet-qe-ka-rruar-koken\/"]}]},{"@type":"BreadcrumbList","@id":"https:\/\/www.visit-ulcinj.com\/blog\/2012\/11\/21\/nora-istrefi-pendohet-qe-ka-rruar-koken\/#breadcrumb","itemListElement":[{"@type":"ListItem","position":1,"name":"Nora Istrefi pendohet q\u00eb ka rruar kok\u00ebn"}]},{"@type":"Person","@id":"https:\/\/www.visit-ulcinj.com\/blog\/#\/schema\/person\/dcab619c614d3038751c63bc2aadc06d","name":"ulqini","sameAs":["http:\/\/www.visit-ulcinj.com"],"url":"https:\/\/www.visit-ulcinj.com\/blog\/author\/admin\/"}]}},"jetpack_featured_media_url":"","jetpack_sharing_enabled":true,"jetpack_shortlink":"https:\/\/wp.me\/pe6lTn-hae","_links":{"self":[{"href":"https:\/\/www.visit-ulcinj.com\/blog\/wp-json\/wp\/v2\/posts\/65982"}],"collection":[{"href":"https:\/\/www.visit-ulcinj.com\/blog\/wp-json\/wp\/v2\/posts"}],"about":[{"href":"https:\/\/www.visit-ulcinj.com\/blog\/wp-json\/wp\/v2\/types\/post"}],"author":[{"embeddable":true,"href":"https:\/\/www.visit-ulcinj.com\/blog\/wp-json\/wp\/v2\/users\/1"}],"replies":[{"embeddable":true,"href":"https:\/\/www.visit-ulcinj.com\/blog\/wp-json\/wp\/v2\/comments?post=65982"}],"version-history":[{"count":3,"href":"https:\/\/www.visit-ulcinj.com\/blog\/wp-json\/wp\/v2\/posts\/65982\/revisions"}],"predecessor-version":[{"id":66039,"href":"https:\/\/www.visit-ulcinj.com\/blog\/wp-json\/wp\/v2\/posts\/65982\/revisions\/66039"}],"wp:attachment":[{"href":"https:\/\/www.visit-ulcinj.com\/blog\/wp-json\/wp\/v2\/media?parent=65982"}],"wp:term":[{"taxonomy":"category","embeddable":true,"href":"https:\/\/www.visit-ulcinj.com\/blog\/wp-json\/wp\/v2\/categories?post=65982"},{"taxonomy":"post_tag","embeddable":true,"href":"https:\/\/www.visit-ulcinj.com\/blog\/wp-json\/wp\/v2\/tags?post=65982"}],"curies":[{"name":"wp","href":"https:\/\/api.w.org\/{rel}","templated":true}]}}