{"id":65986,"date":"2012-11-22T18:46:04","date_gmt":"2012-11-22T17:46:04","guid":{"rendered":"http:\/\/www.visit-ulcinj.com\/blog\/?p=65986"},"modified":"2012-11-24T08:20:41","modified_gmt":"2012-11-24T07:20:41","slug":"per-nder-te-dites-se-flamuritz-esat-aloshi-vrapon-maratonen-ulqin-shkoder","status":"publish","type":"post","link":"https:\/\/www.visit-ulcinj.com\/blog\/2012\/11\/22\/per-nder-te-dites-se-flamuritz-esat-aloshi-vrapon-maratonen-ulqin-shkoder\/","title":{"rendered":"P\u00ebr nder t\u00eb Dit\u00ebs s\u00eb Flamurit,Z. Esat Aloshi vrapon maraton\u00ebn Ulqin \u2013 Shkod\u00ebr"},"content":{"rendered":"<p style=\"text-align: center;\"><strong>NJOFTIM<\/strong><\/p>\n<p><a href=\"http:\/\/www.visit-ulcinj.com\/blog\/wp-content\/uploads\/2012\/11\/Esat-Aloshi-maraton-Ulqin-Shkoder.jpg\"><img loading=\"lazy\" class=\"alignleft  wp-image-65987\" title=\"Esat Aloshi maraton Ulqin-Shkoder\" src=\"http:\/\/www.visit-ulcinj.com\/blog\/wp-content\/uploads\/2012\/11\/Esat-Aloshi-maraton-Ulqin-Shkoder.jpg\" alt=\"\" width=\"331\" height=\"400\" \/><\/a>Z. Esat Aloshi, i cili punon dhe jeton n\u00eb SHBA, p\u00ebr nder t\u00eb 28 N\u00ebntorit, Dit\u00ebs s\u00eb Flamurit dhe 100 vjetorit t\u00eb pavar\u00ebsis\u00eb s\u00eb Shqip\u00ebris\u00eb, vrapon maraton\u00ebn personale n\u00eb shtegun Ulqin \u2013 Shkod\u00ebr.<br \/>\nNisma organizohet me mb\u00ebshtetjen e K\u00ebshillit Nacional t\u00eb Shqiptar\u00ebve n\u00eb Malin e Zi.<br \/>\nNisja e maraton\u00ebs b\u00ebhet n\u00eb Ulqin, me dat\u00ebn 28 n\u00ebntor n\u00eb or\u00ebn 09,00 para zyr\u00ebs s\u00eb K\u00ebshillit Nacional t\u00eb Shqiptar\u00ebve n\u00eb Malin e Zi.<\/p>\n<p><strong>K\u00ebshilli Nacional i Shqiptar\u00ebve<\/strong><br \/>\n<strong> Kryetari<\/strong><br \/>\n<strong> Tahir Tahiri<\/strong><\/p>\n<p><iframe loading=\"lazy\" src=\"http:\/\/www.youtube.com\/embed\/LSf9CLtS0cQ?rel=0\" frameborder=\"0\" width=\"508\" height=\"360\"><\/iframe><\/p>\n","protected":false},"excerpt":{"rendered":"<p>NJOFTIM Z. Esat Aloshi, i cili punon dhe jeton n\u00eb SHBA, p\u00ebr nder t\u00eb 28 N\u00ebntorit, Dit\u00ebs s\u00eb Flamurit dhe 100 vjetorit t\u00eb pavar\u00ebsis\u00eb s\u00eb Shqip\u00ebris\u00eb, vrapon maraton\u00ebn personale n\u00eb shtegun Ulqin \u2013 Shkod\u00ebr. Nisma organizohet me mb\u00ebshtetjen e K\u00ebshillit Nacional t\u00eb Shqiptar\u00ebve n\u00eb Malin e Zi. Nisja e maraton\u00ebs b\u00ebhet n\u00eb Ulqin, me dat\u00ebn [&hellip;]<\/p>\n","protected":false},"author":1,"featured_media":0,"comment_status":"open","ping_status":"closed","sticky":false,"template":"","format":"standard","meta":{"spay_email":"","jetpack_publicize_message":"","jetpack_is_tweetstorm":false,"jetpack_publicize_feature_enabled":true},"categories":[1,6],"tags":[21503,21502,41,200],"jetpack_publicize_connections":[],"yoast_head":"<!-- This site is optimized with the Yoast SEO plugin v19.1 - https:\/\/yoast.com\/wordpress\/plugins\/seo\/ -->\n<title>P\u00ebr nder t\u00eb Dit\u00ebs s\u00eb Flamurit,Z. Esat Aloshi vrapon maraton\u00ebn Ulqin \u2013 Shkod\u00ebr - Lajme nga Ulqini<\/title>\n<meta name=\"description\" content=\"NJOFTIM Z. Esat Aloshi, i cili punon dhe jeton n\u00eb SHBA, p\u00ebr nder t\u00eb 28 N\u00ebntorit, Dit\u00ebs s\u00eb Flamurit dhe 100 vjetorit t\u00eb pavar\u00ebsis\u00eb s\u00eb Shqip\u00ebris\u00eb, vrapon\" \/>\n<meta name=\"robots\" content=\"index, follow, max-snippet:-1, max-image-preview:large, max-video-preview:-1\" \/>\n<link rel=\"canonical\" href=\"https:\/\/www.visit-ulcinj.com\/blog\/2012\/11\/22\/per-nder-te-dites-se-flamuritz-esat-aloshi-vrapon-maratonen-ulqin-shkoder\/\" \/>\n<meta property=\"og:locale\" content=\"en_US\" \/>\n<meta property=\"og:type\" content=\"article\" \/>\n<meta property=\"og:title\" content=\"P\u00ebr nder t\u00eb Dit\u00ebs s\u00eb Flamurit,Z. Esat Aloshi vrapon maraton\u00ebn Ulqin \u2013 Shkod\u00ebr - Lajme nga Ulqini\" \/>\n<meta property=\"og:description\" content=\"NJOFTIM Z. Esat Aloshi, i cili punon dhe jeton n\u00eb SHBA, p\u00ebr nder t\u00eb 28 N\u00ebntorit, Dit\u00ebs s\u00eb Flamurit dhe 100 vjetorit t\u00eb pavar\u00ebsis\u00eb s\u00eb Shqip\u00ebris\u00eb, vrapon\" \/>\n<meta property=\"og:url\" content=\"https:\/\/www.visit-ulcinj.com\/blog\/2012\/11\/22\/per-nder-te-dites-se-flamuritz-esat-aloshi-vrapon-maratonen-ulqin-shkoder\/\" \/>\n<meta property=\"og:site_name\" content=\"Lajme nga Ulqini\" \/>\n<meta property=\"article:published_time\" content=\"2012-11-22T17:46:04+00:00\" \/>\n<meta property=\"article:modified_time\" content=\"2012-11-24T07:20:41+00:00\" \/>\n<meta property=\"og:image\" content=\"http:\/\/www.visit-ulcinj.com\/blog\/wp-content\/uploads\/2012\/11\/Esat-Aloshi-maraton-Ulqin-Shkoder.jpg\" \/>\n<meta name=\"twitter:label1\" content=\"Written by\" \/>\n\t<meta name=\"twitter:data1\" content=\"ulqini\" \/>\n<script type=\"application\/ld+json\" class=\"yoast-schema-graph\">{\"@context\":\"https:\/\/schema.org\",\"@graph\":[{\"@type\":\"WebSite\",\"@id\":\"https:\/\/www.visit-ulcinj.com\/blog\/#website\",\"url\":\"https:\/\/www.visit-ulcinj.com\/blog\/\",\"name\":\"Lajme nga Ulqini\",\"description\":\"Lajme,Vijesti,Ulqini,Ulqin,Crna Gora,Mali i Zi\",\"potentialAction\":[{\"@type\":\"SearchAction\",\"target\":{\"@type\":\"EntryPoint\",\"urlTemplate\":\"https:\/\/www.visit-ulcinj.com\/blog\/?s={search_term_string}\"},\"query-input\":\"required name=search_term_string\"}],\"inLanguage\":\"en-US\"},{\"@type\":\"ImageObject\",\"inLanguage\":\"en-US\",\"@id\":\"https:\/\/www.visit-ulcinj.com\/blog\/2012\/11\/22\/per-nder-te-dites-se-flamuritz-esat-aloshi-vrapon-maratonen-ulqin-shkoder\/#primaryimage\",\"url\":\"https:\/\/www.visit-ulcinj.com\/blog\/wp-content\/uploads\/2012\/11\/Esat-Aloshi-maraton-Ulqin-Shkoder.jpg\",\"contentUrl\":\"https:\/\/www.visit-ulcinj.com\/blog\/wp-content\/uploads\/2012\/11\/Esat-Aloshi-maraton-Ulqin-Shkoder.jpg\",\"width\":\"331\",\"height\":\"588\"},{\"@type\":\"WebPage\",\"@id\":\"https:\/\/www.visit-ulcinj.com\/blog\/2012\/11\/22\/per-nder-te-dites-se-flamuritz-esat-aloshi-vrapon-maratonen-ulqin-shkoder\/#webpage\",\"url\":\"https:\/\/www.visit-ulcinj.com\/blog\/2012\/11\/22\/per-nder-te-dites-se-flamuritz-esat-aloshi-vrapon-maratonen-ulqin-shkoder\/\",\"name\":\"P\u00ebr nder t\u00eb Dit\u00ebs s\u00eb Flamurit,Z. Esat Aloshi vrapon maraton\u00ebn Ulqin \u2013 Shkod\u00ebr - Lajme nga Ulqini\",\"isPartOf\":{\"@id\":\"https:\/\/www.visit-ulcinj.com\/blog\/#website\"},\"primaryImageOfPage\":{\"@id\":\"https:\/\/www.visit-ulcinj.com\/blog\/2012\/11\/22\/per-nder-te-dites-se-flamuritz-esat-aloshi-vrapon-maratonen-ulqin-shkoder\/#primaryimage\"},\"datePublished\":\"2012-11-22T17:46:04+00:00\",\"dateModified\":\"2012-11-24T07:20:41+00:00\",\"author\":{\"@id\":\"https:\/\/www.visit-ulcinj.com\/blog\/#\/schema\/person\/dcab619c614d3038751c63bc2aadc06d\"},\"description\":\"NJOFTIM Z. Esat Aloshi, i cili punon dhe jeton n\u00eb SHBA, p\u00ebr nder t\u00eb 28 N\u00ebntorit, Dit\u00ebs s\u00eb Flamurit dhe 100 vjetorit t\u00eb pavar\u00ebsis\u00eb s\u00eb Shqip\u00ebris\u00eb, vrapon\",\"breadcrumb\":{\"@id\":\"https:\/\/www.visit-ulcinj.com\/blog\/2012\/11\/22\/per-nder-te-dites-se-flamuritz-esat-aloshi-vrapon-maratonen-ulqin-shkoder\/#breadcrumb\"},\"inLanguage\":\"en-US\",\"potentialAction\":[{\"@type\":\"ReadAction\",\"target\":[\"https:\/\/www.visit-ulcinj.com\/blog\/2012\/11\/22\/per-nder-te-dites-se-flamuritz-esat-aloshi-vrapon-maratonen-ulqin-shkoder\/\"]}]},{\"@type\":\"BreadcrumbList\",\"@id\":\"https:\/\/www.visit-ulcinj.com\/blog\/2012\/11\/22\/per-nder-te-dites-se-flamuritz-esat-aloshi-vrapon-maratonen-ulqin-shkoder\/#breadcrumb\",\"itemListElement\":[{\"@type\":\"ListItem\",\"position\":1,\"name\":\"P\u00ebr nder t\u00eb Dit\u00ebs s\u00eb Flamurit,Z. Esat Aloshi vrapon maraton\u00ebn Ulqin \u2013 Shkod\u00ebr\"}]},{\"@type\":\"Person\",\"@id\":\"https:\/\/www.visit-ulcinj.com\/blog\/#\/schema\/person\/dcab619c614d3038751c63bc2aadc06d\",\"name\":\"ulqini\",\"sameAs\":[\"http:\/\/www.visit-ulcinj.com\"],\"url\":\"https:\/\/www.visit-ulcinj.com\/blog\/author\/admin\/\"}]}<\/script>\n<!-- \/ Yoast SEO plugin. -->","yoast_head_json":{"title":"P\u00ebr nder t\u00eb Dit\u00ebs s\u00eb Flamurit,Z. Esat Aloshi vrapon maraton\u00ebn Ulqin \u2013 Shkod\u00ebr - Lajme nga Ulqini","description":"NJOFTIM Z. Esat Aloshi, i cili punon dhe jeton n\u00eb SHBA, p\u00ebr nder t\u00eb 28 N\u00ebntorit, Dit\u00ebs s\u00eb Flamurit dhe 100 vjetorit t\u00eb pavar\u00ebsis\u00eb s\u00eb Shqip\u00ebris\u00eb, vrapon","robots":{"index":"index","follow":"follow","max-snippet":"max-snippet:-1","max-image-preview":"max-image-preview:large","max-video-preview":"max-video-preview:-1"},"canonical":"https:\/\/www.visit-ulcinj.com\/blog\/2012\/11\/22\/per-nder-te-dites-se-flamuritz-esat-aloshi-vrapon-maratonen-ulqin-shkoder\/","og_locale":"en_US","og_type":"article","og_title":"P\u00ebr nder t\u00eb Dit\u00ebs s\u00eb Flamurit,Z. Esat Aloshi vrapon maraton\u00ebn Ulqin \u2013 Shkod\u00ebr - Lajme nga Ulqini","og_description":"NJOFTIM Z. Esat Aloshi, i cili punon dhe jeton n\u00eb SHBA, p\u00ebr nder t\u00eb 28 N\u00ebntorit, Dit\u00ebs s\u00eb Flamurit dhe 100 vjetorit t\u00eb pavar\u00ebsis\u00eb s\u00eb Shqip\u00ebris\u00eb, vrapon","og_url":"https:\/\/www.visit-ulcinj.com\/blog\/2012\/11\/22\/per-nder-te-dites-se-flamuritz-esat-aloshi-vrapon-maratonen-ulqin-shkoder\/","og_site_name":"Lajme nga Ulqini","article_published_time":"2012-11-22T17:46:04+00:00","article_modified_time":"2012-11-24T07:20:41+00:00","og_image":[{"url":"http:\/\/www.visit-ulcinj.com\/blog\/wp-content\/uploads\/2012\/11\/Esat-Aloshi-maraton-Ulqin-Shkoder.jpg"}],"twitter_misc":{"Written by":"ulqini"},"schema":{"@context":"https:\/\/schema.org","@graph":[{"@type":"WebSite","@id":"https:\/\/www.visit-ulcinj.com\/blog\/#website","url":"https:\/\/www.visit-ulcinj.com\/blog\/","name":"Lajme nga Ulqini","description":"Lajme,Vijesti,Ulqini,Ulqin,Crna Gora,Mali i Zi","potentialAction":[{"@type":"SearchAction","target":{"@type":"EntryPoint","urlTemplate":"https:\/\/www.visit-ulcinj.com\/blog\/?s={search_term_string}"},"query-input":"required name=search_term_string"}],"inLanguage":"en-US"},{"@type":"ImageObject","inLanguage":"en-US","@id":"https:\/\/www.visit-ulcinj.com\/blog\/2012\/11\/22\/per-nder-te-dites-se-flamuritz-esat-aloshi-vrapon-maratonen-ulqin-shkoder\/#primaryimage","url":"https:\/\/www.visit-ulcinj.com\/blog\/wp-content\/uploads\/2012\/11\/Esat-Aloshi-maraton-Ulqin-Shkoder.jpg","contentUrl":"https:\/\/www.visit-ulcinj.com\/blog\/wp-content\/uploads\/2012\/11\/Esat-Aloshi-maraton-Ulqin-Shkoder.jpg","width":"331","height":"588"},{"@type":"WebPage","@id":"https:\/\/www.visit-ulcinj.com\/blog\/2012\/11\/22\/per-nder-te-dites-se-flamuritz-esat-aloshi-vrapon-maratonen-ulqin-shkoder\/#webpage","url":"https:\/\/www.visit-ulcinj.com\/blog\/2012\/11\/22\/per-nder-te-dites-se-flamuritz-esat-aloshi-vrapon-maratonen-ulqin-shkoder\/","name":"P\u00ebr nder t\u00eb Dit\u00ebs s\u00eb Flamurit,Z. Esat Aloshi vrapon maraton\u00ebn Ulqin \u2013 Shkod\u00ebr - Lajme nga Ulqini","isPartOf":{"@id":"https:\/\/www.visit-ulcinj.com\/blog\/#website"},"primaryImageOfPage":{"@id":"https:\/\/www.visit-ulcinj.com\/blog\/2012\/11\/22\/per-nder-te-dites-se-flamuritz-esat-aloshi-vrapon-maratonen-ulqin-shkoder\/#primaryimage"},"datePublished":"2012-11-22T17:46:04+00:00","dateModified":"2012-11-24T07:20:41+00:00","author":{"@id":"https:\/\/www.visit-ulcinj.com\/blog\/#\/schema\/person\/dcab619c614d3038751c63bc2aadc06d"},"description":"NJOFTIM Z. Esat Aloshi, i cili punon dhe jeton n\u00eb SHBA, p\u00ebr nder t\u00eb 28 N\u00ebntorit, Dit\u00ebs s\u00eb Flamurit dhe 100 vjetorit t\u00eb pavar\u00ebsis\u00eb s\u00eb Shqip\u00ebris\u00eb, vrapon","breadcrumb":{"@id":"https:\/\/www.visit-ulcinj.com\/blog\/2012\/11\/22\/per-nder-te-dites-se-flamuritz-esat-aloshi-vrapon-maratonen-ulqin-shkoder\/#breadcrumb"},"inLanguage":"en-US","potentialAction":[{"@type":"ReadAction","target":["https:\/\/www.visit-ulcinj.com\/blog\/2012\/11\/22\/per-nder-te-dites-se-flamuritz-esat-aloshi-vrapon-maratonen-ulqin-shkoder\/"]}]},{"@type":"BreadcrumbList","@id":"https:\/\/www.visit-ulcinj.com\/blog\/2012\/11\/22\/per-nder-te-dites-se-flamuritz-esat-aloshi-vrapon-maratonen-ulqin-shkoder\/#breadcrumb","itemListElement":[{"@type":"ListItem","position":1,"name":"P\u00ebr nder t\u00eb Dit\u00ebs s\u00eb Flamurit,Z. Esat Aloshi vrapon maraton\u00ebn Ulqin \u2013 Shkod\u00ebr"}]},{"@type":"Person","@id":"https:\/\/www.visit-ulcinj.com\/blog\/#\/schema\/person\/dcab619c614d3038751c63bc2aadc06d","name":"ulqini","sameAs":["http:\/\/www.visit-ulcinj.com"],"url":"https:\/\/www.visit-ulcinj.com\/blog\/author\/admin\/"}]}},"jetpack_featured_media_url":"","jetpack_sharing_enabled":true,"jetpack_shortlink":"https:\/\/wp.me\/pe6lTn-hai","_links":{"self":[{"href":"https:\/\/www.visit-ulcinj.com\/blog\/wp-json\/wp\/v2\/posts\/65986"}],"collection":[{"href":"https:\/\/www.visit-ulcinj.com\/blog\/wp-json\/wp\/v2\/posts"}],"about":[{"href":"https:\/\/www.visit-ulcinj.com\/blog\/wp-json\/wp\/v2\/types\/post"}],"author":[{"embeddable":true,"href":"https:\/\/www.visit-ulcinj.com\/blog\/wp-json\/wp\/v2\/users\/1"}],"replies":[{"embeddable":true,"href":"https:\/\/www.visit-ulcinj.com\/blog\/wp-json\/wp\/v2\/comments?post=65986"}],"version-history":[{"count":5,"href":"https:\/\/www.visit-ulcinj.com\/blog\/wp-json\/wp\/v2\/posts\/65986\/revisions"}],"predecessor-version":[{"id":66050,"href":"https:\/\/www.visit-ulcinj.com\/blog\/wp-json\/wp\/v2\/posts\/65986\/revisions\/66050"}],"wp:attachment":[{"href":"https:\/\/www.visit-ulcinj.com\/blog\/wp-json\/wp\/v2\/media?parent=65986"}],"wp:term":[{"taxonomy":"category","embeddable":true,"href":"https:\/\/www.visit-ulcinj.com\/blog\/wp-json\/wp\/v2\/categories?post=65986"},{"taxonomy":"post_tag","embeddable":true,"href":"https:\/\/www.visit-ulcinj.com\/blog\/wp-json\/wp\/v2\/tags?post=65986"}],"curies":[{"name":"wp","href":"https:\/\/api.w.org\/{rel}","templated":true}]}}