{"id":66016,"date":"2012-11-24T06:24:30","date_gmt":"2012-11-24T05:24:30","guid":{"rendered":"http:\/\/www.visit-ulcinj.com\/blog\/?p=66016"},"modified":"2012-11-28T18:44:54","modified_gmt":"2012-11-28T17:44:54","slug":"studentet-e-ulqinit-ne-prishtinefestojne-100-vjetorin-e-pavaresise-se-shqiperise","status":"publish","type":"post","link":"https:\/\/www.visit-ulcinj.com\/blog\/2012\/11\/24\/studentet-e-ulqinit-ne-prishtinefestojne-100-vjetorin-e-pavaresise-se-shqiperise\/","title":{"rendered":"Student\u00ebt e Ulqinit n\u00eb Prishtin\u00eb,festojn\u00eb 100-vjetorin e Pavar\u00ebsis\u00eb s\u00eb Shqip\u00ebris\u00eb &#8211; Video"},"content":{"rendered":"<p><a href=\"http:\/\/www.visit-ulcinj.com\/blog\/wp-content\/uploads\/2012\/11\/Student\u00ebt-e-Ulqinit-n\u00eb-Prishtin\u00ebfestojn\u00eb-100-vjetorin.5.jpg\"><img loading=\"lazy\" class=\"alignleft  wp-image-66018\" title=\"Student\u00ebt e Ulqinit n\u00eb Prishtin\u00eb,festojn\u00eb 100-vjetorin.5\" src=\"http:\/\/www.visit-ulcinj.com\/blog\/wp-content\/uploads\/2012\/11\/Student\u00ebt-e-Ulqinit-n\u00eb-Prishtin\u00ebfestojn\u00eb-100-vjetorin.5.jpg\" alt=\"\" width=\"508\" height=\"360\" \/><\/a>Me rastin e 100-vjetorit t\u00eb Pavar\u00ebsis\u00eb s\u00eb Shqip\u00ebris\u00eb, festimet u ndjen\u00eb edhe tek student\u00ebt nga Ulqini,Ana Malit dhe viseve tjera nga Mali I Zi n\u00eb Prishtin\u00eb.N\u00eb ceremonin\u00eb e organizuar p\u00ebr k\u00ebt\u00eb 100-vjetor nj\u00eb p\u00ebrsh\u00ebndetje t\u00eb ve\u00e7ant\u00eb jan\u00eb duke na dhuruar\u00a0 studentet ulqinak\u00eb duke u fotografuar\u00a0 p\u00ebr\u00a0 nder t\u00eb 100-vjetorit t\u00eb Pavar\u00ebsis\u00eb s\u00eb Shqip\u00ebris\u00eb.<\/p>\n<p><iframe loading=\"lazy\" width=\"508\" height=\"360\" src=\"http:\/\/www.youtube.com\/embed\/N2Nx6XaGf8M?rel=0\" frameborder=\"0\" allowfullscreen><\/iframe><\/p>\n<p>Shiko Fotografit\u00eb t\u00eb postuara n\u00eb Facebook:<\/p>\n<p><strong><a id=\"js_12\" href=\"https:\/\/www.facebook.com\/pages\/Student%C3%ABt-e-Ulqinit-n%C3%AB-Prishtin%C3%AB\/372112942844008\" data-hovercard=\"\/ajax\/hovercard\/page.php?id=372112942844008\">Student\u00ebt e Ulqinit n\u00eb Prishtin\u00eb<\/a><\/strong><\/p>\n<p>\n\t\t<style type=\"text\/css\">\n\t\t\t#gallery-1 {\n\t\t\t\tmargin: auto;\n\t\t\t}\n\t\t\t#gallery-1 .gallery-item {\n\t\t\t\tfloat: left;\n\t\t\t\tmargin-top: 10px;\n\t\t\t\ttext-align: center;\n\t\t\t\twidth: 33%;\n\t\t\t}\n\t\t\t#gallery-1 img {\n\t\t\t\tborder: 2px solid #cfcfcf;\n\t\t\t}\n\t\t\t#gallery-1 .gallery-caption {\n\t\t\t\tmargin-left: 0;\n\t\t\t}\n\t\t\t\/* see gallery_shortcode() in wp-includes\/media.php *\/\n\t\t<\/style>\n\t\t<div id='gallery-1' class='gallery galleryid-66016 gallery-columns-3 gallery-size-thumbnail'><dl class='gallery-item'>\n\t\t\t<dt class='gallery-icon landscape'>\n\t\t\t\t<a href='https:\/\/www.visit-ulcinj.com\/blog\/wp-content\/uploads\/2012\/11\/Student\u00ebt-e-Ulqinit-n\u00eb-Prishtin\u00ebfestojn\u00eb-100-vjetorin.5.jpg'><img width=\"150\" height=\"150\" src=\"https:\/\/www.visit-ulcinj.com\/blog\/wp-content\/uploads\/2012\/11\/Student\u00ebt-e-Ulqinit-n\u00eb-Prishtin\u00ebfestojn\u00eb-100-vjetorin.5-150x150.jpg\" class=\"attachment-thumbnail size-thumbnail\" alt=\"\" loading=\"lazy\" \/><\/a>\n\t\t\t<\/dt><\/dl><dl class='gallery-item'>\n\t\t\t<dt class='gallery-icon landscape'>\n\t\t\t\t<a href='https:\/\/www.visit-ulcinj.com\/blog\/wp-content\/uploads\/2012\/11\/Student\u00ebt-e-Ulqinit-n\u00eb-Prishtin\u00ebfestojn\u00eb-100-vjetorin.6.jpg'><img width=\"150\" height=\"150\" src=\"https:\/\/www.visit-ulcinj.com\/blog\/wp-content\/uploads\/2012\/11\/Student\u00ebt-e-Ulqinit-n\u00eb-Prishtin\u00ebfestojn\u00eb-100-vjetorin.6-150x150.jpg\" class=\"attachment-thumbnail size-thumbnail\" alt=\"\" loading=\"lazy\" \/><\/a>\n\t\t\t<\/dt><\/dl><dl class='gallery-item'>\n\t\t\t<dt class='gallery-icon landscape'>\n\t\t\t\t<a href='https:\/\/www.visit-ulcinj.com\/blog\/wp-content\/uploads\/2012\/11\/Student\u00ebt-e-Ulqinit-n\u00eb-Prishtin\u00ebfestojn\u00eb-100-vjetorin.3.jpg'><img width=\"150\" height=\"150\" src=\"https:\/\/www.visit-ulcinj.com\/blog\/wp-content\/uploads\/2012\/11\/Student\u00ebt-e-Ulqinit-n\u00eb-Prishtin\u00ebfestojn\u00eb-100-vjetorin.3-150x150.jpg\" class=\"attachment-thumbnail size-thumbnail\" alt=\"\" loading=\"lazy\" \/><\/a>\n\t\t\t<\/dt><\/dl><br style=\"clear: both\" \/><dl class='gallery-item'>\n\t\t\t<dt class='gallery-icon landscape'>\n\t\t\t\t<a href='https:\/\/www.visit-ulcinj.com\/blog\/wp-content\/uploads\/2012\/11\/Student\u00ebt-e-Ulqinit-n\u00eb-Prishtin\u00ebfestojn\u00eb-100-vjetorin.2.jpg'><img width=\"150\" height=\"150\" src=\"https:\/\/www.visit-ulcinj.com\/blog\/wp-content\/uploads\/2012\/11\/Student\u00ebt-e-Ulqinit-n\u00eb-Prishtin\u00ebfestojn\u00eb-100-vjetorin.2-150x150.jpg\" class=\"attachment-thumbnail size-thumbnail\" alt=\"\" loading=\"lazy\" \/><\/a>\n\t\t\t<\/dt><\/dl><dl class='gallery-item'>\n\t\t\t<dt class='gallery-icon portrait'>\n\t\t\t\t<a href='https:\/\/www.visit-ulcinj.com\/blog\/wp-content\/uploads\/2012\/11\/Student\u00ebt-e-Ulqinit-n\u00eb-Prishtin\u00ebfestojn\u00eb-100-vjetorin.1.jpg'><img width=\"150\" height=\"150\" src=\"https:\/\/www.visit-ulcinj.com\/blog\/wp-content\/uploads\/2012\/11\/Student\u00ebt-e-Ulqinit-n\u00eb-Prishtin\u00ebfestojn\u00eb-100-vjetorin.1-150x150.jpg\" class=\"attachment-thumbnail size-thumbnail\" alt=\"\" loading=\"lazy\" \/><\/a>\n\t\t\t<\/dt><\/dl><dl class='gallery-item'>\n\t\t\t<dt class='gallery-icon landscape'>\n\t\t\t\t<a href='https:\/\/www.visit-ulcinj.com\/blog\/wp-content\/uploads\/2012\/11\/Student\u00ebt-e-Ulqinit-n\u00eb-Prishtin\u00ebfestojn\u00eb-100-vjetorin.4.jpg'><img width=\"150\" height=\"150\" src=\"https:\/\/www.visit-ulcinj.com\/blog\/wp-content\/uploads\/2012\/11\/Student\u00ebt-e-Ulqinit-n\u00eb-Prishtin\u00ebfestojn\u00eb-100-vjetorin.4-150x150.jpg\" class=\"attachment-thumbnail size-thumbnail\" alt=\"\" loading=\"lazy\" \/><\/a>\n\t\t\t<\/dt><\/dl><br style=\"clear: both\" \/>\n\t\t<\/div>\n<br \/>\n<iframe loading=\"lazy\" src=\"http:\/\/www.youtube.com\/embed\/LSf9CLtS0cQ?rel=0\" frameborder=\"0\" width=\"508\" height=\"360\"><\/iframe><\/p>\n","protected":false},"excerpt":{"rendered":"<p>Me rastin e 100-vjetorit t\u00eb Pavar\u00ebsis\u00eb s\u00eb Shqip\u00ebris\u00eb, festimet u ndjen\u00eb edhe tek student\u00ebt nga Ulqini,Ana Malit dhe viseve tjera nga Mali I Zi n\u00eb Prishtin\u00eb.N\u00eb ceremonin\u00eb e organizuar p\u00ebr k\u00ebt\u00eb 100-vjetor nj\u00eb p\u00ebrsh\u00ebndetje t\u00eb ve\u00e7ant\u00eb jan\u00eb duke na dhuruar\u00a0 studentet ulqinak\u00eb duke u fotografuar\u00a0 p\u00ebr\u00a0 nder t\u00eb 100-vjetorit t\u00eb Pavar\u00ebsis\u00eb s\u00eb Shqip\u00ebris\u00eb. Shiko Fotografit\u00eb [&hellip;]<\/p>\n","protected":false},"author":1,"featured_media":0,"comment_status":"open","ping_status":"closed","sticky":false,"template":"","format":"standard","meta":{"spay_email":"","jetpack_publicize_message":"","jetpack_is_tweetstorm":false,"jetpack_publicize_feature_enabled":true},"categories":[14],"tags":[212,2158,19480,21172,200,18],"jetpack_publicize_connections":[],"yoast_head":"<!-- This site is optimized with the Yoast SEO plugin v19.1 - https:\/\/yoast.com\/wordpress\/plugins\/seo\/ -->\n<title>Student\u00ebt e Ulqinit n\u00eb Prishtin\u00eb,festojn\u00eb 100-vjetorin e Pavar\u00ebsis\u00eb s\u00eb Shqip\u00ebris\u00eb - Video - Lajme nga Ulqini<\/title>\n<meta name=\"description\" content=\"Me rastin e 100-vjetorit t\u00eb Pavar\u00ebsis\u00eb s\u00eb Shqip\u00ebris\u00eb, festimet u ndjen\u00eb edhe tek student\u00ebt nga Ulqini,Ana Malit dhe viseve tjera nga Mali I Zi n\u00eb\" \/>\n<meta name=\"robots\" content=\"index, follow, max-snippet:-1, max-image-preview:large, max-video-preview:-1\" \/>\n<link rel=\"canonical\" href=\"https:\/\/www.visit-ulcinj.com\/blog\/2012\/11\/24\/studentet-e-ulqinit-ne-prishtinefestojne-100-vjetorin-e-pavaresise-se-shqiperise\/\" \/>\n<meta property=\"og:locale\" content=\"en_US\" \/>\n<meta property=\"og:type\" content=\"article\" \/>\n<meta property=\"og:title\" content=\"Student\u00ebt e Ulqinit n\u00eb Prishtin\u00eb,festojn\u00eb 100-vjetorin e Pavar\u00ebsis\u00eb s\u00eb Shqip\u00ebris\u00eb - Video - Lajme nga Ulqini\" \/>\n<meta property=\"og:description\" content=\"Me rastin e 100-vjetorit t\u00eb Pavar\u00ebsis\u00eb s\u00eb Shqip\u00ebris\u00eb, festimet u ndjen\u00eb edhe tek student\u00ebt nga Ulqini,Ana Malit dhe viseve tjera nga Mali I Zi n\u00eb\" \/>\n<meta property=\"og:url\" content=\"https:\/\/www.visit-ulcinj.com\/blog\/2012\/11\/24\/studentet-e-ulqinit-ne-prishtinefestojne-100-vjetorin-e-pavaresise-se-shqiperise\/\" \/>\n<meta property=\"og:site_name\" content=\"Lajme nga Ulqini\" \/>\n<meta property=\"article:published_time\" content=\"2012-11-24T05:24:30+00:00\" \/>\n<meta property=\"article:modified_time\" content=\"2012-11-28T17:44:54+00:00\" \/>\n<meta property=\"og:image\" content=\"https:\/\/www.visit-ulcinj.com\/blog\/wp-content\/uploads\/2012\/11\/Student\u00ebt-e-Ulqinit-n\u00eb-Prishtin\u00ebfestojn\u00eb-100-vjetorin.5-150x150.jpg\" \/>\n<meta name=\"twitter:label1\" content=\"Written by\" \/>\n\t<meta name=\"twitter:data1\" content=\"ulqini\" \/>\n<script type=\"application\/ld+json\" class=\"yoast-schema-graph\">{\"@context\":\"https:\/\/schema.org\",\"@graph\":[{\"@type\":\"WebSite\",\"@id\":\"https:\/\/www.visit-ulcinj.com\/blog\/#website\",\"url\":\"https:\/\/www.visit-ulcinj.com\/blog\/\",\"name\":\"Lajme nga Ulqini\",\"description\":\"Lajme,Vijesti,Ulqini,Ulqin,Crna Gora,Mali i Zi\",\"potentialAction\":[{\"@type\":\"SearchAction\",\"target\":{\"@type\":\"EntryPoint\",\"urlTemplate\":\"https:\/\/www.visit-ulcinj.com\/blog\/?s={search_term_string}\"},\"query-input\":\"required name=search_term_string\"}],\"inLanguage\":\"en-US\"},{\"@type\":\"WebPage\",\"@id\":\"https:\/\/www.visit-ulcinj.com\/blog\/2012\/11\/24\/studentet-e-ulqinit-ne-prishtinefestojne-100-vjetorin-e-pavaresise-se-shqiperise\/#webpage\",\"url\":\"https:\/\/www.visit-ulcinj.com\/blog\/2012\/11\/24\/studentet-e-ulqinit-ne-prishtinefestojne-100-vjetorin-e-pavaresise-se-shqiperise\/\",\"name\":\"Student\u00ebt e Ulqinit n\u00eb Prishtin\u00eb,festojn\u00eb 100-vjetorin e Pavar\u00ebsis\u00eb s\u00eb Shqip\u00ebris\u00eb - Video - Lajme nga Ulqini\",\"isPartOf\":{\"@id\":\"https:\/\/www.visit-ulcinj.com\/blog\/#website\"},\"datePublished\":\"2012-11-24T05:24:30+00:00\",\"dateModified\":\"2012-11-28T17:44:54+00:00\",\"author\":{\"@id\":\"https:\/\/www.visit-ulcinj.com\/blog\/#\/schema\/person\/dcab619c614d3038751c63bc2aadc06d\"},\"description\":\"Me rastin e 100-vjetorit t\u00eb Pavar\u00ebsis\u00eb s\u00eb Shqip\u00ebris\u00eb, festimet u ndjen\u00eb edhe tek student\u00ebt nga Ulqini,Ana Malit dhe viseve tjera nga Mali I Zi n\u00eb\",\"breadcrumb\":{\"@id\":\"https:\/\/www.visit-ulcinj.com\/blog\/2012\/11\/24\/studentet-e-ulqinit-ne-prishtinefestojne-100-vjetorin-e-pavaresise-se-shqiperise\/#breadcrumb\"},\"inLanguage\":\"en-US\",\"potentialAction\":[{\"@type\":\"ReadAction\",\"target\":[\"https:\/\/www.visit-ulcinj.com\/blog\/2012\/11\/24\/studentet-e-ulqinit-ne-prishtinefestojne-100-vjetorin-e-pavaresise-se-shqiperise\/\"]}]},{\"@type\":\"BreadcrumbList\",\"@id\":\"https:\/\/www.visit-ulcinj.com\/blog\/2012\/11\/24\/studentet-e-ulqinit-ne-prishtinefestojne-100-vjetorin-e-pavaresise-se-shqiperise\/#breadcrumb\",\"itemListElement\":[{\"@type\":\"ListItem\",\"position\":1,\"name\":\"Student\u00ebt e Ulqinit n\u00eb Prishtin\u00eb,festojn\u00eb 100-vjetorin e Pavar\u00ebsis\u00eb s\u00eb Shqip\u00ebris\u00eb &#8211; Video\"}]},{\"@type\":\"Person\",\"@id\":\"https:\/\/www.visit-ulcinj.com\/blog\/#\/schema\/person\/dcab619c614d3038751c63bc2aadc06d\",\"name\":\"ulqini\",\"sameAs\":[\"http:\/\/www.visit-ulcinj.com\"],\"url\":\"https:\/\/www.visit-ulcinj.com\/blog\/author\/admin\/\"}]}<\/script>\n<!-- \/ Yoast SEO plugin. -->","yoast_head_json":{"title":"Student\u00ebt e Ulqinit n\u00eb Prishtin\u00eb,festojn\u00eb 100-vjetorin e Pavar\u00ebsis\u00eb s\u00eb Shqip\u00ebris\u00eb - Video - Lajme nga Ulqini","description":"Me rastin e 100-vjetorit t\u00eb Pavar\u00ebsis\u00eb s\u00eb Shqip\u00ebris\u00eb, festimet u ndjen\u00eb edhe tek student\u00ebt nga Ulqini,Ana Malit dhe viseve tjera nga Mali I Zi n\u00eb","robots":{"index":"index","follow":"follow","max-snippet":"max-snippet:-1","max-image-preview":"max-image-preview:large","max-video-preview":"max-video-preview:-1"},"canonical":"https:\/\/www.visit-ulcinj.com\/blog\/2012\/11\/24\/studentet-e-ulqinit-ne-prishtinefestojne-100-vjetorin-e-pavaresise-se-shqiperise\/","og_locale":"en_US","og_type":"article","og_title":"Student\u00ebt e Ulqinit n\u00eb Prishtin\u00eb,festojn\u00eb 100-vjetorin e Pavar\u00ebsis\u00eb s\u00eb Shqip\u00ebris\u00eb - Video - Lajme nga Ulqini","og_description":"Me rastin e 100-vjetorit t\u00eb Pavar\u00ebsis\u00eb s\u00eb Shqip\u00ebris\u00eb, festimet u ndjen\u00eb edhe tek student\u00ebt nga Ulqini,Ana Malit dhe viseve tjera nga Mali I Zi n\u00eb","og_url":"https:\/\/www.visit-ulcinj.com\/blog\/2012\/11\/24\/studentet-e-ulqinit-ne-prishtinefestojne-100-vjetorin-e-pavaresise-se-shqiperise\/","og_site_name":"Lajme nga Ulqini","article_published_time":"2012-11-24T05:24:30+00:00","article_modified_time":"2012-11-28T17:44:54+00:00","og_image":[{"url":"https:\/\/www.visit-ulcinj.com\/blog\/wp-content\/uploads\/2012\/11\/Student\u00ebt-e-Ulqinit-n\u00eb-Prishtin\u00ebfestojn\u00eb-100-vjetorin.5-150x150.jpg"}],"twitter_misc":{"Written by":"ulqini"},"schema":{"@context":"https:\/\/schema.org","@graph":[{"@type":"WebSite","@id":"https:\/\/www.visit-ulcinj.com\/blog\/#website","url":"https:\/\/www.visit-ulcinj.com\/blog\/","name":"Lajme nga Ulqini","description":"Lajme,Vijesti,Ulqini,Ulqin,Crna Gora,Mali i Zi","potentialAction":[{"@type":"SearchAction","target":{"@type":"EntryPoint","urlTemplate":"https:\/\/www.visit-ulcinj.com\/blog\/?s={search_term_string}"},"query-input":"required name=search_term_string"}],"inLanguage":"en-US"},{"@type":"WebPage","@id":"https:\/\/www.visit-ulcinj.com\/blog\/2012\/11\/24\/studentet-e-ulqinit-ne-prishtinefestojne-100-vjetorin-e-pavaresise-se-shqiperise\/#webpage","url":"https:\/\/www.visit-ulcinj.com\/blog\/2012\/11\/24\/studentet-e-ulqinit-ne-prishtinefestojne-100-vjetorin-e-pavaresise-se-shqiperise\/","name":"Student\u00ebt e Ulqinit n\u00eb Prishtin\u00eb,festojn\u00eb 100-vjetorin e Pavar\u00ebsis\u00eb s\u00eb Shqip\u00ebris\u00eb - Video - Lajme nga Ulqini","isPartOf":{"@id":"https:\/\/www.visit-ulcinj.com\/blog\/#website"},"datePublished":"2012-11-24T05:24:30+00:00","dateModified":"2012-11-28T17:44:54+00:00","author":{"@id":"https:\/\/www.visit-ulcinj.com\/blog\/#\/schema\/person\/dcab619c614d3038751c63bc2aadc06d"},"description":"Me rastin e 100-vjetorit t\u00eb Pavar\u00ebsis\u00eb s\u00eb Shqip\u00ebris\u00eb, festimet u ndjen\u00eb edhe tek student\u00ebt nga Ulqini,Ana Malit dhe viseve tjera nga Mali I Zi n\u00eb","breadcrumb":{"@id":"https:\/\/www.visit-ulcinj.com\/blog\/2012\/11\/24\/studentet-e-ulqinit-ne-prishtinefestojne-100-vjetorin-e-pavaresise-se-shqiperise\/#breadcrumb"},"inLanguage":"en-US","potentialAction":[{"@type":"ReadAction","target":["https:\/\/www.visit-ulcinj.com\/blog\/2012\/11\/24\/studentet-e-ulqinit-ne-prishtinefestojne-100-vjetorin-e-pavaresise-se-shqiperise\/"]}]},{"@type":"BreadcrumbList","@id":"https:\/\/www.visit-ulcinj.com\/blog\/2012\/11\/24\/studentet-e-ulqinit-ne-prishtinefestojne-100-vjetorin-e-pavaresise-se-shqiperise\/#breadcrumb","itemListElement":[{"@type":"ListItem","position":1,"name":"Student\u00ebt e Ulqinit n\u00eb Prishtin\u00eb,festojn\u00eb 100-vjetorin e Pavar\u00ebsis\u00eb s\u00eb Shqip\u00ebris\u00eb &#8211; Video"}]},{"@type":"Person","@id":"https:\/\/www.visit-ulcinj.com\/blog\/#\/schema\/person\/dcab619c614d3038751c63bc2aadc06d","name":"ulqini","sameAs":["http:\/\/www.visit-ulcinj.com"],"url":"https:\/\/www.visit-ulcinj.com\/blog\/author\/admin\/"}]}},"jetpack_featured_media_url":"","jetpack_sharing_enabled":true,"jetpack_shortlink":"https:\/\/wp.me\/pe6lTn-haM","_links":{"self":[{"href":"https:\/\/www.visit-ulcinj.com\/blog\/wp-json\/wp\/v2\/posts\/66016"}],"collection":[{"href":"https:\/\/www.visit-ulcinj.com\/blog\/wp-json\/wp\/v2\/posts"}],"about":[{"href":"https:\/\/www.visit-ulcinj.com\/blog\/wp-json\/wp\/v2\/types\/post"}],"author":[{"embeddable":true,"href":"https:\/\/www.visit-ulcinj.com\/blog\/wp-json\/wp\/v2\/users\/1"}],"replies":[{"embeddable":true,"href":"https:\/\/www.visit-ulcinj.com\/blog\/wp-json\/wp\/v2\/comments?post=66016"}],"version-history":[{"count":3,"href":"https:\/\/www.visit-ulcinj.com\/blog\/wp-json\/wp\/v2\/posts\/66016\/revisions"}],"predecessor-version":[{"id":66097,"href":"https:\/\/www.visit-ulcinj.com\/blog\/wp-json\/wp\/v2\/posts\/66016\/revisions\/66097"}],"wp:attachment":[{"href":"https:\/\/www.visit-ulcinj.com\/blog\/wp-json\/wp\/v2\/media?parent=66016"}],"wp:term":[{"taxonomy":"category","embeddable":true,"href":"https:\/\/www.visit-ulcinj.com\/blog\/wp-json\/wp\/v2\/categories?post=66016"},{"taxonomy":"post_tag","embeddable":true,"href":"https:\/\/www.visit-ulcinj.com\/blog\/wp-json\/wp\/v2\/tags?post=66016"}],"curies":[{"name":"wp","href":"https:\/\/api.w.org\/{rel}","templated":true}]}}