{"id":66025,"date":"2012-11-24T07:03:46","date_gmt":"2012-11-24T06:03:46","guid":{"rendered":"http:\/\/www.visit-ulcinj.com\/blog\/?p=66025"},"modified":"2012-11-25T00:01:17","modified_gmt":"2012-11-24T23:01:17","slug":"ne-rozhaje-u-shenua-100-vjetori-i-pavaresise-se-shqiperise-dhe-festa-e-flamurit","status":"publish","type":"post","link":"https:\/\/www.visit-ulcinj.com\/blog\/2012\/11\/24\/ne-rozhaje-u-shenua-100-vjetori-i-pavaresise-se-shqiperise-dhe-festa-e-flamurit\/","title":{"rendered":"N\u00eb Rozhaj\u00eb u sh\u00ebnua 100 vjetori i Pavar\u00ebsis\u00eb s\u00eb Shqip\u00ebris\u00eb dhe festa e Flamurit"},"content":{"rendered":"<p id=\"yui_3_7_2_1_1353443595640_108\"><strong><a href=\"http:\/\/www.visit-ulcinj.com\/blog\/wp-content\/uploads\/2012\/11\/Koncert-festiv-ne-Rozhaje-me-rastin-e-100-vjetorit-te-pavaresise.1.jpg\"><img loading=\"lazy\" class=\"alignleft  wp-image-66027\" title=\"Koncert festiv ne Rozhaje me rastin e 100 vjetorit te pavaresise!.1\" src=\"http:\/\/www.visit-ulcinj.com\/blog\/wp-content\/uploads\/2012\/11\/Koncert-festiv-ne-Rozhaje-me-rastin-e-100-vjetorit-te-pavaresise.1.jpg\" alt=\"\" width=\"508\" height=\"360\" \/><\/a>T\u00eb premten me 16 n\u00ebntor n\u00eb Qendren p\u00ebr Kultur\u00eb n\u00eb Rozhaj\u00eb u sh\u00ebnua 100 vjetori i Pavar\u00ebsis\u00eb s\u00eb Shqip\u00ebris\u00eb dhe festa e Flamurit Komb\u00ebtar\u00eb<\/strong><\/p>\n<p><strong>Nga Ali\u00a0\u00a0Daci<\/strong><\/p>\n<p>K\u00ebshillin Nacional i Shqiptar\u00ebve n\u00eb Malin e Zi Fest\u00ebn\u00a0\u00a0e Falmurit dhe 100 \u2013vjetorin e Pavar\u00ebsis\u00eb s\u00eb Shqip\u00ebris\u00eb n\u00eb m\u00ebnyr\u00eb dinjitoze e ka sh\u00ebnuar edhe n\u00eb qytetin e Rozhaj\u00ebs. Ka qen\u00eb e vog\u00ebl salla e Qendres p\u00ebr Kultur\u00eb p\u00ebr t\u00eb pranuar t\u00eb gjith\u00eb shqiptr\u00ebt por edhe t\u00eb tjer\u00ebt t\u00eb cil\u00ebt kan\u00eb marr\u00eb pjes\u00eb n\u00eb k\u00ebt\u00eb manifesti. Pas intonimit\u00a0\u00a0t\u00eb Hymnit Kombetr\u00eb t\u00eb pranishmit i p\u00ebrshendeti Ali Daci i cili i p\u00ebrg\u00ebzoj p\u00ebr festen jubilare gjith\u00ebkombetare dhe foli p\u00ebr p\u00ebripetit e p\u00ebrdorimit t\u00eb fest\u00ebs s\u00eb Flamurit gjat\u00eb Luft\u00ebs s\u00eb Dyt\u00eb Bot\u00ebrore dhe pas saj. Ai tha se festa e flamurit n\u00eb Rozhaj\u00eb u kremtua me 28 n\u00ebntor t\u00eb vitit 1943 kur Rozhaja ishte n\u00ebnprefektur\u00eb e Prefektur e prefektur\u00ebs s\u00eb Pej\u00ebs dhe deri n\u00eb vitin 1990 \u00ebsht\u00eb sh\u00ebnuar me veshtir\u00ebsi. Nga viti 1990 LD n\u00eb MZ n\u00eb m\u00ebnyr\u00eb t\u00eb organizuar ka sh\u00ebnuar k\u00ebt\u00eb fest\u00eb. Nga viti 2008 Festa e falmurit shenohet n\u00ebn patronatin e KNSH-s\u00eb. Historiani\u00a0\u00a0Isuf Daci foli p\u00ebr historikun e pamvarlsimit t\u00eb Shqip\u00ebris\u00eb.<br \/>\n<a href=\"http:\/\/www.visit-ulcinj.com\/blog\/wp-content\/uploads\/2012\/11\/Koncert-festiv-ne-Rozhaje-me-rastin-e-100-vjetorit-te-pavaresise.jpg\"><img loading=\"lazy\" class=\"alignleft  wp-image-66028\" title=\"Koncert festiv ne Rozhaje me rastin e 100 vjetorit te pavaresise!\" src=\"http:\/\/www.visit-ulcinj.com\/blog\/wp-content\/uploads\/2012\/11\/Koncert-festiv-ne-Rozhaje-me-rastin-e-100-vjetorit-te-pavaresise.jpg\" alt=\"\" width=\"508\" height=\"300\" \/><\/a><\/p>\n<p>Kryetari i KNSH-s\u00eb z. Tahir\u00a0\u00a0Tahiri n\u00eb fjal\u00ebn p\u00ebrshendet\u00ebse tha se\u00a0Ky symbol I yni, theksoi me tej kryetari Tahiri,eshte embleme e ardhmerise qe na I hap shtigjet e bashkimit ne familjen e madhe te shteteve demokratike. Te udhehequr nga idealet me te larta te atdhedashurise dhe nga ky flamur patriotet me te mdhej te kombit dhe itelektualet e shquar shqiptare para 100 viteve e bene shqiperine shtet te pavarur e Sovran, theksoi Tahiri. M\u00eb duartrokitje u prit kryetari i Komun\u00ebs s\u00eb Kelmendit z. Gjerto Dukaj i cili p\u00ebrshendtei t\u00ebanishmit\u00a0\u00a0dhe theksoj se\u00a0Kombi yne 100 vjet m\u00eb par\u00eb do t\u00eb cop\u00ebtohej n\u00eb m\u00ebnyr\u00eb barbare, ndersa sot, koha eshte ne favorin e shqiptareve dhe ne duhet ta perdorim mire ate, per te punuar te bashkuar ne te mire te gjithe hapesirave shqiptare.<\/p>\n<p>Pas 100 vitesh Kosova \u00ebsht\u00eb e lir\u00eb dhe e pavarur, ndaj dhe ne kemi 100 arsye m\u00eb shum\u00eb q\u00eb t\u00eb punojm\u00eb dhe t\u00eb besojm\u00eb p\u00ebr nj\u00eb t\u00eb ardhme t\u00eb ndritur t\u00eb Shqip\u00ebris\u00eb dhe shqiptar\u00ebve.<br \/>\n<a href=\"http:\/\/www.visit-ulcinj.com\/blog\/wp-content\/uploads\/2012\/11\/Koncert-festiv-ne-Rozhaje-me-rastin-e-100-vjetorit-te-pavaresise.2.jpg\"><img loading=\"lazy\" class=\"alignleft  wp-image-66029\" title=\"Koncert festiv ne Rozhaje me rastin e 100 vjetorit te pavaresise!.2\" src=\"http:\/\/www.visit-ulcinj.com\/blog\/wp-content\/uploads\/2012\/11\/Koncert-festiv-ne-Rozhaje-me-rastin-e-100-vjetorit-te-pavaresise.2.jpg\" alt=\"\" width=\"508\" height=\"300\" \/><\/a><\/p>\n<p>Sot, me shume se asnjehere tjeter t\u00eb bashkohemi me nj\u00ebri-tjetrin, t\u00eb bashkohemi me Europ\u00ebn.\u00a0Pastaj ka shtuar Dukaj se\u00a0\u00a0edhe ky takim, apo kjo feste eshte nje menyre e mire, por dhe keto kohet e fundit kemi krijuar nje tradite te pjesemarrjes ne eventet kulturore te trevave qe ndodhen afer dhe me lidhje jo vetem si shqiptare por edhe si kelmendas, sic jane ne Vuthaj, Rugove apo edhe sot ne Rozhaje. N\u00eb k\u00ebt\u00eb manifetim p\u00ebr historin\u00eb e Shqiperis\u00eb dhe t\u00eb Kosov\u00ebs ka folur Shkodran Imeraj historian nd\u00ebrsa n\u00eb emr\u00ebr t\u00eb komun\u00ebs s\u00eb De\u00e7anit festen u ka uruar Enver Osdautaj k\u00ebshilltar komunal.\u00a0\u00a0\u00c7un Laj\u00e7i ka hapur programin festiv m\u00eb monologun\u00a0\u00a0etij t\u00eb t\u00eb njohur \u201eLahuta e Malcis\u00eb\u201c . Programin artistik me p\u00ebrformanicen e tyre e kan\u00eb begatuar\u00a0\u00a0Ansambli i k\u00ebng\u00ebve dhe valleve i Qendres p\u00ebr Kulturr\u00eb i Rozhaj\u00ebs, Shoqata Kulturore \u201eJehona e Kelmendit\u201c, Ansambli Autokton Folklorik \u201eRugova\u201c , kengetri i mirenjohur Mal\u00ebsori, k\u00ebng\u00ebtaret Bali Kurpejoviq, Avdyl Husi, Isa Nik\u00e7i dhe k\u00ebngetre e k\u00ebngetre nga Rugova e Kelmendi. Ky manifetim u financua nga Fondi p\u00ebr Pakica n\u00eb Mal t\u00eb Zi.<\/p>\n<p><strong>Nga fjala pershendetese e kryetarit Tahir Tahiri ne Rozhaje, 16.11.2012<\/strong><\/p>\n<p>Te pranishmit te cilet ishin mbledhur per nder te Dites se Flamurit dhe 100 vjetorit te pavarsise I pershendeti dhe kryetari I KNSH-se Tahir Tahiri, I cili theksoi se dita e flamurit eshte nje dite e shenjte dhe madheshtore e kombit shqiptar. Kjo eshte nje prej datave dhe vlerave me te cmueshme te kombit tone, sepse ky flamur I mbajti te bashkuar per shekuj me rradhe te gjithe shqiptaret rreth idealit te tyre per liri e pavarsi. Ky symbol I yni, theksoi me tej kryetari Tahiri,eshte embleme e ardhmerise qe na I hap shtigjet e bashkimit ne familjen e madhe te shteteve demokratike. Te udhehequr nga idealet me te larta te atdhedashurise dhe nga ky flamur patriotet me te mdhej te kombit dhe itelektualet e shquar shqiptare para 100 viteve e bene shqiperine shtet te pavarur e Sovran, theksoi Tahiri. Pavarsia e shqiperise ,theksoi ai, gezoi pa mase mbare popullin shqiptare por edhe I deshperoi pa mase ata, sepse me teper se gjysma e shqiptareve mbeten jashte shtetit shqiptare. Marre ne pergjithesi shqiptaret sot, theksoi Tahiri ne fjalen e tij , megjithese te ndare ne shume shtete jane popull me I perparuar, me i zhvilluar , e me I arsimuar si ne shqiperi, kosove, e kudo tjeter ne ballkan. Mirpo shqiptaret ne Malin e Zi edhe pse ne disa aspekte kane perparime fatkeqsisht jane me pak ne numer se sa ishin para 100 viteve. Ku pothuajse cdo I dyti shqiptar eshte larguar nga vendi ku u lind dhe u rrit. Shembull tipik per kete eshte pikerisht Rozhaja, ku jemi tubuar edhe sot per te festuar kete 100 vjetor, ku para 100 viteve ne Rozhaje kishte mbi 85% shqiptare, kurse sot ne kete truall shqiptar jetojne me pak se 5%. Fati I njejte ka ndodh edhe me Plaven , Malesine, Krajen, Anen e Malit e Ulqinin. Kurse Tivari , per shkak te mergimit dhe asimilimit \u00a0\u00a0\u00a0te shqiptareve ketu, si qytet dikur I njohur si shqiptar, sot fatkeqsisht nuk esht I tille. Ne kete feste te madhe kombetare ,tha ne fjalen e tije Z.Tahiri , ne shqiptaret ne Malin e Zi kerkojme me te drejte kushte me te mira per jete dhe te drejta me te medha kombetare, te cilat po na mohohen dita dites e qe na takojne sepse jemi popull autokton ne trojet e veta shekullore. Per kete ,theksoi ne fjalen e tij Z.Tahiri, eshte e nevojshme qe I gjithe faktori politik shqiptare ne Malin e Zit e jete unik e I bashkuar sepse vetem si te bashkuar do te mund te arrijme qellimet dhe kerkesat tona per te miren e femijve tane e te brezave qe vijne pas nesh.<\/p>\n<p>Rozhaje, me 16.11.2012<\/p>\n<p><a href=\"https:\/\/www.facebook.com\/ali.daci.3\/photos_stream\" target=\"_blank\"><strong>P\u00ebr me shum Foto :Ali Daci Facebook<\/strong><\/a><\/p>\n<p><iframe loading=\"lazy\" src=\"http:\/\/www.youtube.com\/embed\/iiDCxnsHczo?rel=0\" frameborder=\"0\" width=\"508\" height=\"360\"><\/iframe><\/p>\n","protected":false},"excerpt":{"rendered":"<p>T\u00eb premten me 16 n\u00ebntor n\u00eb Qendren p\u00ebr Kultur\u00eb n\u00eb Rozhaj\u00eb u sh\u00ebnua 100 vjetori i Pavar\u00ebsis\u00eb s\u00eb Shqip\u00ebris\u00eb dhe festa e Flamurit Komb\u00ebtar\u00eb Nga Ali\u00a0\u00a0Daci K\u00ebshillin Nacional i Shqiptar\u00ebve n\u00eb Malin e Zi Fest\u00ebn\u00a0\u00a0e Falmurit dhe 100 \u2013vjetorin e Pavar\u00ebsis\u00eb s\u00eb Shqip\u00ebris\u00eb n\u00eb m\u00ebnyr\u00eb dinjitoze e ka sh\u00ebnuar edhe n\u00eb qytetin e Rozhaj\u00ebs. Ka [&hellip;]<\/p>\n","protected":false},"author":1,"featured_media":0,"comment_status":"open","ping_status":"closed","sticky":false,"template":"","format":"standard","meta":{"spay_email":"","jetpack_publicize_message":"","jetpack_is_tweetstorm":false,"jetpack_publicize_feature_enabled":true},"categories":[11],"tags":[19517,208],"jetpack_publicize_connections":[],"yoast_head":"<!-- This site is optimized with the Yoast SEO plugin v19.1 - https:\/\/yoast.com\/wordpress\/plugins\/seo\/ -->\n<title>N\u00eb Rozhaj\u00eb u sh\u00ebnua 100 vjetori i Pavar\u00ebsis\u00eb s\u00eb Shqip\u00ebris\u00eb dhe festa e Flamurit - Lajme nga Ulqini<\/title>\n<meta name=\"description\" content=\"T\u00eb premten me 16 n\u00ebntor n\u00eb Qendren p\u00ebr Kultur\u00eb n\u00eb Rozhaj\u00eb u sh\u00ebnua 100 vjetori i Pavar\u00ebsis\u00eb s\u00eb Shqip\u00ebris\u00eb dhe festa e Flamurit Komb\u00ebtar\u00eb Nga Ali\u00a0\u00a0Daci\" \/>\n<meta name=\"robots\" content=\"index, follow, max-snippet:-1, max-image-preview:large, max-video-preview:-1\" \/>\n<link rel=\"canonical\" href=\"https:\/\/www.visit-ulcinj.com\/blog\/2012\/11\/24\/ne-rozhaje-u-shenua-100-vjetori-i-pavaresise-se-shqiperise-dhe-festa-e-flamurit\/\" \/>\n<meta property=\"og:locale\" content=\"en_US\" \/>\n<meta property=\"og:type\" content=\"article\" \/>\n<meta property=\"og:title\" content=\"N\u00eb Rozhaj\u00eb u sh\u00ebnua 100 vjetori i Pavar\u00ebsis\u00eb s\u00eb Shqip\u00ebris\u00eb dhe festa e Flamurit - Lajme nga Ulqini\" \/>\n<meta property=\"og:description\" content=\"T\u00eb premten me 16 n\u00ebntor n\u00eb Qendren p\u00ebr Kultur\u00eb n\u00eb Rozhaj\u00eb u sh\u00ebnua 100 vjetori i Pavar\u00ebsis\u00eb s\u00eb Shqip\u00ebris\u00eb dhe festa e Flamurit Komb\u00ebtar\u00eb Nga Ali\u00a0\u00a0Daci\" \/>\n<meta property=\"og:url\" content=\"https:\/\/www.visit-ulcinj.com\/blog\/2012\/11\/24\/ne-rozhaje-u-shenua-100-vjetori-i-pavaresise-se-shqiperise-dhe-festa-e-flamurit\/\" \/>\n<meta property=\"og:site_name\" content=\"Lajme nga Ulqini\" \/>\n<meta property=\"article:published_time\" content=\"2012-11-24T06:03:46+00:00\" \/>\n<meta property=\"article:modified_time\" content=\"2012-11-24T23:01:17+00:00\" \/>\n<meta property=\"og:image\" content=\"http:\/\/www.visit-ulcinj.com\/blog\/wp-content\/uploads\/2012\/11\/Koncert-festiv-ne-Rozhaje-me-rastin-e-100-vjetorit-te-pavaresise.1.jpg\" \/>\n<meta name=\"twitter:label1\" content=\"Written by\" \/>\n\t<meta name=\"twitter:data1\" content=\"ulqini\" \/>\n\t<meta name=\"twitter:label2\" content=\"Est. reading time\" \/>\n\t<meta name=\"twitter:data2\" content=\"5 minutes\" \/>\n<script type=\"application\/ld+json\" class=\"yoast-schema-graph\">{\"@context\":\"https:\/\/schema.org\",\"@graph\":[{\"@type\":\"WebSite\",\"@id\":\"https:\/\/www.visit-ulcinj.com\/blog\/#website\",\"url\":\"https:\/\/www.visit-ulcinj.com\/blog\/\",\"name\":\"Lajme nga Ulqini\",\"description\":\"Lajme,Vijesti,Ulqini,Ulqin,Crna Gora,Mali i Zi\",\"potentialAction\":[{\"@type\":\"SearchAction\",\"target\":{\"@type\":\"EntryPoint\",\"urlTemplate\":\"https:\/\/www.visit-ulcinj.com\/blog\/?s={search_term_string}\"},\"query-input\":\"required name=search_term_string\"}],\"inLanguage\":\"en-US\"},{\"@type\":\"ImageObject\",\"inLanguage\":\"en-US\",\"@id\":\"https:\/\/www.visit-ulcinj.com\/blog\/2012\/11\/24\/ne-rozhaje-u-shenua-100-vjetori-i-pavaresise-se-shqiperise-dhe-festa-e-flamurit\/#primaryimage\",\"url\":\"https:\/\/www.visit-ulcinj.com\/blog\/wp-content\/uploads\/2012\/11\/Koncert-festiv-ne-Rozhaje-me-rastin-e-100-vjetorit-te-pavaresise.1.jpg\",\"contentUrl\":\"https:\/\/www.visit-ulcinj.com\/blog\/wp-content\/uploads\/2012\/11\/Koncert-festiv-ne-Rozhaje-me-rastin-e-100-vjetorit-te-pavaresise.1.jpg\",\"width\":\"960\",\"height\":\"640\"},{\"@type\":\"WebPage\",\"@id\":\"https:\/\/www.visit-ulcinj.com\/blog\/2012\/11\/24\/ne-rozhaje-u-shenua-100-vjetori-i-pavaresise-se-shqiperise-dhe-festa-e-flamurit\/#webpage\",\"url\":\"https:\/\/www.visit-ulcinj.com\/blog\/2012\/11\/24\/ne-rozhaje-u-shenua-100-vjetori-i-pavaresise-se-shqiperise-dhe-festa-e-flamurit\/\",\"name\":\"N\u00eb Rozhaj\u00eb u sh\u00ebnua 100 vjetori i Pavar\u00ebsis\u00eb s\u00eb Shqip\u00ebris\u00eb dhe festa e Flamurit - Lajme nga Ulqini\",\"isPartOf\":{\"@id\":\"https:\/\/www.visit-ulcinj.com\/blog\/#website\"},\"primaryImageOfPage\":{\"@id\":\"https:\/\/www.visit-ulcinj.com\/blog\/2012\/11\/24\/ne-rozhaje-u-shenua-100-vjetori-i-pavaresise-se-shqiperise-dhe-festa-e-flamurit\/#primaryimage\"},\"datePublished\":\"2012-11-24T06:03:46+00:00\",\"dateModified\":\"2012-11-24T23:01:17+00:00\",\"author\":{\"@id\":\"https:\/\/www.visit-ulcinj.com\/blog\/#\/schema\/person\/dcab619c614d3038751c63bc2aadc06d\"},\"description\":\"T\u00eb premten me 16 n\u00ebntor n\u00eb Qendren p\u00ebr Kultur\u00eb n\u00eb Rozhaj\u00eb u sh\u00ebnua 100 vjetori i Pavar\u00ebsis\u00eb s\u00eb Shqip\u00ebris\u00eb dhe festa e Flamurit Komb\u00ebtar\u00eb Nga Ali\u00a0\u00a0Daci\",\"breadcrumb\":{\"@id\":\"https:\/\/www.visit-ulcinj.com\/blog\/2012\/11\/24\/ne-rozhaje-u-shenua-100-vjetori-i-pavaresise-se-shqiperise-dhe-festa-e-flamurit\/#breadcrumb\"},\"inLanguage\":\"en-US\",\"potentialAction\":[{\"@type\":\"ReadAction\",\"target\":[\"https:\/\/www.visit-ulcinj.com\/blog\/2012\/11\/24\/ne-rozhaje-u-shenua-100-vjetori-i-pavaresise-se-shqiperise-dhe-festa-e-flamurit\/\"]}]},{\"@type\":\"BreadcrumbList\",\"@id\":\"https:\/\/www.visit-ulcinj.com\/blog\/2012\/11\/24\/ne-rozhaje-u-shenua-100-vjetori-i-pavaresise-se-shqiperise-dhe-festa-e-flamurit\/#breadcrumb\",\"itemListElement\":[{\"@type\":\"ListItem\",\"position\":1,\"name\":\"N\u00eb Rozhaj\u00eb u sh\u00ebnua 100 vjetori i Pavar\u00ebsis\u00eb s\u00eb Shqip\u00ebris\u00eb dhe festa e Flamurit\"}]},{\"@type\":\"Person\",\"@id\":\"https:\/\/www.visit-ulcinj.com\/blog\/#\/schema\/person\/dcab619c614d3038751c63bc2aadc06d\",\"name\":\"ulqini\",\"sameAs\":[\"http:\/\/www.visit-ulcinj.com\"],\"url\":\"https:\/\/www.visit-ulcinj.com\/blog\/author\/admin\/\"}]}<\/script>\n<!-- \/ Yoast SEO plugin. -->","yoast_head_json":{"title":"N\u00eb Rozhaj\u00eb u sh\u00ebnua 100 vjetori i Pavar\u00ebsis\u00eb s\u00eb Shqip\u00ebris\u00eb dhe festa e Flamurit - Lajme nga Ulqini","description":"T\u00eb premten me 16 n\u00ebntor n\u00eb Qendren p\u00ebr Kultur\u00eb n\u00eb Rozhaj\u00eb u sh\u00ebnua 100 vjetori i Pavar\u00ebsis\u00eb s\u00eb Shqip\u00ebris\u00eb dhe festa e Flamurit Komb\u00ebtar\u00eb Nga Ali\u00a0\u00a0Daci","robots":{"index":"index","follow":"follow","max-snippet":"max-snippet:-1","max-image-preview":"max-image-preview:large","max-video-preview":"max-video-preview:-1"},"canonical":"https:\/\/www.visit-ulcinj.com\/blog\/2012\/11\/24\/ne-rozhaje-u-shenua-100-vjetori-i-pavaresise-se-shqiperise-dhe-festa-e-flamurit\/","og_locale":"en_US","og_type":"article","og_title":"N\u00eb Rozhaj\u00eb u sh\u00ebnua 100 vjetori i Pavar\u00ebsis\u00eb s\u00eb Shqip\u00ebris\u00eb dhe festa e Flamurit - Lajme nga Ulqini","og_description":"T\u00eb premten me 16 n\u00ebntor n\u00eb Qendren p\u00ebr Kultur\u00eb n\u00eb Rozhaj\u00eb u sh\u00ebnua 100 vjetori i Pavar\u00ebsis\u00eb s\u00eb Shqip\u00ebris\u00eb dhe festa e Flamurit Komb\u00ebtar\u00eb Nga Ali\u00a0\u00a0Daci","og_url":"https:\/\/www.visit-ulcinj.com\/blog\/2012\/11\/24\/ne-rozhaje-u-shenua-100-vjetori-i-pavaresise-se-shqiperise-dhe-festa-e-flamurit\/","og_site_name":"Lajme nga Ulqini","article_published_time":"2012-11-24T06:03:46+00:00","article_modified_time":"2012-11-24T23:01:17+00:00","og_image":[{"url":"http:\/\/www.visit-ulcinj.com\/blog\/wp-content\/uploads\/2012\/11\/Koncert-festiv-ne-Rozhaje-me-rastin-e-100-vjetorit-te-pavaresise.1.jpg"}],"twitter_misc":{"Written by":"ulqini","Est. reading time":"5 minutes"},"schema":{"@context":"https:\/\/schema.org","@graph":[{"@type":"WebSite","@id":"https:\/\/www.visit-ulcinj.com\/blog\/#website","url":"https:\/\/www.visit-ulcinj.com\/blog\/","name":"Lajme nga Ulqini","description":"Lajme,Vijesti,Ulqini,Ulqin,Crna Gora,Mali i Zi","potentialAction":[{"@type":"SearchAction","target":{"@type":"EntryPoint","urlTemplate":"https:\/\/www.visit-ulcinj.com\/blog\/?s={search_term_string}"},"query-input":"required name=search_term_string"}],"inLanguage":"en-US"},{"@type":"ImageObject","inLanguage":"en-US","@id":"https:\/\/www.visit-ulcinj.com\/blog\/2012\/11\/24\/ne-rozhaje-u-shenua-100-vjetori-i-pavaresise-se-shqiperise-dhe-festa-e-flamurit\/#primaryimage","url":"https:\/\/www.visit-ulcinj.com\/blog\/wp-content\/uploads\/2012\/11\/Koncert-festiv-ne-Rozhaje-me-rastin-e-100-vjetorit-te-pavaresise.1.jpg","contentUrl":"https:\/\/www.visit-ulcinj.com\/blog\/wp-content\/uploads\/2012\/11\/Koncert-festiv-ne-Rozhaje-me-rastin-e-100-vjetorit-te-pavaresise.1.jpg","width":"960","height":"640"},{"@type":"WebPage","@id":"https:\/\/www.visit-ulcinj.com\/blog\/2012\/11\/24\/ne-rozhaje-u-shenua-100-vjetori-i-pavaresise-se-shqiperise-dhe-festa-e-flamurit\/#webpage","url":"https:\/\/www.visit-ulcinj.com\/blog\/2012\/11\/24\/ne-rozhaje-u-shenua-100-vjetori-i-pavaresise-se-shqiperise-dhe-festa-e-flamurit\/","name":"N\u00eb Rozhaj\u00eb u sh\u00ebnua 100 vjetori i Pavar\u00ebsis\u00eb s\u00eb Shqip\u00ebris\u00eb dhe festa e Flamurit - Lajme nga Ulqini","isPartOf":{"@id":"https:\/\/www.visit-ulcinj.com\/blog\/#website"},"primaryImageOfPage":{"@id":"https:\/\/www.visit-ulcinj.com\/blog\/2012\/11\/24\/ne-rozhaje-u-shenua-100-vjetori-i-pavaresise-se-shqiperise-dhe-festa-e-flamurit\/#primaryimage"},"datePublished":"2012-11-24T06:03:46+00:00","dateModified":"2012-11-24T23:01:17+00:00","author":{"@id":"https:\/\/www.visit-ulcinj.com\/blog\/#\/schema\/person\/dcab619c614d3038751c63bc2aadc06d"},"description":"T\u00eb premten me 16 n\u00ebntor n\u00eb Qendren p\u00ebr Kultur\u00eb n\u00eb Rozhaj\u00eb u sh\u00ebnua 100 vjetori i Pavar\u00ebsis\u00eb s\u00eb Shqip\u00ebris\u00eb dhe festa e Flamurit Komb\u00ebtar\u00eb Nga Ali\u00a0\u00a0Daci","breadcrumb":{"@id":"https:\/\/www.visit-ulcinj.com\/blog\/2012\/11\/24\/ne-rozhaje-u-shenua-100-vjetori-i-pavaresise-se-shqiperise-dhe-festa-e-flamurit\/#breadcrumb"},"inLanguage":"en-US","potentialAction":[{"@type":"ReadAction","target":["https:\/\/www.visit-ulcinj.com\/blog\/2012\/11\/24\/ne-rozhaje-u-shenua-100-vjetori-i-pavaresise-se-shqiperise-dhe-festa-e-flamurit\/"]}]},{"@type":"BreadcrumbList","@id":"https:\/\/www.visit-ulcinj.com\/blog\/2012\/11\/24\/ne-rozhaje-u-shenua-100-vjetori-i-pavaresise-se-shqiperise-dhe-festa-e-flamurit\/#breadcrumb","itemListElement":[{"@type":"ListItem","position":1,"name":"N\u00eb Rozhaj\u00eb u sh\u00ebnua 100 vjetori i Pavar\u00ebsis\u00eb s\u00eb Shqip\u00ebris\u00eb dhe festa e Flamurit"}]},{"@type":"Person","@id":"https:\/\/www.visit-ulcinj.com\/blog\/#\/schema\/person\/dcab619c614d3038751c63bc2aadc06d","name":"ulqini","sameAs":["http:\/\/www.visit-ulcinj.com"],"url":"https:\/\/www.visit-ulcinj.com\/blog\/author\/admin\/"}]}},"jetpack_featured_media_url":"","jetpack_sharing_enabled":true,"jetpack_shortlink":"https:\/\/wp.me\/pe6lTn-haV","_links":{"self":[{"href":"https:\/\/www.visit-ulcinj.com\/blog\/wp-json\/wp\/v2\/posts\/66025"}],"collection":[{"href":"https:\/\/www.visit-ulcinj.com\/blog\/wp-json\/wp\/v2\/posts"}],"about":[{"href":"https:\/\/www.visit-ulcinj.com\/blog\/wp-json\/wp\/v2\/types\/post"}],"author":[{"embeddable":true,"href":"https:\/\/www.visit-ulcinj.com\/blog\/wp-json\/wp\/v2\/users\/1"}],"replies":[{"embeddable":true,"href":"https:\/\/www.visit-ulcinj.com\/blog\/wp-json\/wp\/v2\/comments?post=66025"}],"version-history":[{"count":2,"href":"https:\/\/www.visit-ulcinj.com\/blog\/wp-json\/wp\/v2\/posts\/66025\/revisions"}],"predecessor-version":[{"id":66058,"href":"https:\/\/www.visit-ulcinj.com\/blog\/wp-json\/wp\/v2\/posts\/66025\/revisions\/66058"}],"wp:attachment":[{"href":"https:\/\/www.visit-ulcinj.com\/blog\/wp-json\/wp\/v2\/media?parent=66025"}],"wp:term":[{"taxonomy":"category","embeddable":true,"href":"https:\/\/www.visit-ulcinj.com\/blog\/wp-json\/wp\/v2\/categories?post=66025"},{"taxonomy":"post_tag","embeddable":true,"href":"https:\/\/www.visit-ulcinj.com\/blog\/wp-json\/wp\/v2\/tags?post=66025"}],"curies":[{"name":"wp","href":"https:\/\/api.w.org\/{rel}","templated":true}]}}