{"id":66042,"date":"2012-11-24T08:11:44","date_gmt":"2012-11-24T07:11:44","guid":{"rendered":"http:\/\/www.visit-ulcinj.com\/blog\/?p=66042"},"modified":"2012-11-24T08:13:15","modified_gmt":"2012-11-24T07:13:15","slug":"ulqini-sot-do-ta-shenoje-100-vjetorin-e-pavaresise","status":"publish","type":"post","link":"https:\/\/www.visit-ulcinj.com\/blog\/2012\/11\/24\/ulqini-sot-do-ta-shenoje-100-vjetorin-e-pavaresise\/","title":{"rendered":"Ulqini sot do ta sh\u00ebnoj\u00eb 100 vjetorin e Pavar\u00ebsis\u00eb"},"content":{"rendered":"<p><a href=\"http:\/\/www.visit-ulcinj.com\/blog\/wp-content\/uploads\/2012\/11\/Programi-i-Fest\u00ebs-s\u00eb-Flamurit-n\u00eb-Mal-t\u00eb-Zi1.jpg\"><img loading=\"lazy\" class=\"alignleft  wp-image-66043\" title=\"Programi-i-Fest\u00ebs-s\u00eb-Flamurit-n\u00eb-Mal-t\u00eb-Zi\" src=\"http:\/\/www.visit-ulcinj.com\/blog\/wp-content\/uploads\/2012\/11\/Programi-i-Fest\u00ebs-s\u00eb-Flamurit-n\u00eb-Mal-t\u00eb-Zi1.jpg\" alt=\"\" width=\"508\" height=\"360\" \/><\/a>Ne kuader te aktiviteteve te parashikuara me rastin e festimeve te 100 vjetorit te Pavaresise se Shqiperise, Keshilli Nacional i Shqiptareve ne Malin e Zi, nder te tjera ka mbeshtetur realizimin e nje shfaqeje artistike, te koreodrames e cila permes motiveve tona muzikore dhe etnografike,do te pasqyroje jeten e Shqiptareve ne Malin e Zi ne keto 100 vite.<br \/>\nKjo shfaqje artistike, do te vihet ne skene ne Akademine solemne e cila do te organizohet sot me daten 24 nentor ne Ulqin n\u00eb ora 19:00, ku do te jene te ftuar perfaqesues te larte nga Shqiperia, Kosova,Maqedonia, Mali i Zi si dhe personalitete te tjera te shquara kombetare.<br \/>\n<a href=\"http:\/\/www.visit-ulcinj.com\/blog\/wp-content\/uploads\/2012\/11\/Kalendari-\u2013-Shqiptar\u00ebt-n\u00eb-Mal-t\u00eb-Zi-n\u00eb-100-vite.11.jpg\"><img loading=\"lazy\" class=\"alignleft size-full wp-image-66044\" title=\"Kalendari-\u2013-Shqiptar\u00ebt-n\u00eb-Mal-t\u00eb-Zi-n\u00eb-100-vite.1\" src=\"http:\/\/www.visit-ulcinj.com\/blog\/wp-content\/uploads\/2012\/11\/Kalendari-\u2013-Shqiptar\u00ebt-n\u00eb-Mal-t\u00eb-Zi-n\u00eb-100-vite.11.jpg\" alt=\"\" width=\"508\" height=\"300\" \/><\/a><br \/>\nNen mbeshtjetjen e Ministrise se Kultures, Rinise dhe Sportit te Kosoves me danen 26 nentor shfaqja dote vihet ne skene ne Teatrin Kombetar te Kosoves ne Prishtine.<br \/>\nPoashtu nen mbeshtetjen e Ministrise se Turizmit, Kultures, Rinise dhe Sporteve te Shqiperise me daten 27 nentor kjo koreodrame do te shfaqet ne Teatrin Kombetar te Shqiperise ne Tirane.<br \/>\nDuke dashur qe keto aktivitet te transmetohen mediatikisht tek te gjithe shqiptaret, ftojme qe media juaj ti perciell keto aktivitete.<\/p>\n<p><iframe loading=\"lazy\" src=\"http:\/\/www.youtube.com\/embed\/iiDCxnsHczo?rel=0\" frameborder=\"0\" width=\"508\" height=\"360\"><\/iframe><\/p>\n","protected":false},"excerpt":{"rendered":"<p>Ne kuader te aktiviteteve te parashikuara me rastin e festimeve te 100 vjetorit te Pavaresise se Shqiperise, Keshilli Nacional i Shqiptareve ne Malin e Zi, nder te tjera ka mbeshtetur realizimin e nje shfaqeje artistike, te koreodrames e cila permes motiveve tona muzikore dhe etnografike,do te pasqyroje jeten e Shqiptareve ne Malin e Zi ne [&hellip;]<\/p>\n","protected":false},"author":1,"featured_media":0,"comment_status":"open","ping_status":"closed","sticky":false,"template":"","format":"standard","meta":{"spay_email":"","jetpack_publicize_message":"","jetpack_is_tweetstorm":false,"jetpack_publicize_feature_enabled":true},"categories":[1],"tags":[11609,21509,21239,21237,21242,21221,21222,21240,2319,21246,21253,21219,8470,21244,2338,21238,21248,2321,2323,3584,1499,21236,21250,21252,21251,21231,3993,5913,21230,21241,21249,21228,21255,21234,18694,21254,21223,21226,3944,21233,21510,3875,21257,21258,21261,21232,21243,21224,21235,5380,2334,2335,21227,3577,21225,21247,21259,21220,41,3582,21260,21256,21245,20894,21229,200,18,16445,2340],"jetpack_publicize_connections":[],"yoast_head":"<!-- This site is optimized with the Yoast SEO plugin v19.1 - https:\/\/yoast.com\/wordpress\/plugins\/seo\/ -->\n<title>Ulqini sot do ta sh\u00ebnoj\u00eb 100 vjetorin e Pavar\u00ebsis\u00eb - Lajme nga Ulqini<\/title>\n<meta name=\"description\" content=\"Ne kuader te aktiviteteve te parashikuara me rastin e festimeve te 100 vjetorit te Pavaresise se Shqiperise, Keshilli Nacional i Shqiptareve ne Malin e\" \/>\n<meta name=\"robots\" content=\"index, follow, max-snippet:-1, max-image-preview:large, max-video-preview:-1\" \/>\n<link rel=\"canonical\" href=\"https:\/\/www.visit-ulcinj.com\/blog\/2012\/11\/24\/ulqini-sot-do-ta-shenoje-100-vjetorin-e-pavaresise\/\" \/>\n<meta property=\"og:locale\" content=\"en_US\" \/>\n<meta property=\"og:type\" content=\"article\" \/>\n<meta property=\"og:title\" content=\"Ulqini sot do ta sh\u00ebnoj\u00eb 100 vjetorin e Pavar\u00ebsis\u00eb - Lajme nga Ulqini\" \/>\n<meta property=\"og:description\" content=\"Ne kuader te aktiviteteve te parashikuara me rastin e festimeve te 100 vjetorit te Pavaresise se Shqiperise, Keshilli Nacional i Shqiptareve ne Malin e\" \/>\n<meta property=\"og:url\" content=\"https:\/\/www.visit-ulcinj.com\/blog\/2012\/11\/24\/ulqini-sot-do-ta-shenoje-100-vjetorin-e-pavaresise\/\" \/>\n<meta property=\"og:site_name\" content=\"Lajme nga Ulqini\" \/>\n<meta property=\"article:published_time\" content=\"2012-11-24T07:11:44+00:00\" \/>\n<meta property=\"article:modified_time\" content=\"2012-11-24T07:13:15+00:00\" \/>\n<meta name=\"twitter:label1\" content=\"Written by\" \/>\n\t<meta name=\"twitter:data1\" content=\"ulqini\" \/>\n\t<meta name=\"twitter:label2\" content=\"Est. reading time\" \/>\n\t<meta name=\"twitter:data2\" content=\"1 minute\" \/>\n<script type=\"application\/ld+json\" class=\"yoast-schema-graph\">{\"@context\":\"https:\/\/schema.org\",\"@graph\":[{\"@type\":\"WebSite\",\"@id\":\"https:\/\/www.visit-ulcinj.com\/blog\/#website\",\"url\":\"https:\/\/www.visit-ulcinj.com\/blog\/\",\"name\":\"Lajme nga Ulqini\",\"description\":\"Lajme,Vijesti,Ulqini,Ulqin,Crna Gora,Mali i Zi\",\"potentialAction\":[{\"@type\":\"SearchAction\",\"target\":{\"@type\":\"EntryPoint\",\"urlTemplate\":\"https:\/\/www.visit-ulcinj.com\/blog\/?s={search_term_string}\"},\"query-input\":\"required name=search_term_string\"}],\"inLanguage\":\"en-US\"},{\"@type\":\"WebPage\",\"@id\":\"https:\/\/www.visit-ulcinj.com\/blog\/2012\/11\/24\/ulqini-sot-do-ta-shenoje-100-vjetorin-e-pavaresise\/#webpage\",\"url\":\"https:\/\/www.visit-ulcinj.com\/blog\/2012\/11\/24\/ulqini-sot-do-ta-shenoje-100-vjetorin-e-pavaresise\/\",\"name\":\"Ulqini sot do ta sh\u00ebnoj\u00eb 100 vjetorin e Pavar\u00ebsis\u00eb - Lajme nga Ulqini\",\"isPartOf\":{\"@id\":\"https:\/\/www.visit-ulcinj.com\/blog\/#website\"},\"datePublished\":\"2012-11-24T07:11:44+00:00\",\"dateModified\":\"2012-11-24T07:13:15+00:00\",\"author\":{\"@id\":\"https:\/\/www.visit-ulcinj.com\/blog\/#\/schema\/person\/dcab619c614d3038751c63bc2aadc06d\"},\"description\":\"Ne kuader te aktiviteteve te parashikuara me rastin e festimeve te 100 vjetorit te Pavaresise se Shqiperise, Keshilli Nacional i Shqiptareve ne Malin e\",\"breadcrumb\":{\"@id\":\"https:\/\/www.visit-ulcinj.com\/blog\/2012\/11\/24\/ulqini-sot-do-ta-shenoje-100-vjetorin-e-pavaresise\/#breadcrumb\"},\"inLanguage\":\"en-US\",\"potentialAction\":[{\"@type\":\"ReadAction\",\"target\":[\"https:\/\/www.visit-ulcinj.com\/blog\/2012\/11\/24\/ulqini-sot-do-ta-shenoje-100-vjetorin-e-pavaresise\/\"]}]},{\"@type\":\"BreadcrumbList\",\"@id\":\"https:\/\/www.visit-ulcinj.com\/blog\/2012\/11\/24\/ulqini-sot-do-ta-shenoje-100-vjetorin-e-pavaresise\/#breadcrumb\",\"itemListElement\":[{\"@type\":\"ListItem\",\"position\":1,\"name\":\"Ulqini sot do ta sh\u00ebnoj\u00eb 100 vjetorin e Pavar\u00ebsis\u00eb\"}]},{\"@type\":\"Person\",\"@id\":\"https:\/\/www.visit-ulcinj.com\/blog\/#\/schema\/person\/dcab619c614d3038751c63bc2aadc06d\",\"name\":\"ulqini\",\"sameAs\":[\"http:\/\/www.visit-ulcinj.com\"],\"url\":\"https:\/\/www.visit-ulcinj.com\/blog\/author\/admin\/\"}]}<\/script>\n<!-- \/ Yoast SEO plugin. -->","yoast_head_json":{"title":"Ulqini sot do ta sh\u00ebnoj\u00eb 100 vjetorin e Pavar\u00ebsis\u00eb - Lajme nga Ulqini","description":"Ne kuader te aktiviteteve te parashikuara me rastin e festimeve te 100 vjetorit te Pavaresise se Shqiperise, Keshilli Nacional i Shqiptareve ne Malin e","robots":{"index":"index","follow":"follow","max-snippet":"max-snippet:-1","max-image-preview":"max-image-preview:large","max-video-preview":"max-video-preview:-1"},"canonical":"https:\/\/www.visit-ulcinj.com\/blog\/2012\/11\/24\/ulqini-sot-do-ta-shenoje-100-vjetorin-e-pavaresise\/","og_locale":"en_US","og_type":"article","og_title":"Ulqini sot do ta sh\u00ebnoj\u00eb 100 vjetorin e Pavar\u00ebsis\u00eb - Lajme nga Ulqini","og_description":"Ne kuader te aktiviteteve te parashikuara me rastin e festimeve te 100 vjetorit te Pavaresise se Shqiperise, Keshilli Nacional i Shqiptareve ne Malin e","og_url":"https:\/\/www.visit-ulcinj.com\/blog\/2012\/11\/24\/ulqini-sot-do-ta-shenoje-100-vjetorin-e-pavaresise\/","og_site_name":"Lajme nga Ulqini","article_published_time":"2012-11-24T07:11:44+00:00","article_modified_time":"2012-11-24T07:13:15+00:00","twitter_misc":{"Written by":"ulqini","Est. reading time":"1 minute"},"schema":{"@context":"https:\/\/schema.org","@graph":[{"@type":"WebSite","@id":"https:\/\/www.visit-ulcinj.com\/blog\/#website","url":"https:\/\/www.visit-ulcinj.com\/blog\/","name":"Lajme nga Ulqini","description":"Lajme,Vijesti,Ulqini,Ulqin,Crna Gora,Mali i Zi","potentialAction":[{"@type":"SearchAction","target":{"@type":"EntryPoint","urlTemplate":"https:\/\/www.visit-ulcinj.com\/blog\/?s={search_term_string}"},"query-input":"required name=search_term_string"}],"inLanguage":"en-US"},{"@type":"WebPage","@id":"https:\/\/www.visit-ulcinj.com\/blog\/2012\/11\/24\/ulqini-sot-do-ta-shenoje-100-vjetorin-e-pavaresise\/#webpage","url":"https:\/\/www.visit-ulcinj.com\/blog\/2012\/11\/24\/ulqini-sot-do-ta-shenoje-100-vjetorin-e-pavaresise\/","name":"Ulqini sot do ta sh\u00ebnoj\u00eb 100 vjetorin e Pavar\u00ebsis\u00eb - Lajme nga Ulqini","isPartOf":{"@id":"https:\/\/www.visit-ulcinj.com\/blog\/#website"},"datePublished":"2012-11-24T07:11:44+00:00","dateModified":"2012-11-24T07:13:15+00:00","author":{"@id":"https:\/\/www.visit-ulcinj.com\/blog\/#\/schema\/person\/dcab619c614d3038751c63bc2aadc06d"},"description":"Ne kuader te aktiviteteve te parashikuara me rastin e festimeve te 100 vjetorit te Pavaresise se Shqiperise, Keshilli Nacional i Shqiptareve ne Malin e","breadcrumb":{"@id":"https:\/\/www.visit-ulcinj.com\/blog\/2012\/11\/24\/ulqini-sot-do-ta-shenoje-100-vjetorin-e-pavaresise\/#breadcrumb"},"inLanguage":"en-US","potentialAction":[{"@type":"ReadAction","target":["https:\/\/www.visit-ulcinj.com\/blog\/2012\/11\/24\/ulqini-sot-do-ta-shenoje-100-vjetorin-e-pavaresise\/"]}]},{"@type":"BreadcrumbList","@id":"https:\/\/www.visit-ulcinj.com\/blog\/2012\/11\/24\/ulqini-sot-do-ta-shenoje-100-vjetorin-e-pavaresise\/#breadcrumb","itemListElement":[{"@type":"ListItem","position":1,"name":"Ulqini sot do ta sh\u00ebnoj\u00eb 100 vjetorin e Pavar\u00ebsis\u00eb"}]},{"@type":"Person","@id":"https:\/\/www.visit-ulcinj.com\/blog\/#\/schema\/person\/dcab619c614d3038751c63bc2aadc06d","name":"ulqini","sameAs":["http:\/\/www.visit-ulcinj.com"],"url":"https:\/\/www.visit-ulcinj.com\/blog\/author\/admin\/"}]}},"jetpack_featured_media_url":"","jetpack_sharing_enabled":true,"jetpack_shortlink":"https:\/\/wp.me\/pe6lTn-hbc","_links":{"self":[{"href":"https:\/\/www.visit-ulcinj.com\/blog\/wp-json\/wp\/v2\/posts\/66042"}],"collection":[{"href":"https:\/\/www.visit-ulcinj.com\/blog\/wp-json\/wp\/v2\/posts"}],"about":[{"href":"https:\/\/www.visit-ulcinj.com\/blog\/wp-json\/wp\/v2\/types\/post"}],"author":[{"embeddable":true,"href":"https:\/\/www.visit-ulcinj.com\/blog\/wp-json\/wp\/v2\/users\/1"}],"replies":[{"embeddable":true,"href":"https:\/\/www.visit-ulcinj.com\/blog\/wp-json\/wp\/v2\/comments?post=66042"}],"version-history":[{"count":3,"href":"https:\/\/www.visit-ulcinj.com\/blog\/wp-json\/wp\/v2\/posts\/66042\/revisions"}],"predecessor-version":[{"id":66094,"href":"https:\/\/www.visit-ulcinj.com\/blog\/wp-json\/wp\/v2\/posts\/66042\/revisions\/66094"}],"wp:attachment":[{"href":"https:\/\/www.visit-ulcinj.com\/blog\/wp-json\/wp\/v2\/media?parent=66042"}],"wp:term":[{"taxonomy":"category","embeddable":true,"href":"https:\/\/www.visit-ulcinj.com\/blog\/wp-json\/wp\/v2\/categories?post=66042"},{"taxonomy":"post_tag","embeddable":true,"href":"https:\/\/www.visit-ulcinj.com\/blog\/wp-json\/wp\/v2\/tags?post=66042"}],"curies":[{"name":"wp","href":"https:\/\/api.w.org\/{rel}","templated":true}]}}