{"id":66051,"date":"2012-11-24T08:41:23","date_gmt":"2012-11-24T07:41:23","guid":{"rendered":"http:\/\/www.visit-ulcinj.com\/blog\/?p=66051"},"modified":"2012-11-24T08:41:23","modified_gmt":"2012-11-24T07:41:23","slug":"ne-shba-manifestime-per-100-vjetorin-e-pavaresise","status":"publish","type":"post","link":"https:\/\/www.visit-ulcinj.com\/blog\/2012\/11\/24\/ne-shba-manifestime-per-100-vjetorin-e-pavaresise\/","title":{"rendered":"N\u00eb SHBA manifestime p\u00ebr 100 vjetorin e Pavar\u00ebsis\u00eb"},"content":{"rendered":"<p><strong><a href=\"http:\/\/www.visit-ulcinj.com\/blog\/wp-content\/uploads\/2012\/11\/N\u00eb-SHBA-manifestime-p\u00ebr-100-vjetorin.jpg\"><img loading=\"lazy\" class=\"alignleft  wp-image-66052\" title=\"N\u00eb SHBA manifestime p\u00ebr 100 vjetorin\" src=\"http:\/\/www.visit-ulcinj.com\/blog\/wp-content\/uploads\/2012\/11\/N\u00eb-SHBA-manifestime-p\u00ebr-100-vjetorin.jpg\" alt=\"\" width=\"508\" height=\"360\" \/><\/a>Nga Beqir Sina<\/strong><\/p>\n<p>Duke iu rikthyer historis\u00eb bashk\u00ebsia shqiptare n\u00eb Amerik\u00eb k\u00ebt\u00eb 100 &#8211; Vjetor\u00eb t\u00eb Dit\u00ebs s\u00eb Flamurit &#8211; Shpalljes s\u00eb Pavar\u00ebsis\u00eb, kudo n\u00eb qendrat m\u00eb t\u00eb populluara me shqiptar\u00eb n\u00eb Amerik\u00eb, k\u00ebt\u00eb dit\u00eb t\u00eb shenjt\u00eb &#8211; 28 Nandori &#8211; 1912-, \u00ebsht\u00eb p\u00ebrgatitur p\u00ebr t&#8217;a sh\u00ebnuar me nj\u00eb madh\u00ebshti t\u00eb pashoqe.<\/p>\n<p>N\u00eb Amerik\u00eb ka dit\u00eb q\u00eb kan\u00eb filluar p\u00ebrgatitjet e m\u00ebdha &#8211; ato i sheh me nj\u00eb interesim t\u00eb jasht\u00ebzakonsh\u00ebm\u00a0 kudo n\u00eb klubet shqiptare, shoqatat dhe organizatat shqiptare n\u00eb Amerik\u00eb. Kudo dhe p\u00ebr \u00e7do dit\u00eb n\u00eb vigjilje t\u00eb fest\u00ebs ka lajme se jan\u00eb mbajtur aktivitete n\u00eb nder\u00eb t\u00eb k\u00ebtij 100 vjetori.<\/p>\n<p>T\u00eb cilat jan\u00eb parapar\u00eb t\u00eb kulmojn\u00eb n\u00eb 28 N\u00ebntor n\u00eb zem\u00ebr t\u00eb Nju Jorkut &#8211; me ngritjen e flamurit dhe nj\u00eb koncert t\u00eb madh festiv\u00eb n\u00eb qend\u00ebr t\u00eb qytetit sheshin e famsh\u00ebm \u201cTimes Square\u201d. Si dhe me veshjen vet\u00ebm kuq e zi t\u00eb \u00e7do rruge dhe sheshi , sht\u00ebpie apo biznesi , veture apo klase ku jetojn\u00eb e punojn\u00eb shqiptar\u00ebt e Amerik\u00ebs.<\/p>\n<p>Nj\u00eb delegacion i gjer\u00eb nga shqiptar\u00ebt e Amerik\u00ebs, 100\u00a0 patriot, atdhetar dhe veprimtar\u00eb t\u00eb dalluar t\u00eb bashk\u00ebsis\u00eb shqiptare n\u00eb Amerik\u00eb, niset k\u00ebto dit\u00eb, p\u00ebr t\u00eb marr\u00eb pjes\u00eb si nj\u00eb qind vjet m\u00eb par\u00eb n\u00eb Vlor\u00eb, i ftuar nga qeveria shqiptare, dhe personalisht Kryeministri Berisha, n\u00eb festimet madh\u00ebshtore q\u00eb do t\u00eb organizohen n\u00eb Shqip\u00ebri.<\/p>\n<p>Ata jan\u00eb gati t\u00eb shkojn\u00eb si 100 vjet\u00eb m\u00eb par\u00eb, kur u ngrit\u00eb n\u00eb Vlor\u00eb &#8211; flamuri dhe nga shoqata PanShqiptare e Amerik\u00ebs VATRA, q\u00eb u themelua gjasht\u00eb muaj m\u00eb par\u00eb se t\u00eb Shpalljes Pavar\u00ebsia e Shqip\u00ebris\u00eb, dhe dha sinjalin e saj t\u00eb par\u00eb se Pavar\u00ebsia e Shtetit Shqiptar\u00eb po vinte-<\/p>\n<p>P\u00ebrkujtimi i ngritjes s\u00eb Flamurit Kuq e Zi me shkab\u00ebn dy krenare, n\u00eb Vlor\u00ebn historike,me dinjitet e krenari t\u00eb lart komb\u00ebtare, do t\u00eb festohen edhe n\u00eb Toronto &#8211; Kanada &#8211; Bashkatdhetar\u00ebt tan\u00eb atje shoqatat, organizatat dhe grupe t\u00eb tjera kan\u00eb p\u00ebrgatitur nj\u00eb koncert t\u00eb madh festiv\u00eb me disa nga k\u00ebng\u00ebtar\u00ebt, aktor\u00ebt, dhe personalitetet m\u00eb t\u00eb shquara nga komuniteti dhe nga vendlindja.<\/p>\n<p><strong>Gazetat e komunitetit Illyria, Bota Sot, dhe Dielli jan\u00eb duke u p\u00ebrgatitur p\u00ebr daljen me numra special kushtuar 100 Vjetorit t\u00eb Pavar\u00ebsis\u00eb s\u00eb Shqip\u00ebris\u00eb.<\/strong><\/p>\n<p><a href=\"http:\/\/www.visit-ulcinj.com\/blog\/wp-content\/uploads\/2012\/11\/parada-newyork-1.jpg\"><img loading=\"lazy\" class=\"alignleft  wp-image-66053\" title=\"parada-newyork-1\" src=\"http:\/\/www.visit-ulcinj.com\/blog\/wp-content\/uploads\/2012\/11\/parada-newyork-1.jpg\" alt=\"\" width=\"508\" height=\"300\" \/><\/a><\/p>\n<p>Nj\u00ebherit, masat jan\u00eb marr\u00eb edhe p\u00ebr ngritjen e flamurit shqiptar\u00eb n\u00eb shtiz\u00ebn e Bashkis\u00eb s\u00eb Torontos si n\u00eb New York, dhe n\u00eb Boston &#8211; Uster Massachusetts n\u00eb Stamford dhe Waterbury t\u00eb Connecticut, dhe qytetet e tjera n\u00eb SHBA. Kisha Katolike Shqiptare Zoja e Shkodr\u00ebs n\u00eb Kumbon\u00ebn e saj sipas tradit\u00ebs b\u00ebn\u00eb ngritjen e flamurit kuq e zi dhe do t\u00eb mbaj mesh\u00ebn e Pavar\u00ebsis\u00eb. Sikurse, edhe Kisha Katolike Shqiptare Zoja Pajtore dhe Sh\u00ebn Palit, n\u00eb Michigan do t\u00eb mbaj\u00eb mesh\u00eb t\u00eb ve\u00e7ant\u00eb me rastin e 100 Vjetorit t\u00eb Pavar\u00ebsis\u00eb. Edhe Teqeja Bektashiane dhe Xhamit\u00eb do t\u00eb ken\u00eb veprimtari me rastin e Pavar\u00ebsis\u00eb.<\/p>\n<p>Padyshim, q\u00eb kulmi i k\u00ebtyre festimeve mendohet se do t\u00eb jet\u00eb kryeqendra e re shqiptar\u00ebve t\u00eb Amerik\u00ebs, Tre- Shtetshi, New Yorku, New Jersey, Connecticut &#8211; zona ku mendohet se jetojn\u00eb rreth 150 mij\u00eb shqiptar\u00eb.<\/p>\n<p>N\u00eb Boston dhe Uster Massachusetts n\u00eb Stamford dhe Waterbury t\u00eb Connecticut do t\u00eb ket\u00eb darka, koncerte dhe pjes\u00eb teatrale si dhe do t\u00eb b\u00ebhet ngritja e Flamurit Kuq e Zi me shkab\u00ebn dy krenare n\u00eb maj\u00ebn e shtiz\u00ebs s\u00eb bashkisive t\u00eb k\u00ebtyre qyteteve.<br \/>\n<a href=\"http:\/\/www.visit-ulcinj.com\/blog\/wp-content\/uploads\/2012\/11\/festivali17.jpg\"><img loading=\"lazy\" class=\"alignleft  wp-image-66054\" title=\"festivali17\" src=\"http:\/\/www.visit-ulcinj.com\/blog\/wp-content\/uploads\/2012\/11\/festivali17.jpg\" alt=\"\" width=\"508\" height=\"300\" \/><\/a><br \/>\nN\u00eb New York, &#8220;kryeqyteti&#8221; i Shqiptar\u00ebve t\u00eb Amerik\u00ebs, shqiptar\u00ebt do t\u00eb jen\u00eb t\u00eb p\u00ebrbashkuar nga t\u00eb gjitha trojet, Shqip\u00ebria, Kosova, Kraja Ulqini, Plav\u00eb &#8211; Gucia, Presheva, Bujanovci e Medvegja, Tetova e Gostivari, Struga, Kumanova e Dibra, Preveza, Filati\u00a0 &#8211; \u00c7am\u00ebria,\u00a0 t\u00eb p\u00ebrbashkuar rreth shoqatave dhe organizatave t\u00eb tyre do t\u00eb festojn\u00eb n\u00eb m\u00ebnyr\u00ebn m\u00eb madh\u00ebshtore. N\u00eb \u00e7do shoqat\u00eb, organizat\u00eb dhe grupe shqiptar\u00ebsh ka nj\u00eb interesim t\u00eb jasht\u00ebzakonsh\u00ebm n\u00eb mesin e shqiptar\u00ebve k\u00ebtu. Kudo ndihet atmosfera e fest\u00ebs s\u00eb 100 vjetorit t\u00eb Shtetit Shqiptar\u00eb i lir\u00eb, sovran\u00eb dhe i pavarur.<\/p>\n<p>N\u00eb kryeqendr\u00ebn e festimeve madh\u00ebshtore p\u00ebr 100 &#8211; Vjetorin e Pavar\u00ebsis\u00eb s\u00eb Shtetit Shqiptar\u00eb, Federata PanShqiptare Vatra, e cila ishte e para q\u00eb 100 vjet m\u00eb par\u00eb solli lajmin e Pavar\u00ebsis\u00eb n\u00eb Amerik\u00eb, b\u00ebri thirrje q\u00eb t\u00eb festojm\u00eb t\u00eb p\u00ebrbashkuar dhe i kujtoj\u00eb edhe nj\u00eb her\u00eb Bashk\u00ebsis\u00eb shqiptare se\u00a0 me 25 N\u00ebntor, ora 7:00 e mbr\u00ebmjes, n\u00eb lokalin e njohur n\u00eb Bronx &#8211; New York, &#8220;Maestro&#8221;s&#8221;.<\/p>\n<p>Federata Panshqiptare e Amerik\u00ebs s\u00eb bashku me Bashk\u00ebsin\u00eb shqiptare dhe Sh\u00ebrbimet Diplomatike Shqiptare(Kosov\u00eb e Shqip\u00ebri) n\u00eb SHBA, festojn\u00eb 100 vjetorin e Pavar\u00ebsis\u00eb. (Arg\u00ebtojn\u00eb: Grupi i mjesht\u00ebrve t\u00eb muzik\u00ebs popullore shqiptare bilbili i k\u00ebng\u00ebs s\u00eb &#8220;Shqip\u00ebris\u00eb s\u00eb Mesme &#8221; Merita Halilit me fizarmonicistin e mrekulluesh\u00ebm Raif Hysenit si dhe k\u00ebng\u00ebtar\u00eb t\u00eb tjer\u00eb t\u00eb komunitetit. &#8211; I ftuar special \u00ebsht\u00eb k\u00ebng\u00ebtari i ri i talentuar: Bledar Maqellara dhe Haxhi Dauti i cili ka b\u00ebr\u00eb dy k\u00ebng\u00eb enkas p\u00ebr k\u00ebt\u00eb 100 vjetor nj\u00eb p\u00ebr Pavar\u00ebsin\u00eb e Shqip\u00ebris\u00eb dhe nj\u00eb p\u00ebr Vatr\u00ebn.<\/p>\n<p>An\u00ebtari i Asambles\u00eb s\u00eb New Yorkut, bashkatdhetari yn\u00eb Mark Gjonaj i dalluar si veprimtar\u00eb dhe aktivist i komunitetit n\u00eb k\u00ebt\u00eb zon\u00eb, dhe nj\u00eb z\u00eb i fuqish\u00ebm p\u00ebr komunitetin shqiptar n\u00eb k\u00ebt\u00eb lagje t\u00eb qytetit Bronx-it, i cili ka popullsin\u00eb m\u00eb t\u00eb madhe t\u00eb emigrant\u00ebve shqiptar\u00eb, nga Kosova, Shqip\u00ebria, dhe viset shqiptare, e dyta ose e treta p\u00ebr nga numri n\u00eb shtetin e New Yorkut, p\u00ebr\u00a0 28 N\u00ebntorin Dit\u00ebn e Flamurit ton\u00eb Komb\u00ebtar\u00eb,, me shpenzimet e tij e zbukuron qytetin e Bronxit me flamujt kuq e zi, duke b\u00ebr\u00eb q\u00eb q\u00eb flamuri yn\u00eb komb\u00ebtar\u00eb t\u00eb val\u00ebvitet n\u00eb \u00e7do rrug\u00eb e shesh t\u00eb k\u00ebtij qyteti me dy milion banor\u00eb.<\/p>\n<p>N\u00eb Michigan &#8211; Detroit, duket se \u00e7do gj\u00eb do t\u00eb kulmoj\u00eb n\u00eb \u201c\u201cThe Imperial House\u201d me pronar\u00eb shqiptar\u00eb zotin Ndue Ftoni, i cili ka deklaruar se :&#8221; Me shume se 1000 vet\u00eb jan\u00eb pjes\u00ebmarr\u00ebsit q\u00eb do t\u00eb festojn\u00eb me 28 n\u00ebntor 2012 ,dit\u00ebn e 100 vjetorit t\u00eb shpalljes s\u00eb Pavarsise Kombetare dhe krijimit t\u00eb shtetit ton\u00eb- n\u00eb lokalin e tij ku gjith\u00e7ka do t\u00eb jet\u00eb gratis- falas&#8221;.<\/p>\n<p>Ky lajm b\u00ebhet i ditur n\u00ebp\u00ebrmjet deklaratave t\u00eb pronarit t\u00eb saj Ndue Ftoni dhe stafit organizativ t\u00eb festes ku thuhet se hyrja e m\u00eb shum\u00eb se 1000 vet\u00ebve do t\u00eb jete falas &#8211; ushqimi dhe vera n\u00eb tavolinat e pjes\u00ebmarr\u00ebsve do t\u00eb jet\u00eb falas po nga pronari Ndue Ftoni, shkruajn\u00eb mediat shqiptare nga Detroiti.<\/p>\n<p>Sipas tyre n\u00eb k\u00ebt\u00eb &#8220;dasm\u00eb&#8221; t\u00eb madhe shqiptare do t\u00eb ket\u00eb fjalime t\u00eb rastit si dhe do t\u00eb marrin pjes\u00eb, p\u00ebrfaq\u00ebsues nga shteti i Michiganit,drejtues te qytetit ku ka veprimtarin\u00eb e tij \u201cThe Imperial House\u201d dhe biznesi i Ndue Ftonit.Grupe me k\u00ebng\u00ebtar\u00eb dhe valltar, t\u00eb ftuar nga Shqip\u00ebria do t\u00eb krijojn\u00eb nj\u00eb atmosfer\u00eb festive&#8221; shkruajn\u00eb portalet shqiptare nga Michagani.<\/p>\n<p>Por, n\u00eb Michigan nga pamund\u00ebsia p\u00ebr t\u00eb mbledhur t\u00eb gjith\u00eb shqiptar\u00ebt bashk\u00eb ngaq\u00eb ka nj\u00eb interesim t\u00eb jasht\u00ebzakonsh\u00ebm n\u00eb k\u00ebt\u00eb komunitet ashtu si dhe n\u00eb vendbanimet e tjera me shqiptar\u00eb n\u00eb Amerik\u00eb, shoqatat, organizatat dhe grupe t\u00eb tjera do t\u00eb organizojn\u00eb manifestime t\u00eb m\u00ebdha n\u00eb kuadrin e 100 Vjetorit t\u00eb Shtetit Shqiptar\u00eb, me koncerte, fjalime dhe darka arg\u00ebtuese.<\/p>\n<p>N\u00eb Atlanta t\u00eb Gjorgjis\u00eb, Grinsboro t\u00eb Karolin\u00ebs s\u00eb Veriut dhe Roanoke t\u00eb Virxhinis\u00eb, Bashk\u00ebsit\u00eb shqiptaro-amerikan\u00eb t\u00eb k\u00ebtyre tri shteteve Dit\u00ebn Pavar\u00ebsis\u00eb dhe t\u00eb Flamurit ton\u00eb komb\u00ebtar, do t&#8217;a sh\u00ebnojn\u00eb p\u00ebrmes manifestimeve kulturore artistike, q\u00eb do t\u00eb organizohen me k\u00ebt\u00eb rast.<\/p>\n<p>100 Vjet Pavar\u00ebsi \u00ebsht\u00eb titulluar manifestimi i madh me shqiptaret q\u00eb do t\u00eb mbahet n\u00eb Madison Wisconsin- Kremtimi i 100 Vjetorit t\u00eb pavar\u00ebsis\u00eb!!!! Kryesia e komunitetit shqiptaro amerikan p\u00ebr Madison, Wisconsin do t\u00eb organizoje manifestimin madh\u00ebshtor, thon\u00ebt\u00eb ky komunitet shqiptar\u00ebsh.<br \/>\n<a href=\"http:\/\/www.visit-ulcinj.com\/blog\/wp-content\/uploads\/2012\/11\/files.php_.jpg\"><img loading=\"lazy\" class=\"alignleft  wp-image-66055\" title=\"files.php\" src=\"http:\/\/www.visit-ulcinj.com\/blog\/wp-content\/uploads\/2012\/11\/files.php_.jpg\" alt=\"\" width=\"508\" height=\"300\" \/><\/a><br \/>\n<strong><\/strong><\/p>\n<p><strong>100 Vjet Pavar\u00ebsi\u00a0 edhe n\u00eb Florida me muzik\u00eb nga Shqip\u00ebria dhe Kosova e t\u00eb gjitha trevat shqiptare.<\/strong><\/p>\n<p>Darke Festive p\u00ebr 100-Vjetorin e Pavar\u00ebsis\u00eb s\u00eb Shqip\u00ebris\u00eb n\u00eb Massachusetts organizon edhe Shoqata shqiptaro-amerikane e Masa\u00e7usetsit &#8220;Besa&#8221;, e cila ka ftuar n\u00eb festimin e madh t\u00eb 100 vjetorit t\u00eb Pavar\u00ebsis\u00eb t\u00eb gjith\u00eb shqiptar\u00ebt.<\/p>\n<p>Mbr\u00ebmje Madh\u00ebshtore per 100 Vjetorin e Pavar\u00ebsis\u00eb edhe n\u00eb shtetin e New Jerseyit &#8211; nga Fondi i P\u00ebrbashk\u00ebt Shqiptar\u00eb i Patersonit &#8211; Xhamia dhe shoqatat dhe organizatat e tjera atje t\u00eb gjitha jan\u00eb b\u00ebr\u00eb gati p\u00ebr koncertin madh\u00ebshtor me rastin e 100 vjetorit Pavar\u00ebsis\u00eb s\u00eb Shqip\u00ebris\u00eb p\u00ebr komunitetin shqiptar\u00eb, n\u00eb shtetin e New Jersey-it.<\/p>\n<p>Festa madh\u00ebshtore ka mb\u00ebrritur edhe n\u00eb Los Angelos t\u00eb Kalifornis\u00eb\u00a0 me rastin e 100 vjetorit t\u00eb Pavar\u00ebsis\u00eb s\u00eb Shqip\u00ebris\u00eb thuhet n\u00eb nj\u00eb njoftim t\u00eb k\u00ebtij komuniteti. Komuniteti shqiptar\u00eb ka &#8220;hapur&#8221; dyert e fest\u00ebs edhe p\u00ebr shqiptar\u00ebt atje.<\/p>\n<p>Festa e Flamurit 100 vjet Pavar\u00ebsi do t\u00eb kremtohet edhe n\u00eb Pennsylvania &#8211; Festojm 100 vjetorin e pavar\u00ebsis\u00eb t\u00eb Kombit shqiptare, n\u00eb Restorantin King&#8217;s Caterers t\u00eb diel\u00ebn n\u00eb 25 N\u00ebntor nga ora\u00a0 5pm deri n\u00eb 11pm thuhet n\u00eb nj\u00eb njoftim t\u00eb tyre.<\/p>\n<p>Mbr\u00ebmje e Madhe Shqiptare n\u00eb Tennessee e kan\u00eb quajtur manifestimin e tyre komuniteti shqiptar\u00eb n\u00eb Nashville ku nj\u00ebjta madh\u00ebshti mbizot\u00ebron edhe n\u00eb t\u00eb gjitha mjediset shqiptare n\u00eb Illinoi shtetin fqinj\u00eb .Organizator\u00ebt atje kan\u00eb disa festime t\u00eb p\u00ebrbashk\u00ebta n\u00eb baza shoqatash, organizatash dhe grupeve t\u00eb ndryshme n\u00eb komunitet, Nd\u00ebrkoh\u00eb q\u00eb nj\u00ebri prej festime t\u00eb shumta mbahet n\u00eb nder t\u00eb 100 vjetorit t\u00eb pavar\u00ebsis\u00eb s\u00eb Shqip\u00ebris\u00eb n\u00eb Marriott hotel me orkest\u00ebr dhe k\u00ebng\u00ebtar Shqiptar nga Chicago<\/p>\n<p>Kremtim i 28 N\u00ebntorit- 100 vjet Shtet Shqiptar, pritet me g\u00ebzim t\u00eb madh edhe n\u00eb North dhe South Carolina, Washington, Dallas &#8211; Texas, Feniks &#8211; Arizona, dhe deri n\u00eb Alask\u00ebn e larg\u00ebt &#8211; ku ka njoftime se grupe shqiptar\u00ebsh kan\u00eb lajm\u00ebruar se me rastin e 100 vjetorit t\u00eb Pavar\u00ebsis\u00eb s\u00eb Shqip\u00ebris\u00eb do t\u00eb organizojn nj\u00eb manifestim madh\u00ebshtor dhe q\u00eb do t\u00eb mbahet mend gjat\u00eb, n\u00eb Alask\u00ebn e larg\u00ebt dhe ku jeton nj\u00eb komunitet i vog\u00ebl shqiptar\u00ebsh kryesisht i ardhur nga Dibra e Madhe.<\/p>\n<p><strong>E nj\u00ebjta atmosfer\u00eb festive ndihet n\u00eb \u00e7do mjedis\u00a0 n\u00eb mesin e shqiptar\u00ebve n\u00eb New York, \u00c7ikago, Nju Jersi, Mi\u00e7ingan, Florida, Arizona, Teksas, Kaliforni, Karolina e Jugut dhe e Veriut, Uashington , Pensillvenia e Kenektiket, ku jan\u00eb m\u00eb t\u00eb p\u00ebrqendruar shqiptar\u00ebt.<\/strong><\/p>\n<p>Shqiptar\u00ebt, n\u00eb New York, sipas forumeve elektronike, po k\u00ebrkojn\u00eb nga komuniteti q\u00eb t\u00eb ndri\u00e7ojn\u00eb n\u00eb ngjyr\u00eb t\u00eb kuqe, nj\u00ebr\u00ebn prej nd\u00ebrtesave m\u00eb t\u00eb lart\u00eb n\u00eb qytet &#8211; gradacilen &#8211; Empire State Building e cila \u00ebsht\u00eb nj\u00eb 102-kat\u00ebshe &#8211; rrokaqielli vendosur n\u00eb Manhattan Midtown, New York City, n\u00eb kryq\u00ebzimin e Fifth Avenue dhe West 34 Rruga dhe \u00ebsht\u00eb simbol i ngjarjeve t\u00eb ve\u00e7anta n\u00eb qytet.<br \/>\n<a href=\"http:\/\/www.visit-ulcinj.com\/blog\/wp-content\/uploads\/2012\/11\/untitled13.jpg\"><img loading=\"lazy\" class=\"alignleft  wp-image-66056\" title=\"untitled13\" src=\"http:\/\/www.visit-ulcinj.com\/blog\/wp-content\/uploads\/2012\/11\/untitled13.jpg\" alt=\"\" width=\"508\" height=\"300\" \/><\/a><br \/>\nT\u00eb gjith\u00eb jan\u00eb bashkuar dhe do t&#8217;a festojn\u00eb k\u00ebt\u00eb fest\u00eb t\u00eb bashkimit me moton: Shpallja e pavar\u00ebsis\u00eb s\u00eb Shqip\u00ebris\u00eb, vazhdim i natyrsh\u00ebm i Bashkimit ton\u00eb Komb\u00ebtar\u00eb, \u00ebndrr\u00ebs s\u00eb kamotshme t\u00eb t\u00eb gjith\u00eb shqiptar\u00ebve &#8211; deri n\u00eb bashkimin me t\u00eb gjitha trojet tona Etnike.<\/p>\n<p>Bashk\u00ebpatriot\u00ebt, tan\u00eb ku nuk munguan edhe delegat\u00ebt nga Shqiptar\u00ebt e Amerik\u00ebs 100 &#8211; Vjet m\u00eb par\u00eb m\u00eb &#8211; 28 N\u00ebntor 1912 -, n\u00eb qytetin e vjet\u00ebr t\u00eb Vlor\u00ebs, kur ngrit\u00ebn Flamurin komb\u00ebtar kuq e zi, thon\u00eb se k\u00ebt\u00eb 100 Vjetor me m\u00ebnyr\u00ebn e t\u00eb festuarit, n\u00eb baz\u00eb grupesh t\u00eb ndryshme, klubesh, shoqatash, organizatash, dhe shoq\u00ebrive, do ti japin t\u00eb k\u00ebsaj feste komb\u00ebtare, e cila mbahet si nj\u00eb arritje e madhe n\u00eb bashk\u00ebsin\u00eb shqiptare n\u00eb Amerik\u00eb, nj\u00eb madh\u00ebshti t\u00eb pa par\u00eb ndonj\u00ebher\u00eb n\u00eb historin\u00eb e shqiptar\u00ebve t\u00eb Amerik\u00ebs.<\/p>\n<p>Kudo k\u00ebsaj feste \u00ebsht\u00eb duke iu kushtuar nj\u00eb r\u00ebnd\u00ebsi e madhe, dhe interesim i jasht\u00ebzakonsh\u00ebm e cila padyshim \u00ebsht\u00eb e vetmja fest\u00eb komb\u00ebtare, q\u00eb i bashkon shqiptar\u00ebt ngado, pa dallime fetare, krahinore apo ideologjike, e partiake. Dita e Pavar\u00ebsis\u00eb, n\u00eb bashk\u00ebsin\u00eb shqiptare n\u00eb Amerik\u00eb, sh\u00ebnohet n\u00eb mbar\u00eb vendbanimet shqiptare, me darka solemne, koncerte festive, manifestime t\u00eb ndryshme festive dhe me aktivitete t\u00eb tjera. <strong>(INA)<\/strong><\/p>\n","protected":false},"excerpt":{"rendered":"<p>Nga Beqir Sina Duke iu rikthyer historis\u00eb bashk\u00ebsia shqiptare n\u00eb Amerik\u00eb k\u00ebt\u00eb 100 &#8211; Vjetor\u00eb t\u00eb Dit\u00ebs s\u00eb Flamurit &#8211; Shpalljes s\u00eb Pavar\u00ebsis\u00eb, kudo n\u00eb qendrat m\u00eb t\u00eb populluara me shqiptar\u00eb n\u00eb Amerik\u00eb, k\u00ebt\u00eb dit\u00eb t\u00eb shenjt\u00eb &#8211; 28 Nandori &#8211; 1912-, \u00ebsht\u00eb p\u00ebrgatitur p\u00ebr t&#8217;a sh\u00ebnuar me nj\u00eb madh\u00ebshti t\u00eb pashoqe. N\u00eb Amerik\u00eb ka [&hellip;]<\/p>\n","protected":false},"author":1,"featured_media":0,"comment_status":"open","ping_status":"closed","sticky":false,"template":"","format":"standard","meta":{"spay_email":"","jetpack_publicize_message":"","jetpack_is_tweetstorm":false,"jetpack_publicize_feature_enabled":true},"categories":[7],"tags":[],"jetpack_publicize_connections":[],"yoast_head":"<!-- This site is optimized with the Yoast SEO plugin v19.1 - https:\/\/yoast.com\/wordpress\/plugins\/seo\/ -->\n<title>N\u00eb SHBA manifestime p\u00ebr 100 vjetorin e Pavar\u00ebsis\u00eb - Lajme nga Ulqini<\/title>\n<meta name=\"description\" content=\"Nga Beqir Sina Duke iu rikthyer historis\u00eb bashk\u00ebsia shqiptare n\u00eb Amerik\u00eb k\u00ebt\u00eb 100 - Vjetor\u00eb t\u00eb Dit\u00ebs s\u00eb Flamurit - Shpalljes s\u00eb Pavar\u00ebsis\u00eb, kudo n\u00eb\" \/>\n<meta name=\"robots\" content=\"index, follow, max-snippet:-1, max-image-preview:large, max-video-preview:-1\" \/>\n<link rel=\"canonical\" href=\"https:\/\/www.visit-ulcinj.com\/blog\/2012\/11\/24\/ne-shba-manifestime-per-100-vjetorin-e-pavaresise\/\" \/>\n<meta property=\"og:locale\" content=\"en_US\" \/>\n<meta property=\"og:type\" content=\"article\" \/>\n<meta property=\"og:title\" content=\"N\u00eb SHBA manifestime p\u00ebr 100 vjetorin e Pavar\u00ebsis\u00eb - Lajme nga Ulqini\" \/>\n<meta property=\"og:description\" content=\"Nga Beqir Sina Duke iu rikthyer historis\u00eb bashk\u00ebsia shqiptare n\u00eb Amerik\u00eb k\u00ebt\u00eb 100 - Vjetor\u00eb t\u00eb Dit\u00ebs s\u00eb Flamurit - Shpalljes s\u00eb Pavar\u00ebsis\u00eb, kudo n\u00eb\" \/>\n<meta property=\"og:url\" content=\"https:\/\/www.visit-ulcinj.com\/blog\/2012\/11\/24\/ne-shba-manifestime-per-100-vjetorin-e-pavaresise\/\" \/>\n<meta property=\"og:site_name\" content=\"Lajme nga Ulqini\" \/>\n<meta property=\"article:published_time\" content=\"2012-11-24T07:41:23+00:00\" \/>\n<meta property=\"og:image\" content=\"http:\/\/www.visit-ulcinj.com\/blog\/wp-content\/uploads\/2012\/11\/parada-newyork-1.jpg\" \/>\n<meta name=\"twitter:label1\" content=\"Written by\" \/>\n\t<meta name=\"twitter:data1\" content=\"ulqini\" \/>\n\t<meta name=\"twitter:label2\" content=\"Est. reading time\" \/>\n\t<meta name=\"twitter:data2\" content=\"10 minutes\" \/>\n<script type=\"application\/ld+json\" class=\"yoast-schema-graph\">{\"@context\":\"https:\/\/schema.org\",\"@graph\":[{\"@type\":\"WebSite\",\"@id\":\"https:\/\/www.visit-ulcinj.com\/blog\/#website\",\"url\":\"https:\/\/www.visit-ulcinj.com\/blog\/\",\"name\":\"Lajme nga Ulqini\",\"description\":\"Lajme,Vijesti,Ulqini,Ulqin,Crna Gora,Mali i Zi\",\"potentialAction\":[{\"@type\":\"SearchAction\",\"target\":{\"@type\":\"EntryPoint\",\"urlTemplate\":\"https:\/\/www.visit-ulcinj.com\/blog\/?s={search_term_string}\"},\"query-input\":\"required name=search_term_string\"}],\"inLanguage\":\"en-US\"},{\"@type\":\"ImageObject\",\"inLanguage\":\"en-US\",\"@id\":\"https:\/\/www.visit-ulcinj.com\/blog\/2012\/11\/24\/ne-shba-manifestime-per-100-vjetorin-e-pavaresise\/#primaryimage\",\"url\":\"https:\/\/www.visit-ulcinj.com\/blog\/wp-content\/uploads\/2012\/11\/parada-newyork-1.jpg\",\"contentUrl\":\"https:\/\/www.visit-ulcinj.com\/blog\/wp-content\/uploads\/2012\/11\/parada-newyork-1.jpg\",\"width\":\"604\",\"height\":\"402\"},{\"@type\":\"WebPage\",\"@id\":\"https:\/\/www.visit-ulcinj.com\/blog\/2012\/11\/24\/ne-shba-manifestime-per-100-vjetorin-e-pavaresise\/#webpage\",\"url\":\"https:\/\/www.visit-ulcinj.com\/blog\/2012\/11\/24\/ne-shba-manifestime-per-100-vjetorin-e-pavaresise\/\",\"name\":\"N\u00eb SHBA manifestime p\u00ebr 100 vjetorin e Pavar\u00ebsis\u00eb - Lajme nga Ulqini\",\"isPartOf\":{\"@id\":\"https:\/\/www.visit-ulcinj.com\/blog\/#website\"},\"primaryImageOfPage\":{\"@id\":\"https:\/\/www.visit-ulcinj.com\/blog\/2012\/11\/24\/ne-shba-manifestime-per-100-vjetorin-e-pavaresise\/#primaryimage\"},\"datePublished\":\"2012-11-24T07:41:23+00:00\",\"dateModified\":\"2012-11-24T07:41:23+00:00\",\"author\":{\"@id\":\"https:\/\/www.visit-ulcinj.com\/blog\/#\/schema\/person\/dcab619c614d3038751c63bc2aadc06d\"},\"description\":\"Nga Beqir Sina Duke iu rikthyer historis\u00eb bashk\u00ebsia shqiptare n\u00eb Amerik\u00eb k\u00ebt\u00eb 100 - Vjetor\u00eb t\u00eb Dit\u00ebs s\u00eb Flamurit - Shpalljes s\u00eb Pavar\u00ebsis\u00eb, kudo n\u00eb\",\"breadcrumb\":{\"@id\":\"https:\/\/www.visit-ulcinj.com\/blog\/2012\/11\/24\/ne-shba-manifestime-per-100-vjetorin-e-pavaresise\/#breadcrumb\"},\"inLanguage\":\"en-US\",\"potentialAction\":[{\"@type\":\"ReadAction\",\"target\":[\"https:\/\/www.visit-ulcinj.com\/blog\/2012\/11\/24\/ne-shba-manifestime-per-100-vjetorin-e-pavaresise\/\"]}]},{\"@type\":\"BreadcrumbList\",\"@id\":\"https:\/\/www.visit-ulcinj.com\/blog\/2012\/11\/24\/ne-shba-manifestime-per-100-vjetorin-e-pavaresise\/#breadcrumb\",\"itemListElement\":[{\"@type\":\"ListItem\",\"position\":1,\"name\":\"N\u00eb SHBA manifestime p\u00ebr 100 vjetorin e Pavar\u00ebsis\u00eb\"}]},{\"@type\":\"Person\",\"@id\":\"https:\/\/www.visit-ulcinj.com\/blog\/#\/schema\/person\/dcab619c614d3038751c63bc2aadc06d\",\"name\":\"ulqini\",\"sameAs\":[\"http:\/\/www.visit-ulcinj.com\"],\"url\":\"https:\/\/www.visit-ulcinj.com\/blog\/author\/admin\/\"}]}<\/script>\n<!-- \/ Yoast SEO plugin. -->","yoast_head_json":{"title":"N\u00eb SHBA manifestime p\u00ebr 100 vjetorin e Pavar\u00ebsis\u00eb - Lajme nga Ulqini","description":"Nga Beqir Sina Duke iu rikthyer historis\u00eb bashk\u00ebsia shqiptare n\u00eb Amerik\u00eb k\u00ebt\u00eb 100 - Vjetor\u00eb t\u00eb Dit\u00ebs s\u00eb Flamurit - Shpalljes s\u00eb Pavar\u00ebsis\u00eb, kudo n\u00eb","robots":{"index":"index","follow":"follow","max-snippet":"max-snippet:-1","max-image-preview":"max-image-preview:large","max-video-preview":"max-video-preview:-1"},"canonical":"https:\/\/www.visit-ulcinj.com\/blog\/2012\/11\/24\/ne-shba-manifestime-per-100-vjetorin-e-pavaresise\/","og_locale":"en_US","og_type":"article","og_title":"N\u00eb SHBA manifestime p\u00ebr 100 vjetorin e Pavar\u00ebsis\u00eb - Lajme nga Ulqini","og_description":"Nga Beqir Sina Duke iu rikthyer historis\u00eb bashk\u00ebsia shqiptare n\u00eb Amerik\u00eb k\u00ebt\u00eb 100 - Vjetor\u00eb t\u00eb Dit\u00ebs s\u00eb Flamurit - Shpalljes s\u00eb Pavar\u00ebsis\u00eb, kudo n\u00eb","og_url":"https:\/\/www.visit-ulcinj.com\/blog\/2012\/11\/24\/ne-shba-manifestime-per-100-vjetorin-e-pavaresise\/","og_site_name":"Lajme nga Ulqini","article_published_time":"2012-11-24T07:41:23+00:00","og_image":[{"url":"http:\/\/www.visit-ulcinj.com\/blog\/wp-content\/uploads\/2012\/11\/parada-newyork-1.jpg"}],"twitter_misc":{"Written by":"ulqini","Est. reading time":"10 minutes"},"schema":{"@context":"https:\/\/schema.org","@graph":[{"@type":"WebSite","@id":"https:\/\/www.visit-ulcinj.com\/blog\/#website","url":"https:\/\/www.visit-ulcinj.com\/blog\/","name":"Lajme nga Ulqini","description":"Lajme,Vijesti,Ulqini,Ulqin,Crna Gora,Mali i Zi","potentialAction":[{"@type":"SearchAction","target":{"@type":"EntryPoint","urlTemplate":"https:\/\/www.visit-ulcinj.com\/blog\/?s={search_term_string}"},"query-input":"required name=search_term_string"}],"inLanguage":"en-US"},{"@type":"ImageObject","inLanguage":"en-US","@id":"https:\/\/www.visit-ulcinj.com\/blog\/2012\/11\/24\/ne-shba-manifestime-per-100-vjetorin-e-pavaresise\/#primaryimage","url":"https:\/\/www.visit-ulcinj.com\/blog\/wp-content\/uploads\/2012\/11\/parada-newyork-1.jpg","contentUrl":"https:\/\/www.visit-ulcinj.com\/blog\/wp-content\/uploads\/2012\/11\/parada-newyork-1.jpg","width":"604","height":"402"},{"@type":"WebPage","@id":"https:\/\/www.visit-ulcinj.com\/blog\/2012\/11\/24\/ne-shba-manifestime-per-100-vjetorin-e-pavaresise\/#webpage","url":"https:\/\/www.visit-ulcinj.com\/blog\/2012\/11\/24\/ne-shba-manifestime-per-100-vjetorin-e-pavaresise\/","name":"N\u00eb SHBA manifestime p\u00ebr 100 vjetorin e Pavar\u00ebsis\u00eb - Lajme nga Ulqini","isPartOf":{"@id":"https:\/\/www.visit-ulcinj.com\/blog\/#website"},"primaryImageOfPage":{"@id":"https:\/\/www.visit-ulcinj.com\/blog\/2012\/11\/24\/ne-shba-manifestime-per-100-vjetorin-e-pavaresise\/#primaryimage"},"datePublished":"2012-11-24T07:41:23+00:00","dateModified":"2012-11-24T07:41:23+00:00","author":{"@id":"https:\/\/www.visit-ulcinj.com\/blog\/#\/schema\/person\/dcab619c614d3038751c63bc2aadc06d"},"description":"Nga Beqir Sina Duke iu rikthyer historis\u00eb bashk\u00ebsia shqiptare n\u00eb Amerik\u00eb k\u00ebt\u00eb 100 - Vjetor\u00eb t\u00eb Dit\u00ebs s\u00eb Flamurit - Shpalljes s\u00eb Pavar\u00ebsis\u00eb, kudo n\u00eb","breadcrumb":{"@id":"https:\/\/www.visit-ulcinj.com\/blog\/2012\/11\/24\/ne-shba-manifestime-per-100-vjetorin-e-pavaresise\/#breadcrumb"},"inLanguage":"en-US","potentialAction":[{"@type":"ReadAction","target":["https:\/\/www.visit-ulcinj.com\/blog\/2012\/11\/24\/ne-shba-manifestime-per-100-vjetorin-e-pavaresise\/"]}]},{"@type":"BreadcrumbList","@id":"https:\/\/www.visit-ulcinj.com\/blog\/2012\/11\/24\/ne-shba-manifestime-per-100-vjetorin-e-pavaresise\/#breadcrumb","itemListElement":[{"@type":"ListItem","position":1,"name":"N\u00eb SHBA manifestime p\u00ebr 100 vjetorin e Pavar\u00ebsis\u00eb"}]},{"@type":"Person","@id":"https:\/\/www.visit-ulcinj.com\/blog\/#\/schema\/person\/dcab619c614d3038751c63bc2aadc06d","name":"ulqini","sameAs":["http:\/\/www.visit-ulcinj.com"],"url":"https:\/\/www.visit-ulcinj.com\/blog\/author\/admin\/"}]}},"jetpack_featured_media_url":"","jetpack_sharing_enabled":true,"jetpack_shortlink":"https:\/\/wp.me\/pe6lTn-hbl","_links":{"self":[{"href":"https:\/\/www.visit-ulcinj.com\/blog\/wp-json\/wp\/v2\/posts\/66051"}],"collection":[{"href":"https:\/\/www.visit-ulcinj.com\/blog\/wp-json\/wp\/v2\/posts"}],"about":[{"href":"https:\/\/www.visit-ulcinj.com\/blog\/wp-json\/wp\/v2\/types\/post"}],"author":[{"embeddable":true,"href":"https:\/\/www.visit-ulcinj.com\/blog\/wp-json\/wp\/v2\/users\/1"}],"replies":[{"embeddable":true,"href":"https:\/\/www.visit-ulcinj.com\/blog\/wp-json\/wp\/v2\/comments?post=66051"}],"version-history":[{"count":1,"href":"https:\/\/www.visit-ulcinj.com\/blog\/wp-json\/wp\/v2\/posts\/66051\/revisions"}],"predecessor-version":[{"id":66057,"href":"https:\/\/www.visit-ulcinj.com\/blog\/wp-json\/wp\/v2\/posts\/66051\/revisions\/66057"}],"wp:attachment":[{"href":"https:\/\/www.visit-ulcinj.com\/blog\/wp-json\/wp\/v2\/media?parent=66051"}],"wp:term":[{"taxonomy":"category","embeddable":true,"href":"https:\/\/www.visit-ulcinj.com\/blog\/wp-json\/wp\/v2\/categories?post=66051"},{"taxonomy":"post_tag","embeddable":true,"href":"https:\/\/www.visit-ulcinj.com\/blog\/wp-json\/wp\/v2\/tags?post=66051"}],"curies":[{"name":"wp","href":"https:\/\/api.w.org\/{rel}","templated":true}]}}