{"id":66098,"date":"2012-11-25T16:29:36","date_gmt":"2012-11-25T15:29:36","guid":{"rendered":"http:\/\/www.visit-ulcinj.com\/blog\/?p=66098"},"modified":"2012-11-25T16:31:30","modified_gmt":"2012-11-25T15:31:30","slug":"studentet-e-ulqinit-organizojne-sot100-vjetorin-e-pavaresiseora-1800","status":"publish","type":"post","link":"https:\/\/www.visit-ulcinj.com\/blog\/2012\/11\/25\/studentet-e-ulqinit-organizojne-sot100-vjetorin-e-pavaresiseora-1800\/","title":{"rendered":"Student\u00ebt e Ulqinit organizojn\u00eb sot,100 vjetorin e Pavar\u00ebsis\u00eb,ora 18:00"},"content":{"rendered":"<p><a href=\"http:\/\/www.visit-ulcinj.com\/blog\/wp-content\/uploads\/2012\/11\/Student\u00ebt-e-Ulqinit-n\u00eb-Prishtin\u00ebfestojn\u00eb-100-vjetorin..jpg\"><img loading=\"lazy\" class=\"alignleft  wp-image-66099\" title=\"Student\u00ebt-e-Ulqinit-n\u00eb-Prishtin\u00ebfestojn\u00eb-100-vjetorin.\" src=\"http:\/\/www.visit-ulcinj.com\/blog\/wp-content\/uploads\/2012\/11\/Student\u00ebt-e-Ulqinit-n\u00eb-Prishtin\u00ebfestojn\u00eb-100-vjetorin..jpg\" alt=\"\" width=\"508\" height=\"600\" \/><\/a>Me rastin e 100-vjetorit t\u00eb Pavar\u00ebsis\u00eb s\u00eb Shqip\u00ebris\u00eb, festimet u ndjen\u00eb edhe tek student\u00ebt nga Ulqini,Ana Malit dhe viseve tjera nga Mali i Zi n\u00eb Prishtin\u00eb.<\/p>\n<p><strong>Pra mos mungoni sot\u00eb me 26.11.2012 n\u00eb Qender per kulture ne Ulqin n\u00eb ora 18:00<\/strong><\/p>\n<p><strong><a id=\"js_12\" href=\"https:\/\/www.facebook.com\/pages\/Student%C3%ABt-e-Ulqinit-n%C3%AB-Prishtin%C3%AB\/372112942844008\" data-hovercard=\"\/ajax\/hovercard\/page.php?id=372112942844008\">Student\u00ebt e Ulqinit n\u00eb Prishtin\u00eb<\/a><\/strong><\/p>\n<p><iframe loading=\"lazy\" src=\"http:\/\/www.youtube.com\/embed\/LSf9CLtS0cQ?rel=0\" frameborder=\"0\" width=\"508\" height=\"360\"><\/iframe><\/p>\n","protected":false},"excerpt":{"rendered":"<p>Me rastin e 100-vjetorit t\u00eb Pavar\u00ebsis\u00eb s\u00eb Shqip\u00ebris\u00eb, festimet u ndjen\u00eb edhe tek student\u00ebt nga Ulqini,Ana Malit dhe viseve tjera nga Mali i Zi n\u00eb Prishtin\u00eb. Pra mos mungoni sot\u00eb me 26.11.2012 n\u00eb Qender per kulture ne Ulqin n\u00eb ora 18:00 Student\u00ebt e Ulqinit n\u00eb Prishtin\u00eb<\/p>\n","protected":false},"author":1,"featured_media":0,"comment_status":"open","ping_status":"closed","sticky":false,"template":"","format":"standard","meta":{"spay_email":"","jetpack_publicize_message":"","jetpack_is_tweetstorm":false,"jetpack_publicize_feature_enabled":true},"categories":[6950],"tags":[12766,21514,200,18],"jetpack_publicize_connections":[],"yoast_head":"<!-- This site is optimized with the Yoast SEO plugin v19.1 - https:\/\/yoast.com\/wordpress\/plugins\/seo\/ -->\n<title>Student\u00ebt e Ulqinit organizojn\u00eb sot,100 vjetorin e Pavar\u00ebsis\u00eb,ora 18:00 - Lajme nga Ulqini<\/title>\n<meta name=\"description\" content=\"Me rastin e 100-vjetorit t\u00eb Pavar\u00ebsis\u00eb s\u00eb Shqip\u00ebris\u00eb, festimet u ndjen\u00eb edhe tek student\u00ebt nga Ulqini,Ana Malit dhe viseve tjera nga Mali i Zi n\u00eb\" \/>\n<meta name=\"robots\" content=\"index, follow, max-snippet:-1, max-image-preview:large, max-video-preview:-1\" \/>\n<link rel=\"canonical\" href=\"https:\/\/www.visit-ulcinj.com\/blog\/2012\/11\/25\/studentet-e-ulqinit-organizojne-sot100-vjetorin-e-pavaresiseora-1800\/\" \/>\n<meta property=\"og:locale\" content=\"en_US\" \/>\n<meta property=\"og:type\" content=\"article\" \/>\n<meta property=\"og:title\" content=\"Student\u00ebt e Ulqinit organizojn\u00eb sot,100 vjetorin e Pavar\u00ebsis\u00eb,ora 18:00 - Lajme nga Ulqini\" \/>\n<meta property=\"og:description\" content=\"Me rastin e 100-vjetorit t\u00eb Pavar\u00ebsis\u00eb s\u00eb Shqip\u00ebris\u00eb, festimet u ndjen\u00eb edhe tek student\u00ebt nga Ulqini,Ana Malit dhe viseve tjera nga Mali i Zi n\u00eb\" \/>\n<meta property=\"og:url\" content=\"https:\/\/www.visit-ulcinj.com\/blog\/2012\/11\/25\/studentet-e-ulqinit-organizojne-sot100-vjetorin-e-pavaresiseora-1800\/\" \/>\n<meta property=\"og:site_name\" content=\"Lajme nga Ulqini\" \/>\n<meta property=\"article:published_time\" content=\"2012-11-25T15:29:36+00:00\" \/>\n<meta property=\"article:modified_time\" content=\"2012-11-25T15:31:30+00:00\" \/>\n<meta name=\"twitter:label1\" content=\"Written by\" \/>\n\t<meta name=\"twitter:data1\" content=\"ulqini\" \/>\n<script type=\"application\/ld+json\" class=\"yoast-schema-graph\">{\"@context\":\"https:\/\/schema.org\",\"@graph\":[{\"@type\":\"WebSite\",\"@id\":\"https:\/\/www.visit-ulcinj.com\/blog\/#website\",\"url\":\"https:\/\/www.visit-ulcinj.com\/blog\/\",\"name\":\"Lajme nga Ulqini\",\"description\":\"Lajme,Vijesti,Ulqini,Ulqin,Crna Gora,Mali i Zi\",\"potentialAction\":[{\"@type\":\"SearchAction\",\"target\":{\"@type\":\"EntryPoint\",\"urlTemplate\":\"https:\/\/www.visit-ulcinj.com\/blog\/?s={search_term_string}\"},\"query-input\":\"required name=search_term_string\"}],\"inLanguage\":\"en-US\"},{\"@type\":\"WebPage\",\"@id\":\"https:\/\/www.visit-ulcinj.com\/blog\/2012\/11\/25\/studentet-e-ulqinit-organizojne-sot100-vjetorin-e-pavaresiseora-1800\/#webpage\",\"url\":\"https:\/\/www.visit-ulcinj.com\/blog\/2012\/11\/25\/studentet-e-ulqinit-organizojne-sot100-vjetorin-e-pavaresiseora-1800\/\",\"name\":\"Student\u00ebt e Ulqinit organizojn\u00eb sot,100 vjetorin e Pavar\u00ebsis\u00eb,ora 18:00 - Lajme nga Ulqini\",\"isPartOf\":{\"@id\":\"https:\/\/www.visit-ulcinj.com\/blog\/#website\"},\"datePublished\":\"2012-11-25T15:29:36+00:00\",\"dateModified\":\"2012-11-25T15:31:30+00:00\",\"author\":{\"@id\":\"https:\/\/www.visit-ulcinj.com\/blog\/#\/schema\/person\/dcab619c614d3038751c63bc2aadc06d\"},\"description\":\"Me rastin e 100-vjetorit t\u00eb Pavar\u00ebsis\u00eb s\u00eb Shqip\u00ebris\u00eb, festimet u ndjen\u00eb edhe tek student\u00ebt nga Ulqini,Ana Malit dhe viseve tjera nga Mali i Zi n\u00eb\",\"breadcrumb\":{\"@id\":\"https:\/\/www.visit-ulcinj.com\/blog\/2012\/11\/25\/studentet-e-ulqinit-organizojne-sot100-vjetorin-e-pavaresiseora-1800\/#breadcrumb\"},\"inLanguage\":\"en-US\",\"potentialAction\":[{\"@type\":\"ReadAction\",\"target\":[\"https:\/\/www.visit-ulcinj.com\/blog\/2012\/11\/25\/studentet-e-ulqinit-organizojne-sot100-vjetorin-e-pavaresiseora-1800\/\"]}]},{\"@type\":\"BreadcrumbList\",\"@id\":\"https:\/\/www.visit-ulcinj.com\/blog\/2012\/11\/25\/studentet-e-ulqinit-organizojne-sot100-vjetorin-e-pavaresiseora-1800\/#breadcrumb\",\"itemListElement\":[{\"@type\":\"ListItem\",\"position\":1,\"name\":\"Student\u00ebt e Ulqinit organizojn\u00eb sot,100 vjetorin e Pavar\u00ebsis\u00eb,ora 18:00\"}]},{\"@type\":\"Person\",\"@id\":\"https:\/\/www.visit-ulcinj.com\/blog\/#\/schema\/person\/dcab619c614d3038751c63bc2aadc06d\",\"name\":\"ulqini\",\"sameAs\":[\"http:\/\/www.visit-ulcinj.com\"],\"url\":\"https:\/\/www.visit-ulcinj.com\/blog\/author\/admin\/\"}]}<\/script>\n<!-- \/ Yoast SEO plugin. -->","yoast_head_json":{"title":"Student\u00ebt e Ulqinit organizojn\u00eb sot,100 vjetorin e Pavar\u00ebsis\u00eb,ora 18:00 - Lajme nga Ulqini","description":"Me rastin e 100-vjetorit t\u00eb Pavar\u00ebsis\u00eb s\u00eb Shqip\u00ebris\u00eb, festimet u ndjen\u00eb edhe tek student\u00ebt nga Ulqini,Ana Malit dhe viseve tjera nga Mali i Zi n\u00eb","robots":{"index":"index","follow":"follow","max-snippet":"max-snippet:-1","max-image-preview":"max-image-preview:large","max-video-preview":"max-video-preview:-1"},"canonical":"https:\/\/www.visit-ulcinj.com\/blog\/2012\/11\/25\/studentet-e-ulqinit-organizojne-sot100-vjetorin-e-pavaresiseora-1800\/","og_locale":"en_US","og_type":"article","og_title":"Student\u00ebt e Ulqinit organizojn\u00eb sot,100 vjetorin e Pavar\u00ebsis\u00eb,ora 18:00 - Lajme nga Ulqini","og_description":"Me rastin e 100-vjetorit t\u00eb Pavar\u00ebsis\u00eb s\u00eb Shqip\u00ebris\u00eb, festimet u ndjen\u00eb edhe tek student\u00ebt nga Ulqini,Ana Malit dhe viseve tjera nga Mali i Zi n\u00eb","og_url":"https:\/\/www.visit-ulcinj.com\/blog\/2012\/11\/25\/studentet-e-ulqinit-organizojne-sot100-vjetorin-e-pavaresiseora-1800\/","og_site_name":"Lajme nga Ulqini","article_published_time":"2012-11-25T15:29:36+00:00","article_modified_time":"2012-11-25T15:31:30+00:00","twitter_misc":{"Written by":"ulqini"},"schema":{"@context":"https:\/\/schema.org","@graph":[{"@type":"WebSite","@id":"https:\/\/www.visit-ulcinj.com\/blog\/#website","url":"https:\/\/www.visit-ulcinj.com\/blog\/","name":"Lajme nga Ulqini","description":"Lajme,Vijesti,Ulqini,Ulqin,Crna Gora,Mali i Zi","potentialAction":[{"@type":"SearchAction","target":{"@type":"EntryPoint","urlTemplate":"https:\/\/www.visit-ulcinj.com\/blog\/?s={search_term_string}"},"query-input":"required name=search_term_string"}],"inLanguage":"en-US"},{"@type":"WebPage","@id":"https:\/\/www.visit-ulcinj.com\/blog\/2012\/11\/25\/studentet-e-ulqinit-organizojne-sot100-vjetorin-e-pavaresiseora-1800\/#webpage","url":"https:\/\/www.visit-ulcinj.com\/blog\/2012\/11\/25\/studentet-e-ulqinit-organizojne-sot100-vjetorin-e-pavaresiseora-1800\/","name":"Student\u00ebt e Ulqinit organizojn\u00eb sot,100 vjetorin e Pavar\u00ebsis\u00eb,ora 18:00 - Lajme nga Ulqini","isPartOf":{"@id":"https:\/\/www.visit-ulcinj.com\/blog\/#website"},"datePublished":"2012-11-25T15:29:36+00:00","dateModified":"2012-11-25T15:31:30+00:00","author":{"@id":"https:\/\/www.visit-ulcinj.com\/blog\/#\/schema\/person\/dcab619c614d3038751c63bc2aadc06d"},"description":"Me rastin e 100-vjetorit t\u00eb Pavar\u00ebsis\u00eb s\u00eb Shqip\u00ebris\u00eb, festimet u ndjen\u00eb edhe tek student\u00ebt nga Ulqini,Ana Malit dhe viseve tjera nga Mali i Zi n\u00eb","breadcrumb":{"@id":"https:\/\/www.visit-ulcinj.com\/blog\/2012\/11\/25\/studentet-e-ulqinit-organizojne-sot100-vjetorin-e-pavaresiseora-1800\/#breadcrumb"},"inLanguage":"en-US","potentialAction":[{"@type":"ReadAction","target":["https:\/\/www.visit-ulcinj.com\/blog\/2012\/11\/25\/studentet-e-ulqinit-organizojne-sot100-vjetorin-e-pavaresiseora-1800\/"]}]},{"@type":"BreadcrumbList","@id":"https:\/\/www.visit-ulcinj.com\/blog\/2012\/11\/25\/studentet-e-ulqinit-organizojne-sot100-vjetorin-e-pavaresiseora-1800\/#breadcrumb","itemListElement":[{"@type":"ListItem","position":1,"name":"Student\u00ebt e Ulqinit organizojn\u00eb sot,100 vjetorin e Pavar\u00ebsis\u00eb,ora 18:00"}]},{"@type":"Person","@id":"https:\/\/www.visit-ulcinj.com\/blog\/#\/schema\/person\/dcab619c614d3038751c63bc2aadc06d","name":"ulqini","sameAs":["http:\/\/www.visit-ulcinj.com"],"url":"https:\/\/www.visit-ulcinj.com\/blog\/author\/admin\/"}]}},"jetpack_featured_media_url":"","jetpack_sharing_enabled":true,"jetpack_shortlink":"https:\/\/wp.me\/pe6lTn-hc6","_links":{"self":[{"href":"https:\/\/www.visit-ulcinj.com\/blog\/wp-json\/wp\/v2\/posts\/66098"}],"collection":[{"href":"https:\/\/www.visit-ulcinj.com\/blog\/wp-json\/wp\/v2\/posts"}],"about":[{"href":"https:\/\/www.visit-ulcinj.com\/blog\/wp-json\/wp\/v2\/types\/post"}],"author":[{"embeddable":true,"href":"https:\/\/www.visit-ulcinj.com\/blog\/wp-json\/wp\/v2\/users\/1"}],"replies":[{"embeddable":true,"href":"https:\/\/www.visit-ulcinj.com\/blog\/wp-json\/wp\/v2\/comments?post=66098"}],"version-history":[{"count":2,"href":"https:\/\/www.visit-ulcinj.com\/blog\/wp-json\/wp\/v2\/posts\/66098\/revisions"}],"predecessor-version":[{"id":66101,"href":"https:\/\/www.visit-ulcinj.com\/blog\/wp-json\/wp\/v2\/posts\/66098\/revisions\/66101"}],"wp:attachment":[{"href":"https:\/\/www.visit-ulcinj.com\/blog\/wp-json\/wp\/v2\/media?parent=66098"}],"wp:term":[{"taxonomy":"category","embeddable":true,"href":"https:\/\/www.visit-ulcinj.com\/blog\/wp-json\/wp\/v2\/categories?post=66098"},{"taxonomy":"post_tag","embeddable":true,"href":"https:\/\/www.visit-ulcinj.com\/blog\/wp-json\/wp\/v2\/tags?post=66098"}],"curies":[{"name":"wp","href":"https:\/\/api.w.org\/{rel}","templated":true}]}}