{"id":66102,"date":"2012-11-25T19:16:10","date_gmt":"2012-11-25T18:16:10","guid":{"rendered":"http:\/\/www.visit-ulcinj.com\/blog\/?p=66102"},"modified":"2012-11-26T16:41:23","modified_gmt":"2012-11-26T15:41:23","slug":"mbjellja-e100-ullinjve-per-100-vjetorin-e-pavaresise-ne-shas-foto","status":"publish","type":"post","link":"https:\/\/www.visit-ulcinj.com\/blog\/2012\/11\/25\/mbjellja-e100-ullinjve-per-100-vjetorin-e-pavaresise-ne-shas-foto\/","title":{"rendered":"Mbjellja e100 ullinjve p\u00ebr 100 vjetorin e pavar\u00ebsis\u00eb n\u00eb Shas + Foto"},"content":{"rendered":"<p><a href=\"http:\/\/www.visit-ulcinj.com\/blog\/wp-content\/uploads\/2012\/11\/100-ullinj-p\u00ebr-100-vjetorin-e-pavar\u00ebsis\u00eb-Shas.jpg\"><img loading=\"lazy\" class=\"alignleft  wp-image-66103\" title=\"100 ullinj p\u00ebr 100 vjetorin e pavar\u00ebsis\u00eb - Shas\" src=\"http:\/\/www.visit-ulcinj.com\/blog\/wp-content\/uploads\/2012\/11\/100-ullinj-p\u00ebr-100-vjetorin-e-pavar\u00ebsis\u00eb-Shas.jpg\" alt=\"\" width=\"508\" height=\"360\" \/><\/a>N\u00eb qytetin e lasht\u00eb t\u00eb Shasit u be mbjellja e100 ullinjve p\u00ebr 100 vjetorin e pavar\u00ebsis\u00eb. T\u00eb pranishem ishin nj\u00eb num\u00ebr i madh pjes\u00ebmarr\u00ebsish, por edhe figura t\u00eb r\u00ebnd\u00ebsishme t\u00eb kultur\u00ebs, arsimit dhe politik\u00ebs vendase t\u00eb Ulqinit.<br \/>\nP\u00ebr begatin\u00eb dhe mbar\u00ebvajtjen e k\u00ebtij manifestimi u interesuan an\u00ebtar\u00ebt e Shoqat\u00ebs &#8220;ORA&#8221;.<br \/>\nSi personalitete politike q\u00eb asistuan n\u00eb k\u00ebt manifestim jan\u00eb:Nazif Cung,kryetari i K\u00ebshillit Nacional t\u00eb Shqiptar\u00ebve n\u00eb Mal t\u00eb Zi &#8211; Tahir Tahiri,<br \/>\n<a href=\"http:\/\/www.visit-ulcinj.com\/blog\/wp-content\/uploads\/2012\/11\/100-ullinj-p\u00ebr-100-vjetorin-e-pavar\u00ebsis\u00eb-Shas_Fatmir-Gjeka_Luigj-Shkrela_Genci-Nimanbegu.jpg\"><img loading=\"lazy\" title=\"100 ullinj p\u00ebr 100 vjetorin e pavar\u00ebsis\u00eb - Shas_Fatmir Gjeka_Luigj Shkrela_Genci Nimanbegu\" src=\"http:\/\/www.visit-ulcinj.com\/blog\/wp-content\/uploads\/2012\/11\/100-ullinj-p\u00ebr-100-vjetorin-e-pavar\u00ebsis\u00eb-Shas_Fatmir-Gjeka_Luigj-Shkrela_Genci-Nimanbegu.jpg\" alt=\"\" width=\"508\" height=\"300\" \/><\/a>Fatmir Gjeka,Luigj Shkrela,Genci Nimanbegu,Zana Sarvan,Amir Hollaj,Hajredin Kova\u00e7i,Ismet Kallaba,Nail Draga,Rexhep Tagani dhe personalitet tjer\u00eb nga Ulqini dhe Ana Malit.<br \/>\n<a href=\"http:\/\/www.visit-ulcinj.com\/blog\/wp-content\/uploads\/2012\/11\/100-ullinj-p\u00ebr-100-vjetorin-e-pavar\u00ebsis\u00eb-Shas.2.jpg\"><img loading=\"lazy\" class=\"alignleft  wp-image-66106\" title=\"100 ullinj p\u00ebr 100 vjetorin e pavar\u00ebsis\u00eb - Shas.2\" src=\"http:\/\/www.visit-ulcinj.com\/blog\/wp-content\/uploads\/2012\/11\/100-ullinj-p\u00ebr-100-vjetorin-e-pavar\u00ebsis\u00eb-Shas.2.jpg\" alt=\"\" width=\"508\" height=\"300\" \/><\/a><br \/>\nMbas\u00eb mjelljes t\u00eb fildaneve t\u00eb ullirit,t\u00eb interesuarit i bene vizite edhe n\u00eb g\u00ebrmimet arkeologjike n\u00eb q\u00eb jan\u00eb duke vazhduar n\u00eb Shas,ku marrin pjes\u00eb edhe arkeologu Anton Lulgjuraj nga Ulqini dhe vullnetarja n\u00eb k\u00ebt\u00eb ekspedit\u00eb arkeologja Barbana Draga,si dhe Mladen Zagar\u00e7anin\u00a0 arkeologu udh\u00ebheq\u00ebs i k\u00ebsaj ekspedite n\u00eb Shas.<br \/>\n<a href=\"http:\/\/www.visit-ulcinj.com\/blog\/wp-content\/uploads\/2012\/11\/100-ullinj-p\u00ebr-100-vjetorin-e-pavar\u00ebsis\u00eb-Shas.1.jpg\"><img loading=\"lazy\" class=\"alignleft size-full wp-image-66105\" title=\"100 ullinj p\u00ebr 100 vjetorin e pavar\u00ebsis\u00eb - Shas.1\" src=\"http:\/\/www.visit-ulcinj.com\/blog\/wp-content\/uploads\/2012\/11\/100-ullinj-p\u00ebr-100-vjetorin-e-pavar\u00ebsis\u00eb-Shas.1.jpg\" alt=\"\" width=\"508\" height=\"300\" \/><\/a><br \/>\nMbasi para disa dit\u00ebve,Kryetari i komun\u00ebs s\u00eb Ulqinit Nazif Cungu kishte folur se Komuna e Ulqinit, k\u00ebt\u00eb zon\u00eb e kan\u00eb shpallur zon\u00eb t\u00eb biznesit, e cila q\u00ebllim kryesor ka zhvillimin e kapaciteteve p\u00ebrpunuese dhe krijimin e kushteve p\u00ebrcjell\u00ebse. Ai poashtu shtoi se manifestime t\u00eb tilla mund\u00ebsojn\u00eb q\u00eb t\u00eb tregojn\u00eb pasurit\u00eb e tyre, t\u00eb tregojn\u00eb diversitetin dhe potencialin e madh bujq\u00ebsor q\u00eb ka komuna e Ulqinit. Ai shtoi se Liqeni i Shasit, Lumi Buna, toka pjellore dhe mallet me klim\u00eb t\u00eb but\u00eb mesdhetare jan\u00eb kushte t\u00eb p\u00ebrsosura p\u00ebr zhvillimin e bujq\u00ebsis\u00eb n\u00eb k\u00ebt\u00eb zon\u00eb.<br \/>\n<a href=\"http:\/\/www.visit-ulcinj.com\/blog\/wp-content\/uploads\/2012\/11\/100-ullinj-p\u00ebr-100-vjetorin-e-pavar\u00ebsis\u00eb-Shas.3_Tahir-Tahiri_nazif-cungu_Kovaci.jpg\"><img loading=\"lazy\" class=\"alignleft size-full wp-image-66107\" title=\"100 ullinj p\u00ebr 100 vjetorin e pavar\u00ebsis\u00eb - Shas.3_Tahir Tahiri_nazif cungu_Kovaci\" src=\"http:\/\/www.visit-ulcinj.com\/blog\/wp-content\/uploads\/2012\/11\/100-ullinj-p\u00ebr-100-vjetorin-e-pavar\u00ebsis\u00eb-Shas.3_Tahir-Tahiri_nazif-cungu_Kovaci.jpg\" alt=\"\" width=\"508\" height=\"300\" \/><\/a><br \/>\nFalenderim edhe p\u00ebr zot\u00ebri Dini Zenelin i cili e b\u00ebri t\u00eb mundur k\u00ebto fotografi dhe solli pamje nga kjo ngjarje.<\/p>\n<p><a href=\"https:\/\/www.facebook.com\/media\/set\/?set=a.455281794533961.111425.100001564340764&amp;type=1\" target=\"_blank\"><strong>P\u00ebr ma tep\u00ebr Fotografi \u2013 Ana E Malit Tradita Facebook<\/strong><\/a><\/p>\n<p>\n\t\t<style type=\"text\/css\">\n\t\t\t#gallery-1 {\n\t\t\t\tmargin: auto;\n\t\t\t}\n\t\t\t#gallery-1 .gallery-item {\n\t\t\t\tfloat: left;\n\t\t\t\tmargin-top: 10px;\n\t\t\t\ttext-align: center;\n\t\t\t\twidth: 33%;\n\t\t\t}\n\t\t\t#gallery-1 img {\n\t\t\t\tborder: 2px solid #cfcfcf;\n\t\t\t}\n\t\t\t#gallery-1 .gallery-caption {\n\t\t\t\tmargin-left: 0;\n\t\t\t}\n\t\t\t\/* see gallery_shortcode() in wp-includes\/media.php *\/\n\t\t<\/style>\n\t\t<div id='gallery-1' class='gallery galleryid-66102 gallery-columns-3 gallery-size-thumbnail'><dl class='gallery-item'>\n\t\t\t<dt class='gallery-icon landscape'>\n\t\t\t\t<a href='https:\/\/www.visit-ulcinj.com\/blog\/2012\/11\/25\/mbjellja-e100-ullinjve-per-100-vjetorin-e-pavaresise-ne-shas-foto\/100-ullinj-per-100-vjetorin-e-pavaresise-shas\/'><img width=\"150\" height=\"150\" src=\"https:\/\/www.visit-ulcinj.com\/blog\/wp-content\/uploads\/2012\/11\/100-ullinj-p\u00ebr-100-vjetorin-e-pavar\u00ebsis\u00eb-Shas-150x150.jpg\" class=\"attachment-thumbnail size-thumbnail\" alt=\"\" loading=\"lazy\" \/><\/a>\n\t\t\t<\/dt><\/dl><dl class='gallery-item'>\n\t\t\t<dt class='gallery-icon landscape'>\n\t\t\t\t<a href='https:\/\/www.visit-ulcinj.com\/blog\/2012\/11\/25\/mbjellja-e100-ullinjve-per-100-vjetorin-e-pavaresise-ne-shas-foto\/100-ullinj-per-100-vjetorin-e-pavaresise-shas_fatmir-gjeka_luigj-shkrela_genci-nimanbegu\/'><img width=\"150\" height=\"150\" src=\"https:\/\/www.visit-ulcinj.com\/blog\/wp-content\/uploads\/2012\/11\/100-ullinj-p\u00ebr-100-vjetorin-e-pavar\u00ebsis\u00eb-Shas_Fatmir-Gjeka_Luigj-Shkrela_Genci-Nimanbegu-150x150.jpg\" class=\"attachment-thumbnail size-thumbnail\" alt=\"\" loading=\"lazy\" \/><\/a>\n\t\t\t<\/dt><\/dl><dl class='gallery-item'>\n\t\t\t<dt class='gallery-icon landscape'>\n\t\t\t\t<a href='https:\/\/www.visit-ulcinj.com\/blog\/2012\/11\/25\/mbjellja-e100-ullinjve-per-100-vjetorin-e-pavaresise-ne-shas-foto\/100-ullinj-per-100-vjetorin-e-pavaresise-shas-1\/'><img width=\"150\" height=\"150\" src=\"https:\/\/www.visit-ulcinj.com\/blog\/wp-content\/uploads\/2012\/11\/100-ullinj-p\u00ebr-100-vjetorin-e-pavar\u00ebsis\u00eb-Shas.1-150x150.jpg\" class=\"attachment-thumbnail size-thumbnail\" alt=\"\" loading=\"lazy\" \/><\/a>\n\t\t\t<\/dt><\/dl><br style=\"clear: both\" \/><dl class='gallery-item'>\n\t\t\t<dt class='gallery-icon landscape'>\n\t\t\t\t<a href='https:\/\/www.visit-ulcinj.com\/blog\/2012\/11\/25\/mbjellja-e100-ullinjve-per-100-vjetorin-e-pavaresise-ne-shas-foto\/100-ullinj-per-100-vjetorin-e-pavaresise-shas-2\/'><img width=\"150\" height=\"150\" src=\"https:\/\/www.visit-ulcinj.com\/blog\/wp-content\/uploads\/2012\/11\/100-ullinj-p\u00ebr-100-vjetorin-e-pavar\u00ebsis\u00eb-Shas.2-150x150.jpg\" class=\"attachment-thumbnail size-thumbnail\" alt=\"\" loading=\"lazy\" \/><\/a>\n\t\t\t<\/dt><\/dl><dl class='gallery-item'>\n\t\t\t<dt class='gallery-icon landscape'>\n\t\t\t\t<a href='https:\/\/www.visit-ulcinj.com\/blog\/2012\/11\/25\/mbjellja-e100-ullinjve-per-100-vjetorin-e-pavaresise-ne-shas-foto\/100-ullinj-per-100-vjetorin-e-pavaresise-shas-3_tahir-tahiri_nazif-cungu_kovaci\/'><img width=\"150\" height=\"150\" src=\"https:\/\/www.visit-ulcinj.com\/blog\/wp-content\/uploads\/2012\/11\/100-ullinj-p\u00ebr-100-vjetorin-e-pavar\u00ebsis\u00eb-Shas.3_Tahir-Tahiri_nazif-cungu_Kovaci-150x150.jpg\" class=\"attachment-thumbnail size-thumbnail\" alt=\"\" loading=\"lazy\" \/><\/a>\n\t\t\t<\/dt><\/dl><dl class='gallery-item'>\n\t\t\t<dt class='gallery-icon landscape'>\n\t\t\t\t<a href='https:\/\/www.visit-ulcinj.com\/blog\/2012\/11\/25\/mbjellja-e100-ullinjve-per-100-vjetorin-e-pavaresise-ne-shas-foto\/100-ullinj-per-100-vjetorin-e-pavaresise-shas-4\/'><img width=\"150\" height=\"150\" src=\"https:\/\/www.visit-ulcinj.com\/blog\/wp-content\/uploads\/2012\/11\/100-ullinj-p\u00ebr-100-vjetorin-e-pavar\u00ebsis\u00eb-Shas.4-150x150.jpg\" class=\"attachment-thumbnail size-thumbnail\" alt=\"\" loading=\"lazy\" \/><\/a>\n\t\t\t<\/dt><\/dl><br style=\"clear: both\" \/><dl class='gallery-item'>\n\t\t\t<dt class='gallery-icon landscape'>\n\t\t\t\t<a href='https:\/\/www.visit-ulcinj.com\/blog\/2012\/11\/25\/mbjellja-e100-ullinjve-per-100-vjetorin-e-pavaresise-ne-shas-foto\/100-ullinj-per-100-vjetorin-e-pavaresise-shas-5\/'><img width=\"150\" height=\"150\" src=\"https:\/\/www.visit-ulcinj.com\/blog\/wp-content\/uploads\/2012\/11\/100-ullinj-p\u00ebr-100-vjetorin-e-pavar\u00ebsis\u00eb-Shas.5-150x150.jpg\" class=\"attachment-thumbnail size-thumbnail\" alt=\"\" loading=\"lazy\" \/><\/a>\n\t\t\t<\/dt><\/dl><dl class='gallery-item'>\n\t\t\t<dt class='gallery-icon landscape'>\n\t\t\t\t<a href='https:\/\/www.visit-ulcinj.com\/blog\/2012\/11\/25\/mbjellja-e100-ullinjve-per-100-vjetorin-e-pavaresise-ne-shas-foto\/100-ullinj-per-100-vjetorin-e-pavaresise-shas-6\/'><img width=\"150\" height=\"150\" src=\"https:\/\/www.visit-ulcinj.com\/blog\/wp-content\/uploads\/2012\/11\/100-ullinj-p\u00ebr-100-vjetorin-e-pavar\u00ebsis\u00eb-Shas.6-150x150.jpg\" class=\"attachment-thumbnail size-thumbnail\" alt=\"\" loading=\"lazy\" \/><\/a>\n\t\t\t<\/dt><\/dl><dl class='gallery-item'>\n\t\t\t<dt class='gallery-icon landscape'>\n\t\t\t\t<a href='https:\/\/www.visit-ulcinj.com\/blog\/2012\/11\/25\/mbjellja-e100-ullinjve-per-100-vjetorin-e-pavaresise-ne-shas-foto\/100-ullinj-per-100-vjetorin-e-pavaresise-shas-3\/'><img width=\"150\" height=\"150\" src=\"https:\/\/www.visit-ulcinj.com\/blog\/wp-content\/uploads\/2012\/11\/100-ullinj-p\u00ebr-100-vjetorin-e-pavar\u00ebsis\u00eb-Shas.3-150x150.jpg\" class=\"attachment-thumbnail size-thumbnail\" alt=\"\" loading=\"lazy\" \/><\/a>\n\t\t\t<\/dt><\/dl><br style=\"clear: both\" \/>\n\t\t<\/div>\n<br \/>\n<iframe loading=\"lazy\" src=\"http:\/\/www.youtube.com\/embed\/uR7FA33z08g?rel=0\" frameborder=\"0\" width=\"508\" height=\"360\"><\/iframe><\/p>\n","protected":false},"excerpt":{"rendered":"<p>N\u00eb qytetin e lasht\u00eb t\u00eb Shasit u be mbjellja e100 ullinjve p\u00ebr 100 vjetorin e pavar\u00ebsis\u00eb. T\u00eb pranishem ishin nj\u00eb num\u00ebr i madh pjes\u00ebmarr\u00ebsish, por edhe figura t\u00eb r\u00ebnd\u00ebsishme t\u00eb kultur\u00ebs, arsimit dhe politik\u00ebs vendase t\u00eb Ulqinit. P\u00ebr begatin\u00eb dhe mbar\u00ebvajtjen e k\u00ebtij manifestimi u interesuan an\u00ebtar\u00ebt e Shoqat\u00ebs &#8220;ORA&#8221;. Si personalitete politike q\u00eb asistuan [&hellip;]<\/p>\n","protected":false},"author":1,"featured_media":0,"comment_status":"open","ping_status":"closed","sticky":false,"template":"","format":"standard","meta":{"spay_email":"","jetpack_publicize_message":"","jetpack_is_tweetstorm":false,"jetpack_publicize_feature_enabled":true},"categories":[4],"tags":[11609,21516,21509,21512,212,17828,21239,17834,21237,18370,17811,21242,20884,7930,17831,18362,14353,17808,14354,12340,17840,17839,18363,21221,21222,18532,17835,21240,17814,17810,17816,17071,2319,21246,17807,21253,21468,21469,19517,3516,14652,17837,17827,21219,21416,8470,21244,21494,2338,21238,21248,14358,222,2321,17802,17812,17803,2323,3584,17820,1499,21236,21250,17825,17817,17805,21252,3169,305,21251,840,17823,17832,3506,17818,214,21231,3993,5913,17680,14362,14363,18371,21493,21230,21241,21513,3507,730,21471,21249,17800,498,3500,21421,21228,21255,115,14364,21234,18694,21254,21223,21418,17799,3327,21226,17841,3944,17826,15213,18236,3512,17806,18399,11648,18289,21233,17838,95,2348,21427,17813,17804,15141,347,19495,17836,14366,21510,3875,21515,79,17073,18294,318,118,18368,18369,21417,21257,21258,1653,21420,21426,21419,2304,21261,21232,1909,21243,21224,14367,21235,2354,5380,17801,2306,2334,2335,21470,18360,21227,3577,17822,14368,14369,21225,21492,17824,14370,21247,18291,16228,21259,2083,3231,14371,21220,41,3617,5040,3582,2350,3722,21260,14372,17844,17821,18372,21256,17830,17077,18295,14375,17833,17829,899,21245,20894,3797,21229,200,18,17819,4243,16445,17809,2340,4265,14376],"jetpack_publicize_connections":[],"yoast_head":"<!-- This site is optimized with the Yoast SEO plugin v19.1 - https:\/\/yoast.com\/wordpress\/plugins\/seo\/ -->\n<title>Mbjellja e100 ullinjve p\u00ebr 100 vjetorin e pavar\u00ebsis\u00eb n\u00eb Shas + Foto - Lajme nga Ulqini<\/title>\n<meta name=\"description\" content=\"N\u00eb qytetin e lasht\u00eb t\u00eb Shasit u be mbjellja e100 ullinjve p\u00ebr 100 vjetorin e pavar\u00ebsis\u00eb. T\u00eb pranishem ishin nj\u00eb num\u00ebr i madh pjes\u00ebmarr\u00ebsish, por edhe\" \/>\n<meta name=\"robots\" content=\"index, follow, max-snippet:-1, max-image-preview:large, max-video-preview:-1\" \/>\n<link rel=\"canonical\" href=\"https:\/\/www.visit-ulcinj.com\/blog\/2012\/11\/25\/mbjellja-e100-ullinjve-per-100-vjetorin-e-pavaresise-ne-shas-foto\/\" \/>\n<meta property=\"og:locale\" content=\"en_US\" \/>\n<meta property=\"og:type\" content=\"article\" \/>\n<meta property=\"og:title\" content=\"Mbjellja e100 ullinjve p\u00ebr 100 vjetorin e pavar\u00ebsis\u00eb n\u00eb Shas + Foto - Lajme nga Ulqini\" \/>\n<meta property=\"og:description\" content=\"N\u00eb qytetin e lasht\u00eb t\u00eb Shasit u be mbjellja e100 ullinjve p\u00ebr 100 vjetorin e pavar\u00ebsis\u00eb. T\u00eb pranishem ishin nj\u00eb num\u00ebr i madh pjes\u00ebmarr\u00ebsish, por edhe\" \/>\n<meta property=\"og:url\" content=\"https:\/\/www.visit-ulcinj.com\/blog\/2012\/11\/25\/mbjellja-e100-ullinjve-per-100-vjetorin-e-pavaresise-ne-shas-foto\/\" \/>\n<meta property=\"og:site_name\" content=\"Lajme nga Ulqini\" \/>\n<meta property=\"article:published_time\" content=\"2012-11-25T18:16:10+00:00\" \/>\n<meta property=\"article:modified_time\" content=\"2012-11-26T15:41:23+00:00\" \/>\n<meta property=\"og:image\" content=\"https:\/\/www.visit-ulcinj.com\/blog\/wp-content\/uploads\/2012\/11\/100-ullinj-p\u00ebr-100-vjetorin-e-pavar\u00ebsis\u00eb-Shas-150x150.jpg\" \/>\n<meta name=\"twitter:label1\" content=\"Written by\" \/>\n\t<meta name=\"twitter:data1\" content=\"ulqini\" \/>\n\t<meta name=\"twitter:label2\" content=\"Est. reading time\" \/>\n\t<meta name=\"twitter:data2\" content=\"2 minutes\" \/>\n<script type=\"application\/ld+json\" class=\"yoast-schema-graph\">{\"@context\":\"https:\/\/schema.org\",\"@graph\":[{\"@type\":\"WebSite\",\"@id\":\"https:\/\/www.visit-ulcinj.com\/blog\/#website\",\"url\":\"https:\/\/www.visit-ulcinj.com\/blog\/\",\"name\":\"Lajme nga Ulqini\",\"description\":\"Lajme,Vijesti,Ulqini,Ulqin,Crna Gora,Mali i Zi\",\"potentialAction\":[{\"@type\":\"SearchAction\",\"target\":{\"@type\":\"EntryPoint\",\"urlTemplate\":\"https:\/\/www.visit-ulcinj.com\/blog\/?s={search_term_string}\"},\"query-input\":\"required name=search_term_string\"}],\"inLanguage\":\"en-US\"},{\"@type\":\"WebPage\",\"@id\":\"https:\/\/www.visit-ulcinj.com\/blog\/2012\/11\/25\/mbjellja-e100-ullinjve-per-100-vjetorin-e-pavaresise-ne-shas-foto\/#webpage\",\"url\":\"https:\/\/www.visit-ulcinj.com\/blog\/2012\/11\/25\/mbjellja-e100-ullinjve-per-100-vjetorin-e-pavaresise-ne-shas-foto\/\",\"name\":\"Mbjellja e100 ullinjve p\u00ebr 100 vjetorin e pavar\u00ebsis\u00eb n\u00eb Shas + Foto - Lajme nga Ulqini\",\"isPartOf\":{\"@id\":\"https:\/\/www.visit-ulcinj.com\/blog\/#website\"},\"datePublished\":\"2012-11-25T18:16:10+00:00\",\"dateModified\":\"2012-11-26T15:41:23+00:00\",\"author\":{\"@id\":\"https:\/\/www.visit-ulcinj.com\/blog\/#\/schema\/person\/dcab619c614d3038751c63bc2aadc06d\"},\"description\":\"N\u00eb qytetin e lasht\u00eb t\u00eb Shasit u be mbjellja e100 ullinjve p\u00ebr 100 vjetorin e pavar\u00ebsis\u00eb. T\u00eb pranishem ishin nj\u00eb num\u00ebr i madh pjes\u00ebmarr\u00ebsish, por edhe\",\"breadcrumb\":{\"@id\":\"https:\/\/www.visit-ulcinj.com\/blog\/2012\/11\/25\/mbjellja-e100-ullinjve-per-100-vjetorin-e-pavaresise-ne-shas-foto\/#breadcrumb\"},\"inLanguage\":\"en-US\",\"potentialAction\":[{\"@type\":\"ReadAction\",\"target\":[\"https:\/\/www.visit-ulcinj.com\/blog\/2012\/11\/25\/mbjellja-e100-ullinjve-per-100-vjetorin-e-pavaresise-ne-shas-foto\/\"]}]},{\"@type\":\"BreadcrumbList\",\"@id\":\"https:\/\/www.visit-ulcinj.com\/blog\/2012\/11\/25\/mbjellja-e100-ullinjve-per-100-vjetorin-e-pavaresise-ne-shas-foto\/#breadcrumb\",\"itemListElement\":[{\"@type\":\"ListItem\",\"position\":1,\"name\":\"Mbjellja e100 ullinjve p\u00ebr 100 vjetorin e pavar\u00ebsis\u00eb n\u00eb Shas + Foto\"}]},{\"@type\":\"Person\",\"@id\":\"https:\/\/www.visit-ulcinj.com\/blog\/#\/schema\/person\/dcab619c614d3038751c63bc2aadc06d\",\"name\":\"ulqini\",\"sameAs\":[\"http:\/\/www.visit-ulcinj.com\"],\"url\":\"https:\/\/www.visit-ulcinj.com\/blog\/author\/admin\/\"}]}<\/script>\n<!-- \/ Yoast SEO plugin. -->","yoast_head_json":{"title":"Mbjellja e100 ullinjve p\u00ebr 100 vjetorin e pavar\u00ebsis\u00eb n\u00eb Shas + Foto - Lajme nga Ulqini","description":"N\u00eb qytetin e lasht\u00eb t\u00eb Shasit u be mbjellja e100 ullinjve p\u00ebr 100 vjetorin e pavar\u00ebsis\u00eb. T\u00eb pranishem ishin nj\u00eb num\u00ebr i madh pjes\u00ebmarr\u00ebsish, por edhe","robots":{"index":"index","follow":"follow","max-snippet":"max-snippet:-1","max-image-preview":"max-image-preview:large","max-video-preview":"max-video-preview:-1"},"canonical":"https:\/\/www.visit-ulcinj.com\/blog\/2012\/11\/25\/mbjellja-e100-ullinjve-per-100-vjetorin-e-pavaresise-ne-shas-foto\/","og_locale":"en_US","og_type":"article","og_title":"Mbjellja e100 ullinjve p\u00ebr 100 vjetorin e pavar\u00ebsis\u00eb n\u00eb Shas + Foto - Lajme nga Ulqini","og_description":"N\u00eb qytetin e lasht\u00eb t\u00eb Shasit u be mbjellja e100 ullinjve p\u00ebr 100 vjetorin e pavar\u00ebsis\u00eb. T\u00eb pranishem ishin nj\u00eb num\u00ebr i madh pjes\u00ebmarr\u00ebsish, por edhe","og_url":"https:\/\/www.visit-ulcinj.com\/blog\/2012\/11\/25\/mbjellja-e100-ullinjve-per-100-vjetorin-e-pavaresise-ne-shas-foto\/","og_site_name":"Lajme nga Ulqini","article_published_time":"2012-11-25T18:16:10+00:00","article_modified_time":"2012-11-26T15:41:23+00:00","og_image":[{"url":"https:\/\/www.visit-ulcinj.com\/blog\/wp-content\/uploads\/2012\/11\/100-ullinj-p\u00ebr-100-vjetorin-e-pavar\u00ebsis\u00eb-Shas-150x150.jpg"}],"twitter_misc":{"Written by":"ulqini","Est. reading time":"2 minutes"},"schema":{"@context":"https:\/\/schema.org","@graph":[{"@type":"WebSite","@id":"https:\/\/www.visit-ulcinj.com\/blog\/#website","url":"https:\/\/www.visit-ulcinj.com\/blog\/","name":"Lajme nga Ulqini","description":"Lajme,Vijesti,Ulqini,Ulqin,Crna Gora,Mali i Zi","potentialAction":[{"@type":"SearchAction","target":{"@type":"EntryPoint","urlTemplate":"https:\/\/www.visit-ulcinj.com\/blog\/?s={search_term_string}"},"query-input":"required name=search_term_string"}],"inLanguage":"en-US"},{"@type":"WebPage","@id":"https:\/\/www.visit-ulcinj.com\/blog\/2012\/11\/25\/mbjellja-e100-ullinjve-per-100-vjetorin-e-pavaresise-ne-shas-foto\/#webpage","url":"https:\/\/www.visit-ulcinj.com\/blog\/2012\/11\/25\/mbjellja-e100-ullinjve-per-100-vjetorin-e-pavaresise-ne-shas-foto\/","name":"Mbjellja e100 ullinjve p\u00ebr 100 vjetorin e pavar\u00ebsis\u00eb n\u00eb Shas + Foto - Lajme nga Ulqini","isPartOf":{"@id":"https:\/\/www.visit-ulcinj.com\/blog\/#website"},"datePublished":"2012-11-25T18:16:10+00:00","dateModified":"2012-11-26T15:41:23+00:00","author":{"@id":"https:\/\/www.visit-ulcinj.com\/blog\/#\/schema\/person\/dcab619c614d3038751c63bc2aadc06d"},"description":"N\u00eb qytetin e lasht\u00eb t\u00eb Shasit u be mbjellja e100 ullinjve p\u00ebr 100 vjetorin e pavar\u00ebsis\u00eb. T\u00eb pranishem ishin nj\u00eb num\u00ebr i madh pjes\u00ebmarr\u00ebsish, por edhe","breadcrumb":{"@id":"https:\/\/www.visit-ulcinj.com\/blog\/2012\/11\/25\/mbjellja-e100-ullinjve-per-100-vjetorin-e-pavaresise-ne-shas-foto\/#breadcrumb"},"inLanguage":"en-US","potentialAction":[{"@type":"ReadAction","target":["https:\/\/www.visit-ulcinj.com\/blog\/2012\/11\/25\/mbjellja-e100-ullinjve-per-100-vjetorin-e-pavaresise-ne-shas-foto\/"]}]},{"@type":"BreadcrumbList","@id":"https:\/\/www.visit-ulcinj.com\/blog\/2012\/11\/25\/mbjellja-e100-ullinjve-per-100-vjetorin-e-pavaresise-ne-shas-foto\/#breadcrumb","itemListElement":[{"@type":"ListItem","position":1,"name":"Mbjellja e100 ullinjve p\u00ebr 100 vjetorin e pavar\u00ebsis\u00eb n\u00eb Shas + Foto"}]},{"@type":"Person","@id":"https:\/\/www.visit-ulcinj.com\/blog\/#\/schema\/person\/dcab619c614d3038751c63bc2aadc06d","name":"ulqini","sameAs":["http:\/\/www.visit-ulcinj.com"],"url":"https:\/\/www.visit-ulcinj.com\/blog\/author\/admin\/"}]}},"jetpack_featured_media_url":"","jetpack_sharing_enabled":true,"jetpack_shortlink":"https:\/\/wp.me\/pe6lTn-hca","_links":{"self":[{"href":"https:\/\/www.visit-ulcinj.com\/blog\/wp-json\/wp\/v2\/posts\/66102"}],"collection":[{"href":"https:\/\/www.visit-ulcinj.com\/blog\/wp-json\/wp\/v2\/posts"}],"about":[{"href":"https:\/\/www.visit-ulcinj.com\/blog\/wp-json\/wp\/v2\/types\/post"}],"author":[{"embeddable":true,"href":"https:\/\/www.visit-ulcinj.com\/blog\/wp-json\/wp\/v2\/users\/1"}],"replies":[{"embeddable":true,"href":"https:\/\/www.visit-ulcinj.com\/blog\/wp-json\/wp\/v2\/comments?post=66102"}],"version-history":[{"count":8,"href":"https:\/\/www.visit-ulcinj.com\/blog\/wp-json\/wp\/v2\/posts\/66102\/revisions"}],"predecessor-version":[{"id":66115,"href":"https:\/\/www.visit-ulcinj.com\/blog\/wp-json\/wp\/v2\/posts\/66102\/revisions\/66115"}],"wp:attachment":[{"href":"https:\/\/www.visit-ulcinj.com\/blog\/wp-json\/wp\/v2\/media?parent=66102"}],"wp:term":[{"taxonomy":"category","embeddable":true,"href":"https:\/\/www.visit-ulcinj.com\/blog\/wp-json\/wp\/v2\/categories?post=66102"},{"taxonomy":"post_tag","embeddable":true,"href":"https:\/\/www.visit-ulcinj.com\/blog\/wp-json\/wp\/v2\/tags?post=66102"}],"curies":[{"name":"wp","href":"https:\/\/api.w.org\/{rel}","templated":true}]}}