{"id":6611,"date":"2008-11-25T19:14:01","date_gmt":"2008-11-25T18:14:01","guid":{"rendered":"http:\/\/www.visit-ulcinj.com\/blog\/?p=6611"},"modified":"2008-11-25T09:23:18","modified_gmt":"2008-11-25T08:23:18","slug":"alberia-me-shije-te-re-muzikore","status":"publish","type":"post","link":"https:\/\/www.visit-ulcinj.com\/blog\/2008\/11\/25\/alberia-me-shije-te-re-muzikore\/","title":{"rendered":"Alb\u00ebria me shije t\u00eb re muzikore"},"content":{"rendered":"<p><a href=\"http:\/\/www.visit-ulcinj.com\/blog\/wp-content\/uploads\/2008\/11\/alberie-hadergjonaj.jpg\"><img loading=\"lazy\" class=\"alignleft size-medium wp-image-6612\" title=\"alberie-hadergjonaj\" src=\"http:\/\/www.visit-ulcinj.com\/blog\/wp-content\/uploads\/2008\/11\/alberie-hadergjonaj-300x199.jpg\" alt=\"\" width=\"363\" height=\"241\" \/><\/a>K\u00ebng\u00ebtarja Alb\u00ebrie Had\u00ebrgjonaj do t\u00eb editoj albumin e ri muzikor n\u00eb dhjetor t\u00eb k\u00ebtij viti.<br \/>\nK\u00ebng\u00ebtarja kosovare Alb\u00ebrie Had\u00ebrgjonaj do t\u00eb lansoj albumin e saj t\u00eb kat\u00ebrt muzikor\u00eb, kurse k\u00ebng\u00ebtarja ka th\u00ebn\u00eb p\u00ebr \u201cExpress\u201d se ndihet e k\u00ebnaqur me bashk\u00ebpunimin e saj me kompozitor\u00ebt, tekstshkruesit dhe studiot muzikore.<br \/>\nSipas saj albumi i kat\u00ebrt do t\u00eb vije me nj\u00eb shije tjet\u00ebr muzikore.<br \/>\nAlb\u00ebria thekson se shtrirja gjeografike n\u00eb krijimet e saj e t\u00ebrheq jasht\u00ebzakonisht shum\u00eb dhe d\u00ebshiron q\u00eb edhe n\u00eb t\u00eb ardhmen t\u00eb ket\u00eb po t\u00eb nj\u00ebjt\u00ebn shije bashk\u00ebpunimi.<br \/>\nAjo shprespn se albumi i fundit do t\u00eb ket\u00eb kritika pozitive nga kritik\u00ebt komponent , po ashtu q\u00eb publiku t\u00eb gjej\u00eb veten n\u00eb strofat dhe n\u00eb refrenet e k\u00ebng\u00ebve t\u00eb p\u00ebrgatitura t\u00eb saj.<br \/>\nGjithashtu albumi muzikor do t\u00eb shoq\u00ebrohet edhe me nj\u00eb videoklip promovues pasi q\u00eb planet e saja p\u00ebr t\u00eb ardhmen jan\u00eb t\u00eb shumta dhe p\u00ebr t\u00eb cilat Alb\u00ebria rezervohet t\u2019i shpreh n\u00eb k\u00ebt\u00eb intervist\u00eb.<br \/>\n<strong>Ardian Jasiqi<br \/>\nGazeta Express<\/strong><\/p>\n<!--YouTube Error: bad URL entered-->\n","protected":false},"excerpt":{"rendered":"<p>K\u00ebng\u00ebtarja Alb\u00ebrie Had\u00ebrgjonaj do t\u00eb editoj albumin e ri muzikor n\u00eb dhjetor t\u00eb k\u00ebtij viti. K\u00ebng\u00ebtarja kosovare Alb\u00ebrie Had\u00ebrgjonaj do t\u00eb lansoj albumin e saj t\u00eb kat\u00ebrt muzikor\u00eb, kurse k\u00ebng\u00ebtarja ka th\u00ebn\u00eb p\u00ebr \u201cExpress\u201d se ndihet e k\u00ebnaqur me bashk\u00ebpunimin e saj me kompozitor\u00ebt, tekstshkruesit dhe studiot muzikore. Sipas saj albumi i kat\u00ebrt do t\u00eb [&hellip;]<\/p>\n","protected":false},"author":1,"featured_media":0,"comment_status":"open","ping_status":"closed","sticky":false,"template":"","format":"standard","meta":{"spay_email":"","jetpack_publicize_message":"","jetpack_is_tweetstorm":false,"jetpack_publicize_feature_enabled":true},"categories":[1],"tags":[4567],"jetpack_publicize_connections":[],"yoast_head":"<!-- This site is optimized with the Yoast SEO plugin v19.1 - https:\/\/yoast.com\/wordpress\/plugins\/seo\/ -->\n<title>Alb\u00ebria me shije t\u00eb re muzikore - Lajme nga Ulqini<\/title>\n<meta name=\"description\" content=\"K\u00ebng\u00ebtarja Alb\u00ebrie Had\u00ebrgjonaj do t\u00eb editoj albumin e ri muzikor n\u00eb dhjetor t\u00eb k\u00ebtij viti. K\u00ebng\u00ebtarja kosovare Alb\u00ebrie Had\u00ebrgjonaj do t\u00eb lansoj albumin e\" \/>\n<meta name=\"robots\" content=\"index, follow, max-snippet:-1, max-image-preview:large, max-video-preview:-1\" \/>\n<link rel=\"canonical\" href=\"https:\/\/www.visit-ulcinj.com\/blog\/2008\/11\/25\/alberia-me-shije-te-re-muzikore\/\" \/>\n<meta property=\"og:locale\" content=\"en_US\" \/>\n<meta property=\"og:type\" content=\"article\" \/>\n<meta property=\"og:title\" content=\"Alb\u00ebria me shije t\u00eb re muzikore - Lajme nga Ulqini\" \/>\n<meta property=\"og:description\" content=\"K\u00ebng\u00ebtarja Alb\u00ebrie Had\u00ebrgjonaj do t\u00eb editoj albumin e ri muzikor n\u00eb dhjetor t\u00eb k\u00ebtij viti. K\u00ebng\u00ebtarja kosovare Alb\u00ebrie Had\u00ebrgjonaj do t\u00eb lansoj albumin e\" \/>\n<meta property=\"og:url\" content=\"https:\/\/www.visit-ulcinj.com\/blog\/2008\/11\/25\/alberia-me-shije-te-re-muzikore\/\" \/>\n<meta property=\"og:site_name\" content=\"Lajme nga Ulqini\" \/>\n<meta property=\"article:published_time\" content=\"2008-11-25T18:14:01+00:00\" \/>\n<meta property=\"article:modified_time\" content=\"2008-11-25T08:23:18+00:00\" \/>\n<meta property=\"og:image\" content=\"http:\/\/www.visit-ulcinj.com\/blog\/wp-content\/uploads\/2008\/11\/alberie-hadergjonaj-300x199.jpg\" \/>\n<meta name=\"twitter:label1\" content=\"Written by\" \/>\n\t<meta name=\"twitter:data1\" content=\"ulqini\" \/>\n\t<meta name=\"twitter:label2\" content=\"Est. reading time\" \/>\n\t<meta name=\"twitter:data2\" content=\"1 minute\" \/>\n<script type=\"application\/ld+json\" class=\"yoast-schema-graph\">{\"@context\":\"https:\/\/schema.org\",\"@graph\":[{\"@type\":\"WebSite\",\"@id\":\"https:\/\/www.visit-ulcinj.com\/blog\/#website\",\"url\":\"https:\/\/www.visit-ulcinj.com\/blog\/\",\"name\":\"Lajme nga Ulqini\",\"description\":\"Lajme,Vijesti,Ulqini,Ulqin,Crna Gora,Mali i Zi\",\"potentialAction\":[{\"@type\":\"SearchAction\",\"target\":{\"@type\":\"EntryPoint\",\"urlTemplate\":\"https:\/\/www.visit-ulcinj.com\/blog\/?s={search_term_string}\"},\"query-input\":\"required name=search_term_string\"}],\"inLanguage\":\"en-US\"},{\"@type\":\"ImageObject\",\"inLanguage\":\"en-US\",\"@id\":\"https:\/\/www.visit-ulcinj.com\/blog\/2008\/11\/25\/alberia-me-shije-te-re-muzikore\/#primaryimage\",\"url\":\"http:\/\/www.visit-ulcinj.com\/blog\/wp-content\/uploads\/2008\/11\/alberie-hadergjonaj-300x199.jpg\",\"contentUrl\":\"http:\/\/www.visit-ulcinj.com\/blog\/wp-content\/uploads\/2008\/11\/alberie-hadergjonaj-300x199.jpg\"},{\"@type\":\"WebPage\",\"@id\":\"https:\/\/www.visit-ulcinj.com\/blog\/2008\/11\/25\/alberia-me-shije-te-re-muzikore\/#webpage\",\"url\":\"https:\/\/www.visit-ulcinj.com\/blog\/2008\/11\/25\/alberia-me-shije-te-re-muzikore\/\",\"name\":\"Alb\u00ebria me shije t\u00eb re muzikore - Lajme nga Ulqini\",\"isPartOf\":{\"@id\":\"https:\/\/www.visit-ulcinj.com\/blog\/#website\"},\"primaryImageOfPage\":{\"@id\":\"https:\/\/www.visit-ulcinj.com\/blog\/2008\/11\/25\/alberia-me-shije-te-re-muzikore\/#primaryimage\"},\"datePublished\":\"2008-11-25T18:14:01+00:00\",\"dateModified\":\"2008-11-25T08:23:18+00:00\",\"author\":{\"@id\":\"https:\/\/www.visit-ulcinj.com\/blog\/#\/schema\/person\/dcab619c614d3038751c63bc2aadc06d\"},\"description\":\"K\u00ebng\u00ebtarja Alb\u00ebrie Had\u00ebrgjonaj do t\u00eb editoj albumin e ri muzikor n\u00eb dhjetor t\u00eb k\u00ebtij viti. K\u00ebng\u00ebtarja kosovare Alb\u00ebrie Had\u00ebrgjonaj do t\u00eb lansoj albumin e\",\"breadcrumb\":{\"@id\":\"https:\/\/www.visit-ulcinj.com\/blog\/2008\/11\/25\/alberia-me-shije-te-re-muzikore\/#breadcrumb\"},\"inLanguage\":\"en-US\",\"potentialAction\":[{\"@type\":\"ReadAction\",\"target\":[\"https:\/\/www.visit-ulcinj.com\/blog\/2008\/11\/25\/alberia-me-shije-te-re-muzikore\/\"]}]},{\"@type\":\"BreadcrumbList\",\"@id\":\"https:\/\/www.visit-ulcinj.com\/blog\/2008\/11\/25\/alberia-me-shije-te-re-muzikore\/#breadcrumb\",\"itemListElement\":[{\"@type\":\"ListItem\",\"position\":1,\"name\":\"Alb\u00ebria me shije t\u00eb re muzikore\"}]},{\"@type\":\"Person\",\"@id\":\"https:\/\/www.visit-ulcinj.com\/blog\/#\/schema\/person\/dcab619c614d3038751c63bc2aadc06d\",\"name\":\"ulqini\",\"sameAs\":[\"http:\/\/www.visit-ulcinj.com\"],\"url\":\"https:\/\/www.visit-ulcinj.com\/blog\/author\/admin\/\"}]}<\/script>\n<!-- \/ Yoast SEO plugin. -->","yoast_head_json":{"title":"Alb\u00ebria me shije t\u00eb re muzikore - Lajme nga Ulqini","description":"K\u00ebng\u00ebtarja Alb\u00ebrie Had\u00ebrgjonaj do t\u00eb editoj albumin e ri muzikor n\u00eb dhjetor t\u00eb k\u00ebtij viti. K\u00ebng\u00ebtarja kosovare Alb\u00ebrie Had\u00ebrgjonaj do t\u00eb lansoj albumin e","robots":{"index":"index","follow":"follow","max-snippet":"max-snippet:-1","max-image-preview":"max-image-preview:large","max-video-preview":"max-video-preview:-1"},"canonical":"https:\/\/www.visit-ulcinj.com\/blog\/2008\/11\/25\/alberia-me-shije-te-re-muzikore\/","og_locale":"en_US","og_type":"article","og_title":"Alb\u00ebria me shije t\u00eb re muzikore - Lajme nga Ulqini","og_description":"K\u00ebng\u00ebtarja Alb\u00ebrie Had\u00ebrgjonaj do t\u00eb editoj albumin e ri muzikor n\u00eb dhjetor t\u00eb k\u00ebtij viti. K\u00ebng\u00ebtarja kosovare Alb\u00ebrie Had\u00ebrgjonaj do t\u00eb lansoj albumin e","og_url":"https:\/\/www.visit-ulcinj.com\/blog\/2008\/11\/25\/alberia-me-shije-te-re-muzikore\/","og_site_name":"Lajme nga Ulqini","article_published_time":"2008-11-25T18:14:01+00:00","article_modified_time":"2008-11-25T08:23:18+00:00","og_image":[{"url":"http:\/\/www.visit-ulcinj.com\/blog\/wp-content\/uploads\/2008\/11\/alberie-hadergjonaj-300x199.jpg"}],"twitter_misc":{"Written by":"ulqini","Est. reading time":"1 minute"},"schema":{"@context":"https:\/\/schema.org","@graph":[{"@type":"WebSite","@id":"https:\/\/www.visit-ulcinj.com\/blog\/#website","url":"https:\/\/www.visit-ulcinj.com\/blog\/","name":"Lajme nga Ulqini","description":"Lajme,Vijesti,Ulqini,Ulqin,Crna Gora,Mali i Zi","potentialAction":[{"@type":"SearchAction","target":{"@type":"EntryPoint","urlTemplate":"https:\/\/www.visit-ulcinj.com\/blog\/?s={search_term_string}"},"query-input":"required name=search_term_string"}],"inLanguage":"en-US"},{"@type":"ImageObject","inLanguage":"en-US","@id":"https:\/\/www.visit-ulcinj.com\/blog\/2008\/11\/25\/alberia-me-shije-te-re-muzikore\/#primaryimage","url":"http:\/\/www.visit-ulcinj.com\/blog\/wp-content\/uploads\/2008\/11\/alberie-hadergjonaj-300x199.jpg","contentUrl":"http:\/\/www.visit-ulcinj.com\/blog\/wp-content\/uploads\/2008\/11\/alberie-hadergjonaj-300x199.jpg"},{"@type":"WebPage","@id":"https:\/\/www.visit-ulcinj.com\/blog\/2008\/11\/25\/alberia-me-shije-te-re-muzikore\/#webpage","url":"https:\/\/www.visit-ulcinj.com\/blog\/2008\/11\/25\/alberia-me-shije-te-re-muzikore\/","name":"Alb\u00ebria me shije t\u00eb re muzikore - Lajme nga Ulqini","isPartOf":{"@id":"https:\/\/www.visit-ulcinj.com\/blog\/#website"},"primaryImageOfPage":{"@id":"https:\/\/www.visit-ulcinj.com\/blog\/2008\/11\/25\/alberia-me-shije-te-re-muzikore\/#primaryimage"},"datePublished":"2008-11-25T18:14:01+00:00","dateModified":"2008-11-25T08:23:18+00:00","author":{"@id":"https:\/\/www.visit-ulcinj.com\/blog\/#\/schema\/person\/dcab619c614d3038751c63bc2aadc06d"},"description":"K\u00ebng\u00ebtarja Alb\u00ebrie Had\u00ebrgjonaj do t\u00eb editoj albumin e ri muzikor n\u00eb dhjetor t\u00eb k\u00ebtij viti. K\u00ebng\u00ebtarja kosovare Alb\u00ebrie Had\u00ebrgjonaj do t\u00eb lansoj albumin e","breadcrumb":{"@id":"https:\/\/www.visit-ulcinj.com\/blog\/2008\/11\/25\/alberia-me-shije-te-re-muzikore\/#breadcrumb"},"inLanguage":"en-US","potentialAction":[{"@type":"ReadAction","target":["https:\/\/www.visit-ulcinj.com\/blog\/2008\/11\/25\/alberia-me-shije-te-re-muzikore\/"]}]},{"@type":"BreadcrumbList","@id":"https:\/\/www.visit-ulcinj.com\/blog\/2008\/11\/25\/alberia-me-shije-te-re-muzikore\/#breadcrumb","itemListElement":[{"@type":"ListItem","position":1,"name":"Alb\u00ebria me shije t\u00eb re muzikore"}]},{"@type":"Person","@id":"https:\/\/www.visit-ulcinj.com\/blog\/#\/schema\/person\/dcab619c614d3038751c63bc2aadc06d","name":"ulqini","sameAs":["http:\/\/www.visit-ulcinj.com"],"url":"https:\/\/www.visit-ulcinj.com\/blog\/author\/admin\/"}]}},"jetpack_featured_media_url":"","jetpack_sharing_enabled":true,"jetpack_shortlink":"https:\/\/wp.me\/pe6lTn-1ID","_links":{"self":[{"href":"https:\/\/www.visit-ulcinj.com\/blog\/wp-json\/wp\/v2\/posts\/6611"}],"collection":[{"href":"https:\/\/www.visit-ulcinj.com\/blog\/wp-json\/wp\/v2\/posts"}],"about":[{"href":"https:\/\/www.visit-ulcinj.com\/blog\/wp-json\/wp\/v2\/types\/post"}],"author":[{"embeddable":true,"href":"https:\/\/www.visit-ulcinj.com\/blog\/wp-json\/wp\/v2\/users\/1"}],"replies":[{"embeddable":true,"href":"https:\/\/www.visit-ulcinj.com\/blog\/wp-json\/wp\/v2\/comments?post=6611"}],"version-history":[{"count":0,"href":"https:\/\/www.visit-ulcinj.com\/blog\/wp-json\/wp\/v2\/posts\/6611\/revisions"}],"wp:attachment":[{"href":"https:\/\/www.visit-ulcinj.com\/blog\/wp-json\/wp\/v2\/media?parent=6611"}],"wp:term":[{"taxonomy":"category","embeddable":true,"href":"https:\/\/www.visit-ulcinj.com\/blog\/wp-json\/wp\/v2\/categories?post=6611"},{"taxonomy":"post_tag","embeddable":true,"href":"https:\/\/www.visit-ulcinj.com\/blog\/wp-json\/wp\/v2\/tags?post=6611"}],"curies":[{"name":"wp","href":"https:\/\/api.w.org\/{rel}","templated":true}]}}